{"id":76078,"date":"2017-10-27T17:09:51","date_gmt":"2017-10-27T17:09:51","guid":{"rendered":"https:\/\/dev.president-ksgov.net\/predsednik-thaci-sastao-se-sa-ambasadorima-sad-a-i-velike-britanije-u-nato-u-razgovaralo-se-o-evro-atlantskoj-perspektivi-kosova\/"},"modified":"2017-10-27T17:09:51","modified_gmt":"2017-10-27T17:09:51","slug":"predsednik-thaci-sastao-se-sa-ambasadorima-sad-a-i-velike-britanije-u-nato-u-razgovaralo-se-o-evro-atlantskoj-perspektivi-kosova","status":"publish","type":"post","link":"https:\/\/president-ksgov.net\/sr\/predsednik-thaci-sastao-se-sa-ambasadorima-sad-a-i-velike-britanije-u-nato-u-razgovaralo-se-o-evro-atlantskoj-perspektivi-kosova\/","title":{"rendered":"Predsednik  Tha\u00e7i sastao se sa ambasadorima SAD-a i Velike Britanije u NATO-u, razgovaralo se o evro-atlantskoj perspektivi Kosova"},"content":{"rendered":"<p>Pri\u0161tina, 27. oktobar- Predsednik Republike Kosovo, g. Hashim Tha\u00e7i, zajedno sa premijerom Republike Kosovo, g. Ramush-om Haradinaj-em i zamenikom premijera Republike Kosovo, g. Daliborom Jevti&cacute;em, do&ccaron;ekali su danas ambasadorku SAD-a u NATO-u, gospo&dstrok;u Kay Bailey Hutchison i ambasadorku Velike Britanije u NATO-u, gospo&dstrok;u Sarah MacIntosh u pratnji ambasadora tih zemalja na Kosovu, sa kojima je razgovarao o doga&dstrok;ajima na Kosovu, sa posebnim akcentom na doga&dstrok;anja iz sektora bezbednosti.<\/p>\n<p>Predsednik Tha\u00e7i, zahvaljuju&cacute;i im se na poseti, govorio je o postignu&cacute;ima Kosova u vezi sa konsolidovanjem dr&#382;ave u svim sektorima.<\/p>\n<p>\u201eUspe\u0161ni lokalni izbori, uz najvi\u0161e standarde, kao i zaklju&ccaron;ivanje rasprostiranja pravosudnog kosovskog sistema na celoj teritoriji Kosova su poslednja dostignu&cacute;a\u201c, rekao je predsednik Tha\u00e7i.<\/p>\n<p>\u201eA ekonomski razvoj, ja&ccaron;anje vladavine zakona, dijalog i izgradnja dobih me&dstrok;ususedskih odnosa su na\u0161a stalna anga&#382;ovanja\u201c, rekao je predsednik Tha\u00e7i.<\/p>\n<p>Isti&ccaron;u&cacute;i da je uloga NATO nezamenjiva za mir na Kosovu i u regionu, predsednik Tha\u00e7i je rekao da su ispunjeni uslovi da Kosovo formira njegove oru&#382;ane snage, kako bi oslobodilo NATO tereta odr&#382;avanja mira u regionu.<\/p>\n<p>Govore&cacute;i o procesu transformisanja BSK-a, predsednik Tha\u00e7i je rekao da je ovaj proces transparentan, koordinisan sa kosovskim partnerima i dodao je da &cacute;e Kosovo sprovesti sve kriterijume koji su tra&#382;eni ta uspe\u0161nu transformaciju BSK-a.<\/p>\n<p>\u201eTo &cacute;e biti snage NATO standarda, multietni&ccaron;ke, u slu&#382;bi svih zajednica\u201c, rekao je predsednik Tha\u00e7i.<\/p>\n<p>\u201eMi smo narod koji je najvi\u0161e pro NATO-a i pro EU u regionu, a i \u0161ire\u201c, rekao je predsednik Tha\u00e7i i dodao je: \u201eNa\u0161e politike su u skladu sa ovom orijentacijom\u201c.<\/p>\n<p>Premijer Republike Kosovo, g. Ramush Haradinaj, je rekao: \u201eOrijentacija gra&dstrok;ana Kosova je jasna, prema evro-atlantskim vrednostima, i to je na\u0161 vodi&ccaron; za sastavljanje vladinih politika\u201c.<\/p>\n<p>Govore&cacute;i o transformaciji BSK-a i pribli&#382;avaju NATO-u, premijer Haradinaj je rekao da &cacute;e u&ccaron;lanjenje Kosova u NATO zaklju&ccaron;iti bezbednosnu i mirovnu infrastrukturu na Kosovu i u regionu.<\/p>\n<p>Premijer Haradinaj je dodao da su sveop\u0161te reforme, ja&ccaron;anje vladavina prava, garantovanje bezbednosti gra&dstrok;anima, stalni prioritet vlade.<\/p>\n<p>Zamenik premijera Jevti&cacute; je rekao da je zadovoljan jer je \u201eglas na poslednjim izborima bio glas za politike saradnje\u00a0 i su&#382;ivota\u201c.<\/p>\n<p>Ambasadorka Hutchison je rekla da sre&cacute;na \u0161to svi lideri na Kosovu govore jednim glasom o projektu Kosova u kojem &cacute;e svi gra&dstrok;ani biti slobodni i jednaki i dodala je da se pozdravlja produbljenje odnosa izme&dstrok;u NATO-a i Kosova.<\/p>\n<p>Ambasadorka Maclntosh je s druge strane rekla da Kosovo u&#382;iva konstantnu podr\u0161ku za njegovu evro-atlantsku perspektivu\u00a0 i pozdravila je posve&cacute;enost Kosova ja&ccaron;anju vladavine zakona, dijalogu i dobrim me&dstrok;ususedskim odnosima.<\/p>\n<p>Predsednik Tha\u00e7i je na kraju sastanka rekao da je zadovoljan izra&#382;enom podr\u0161kom i ohrabrenjem koje je dobio od kosovskih partnera.<\/p>\n<p>\u201eRadimo na tome da Kosovo bude pri&ccaron;a uspeha za sve\u201c, zaklju&ccaron;io je predsednik Tha\u00e7i.\u00a0<\/p>\n","protected":false},"excerpt":{"rendered":"<p>Pri\u0161tina, 27. oktobar- Predsednik Republike Kosovo, g. Hashim Tha\u00e7i, zajedno sa premijerom Republike Kosovo, g. Ramush-om Haradinaj-em i zamenikom premijera Republike Kosovo, g. Daliborom Jevti&cacute;em, do&ccaron;ekali su danas ambasadorku SAD-a u NATO-u, gospo&dstrok;u Kay Bailey Hutchison i ambasadorku Velike Britanije u NATO-u, gospo&dstrok;u Sarah MacIntosh u pratnji ambasadora tih zemalja na Kosovu, sa kojima je razgovarao o doga&dstrok;ajima na Kosovu, sa posebnim akcentom na doga&dstrok;anja iz sektora bezbednosti.<\/p>\n","protected":false},"author":1,"featured_media":29327,"comment_status":"open","ping_status":"closed","sticky":false,"template":"","format":"standard","meta":{"_eb_attr":"","footnotes":""},"categories":[101],"tags":[],"class_list":["post-76078","post","type-post","status-publish","format-standard","has-post-thumbnail","hentry","category-vesti"],"yoast_head":"<!-- This site is optimized with the Yoast SEO plugin v23.5 - https:\/\/yoast.com\/wordpress\/plugins\/seo\/ -->\n<title>Predsednik Tha\u00e7i sastao se sa ambasadorima SAD-a i Velike Britanije u NATO-u, razgovaralo se o evro-atlantskoj perspektivi Kosova - Predsednik Republike Kosovo - DR. VJOSA OSMANI - SADRIU<\/title>\n<meta name=\"description\" content=\"Predsednik Tha\u00e7i sastao se sa ambasadorima SAD-a i Velike Britanije u NATO-u, razgovaralo se o evro-atlantskoj perspektivi Kosova - Predsednik Republike Kosovo - DR. VJOSA OSMANI - SADRIU -\" \/>\n<meta name=\"robots\" content=\"index, follow, max-snippet:-1, max-image-preview:large, max-video-preview:-1\" \/>\n<link rel=\"canonical\" href=\"https:\/\/president-ksgov.net\/sr\/predsednik-thaci-sastao-se-sa-ambasadorima-sad-a-i-velike-britanije-u-nato-u-razgovaralo-se-o-evro-atlantskoj-perspektivi-kosova\/\" \/>\n<meta property=\"og:locale\" content=\"sr_RS\" \/>\n<meta property=\"og:type\" content=\"article\" \/>\n<meta property=\"og:title\" content=\"Predsednik Tha\u00e7i sastao se sa ambasadorima SAD-a i Velike Britanije u NATO-u, razgovaralo se o evro-atlantskoj perspektivi Kosova - Predsednik Republike Kosovo - DR. VJOSA OSMANI - SADRIU\" \/>\n<meta property=\"og:description\" content=\"Predsednik Tha\u00e7i sastao se sa ambasadorima SAD-a i Velike Britanije u NATO-u, razgovaralo se o evro-atlantskoj perspektivi Kosova - Predsednik Republike Kosovo - DR. VJOSA OSMANI - SADRIU -\" \/>\n<meta property=\"og:url\" content=\"https:\/\/president-ksgov.net\/sr\/predsednik-thaci-sastao-se-sa-ambasadorima-sad-a-i-velike-britanije-u-nato-u-razgovaralo-se-o-evro-atlantskoj-perspektivi-kosova\/\" \/>\n<meta property=\"og:site_name\" content=\"Predsednik Republike Kosovo - DR. VJOSA OSMANI - SADRIU\" \/>\n<meta property=\"article:published_time\" content=\"2017-10-27T17:09:51+00:00\" \/>\n<meta property=\"og:image\" content=\"https:\/\/president-ksgov.net\/wp-content\/uploads\/27_10_2017_832547_unnamed__1_.jpg\" \/>\n\t<meta property=\"og:image:width\" content=\"2400\" \/>\n\t<meta property=\"og:image:height\" content=\"1600\" \/>\n\t<meta property=\"og:image:type\" content=\"image\/jpeg\" \/>\n<meta name=\"author\" content=\"admin\" \/>\n<meta name=\"twitter:card\" content=\"summary_large_image\" \/>\n<meta name=\"twitter:label1\" content=\"\u041d\u0430\u043f\u0438\u0441\u0430\u043d\u043e \u043e\u0434\" \/>\n\t<meta name=\"twitter:data1\" content=\"admin\" \/>\n\t<meta name=\"twitter:label2\" content=\"\u041f\u0440\u043e\u0446\u0435\u045a\u0435\u043d\u043e \u0432\u0440\u0435\u043c\u0435 \u0447\u0438\u0442\u0430\u045a\u0430\" \/>\n\t<meta name=\"twitter:data2\" content=\"3 \u043c\u0438\u043d\u0443\u0442\u0430\" \/>\n<script type=\"application\/ld+json\" class=\"yoast-schema-graph\">{\"@context\":\"https:\/\/schema.org\",\"@graph\":[{\"@type\":\"WebPage\",\"@id\":\"https:\/\/president-ksgov.net\/sr\/predsednik-thaci-sastao-se-sa-ambasadorima-sad-a-i-velike-britanije-u-nato-u-razgovaralo-se-o-evro-atlantskoj-perspektivi-kosova\/\",\"url\":\"https:\/\/president-ksgov.net\/sr\/predsednik-thaci-sastao-se-sa-ambasadorima-sad-a-i-velike-britanije-u-nato-u-razgovaralo-se-o-evro-atlantskoj-perspektivi-kosova\/\",\"name\":\"Predsednik Tha\u00e7i sastao se sa ambasadorima SAD-a i Velike Britanije u NATO-u, razgovaralo se o evro-atlantskoj perspektivi Kosova - Predsednik Republike Kosovo - DR. VJOSA OSMANI - SADRIU\",\"isPartOf\":{\"@id\":\"https:\/\/president-ksgov.net\/#website\"},\"primaryImageOfPage\":{\"@id\":\"https:\/\/president-ksgov.net\/sr\/predsednik-thaci-sastao-se-sa-ambasadorima-sad-a-i-velike-britanije-u-nato-u-razgovaralo-se-o-evro-atlantskoj-perspektivi-kosova\/#primaryimage\"},\"image\":{\"@id\":\"https:\/\/president-ksgov.net\/sr\/predsednik-thaci-sastao-se-sa-ambasadorima-sad-a-i-velike-britanije-u-nato-u-razgovaralo-se-o-evro-atlantskoj-perspektivi-kosova\/#primaryimage\"},\"thumbnailUrl\":\"https:\/\/president-ksgov.net\/wp-content\/uploads\/27_10_2017_832547_unnamed__1_.jpg\",\"datePublished\":\"2017-10-27T17:09:51+00:00\",\"dateModified\":\"2017-10-27T17:09:51+00:00\",\"author\":{\"@id\":\"https:\/\/president-ksgov.net\/#\/schema\/person\/bb4337a5fb147cb2046d80548172cbee\"},\"description\":\"Predsednik Tha\u00e7i sastao se sa ambasadorima SAD-a i Velike Britanije u NATO-u, razgovaralo se o evro-atlantskoj perspektivi Kosova - Predsednik Republike Kosovo - DR. VJOSA OSMANI - SADRIU -\",\"breadcrumb\":{\"@id\":\"https:\/\/president-ksgov.net\/sr\/predsednik-thaci-sastao-se-sa-ambasadorima-sad-a-i-velike-britanije-u-nato-u-razgovaralo-se-o-evro-atlantskoj-perspektivi-kosova\/#breadcrumb\"},\"inLanguage\":\"sr-RS\",\"potentialAction\":[{\"@type\":\"ReadAction\",\"target\":[\"https:\/\/president-ksgov.net\/sr\/predsednik-thaci-sastao-se-sa-ambasadorima-sad-a-i-velike-britanije-u-nato-u-razgovaralo-se-o-evro-atlantskoj-perspektivi-kosova\/\"]}]},{\"@type\":\"ImageObject\",\"inLanguage\":\"sr-RS\",\"@id\":\"https:\/\/president-ksgov.net\/sr\/predsednik-thaci-sastao-se-sa-ambasadorima-sad-a-i-velike-britanije-u-nato-u-razgovaralo-se-o-evro-atlantskoj-perspektivi-kosova\/#primaryimage\",\"url\":\"https:\/\/president-ksgov.net\/wp-content\/uploads\/27_10_2017_832547_unnamed__1_.jpg\",\"contentUrl\":\"https:\/\/president-ksgov.net\/wp-content\/uploads\/27_10_2017_832547_unnamed__1_.jpg\",\"width\":2400,\"height\":1600},{\"@type\":\"BreadcrumbList\",\"@id\":\"https:\/\/president-ksgov.net\/sr\/predsednik-thaci-sastao-se-sa-ambasadorima-sad-a-i-velike-britanije-u-nato-u-razgovaralo-se-o-evro-atlantskoj-perspektivi-kosova\/#breadcrumb\",\"itemListElement\":[{\"@type\":\"ListItem\",\"position\":1,\"name\":\"Home\",\"item\":\"https:\/\/president-ksgov.net\/sr\/\"},{\"@type\":\"ListItem\",\"position\":2,\"name\":\"Predsednik Tha\u00e7i sastao se sa ambasadorima SAD-a i Velike Britanije u NATO-u, razgovaralo se o evro-atlantskoj perspektivi Kosova\"}]},{\"@type\":\"WebSite\",\"@id\":\"https:\/\/president-ksgov.net\/#website\",\"url\":\"https:\/\/president-ksgov.net\/\",\"name\":\"Presidente e Republik\u00ebs s\u00eb Kosov\u00ebs\",\"description\":\"Presidente e Republik\u00ebs s\u00eb Kosov\u00ebs\",\"alternateName\":\"DR. VJOSA OSMANI - SADRIU\",\"potentialAction\":[{\"@type\":\"SearchAction\",\"target\":{\"@type\":\"EntryPoint\",\"urlTemplate\":\"https:\/\/president-ksgov.net\/?s={search_term_string}\"},\"query-input\":{\"@type\":\"PropertyValueSpecification\",\"valueRequired\":true,\"valueName\":\"search_term_string\"}}],\"inLanguage\":\"sr-RS\"},{\"@type\":\"Person\",\"@id\":\"https:\/\/president-ksgov.net\/#\/schema\/person\/bb4337a5fb147cb2046d80548172cbee\",\"name\":\"admin\",\"image\":{\"@type\":\"ImageObject\",\"inLanguage\":\"sr-RS\",\"@id\":\"https:\/\/president-ksgov.net\/#\/schema\/person\/image\/\",\"url\":\"https:\/\/secure.gravatar.com\/avatar\/36156ca0fa3b8d9d25174f146e16beea0cf28f37adf1b9e19b6c9c279a7c9dd3?s=96&d=mm&r=g\",\"contentUrl\":\"https:\/\/secure.gravatar.com\/avatar\/36156ca0fa3b8d9d25174f146e16beea0cf28f37adf1b9e19b6c9c279a7c9dd3?s=96&d=mm&r=g\",\"caption\":\"admin\"},\"sameAs\":[\"https:\/\/president-ksgov.net\"]}]}<\/script>\n<!-- \/ Yoast SEO plugin. -->","yoast_head_json":{"title":"Predsednik Tha\u00e7i sastao se sa ambasadorima SAD-a i Velike Britanije u NATO-u, razgovaralo se o evro-atlantskoj perspektivi Kosova - Predsednik Republike Kosovo - DR. VJOSA OSMANI - SADRIU","description":"Predsednik Tha\u00e7i sastao se sa ambasadorima SAD-a i Velike Britanije u NATO-u, razgovaralo se o evro-atlantskoj perspektivi Kosova - Predsednik Republike Kosovo - DR. VJOSA OSMANI - SADRIU -","robots":{"index":"index","follow":"follow","max-snippet":"max-snippet:-1","max-image-preview":"max-image-preview:large","max-video-preview":"max-video-preview:-1"},"canonical":"https:\/\/president-ksgov.net\/sr\/predsednik-thaci-sastao-se-sa-ambasadorima-sad-a-i-velike-britanije-u-nato-u-razgovaralo-se-o-evro-atlantskoj-perspektivi-kosova\/","og_locale":"sr_RS","og_type":"article","og_title":"Predsednik Tha\u00e7i sastao se sa ambasadorima SAD-a i Velike Britanije u NATO-u, razgovaralo se o evro-atlantskoj perspektivi Kosova - Predsednik Republike Kosovo - DR. VJOSA OSMANI - SADRIU","og_description":"Predsednik Tha\u00e7i sastao se sa ambasadorima SAD-a i Velike Britanije u NATO-u, razgovaralo se o evro-atlantskoj perspektivi Kosova - Predsednik Republike Kosovo - DR. VJOSA OSMANI - SADRIU -","og_url":"https:\/\/president-ksgov.net\/sr\/predsednik-thaci-sastao-se-sa-ambasadorima-sad-a-i-velike-britanije-u-nato-u-razgovaralo-se-o-evro-atlantskoj-perspektivi-kosova\/","og_site_name":"Predsednik Republike Kosovo - DR. VJOSA OSMANI - SADRIU","article_published_time":"2017-10-27T17:09:51+00:00","og_image":[{"width":2400,"height":1600,"url":"https:\/\/president-ksgov.net\/wp-content\/uploads\/27_10_2017_832547_unnamed__1_.jpg","type":"image\/jpeg"}],"author":"admin","twitter_card":"summary_large_image","twitter_misc":{"\u041d\u0430\u043f\u0438\u0441\u0430\u043d\u043e \u043e\u0434":"admin","\u041f\u0440\u043e\u0446\u0435\u045a\u0435\u043d\u043e \u0432\u0440\u0435\u043c\u0435 \u0447\u0438\u0442\u0430\u045a\u0430":"3 \u043c\u0438\u043d\u0443\u0442\u0430"},"schema":{"@context":"https:\/\/schema.org","@graph":[{"@type":"WebPage","@id":"https:\/\/president-ksgov.net\/sr\/predsednik-thaci-sastao-se-sa-ambasadorima-sad-a-i-velike-britanije-u-nato-u-razgovaralo-se-o-evro-atlantskoj-perspektivi-kosova\/","url":"https:\/\/president-ksgov.net\/sr\/predsednik-thaci-sastao-se-sa-ambasadorima-sad-a-i-velike-britanije-u-nato-u-razgovaralo-se-o-evro-atlantskoj-perspektivi-kosova\/","name":"Predsednik Tha\u00e7i sastao se sa ambasadorima SAD-a i Velike Britanije u NATO-u, razgovaralo se o evro-atlantskoj perspektivi Kosova - Predsednik Republike Kosovo - DR. VJOSA OSMANI - SADRIU","isPartOf":{"@id":"https:\/\/president-ksgov.net\/#website"},"primaryImageOfPage":{"@id":"https:\/\/president-ksgov.net\/sr\/predsednik-thaci-sastao-se-sa-ambasadorima-sad-a-i-velike-britanije-u-nato-u-razgovaralo-se-o-evro-atlantskoj-perspektivi-kosova\/#primaryimage"},"image":{"@id":"https:\/\/president-ksgov.net\/sr\/predsednik-thaci-sastao-se-sa-ambasadorima-sad-a-i-velike-britanije-u-nato-u-razgovaralo-se-o-evro-atlantskoj-perspektivi-kosova\/#primaryimage"},"thumbnailUrl":"https:\/\/president-ksgov.net\/wp-content\/uploads\/27_10_2017_832547_unnamed__1_.jpg","datePublished":"2017-10-27T17:09:51+00:00","dateModified":"2017-10-27T17:09:51+00:00","author":{"@id":"https:\/\/president-ksgov.net\/#\/schema\/person\/bb4337a5fb147cb2046d80548172cbee"},"description":"Predsednik Tha\u00e7i sastao se sa ambasadorima SAD-a i Velike Britanije u NATO-u, razgovaralo se o evro-atlantskoj perspektivi Kosova - Predsednik Republike Kosovo - DR. VJOSA OSMANI - SADRIU -","breadcrumb":{"@id":"https:\/\/president-ksgov.net\/sr\/predsednik-thaci-sastao-se-sa-ambasadorima-sad-a-i-velike-britanije-u-nato-u-razgovaralo-se-o-evro-atlantskoj-perspektivi-kosova\/#breadcrumb"},"inLanguage":"sr-RS","potentialAction":[{"@type":"ReadAction","target":["https:\/\/president-ksgov.net\/sr\/predsednik-thaci-sastao-se-sa-ambasadorima-sad-a-i-velike-britanije-u-nato-u-razgovaralo-se-o-evro-atlantskoj-perspektivi-kosova\/"]}]},{"@type":"ImageObject","inLanguage":"sr-RS","@id":"https:\/\/president-ksgov.net\/sr\/predsednik-thaci-sastao-se-sa-ambasadorima-sad-a-i-velike-britanije-u-nato-u-razgovaralo-se-o-evro-atlantskoj-perspektivi-kosova\/#primaryimage","url":"https:\/\/president-ksgov.net\/wp-content\/uploads\/27_10_2017_832547_unnamed__1_.jpg","contentUrl":"https:\/\/president-ksgov.net\/wp-content\/uploads\/27_10_2017_832547_unnamed__1_.jpg","width":2400,"height":1600},{"@type":"BreadcrumbList","@id":"https:\/\/president-ksgov.net\/sr\/predsednik-thaci-sastao-se-sa-ambasadorima-sad-a-i-velike-britanije-u-nato-u-razgovaralo-se-o-evro-atlantskoj-perspektivi-kosova\/#breadcrumb","itemListElement":[{"@type":"ListItem","position":1,"name":"Home","item":"https:\/\/president-ksgov.net\/sr\/"},{"@type":"ListItem","position":2,"name":"Predsednik Tha\u00e7i sastao se sa ambasadorima SAD-a i Velike Britanije u NATO-u, razgovaralo se o evro-atlantskoj perspektivi Kosova"}]},{"@type":"WebSite","@id":"https:\/\/president-ksgov.net\/#website","url":"https:\/\/president-ksgov.net\/","name":"Presidente e Republik\u00ebs s\u00eb Kosov\u00ebs","description":"Presidente e Republik\u00ebs s\u00eb Kosov\u00ebs","alternateName":"DR. VJOSA OSMANI - SADRIU","potentialAction":[{"@type":"SearchAction","target":{"@type":"EntryPoint","urlTemplate":"https:\/\/president-ksgov.net\/?s={search_term_string}"},"query-input":{"@type":"PropertyValueSpecification","valueRequired":true,"valueName":"search_term_string"}}],"inLanguage":"sr-RS"},{"@type":"Person","@id":"https:\/\/president-ksgov.net\/#\/schema\/person\/bb4337a5fb147cb2046d80548172cbee","name":"admin","image":{"@type":"ImageObject","inLanguage":"sr-RS","@id":"https:\/\/president-ksgov.net\/#\/schema\/person\/image\/","url":"https:\/\/secure.gravatar.com\/avatar\/36156ca0fa3b8d9d25174f146e16beea0cf28f37adf1b9e19b6c9c279a7c9dd3?s=96&d=mm&r=g","contentUrl":"https:\/\/secure.gravatar.com\/avatar\/36156ca0fa3b8d9d25174f146e16beea0cf28f37adf1b9e19b6c9c279a7c9dd3?s=96&d=mm&r=g","caption":"admin"},"sameAs":["https:\/\/president-ksgov.net"]}]}},"_links":{"self":[{"href":"https:\/\/president-ksgov.net\/sr\/wp-json\/wp\/v2\/posts\/76078","targetHints":{"allow":["GET"]}}],"collection":[{"href":"https:\/\/president-ksgov.net\/sr\/wp-json\/wp\/v2\/posts"}],"about":[{"href":"https:\/\/president-ksgov.net\/sr\/wp-json\/wp\/v2\/types\/post"}],"author":[{"embeddable":true,"href":"https:\/\/president-ksgov.net\/sr\/wp-json\/wp\/v2\/users\/1"}],"replies":[{"embeddable":true,"href":"https:\/\/president-ksgov.net\/sr\/wp-json\/wp\/v2\/comments?post=76078"}],"version-history":[{"count":0,"href":"https:\/\/president-ksgov.net\/sr\/wp-json\/wp\/v2\/posts\/76078\/revisions"}],"wp:featuredmedia":[{"embeddable":true,"href":"https:\/\/president-ksgov.net\/sr\/wp-json\/wp\/v2\/media\/29327"}],"wp:attachment":[{"href":"https:\/\/president-ksgov.net\/sr\/wp-json\/wp\/v2\/media?parent=76078"}],"wp:term":[{"taxonomy":"category","embeddable":true,"href":"https:\/\/president-ksgov.net\/sr\/wp-json\/wp\/v2\/categories?post=76078"},{"taxonomy":"post_tag","embeddable":true,"href":"https:\/\/president-ksgov.net\/sr\/wp-json\/wp\/v2\/tags?post=76078"}],"curies":[{"name":"wp","href":"https:\/\/api.w.org\/{rel}","templated":true}]}}