{"id":76074,"date":"2017-10-30T13:06:10","date_gmt":"2017-10-30T13:06:10","guid":{"rendered":"https:\/\/dev.president-ksgov.net\/predsednik-trai-veu-posveenost-u-zastiti-prava-rtava-zloina\/"},"modified":"2017-10-30T13:06:10","modified_gmt":"2017-10-30T13:06:10","slug":"predsednik-trai-veu-posveenost-u-zastiti-prava-rtava-zloina","status":"publish","type":"post","link":"https:\/\/president-ksgov.net\/sr\/predsednik-trai-veu-posveenost-u-zastiti-prava-rtava-zloina\/","title":{"rendered":"Predsednik tra&#158;i ve&cacute;u posve&cacute;enost u za\u0161titi prava &#158;rtava zlo&ccaron;ina"},"content":{"rendered":"<p>Pri\u0161tina, 30. oktobar 2017. godine \u2013 Predsednik Republike Kosovo, Hashim Tha\u00e7i, u&ccaron;estvovao je na otvaranju Nedelje o pravima &#382;rtava zlo&ccaron;ina, koja se organizuje pod nadle&#382;no\u0161&cacute;u Kancelarije glavnog dr&#382;avnog tu&#382;ioca i Ambasade SAD-a na Kosovu.<\/p>\n<p>Predsednik Tha\u00e7i je rekao da je od progla\u0161enja nezavisnosti, preko Deklaracije nezavisnosti, Ustava Republike Kosovo i doti&ccaron;nog zakonodavstva koje je kasnije doneeno, Kosovo izrazilo obe&cacute;anje i posve&cacute;enost stvaranju dr&#382;ave jednakih gra&dstrok;ana, koja &cacute;e garantovati prava svakom gra&dstrok;aninu, gra&dstrok;anske slobode i jednakost svih gra&dstrok;ana pred zakonom.<br \/>\n\u00a0<br \/>\n\u201eKosovo je usvojilo dosta unapre&dstrok;ene zakonske odredbe koje promovi\u0161u i \u0161tite prava &#382;rtava zlo&ccaron;ina. Zakon o naknadi &#382;rtvama zlo&ccaron;ina i stvaranje odre&dstrok;enih mehanizama su potrebni za sprovo&dstrok;enje ovog zakona, jedna je od tih odredbi\u201c, rekao je predsednik Tha\u00e7i.\u00a0<br \/>\n\u00a0<br \/>\nOn je rekao da su se danas okupili kako bi pokazali posve&cacute;enost za\u0161titi prava &#382;rtava zlo&ccaron;ina.<br \/>\n\u00a0<br \/>\n\u201eNa\u0161a posve&cacute;enost za\u0161titi i unapre&dstrok;enju &#382;rtvama zlo&ccaron;ina, nije samo tokom ove nedelje, ili tokom neke odre&dstrok;ene nedelje, ona mora da bude svakodnevna\u201c, rekao je predsednik Tha\u00e7i.<br \/>\n\u00a0<br \/>\nOn je rekao da su institucije Republike Kosovo i da treba da budu odlu&ccaron;ne u stvaranju uslova i mogu&cacute;nosti koje garantuju za\u0161titu i pomo&cacute; &#382;rtvama zlo&ccaron;ina, kao i podr\u0161ku u ostvarivanju njihovih prava.<br \/>\n\u00a0<br \/>\n\u201eKao predsednik Republike Kosovo, koristim priliku da pozovem sve nadle&#382;ne organe, da pored ustavnih i zakonskih obaveza, obezbede &#382;rtvama zlo&ccaron;ina da budu tretirane dostojanstveno i stru&ccaron;no\u201c, rekao je on.<br \/>\n\u00a0<br \/>\nPredsednik Tha\u00e7i je obe&cacute;ao da &cacute;e\u00a0 nastaviti da se anga&#382;uje na tome da Kosovo promovi\u0161e, \u0161titi i unapre&dstrok;uje ljudska prava uop\u0161te, obuhvataju&cacute;i i prava &#382;rtava zlo&ccaron;ina.<br \/>\n\u00a0<br \/>\n\u201eNikada ne&cacute;e nedostajati na\u0161e posve&cacute;enosti u garantovanju prava ovoj kategoriji gra&dstrok;ana, koje je u jednom trenutku njihovog &#382;ivota zadesila sudbina da budu &#382;rtve zlo&ccaron;ina\u201c, rekao je predsednik Tha\u00e7i.<br \/>\n\u00a0<br \/>\nOn je rekao da je potrebno vi\u0161e anga&#382;ovanja svih kako u na\u0161oj dr&#382;avi ne bi bilo vi\u0161e &#382;rtava zlo&ccaron;ina.<br \/>\n\u00a0<\/p>\n","protected":false},"excerpt":{"rendered":"<p>Pri\u0161tina, 30. oktobar 2017. godine \u2013 Predsednik Republike Kosovo, Hashim Tha\u00e7i, u&ccaron;estvovao je na otvaranju Nedelje o pravima &#382;rtava zlo&ccaron;ina, koja se organizuje pod nadle&#382;no\u0161&cacute;u Kancelarije glavnog dr&#382;avnog tu&#382;ioca i Ambasade SAD-a na Kosovu.<\/p>\n","protected":false},"author":1,"featured_media":29294,"comment_status":"open","ping_status":"closed","sticky":false,"template":"","format":"standard","meta":{"_eb_attr":"","footnotes":""},"categories":[101],"tags":[],"class_list":["post-76074","post","type-post","status-publish","format-standard","has-post-thumbnail","hentry","category-vesti"],"yoast_head":"<!-- This site is optimized with the Yoast SEO plugin v23.5 - https:\/\/yoast.com\/wordpress\/plugins\/seo\/ -->\n<title>Predsednik tra&#158;i ve&amp;cacute;u posve&amp;cacute;enost u za\u0161titi prava &#158;rtava zlo&amp;ccaron;ina - Predsednik Republike Kosovo - DR. VJOSA OSMANI - SADRIU<\/title>\n<meta name=\"description\" content=\"Predsednik tra&#158;i ve&amp;cacute;u posve&amp;cacute;enost u za\u0161titi prava &#158;rtava zlo&amp;ccaron;ina - Predsednik Republike Kosovo - DR. VJOSA OSMANI - SADRIU -\" \/>\n<meta name=\"robots\" content=\"index, follow, max-snippet:-1, max-image-preview:large, max-video-preview:-1\" \/>\n<link rel=\"canonical\" href=\"https:\/\/president-ksgov.net\/sr\/predsednik-trai-veu-posveenost-u-zastiti-prava-rtava-zloina\/\" \/>\n<meta property=\"og:locale\" content=\"sr_RS\" \/>\n<meta property=\"og:type\" content=\"article\" \/>\n<meta property=\"og:title\" content=\"Predsednik tra&#158;i ve&amp;cacute;u posve&amp;cacute;enost u za\u0161titi prava &#158;rtava zlo&amp;ccaron;ina - Predsednik Republike Kosovo - DR. VJOSA OSMANI - SADRIU\" \/>\n<meta property=\"og:description\" content=\"Predsednik tra&#158;i ve&amp;cacute;u posve&amp;cacute;enost u za\u0161titi prava &#158;rtava zlo&amp;ccaron;ina - Predsednik Republike Kosovo - DR. VJOSA OSMANI - SADRIU -\" \/>\n<meta property=\"og:url\" content=\"https:\/\/president-ksgov.net\/sr\/predsednik-trai-veu-posveenost-u-zastiti-prava-rtava-zloina\/\" \/>\n<meta property=\"og:site_name\" content=\"Predsednik Republike Kosovo - DR. VJOSA OSMANI - SADRIU\" \/>\n<meta property=\"article:published_time\" content=\"2017-10-30T13:06:10+00:00\" \/>\n<meta property=\"og:image\" content=\"https:\/\/president-ksgov.net\/wp-content\/uploads\/30_10_2017_9047896_p_05.jpg\" \/>\n\t<meta property=\"og:image:width\" content=\"2400\" \/>\n\t<meta property=\"og:image:height\" content=\"1600\" \/>\n\t<meta property=\"og:image:type\" content=\"image\/jpeg\" \/>\n<meta name=\"author\" content=\"admin\" \/>\n<meta name=\"twitter:card\" content=\"summary_large_image\" \/>\n<meta name=\"twitter:label1\" content=\"\u041d\u0430\u043f\u0438\u0441\u0430\u043d\u043e \u043e\u0434\" \/>\n\t<meta name=\"twitter:data1\" content=\"admin\" \/>\n\t<meta name=\"twitter:label2\" content=\"\u041f\u0440\u043e\u0446\u0435\u045a\u0435\u043d\u043e \u0432\u0440\u0435\u043c\u0435 \u0447\u0438\u0442\u0430\u045a\u0430\" \/>\n\t<meta name=\"twitter:data2\" content=\"2 \u043c\u0438\u043d\u0443\u0442\u0430\" \/>\n<script type=\"application\/ld+json\" class=\"yoast-schema-graph\">{\"@context\":\"https:\/\/schema.org\",\"@graph\":[{\"@type\":\"WebPage\",\"@id\":\"https:\/\/president-ksgov.net\/sr\/predsednik-trai-veu-posveenost-u-zastiti-prava-rtava-zloina\/\",\"url\":\"https:\/\/president-ksgov.net\/sr\/predsednik-trai-veu-posveenost-u-zastiti-prava-rtava-zloina\/\",\"name\":\"Predsednik tra&#158;i ve&cacute;u posve&cacute;enost u za\u0161titi prava &#158;rtava zlo&ccaron;ina - Predsednik Republike Kosovo - DR. VJOSA OSMANI - SADRIU\",\"isPartOf\":{\"@id\":\"https:\/\/president-ksgov.net\/#website\"},\"primaryImageOfPage\":{\"@id\":\"https:\/\/president-ksgov.net\/sr\/predsednik-trai-veu-posveenost-u-zastiti-prava-rtava-zloina\/#primaryimage\"},\"image\":{\"@id\":\"https:\/\/president-ksgov.net\/sr\/predsednik-trai-veu-posveenost-u-zastiti-prava-rtava-zloina\/#primaryimage\"},\"thumbnailUrl\":\"https:\/\/president-ksgov.net\/wp-content\/uploads\/30_10_2017_9047896_p_05.jpg\",\"datePublished\":\"2017-10-30T13:06:10+00:00\",\"dateModified\":\"2017-10-30T13:06:10+00:00\",\"author\":{\"@id\":\"https:\/\/president-ksgov.net\/#\/schema\/person\/bb4337a5fb147cb2046d80548172cbee\"},\"description\":\"Predsednik tra&#158;i ve&cacute;u posve&cacute;enost u za\u0161titi prava &#158;rtava zlo&ccaron;ina - Predsednik Republike Kosovo - DR. VJOSA OSMANI - SADRIU -\",\"breadcrumb\":{\"@id\":\"https:\/\/president-ksgov.net\/sr\/predsednik-trai-veu-posveenost-u-zastiti-prava-rtava-zloina\/#breadcrumb\"},\"inLanguage\":\"sr-RS\",\"potentialAction\":[{\"@type\":\"ReadAction\",\"target\":[\"https:\/\/president-ksgov.net\/sr\/predsednik-trai-veu-posveenost-u-zastiti-prava-rtava-zloina\/\"]}]},{\"@type\":\"ImageObject\",\"inLanguage\":\"sr-RS\",\"@id\":\"https:\/\/president-ksgov.net\/sr\/predsednik-trai-veu-posveenost-u-zastiti-prava-rtava-zloina\/#primaryimage\",\"url\":\"https:\/\/president-ksgov.net\/wp-content\/uploads\/30_10_2017_9047896_p_05.jpg\",\"contentUrl\":\"https:\/\/president-ksgov.net\/wp-content\/uploads\/30_10_2017_9047896_p_05.jpg\",\"width\":2400,\"height\":1600},{\"@type\":\"BreadcrumbList\",\"@id\":\"https:\/\/president-ksgov.net\/sr\/predsednik-trai-veu-posveenost-u-zastiti-prava-rtava-zloina\/#breadcrumb\",\"itemListElement\":[{\"@type\":\"ListItem\",\"position\":1,\"name\":\"Home\",\"item\":\"https:\/\/president-ksgov.net\/sr\/\"},{\"@type\":\"ListItem\",\"position\":2,\"name\":\"Predsednik tra&#158;i ve&cacute;u posve&cacute;enost u za\u0161titi prava &#158;rtava zlo&ccaron;ina\"}]},{\"@type\":\"WebSite\",\"@id\":\"https:\/\/president-ksgov.net\/#website\",\"url\":\"https:\/\/president-ksgov.net\/\",\"name\":\"Presidente e Republik\u00ebs s\u00eb Kosov\u00ebs\",\"description\":\"Presidente e Republik\u00ebs s\u00eb Kosov\u00ebs\",\"alternateName\":\"DR. VJOSA OSMANI - SADRIU\",\"potentialAction\":[{\"@type\":\"SearchAction\",\"target\":{\"@type\":\"EntryPoint\",\"urlTemplate\":\"https:\/\/president-ksgov.net\/?s={search_term_string}\"},\"query-input\":{\"@type\":\"PropertyValueSpecification\",\"valueRequired\":true,\"valueName\":\"search_term_string\"}}],\"inLanguage\":\"sr-RS\"},{\"@type\":\"Person\",\"@id\":\"https:\/\/president-ksgov.net\/#\/schema\/person\/bb4337a5fb147cb2046d80548172cbee\",\"name\":\"admin\",\"image\":{\"@type\":\"ImageObject\",\"inLanguage\":\"sr-RS\",\"@id\":\"https:\/\/president-ksgov.net\/#\/schema\/person\/image\/\",\"url\":\"https:\/\/secure.gravatar.com\/avatar\/36156ca0fa3b8d9d25174f146e16beea0cf28f37adf1b9e19b6c9c279a7c9dd3?s=96&d=mm&r=g\",\"contentUrl\":\"https:\/\/secure.gravatar.com\/avatar\/36156ca0fa3b8d9d25174f146e16beea0cf28f37adf1b9e19b6c9c279a7c9dd3?s=96&d=mm&r=g\",\"caption\":\"admin\"},\"sameAs\":[\"https:\/\/president-ksgov.net\"]}]}<\/script>\n<!-- \/ Yoast SEO plugin. -->","yoast_head_json":{"title":"Predsednik tra&#158;i ve&cacute;u posve&cacute;enost u za\u0161titi prava &#158;rtava zlo&ccaron;ina - Predsednik Republike Kosovo - DR. VJOSA OSMANI - SADRIU","description":"Predsednik tra&#158;i ve&cacute;u posve&cacute;enost u za\u0161titi prava &#158;rtava zlo&ccaron;ina - Predsednik Republike Kosovo - DR. VJOSA OSMANI - SADRIU -","robots":{"index":"index","follow":"follow","max-snippet":"max-snippet:-1","max-image-preview":"max-image-preview:large","max-video-preview":"max-video-preview:-1"},"canonical":"https:\/\/president-ksgov.net\/sr\/predsednik-trai-veu-posveenost-u-zastiti-prava-rtava-zloina\/","og_locale":"sr_RS","og_type":"article","og_title":"Predsednik tra&#158;i ve&cacute;u posve&cacute;enost u za\u0161titi prava &#158;rtava zlo&ccaron;ina - Predsednik Republike Kosovo - DR. VJOSA OSMANI - SADRIU","og_description":"Predsednik tra&#158;i ve&cacute;u posve&cacute;enost u za\u0161titi prava &#158;rtava zlo&ccaron;ina - Predsednik Republike Kosovo - DR. VJOSA OSMANI - SADRIU -","og_url":"https:\/\/president-ksgov.net\/sr\/predsednik-trai-veu-posveenost-u-zastiti-prava-rtava-zloina\/","og_site_name":"Predsednik Republike Kosovo - DR. VJOSA OSMANI - SADRIU","article_published_time":"2017-10-30T13:06:10+00:00","og_image":[{"width":2400,"height":1600,"url":"https:\/\/president-ksgov.net\/wp-content\/uploads\/30_10_2017_9047896_p_05.jpg","type":"image\/jpeg"}],"author":"admin","twitter_card":"summary_large_image","twitter_misc":{"\u041d\u0430\u043f\u0438\u0441\u0430\u043d\u043e \u043e\u0434":"admin","\u041f\u0440\u043e\u0446\u0435\u045a\u0435\u043d\u043e \u0432\u0440\u0435\u043c\u0435 \u0447\u0438\u0442\u0430\u045a\u0430":"2 \u043c\u0438\u043d\u0443\u0442\u0430"},"schema":{"@context":"https:\/\/schema.org","@graph":[{"@type":"WebPage","@id":"https:\/\/president-ksgov.net\/sr\/predsednik-trai-veu-posveenost-u-zastiti-prava-rtava-zloina\/","url":"https:\/\/president-ksgov.net\/sr\/predsednik-trai-veu-posveenost-u-zastiti-prava-rtava-zloina\/","name":"Predsednik tra&#158;i ve&cacute;u posve&cacute;enost u za\u0161titi prava &#158;rtava zlo&ccaron;ina - Predsednik Republike Kosovo - DR. VJOSA OSMANI - SADRIU","isPartOf":{"@id":"https:\/\/president-ksgov.net\/#website"},"primaryImageOfPage":{"@id":"https:\/\/president-ksgov.net\/sr\/predsednik-trai-veu-posveenost-u-zastiti-prava-rtava-zloina\/#primaryimage"},"image":{"@id":"https:\/\/president-ksgov.net\/sr\/predsednik-trai-veu-posveenost-u-zastiti-prava-rtava-zloina\/#primaryimage"},"thumbnailUrl":"https:\/\/president-ksgov.net\/wp-content\/uploads\/30_10_2017_9047896_p_05.jpg","datePublished":"2017-10-30T13:06:10+00:00","dateModified":"2017-10-30T13:06:10+00:00","author":{"@id":"https:\/\/president-ksgov.net\/#\/schema\/person\/bb4337a5fb147cb2046d80548172cbee"},"description":"Predsednik tra&#158;i ve&cacute;u posve&cacute;enost u za\u0161titi prava &#158;rtava zlo&ccaron;ina - Predsednik Republike Kosovo - DR. VJOSA OSMANI - SADRIU -","breadcrumb":{"@id":"https:\/\/president-ksgov.net\/sr\/predsednik-trai-veu-posveenost-u-zastiti-prava-rtava-zloina\/#breadcrumb"},"inLanguage":"sr-RS","potentialAction":[{"@type":"ReadAction","target":["https:\/\/president-ksgov.net\/sr\/predsednik-trai-veu-posveenost-u-zastiti-prava-rtava-zloina\/"]}]},{"@type":"ImageObject","inLanguage":"sr-RS","@id":"https:\/\/president-ksgov.net\/sr\/predsednik-trai-veu-posveenost-u-zastiti-prava-rtava-zloina\/#primaryimage","url":"https:\/\/president-ksgov.net\/wp-content\/uploads\/30_10_2017_9047896_p_05.jpg","contentUrl":"https:\/\/president-ksgov.net\/wp-content\/uploads\/30_10_2017_9047896_p_05.jpg","width":2400,"height":1600},{"@type":"BreadcrumbList","@id":"https:\/\/president-ksgov.net\/sr\/predsednik-trai-veu-posveenost-u-zastiti-prava-rtava-zloina\/#breadcrumb","itemListElement":[{"@type":"ListItem","position":1,"name":"Home","item":"https:\/\/president-ksgov.net\/sr\/"},{"@type":"ListItem","position":2,"name":"Predsednik tra&#158;i ve&cacute;u posve&cacute;enost u za\u0161titi prava &#158;rtava zlo&ccaron;ina"}]},{"@type":"WebSite","@id":"https:\/\/president-ksgov.net\/#website","url":"https:\/\/president-ksgov.net\/","name":"Presidente e Republik\u00ebs s\u00eb Kosov\u00ebs","description":"Presidente e Republik\u00ebs s\u00eb Kosov\u00ebs","alternateName":"DR. VJOSA OSMANI - SADRIU","potentialAction":[{"@type":"SearchAction","target":{"@type":"EntryPoint","urlTemplate":"https:\/\/president-ksgov.net\/?s={search_term_string}"},"query-input":{"@type":"PropertyValueSpecification","valueRequired":true,"valueName":"search_term_string"}}],"inLanguage":"sr-RS"},{"@type":"Person","@id":"https:\/\/president-ksgov.net\/#\/schema\/person\/bb4337a5fb147cb2046d80548172cbee","name":"admin","image":{"@type":"ImageObject","inLanguage":"sr-RS","@id":"https:\/\/president-ksgov.net\/#\/schema\/person\/image\/","url":"https:\/\/secure.gravatar.com\/avatar\/36156ca0fa3b8d9d25174f146e16beea0cf28f37adf1b9e19b6c9c279a7c9dd3?s=96&d=mm&r=g","contentUrl":"https:\/\/secure.gravatar.com\/avatar\/36156ca0fa3b8d9d25174f146e16beea0cf28f37adf1b9e19b6c9c279a7c9dd3?s=96&d=mm&r=g","caption":"admin"},"sameAs":["https:\/\/president-ksgov.net"]}]}},"_links":{"self":[{"href":"https:\/\/president-ksgov.net\/sr\/wp-json\/wp\/v2\/posts\/76074","targetHints":{"allow":["GET"]}}],"collection":[{"href":"https:\/\/president-ksgov.net\/sr\/wp-json\/wp\/v2\/posts"}],"about":[{"href":"https:\/\/president-ksgov.net\/sr\/wp-json\/wp\/v2\/types\/post"}],"author":[{"embeddable":true,"href":"https:\/\/president-ksgov.net\/sr\/wp-json\/wp\/v2\/users\/1"}],"replies":[{"embeddable":true,"href":"https:\/\/president-ksgov.net\/sr\/wp-json\/wp\/v2\/comments?post=76074"}],"version-history":[{"count":0,"href":"https:\/\/president-ksgov.net\/sr\/wp-json\/wp\/v2\/posts\/76074\/revisions"}],"wp:featuredmedia":[{"embeddable":true,"href":"https:\/\/president-ksgov.net\/sr\/wp-json\/wp\/v2\/media\/29294"}],"wp:attachment":[{"href":"https:\/\/president-ksgov.net\/sr\/wp-json\/wp\/v2\/media?parent=76074"}],"wp:term":[{"taxonomy":"category","embeddable":true,"href":"https:\/\/president-ksgov.net\/sr\/wp-json\/wp\/v2\/categories?post=76074"},{"taxonomy":"post_tag","embeddable":true,"href":"https:\/\/president-ksgov.net\/sr\/wp-json\/wp\/v2\/tags?post=76074"}],"curies":[{"name":"wp","href":"https:\/\/api.w.org\/{rel}","templated":true}]}}