{"id":76060,"date":"2017-11-09T14:23:30","date_gmt":"2017-11-09T13:23:30","guid":{"rendered":"https:\/\/dev.president-ksgov.net\/predsednik-kosovari-su-u-kuksu-nasli-toplotu-albanskog-ognjista\/"},"modified":"2017-11-09T14:23:30","modified_gmt":"2017-11-09T14:23:30","slug":"predsednik-kosovari-su-u-kuksu-nasli-toplotu-albanskog-ognjista","status":"publish","type":"post","link":"https:\/\/president-ksgov.net\/sr\/predsednik-kosovari-su-u-kuksu-nasli-toplotu-albanskog-ognjista\/","title":{"rendered":"Predsednik: Kosovari su u Kuksu na\u0161li toplotu albanskog ognji\u0161ta"},"content":{"rendered":"<p>Kuks, 9. novembar 2017. godine \u2013 Predsednik Republike Kosovo, Hashim Tha\u00e7i, danas je u Palati kulture u Kuksu  odlikovao gra&dstrok;ane Kuksa medaljom \u201eOrden slobode\u201c.<\/p>\n<p>Predsednik Tha\u00e7i je rekao da je u Kuksu kako bi izrazio veliku zahvalnost svim gra&dstrok;anima Kuksa, koji su srda&ccaron;no i sa nemerljivom velikodu\u0161no\u0161&cacute;u pru&#382;ali uto&ccaron;i\u0161te za oko 500 hiljada njihove bra&cacute;e i sestara sa Kosova, koji su nasilno bili proterani u godinama rata.<\/p>\n<p>\u201eU najkriti&ccaron;nijem periodu za kosovske Albance, novi Kuks, mali Kuks samo po izgledu, postao je veliki, otvoreni, voljeni i duboko velikodu\u0161an i plemenit Kuks\u201c, rekao je on.<\/p>\n<p>Predsednik Tha\u00e7i je rekao da su pravi&ccaron;na borba Oslobodila&ccaron;ke vojske Kosova i uspesi NATO u&ccaron;inili jo\u0161 vi\u0161e divljom anti albansku politiku Beograda, koji je zapo&ccaron;eo etni&ccaron;ko &ccaron;i\u0161&cacute;enje putem ubistava, gonjenja, proterivanja i genocida.\u00a0 <\/p>\n<p>\u201eNenaoru&#382;ani narod, &#382;ene, mu\u0161karci, starci i deca, na silu su proterani sa njihovih ognji\u0161ta u pravcu Makedonije i Albanije. U Kuksu je mesto na\u0161lo skoro milion proteranih. Zahvaljuju&cacute;i solidarnosti, ljubavi i &ccaron;istog ose&cacute;anja ljubavi prema otad&#382;bini, proterani Kosovari su u va\u0161em Kuksu prona\u0161li toplotu albanskog ognji\u0161ta i sa strpljenjem su &ccaron;ekali zavr\u0161etak rata\u201c, dodao je predsednik Tha\u00e7i.<\/p>\n<p>Prvi &ccaron;ovek dr&#382;ave je rekao da je nakon duge istorije napora za slobodu, Kosovo na kraju stvorilo bitnu politi&ccaron;ku i vojnu organizaciju, Oslobodila&ccaron;ku vojsku Kosova, najuspe\u0161niju gerilu u pro\u0161lom veku, kako bi o&#382;iveli ideal i san o slobodi.<\/p>\n<p>\u201ePo prvi put Kosovo je postiglo da bude akter u me&dstrok;unarodnoj areni na Konferenciji u Rambujeu. Po prvi put Kosovo je na svojoj strani imalo jake me&dstrok;unarodne prijatelje, svet demokratskih vrednosti. Upravo je to bio politi&ccaron;ki napredak Kosova, \u0161to je postiglo da proizvede me&dstrok;unarodni dokument kojim je demokratski svet anga&#382;ovao najja&ccaron;i savez na svetu, NATO, kako bi vojno intervenisao nad metama sprske policije i vojske\u201c, rekao je predsednik Tha\u00e7i.<\/p>\n<p>Za stanovnike Kuksa uop\u0161teno, predsednik Tha\u00e7i je rekao da su deo zajedni&ccaron;ke istorije Kosova.<\/p>\n<p>On je rekao da su i oni do&#382;iveli ono \u0161to su do&#382;iveli njihova bra&cacute;a i sestre sa Kosova.<\/p>\n<p>Tokom 1998-1999. godine, Kuks je postao baza OVK. Grad Kuks je do&#382;iveo granatiranja srpske vojske. Mnogi gra&dstrok;ani Kuksa su se pridru&#382;ili redovima Oslobodila&ccaron;ke vojske Kosova, onako kao \u0161to su to u&ccaron;inili i gra&dstrok;ani Hasa i Tropoje\u201c, rekao je predsednik Tha\u00e7i.<\/p>\n<p>Prvi &ccaron;ovek dr&#382;ave je rekao da su Kuks i Prizren imali politi&ccaron;ku, istorijsku i geografsku sudbinu podele nepravednom dr&#382;avnom granicom, tokom &ccaron;itavog veka. Ali, u toj podeli i izolaciji, prema predsedniku Tha\u00e7i-ju, preko Radio Kuksa je na&dstrok;en na&ccaron;in komunikacije izme&dstrok;u Kosova i Albanije.<\/p>\n<p>\u201eNa Radio Kuksu se emitovala zabranjena kosovska istorija\u201c, istakao je on.<\/p>\n<p>A gradona&ccaron;elnik Kuksa, Bashkim Shehu, rekao je da je ovo poseban dan za stanovnike Kuksa, zbog visokih vrednosti i ose&cacute;aja koji su pokazali tokom ratnih godina na Kosovu.<\/p>\n<p>\u201eTha\u00e7i je bio u Kuksu kao ratni lider, kao borac za slobodu, ali danas je do\u0161ao kao predsednik Kosova, kako bi nam pokazao da Kosovo i Kosovari ne zaboravljaju\u201c, rekao je Shehu.<\/p>\n<p>Tra&#382;e&cacute;i podr\u0161ku od dve albanske vlade, Shehu je predlo&#382;io da se stvori \u201eMuzej se&cacute;anja\u201c, kako bi se se&cacute;ali te\u0161kih dana koje su Kosovari i gra&dstrok;ani Kuksa pre&#382;iveli zajedno.<\/p>\n<p>U znak zahvalnosti zbog velikodu\u0161nosti Kuksa, predsednik Tha\u00e7i je dodelio medalju \u201eOrden slobode\u201c gra&dstrok;anima Kuksa.\u00a0<\/p>\n","protected":false},"excerpt":{"rendered":"<p>Kuks, 9. novembar 2017. godine \u2013 Predsednik Republike Kosovo, Hashim Tha\u00e7i, danas je u Palati kulture u Kuksu  odlikovao gra&dstrok;ane Kuksa medaljom \u201eOrden slobode\u201c.<\/p>\n","protected":false},"author":1,"featured_media":29217,"comment_status":"open","ping_status":"closed","sticky":false,"template":"","format":"standard","meta":{"_eb_attr":"","footnotes":""},"categories":[101,112],"tags":[],"class_list":["post-76060","post","type-post","status-publish","format-standard","has-post-thumbnail","hentry","category-vesti","category-vizitat-nderkombetare"],"yoast_head":"<!-- This site is optimized with the Yoast SEO plugin v23.5 - https:\/\/yoast.com\/wordpress\/plugins\/seo\/ -->\n<title>Predsednik: Kosovari su u Kuksu na\u0161li toplotu albanskog ognji\u0161ta - Predsednik Republike Kosovo - DR. VJOSA OSMANI - SADRIU<\/title>\n<meta name=\"description\" content=\"Predsednik: Kosovari su u Kuksu na\u0161li toplotu albanskog ognji\u0161ta - Predsednik Republike Kosovo - DR. VJOSA OSMANI - SADRIU -\" \/>\n<meta name=\"robots\" content=\"index, follow, max-snippet:-1, max-image-preview:large, max-video-preview:-1\" \/>\n<link rel=\"canonical\" href=\"https:\/\/president-ksgov.net\/presidenti-kosovaret-e-gjeten-ne-kukes-ngrohtesine-e-vatres-shqiptare\/\" \/>\n<meta property=\"og:locale\" content=\"sr_RS\" \/>\n<meta property=\"og:type\" content=\"article\" \/>\n<meta property=\"og:title\" content=\"Predsednik: Kosovari su u Kuksu na\u0161li toplotu albanskog ognji\u0161ta - Predsednik Republike Kosovo - DR. VJOSA OSMANI - SADRIU\" \/>\n<meta property=\"og:description\" content=\"Predsednik: Kosovari su u Kuksu na\u0161li toplotu albanskog ognji\u0161ta - Predsednik Republike Kosovo - DR. VJOSA OSMANI - SADRIU -\" \/>\n<meta property=\"og:url\" content=\"https:\/\/president-ksgov.net\/presidenti-kosovaret-e-gjeten-ne-kukes-ngrohtesine-e-vatres-shqiptare\/\" \/>\n<meta property=\"og:site_name\" content=\"Predsednik Republike Kosovo - DR. VJOSA OSMANI - SADRIU\" \/>\n<meta property=\"article:published_time\" content=\"2017-11-09T13:23:30+00:00\" \/>\n<meta property=\"article:modified_time\" content=\"2017-11-09T14:23:30+00:00\" \/>\n<meta property=\"og:image\" content=\"https:\/\/president-ksgov.net\/wp-content\/uploads\/09_11_2017_6746096_k_00.jpg\" \/>\n\t<meta property=\"og:image:width\" content=\"2400\" \/>\n\t<meta property=\"og:image:height\" content=\"1600\" \/>\n\t<meta property=\"og:image:type\" content=\"image\/jpeg\" \/>\n<meta name=\"author\" content=\"admin\" \/>\n<meta name=\"twitter:card\" content=\"summary_large_image\" \/>\n<meta name=\"twitter:label1\" content=\"\u041d\u0430\u043f\u0438\u0441\u0430\u043d\u043e \u043e\u0434\" \/>\n\t<meta name=\"twitter:data1\" content=\"admin\" \/>\n\t<meta name=\"twitter:label2\" content=\"\u041f\u0440\u043e\u0446\u0435\u045a\u0435\u043d\u043e \u0432\u0440\u0435\u043c\u0435 \u0447\u0438\u0442\u0430\u045a\u0430\" \/>\n\t<meta name=\"twitter:data2\" content=\"3 \u043c\u0438\u043d\u0443\u0442\u0430\" \/>\n<script type=\"application\/ld+json\" class=\"yoast-schema-graph\">{\"@context\":\"https:\/\/schema.org\",\"@graph\":[{\"@type\":\"WebPage\",\"@id\":\"https:\/\/president-ksgov.net\/presidenti-kosovaret-e-gjeten-ne-kukes-ngrohtesine-e-vatres-shqiptare\/\",\"url\":\"https:\/\/president-ksgov.net\/presidenti-kosovaret-e-gjeten-ne-kukes-ngrohtesine-e-vatres-shqiptare\/\",\"name\":\"Predsednik: Kosovari su u Kuksu na\u0161li toplotu albanskog ognji\u0161ta - Predsednik Republike Kosovo - DR. VJOSA OSMANI - SADRIU\",\"isPartOf\":{\"@id\":\"https:\/\/president-ksgov.net\/#website\"},\"primaryImageOfPage\":{\"@id\":\"https:\/\/president-ksgov.net\/presidenti-kosovaret-e-gjeten-ne-kukes-ngrohtesine-e-vatres-shqiptare\/#primaryimage\"},\"image\":{\"@id\":\"https:\/\/president-ksgov.net\/presidenti-kosovaret-e-gjeten-ne-kukes-ngrohtesine-e-vatres-shqiptare\/#primaryimage\"},\"thumbnailUrl\":\"https:\/\/president-ksgov.net\/wp-content\/uploads\/09_11_2017_6746096_k_00.jpg\",\"datePublished\":\"2017-11-09T13:23:30+00:00\",\"dateModified\":\"2017-11-09T14:23:30+00:00\",\"author\":{\"@id\":\"https:\/\/president-ksgov.net\/#\/schema\/person\/bb4337a5fb147cb2046d80548172cbee\"},\"description\":\"Predsednik: Kosovari su u Kuksu na\u0161li toplotu albanskog ognji\u0161ta - Predsednik Republike Kosovo - DR. VJOSA OSMANI - SADRIU -\",\"breadcrumb\":{\"@id\":\"https:\/\/president-ksgov.net\/presidenti-kosovaret-e-gjeten-ne-kukes-ngrohtesine-e-vatres-shqiptare\/#breadcrumb\"},\"inLanguage\":\"sr-RS\",\"potentialAction\":[{\"@type\":\"ReadAction\",\"target\":[\"https:\/\/president-ksgov.net\/presidenti-kosovaret-e-gjeten-ne-kukes-ngrohtesine-e-vatres-shqiptare\/\"]}]},{\"@type\":\"ImageObject\",\"inLanguage\":\"sr-RS\",\"@id\":\"https:\/\/president-ksgov.net\/presidenti-kosovaret-e-gjeten-ne-kukes-ngrohtesine-e-vatres-shqiptare\/#primaryimage\",\"url\":\"https:\/\/president-ksgov.net\/wp-content\/uploads\/09_11_2017_6746096_k_00.jpg\",\"contentUrl\":\"https:\/\/president-ksgov.net\/wp-content\/uploads\/09_11_2017_6746096_k_00.jpg\",\"width\":2400,\"height\":1600},{\"@type\":\"BreadcrumbList\",\"@id\":\"https:\/\/president-ksgov.net\/presidenti-kosovaret-e-gjeten-ne-kukes-ngrohtesine-e-vatres-shqiptare\/#breadcrumb\",\"itemListElement\":[{\"@type\":\"ListItem\",\"position\":1,\"name\":\"Home\",\"item\":\"https:\/\/president-ksgov.net\/sr\/\"},{\"@type\":\"ListItem\",\"position\":2,\"name\":\"Predsednik: Kosovari su u Kuksu na\u0161li toplotu albanskog ognji\u0161ta\"}]},{\"@type\":\"WebSite\",\"@id\":\"https:\/\/president-ksgov.net\/#website\",\"url\":\"https:\/\/president-ksgov.net\/\",\"name\":\"Presidente e Republik\u00ebs s\u00eb Kosov\u00ebs\",\"description\":\"Presidente e Republik\u00ebs s\u00eb Kosov\u00ebs\",\"alternateName\":\"DR. VJOSA OSMANI - SADRIU\",\"potentialAction\":[{\"@type\":\"SearchAction\",\"target\":{\"@type\":\"EntryPoint\",\"urlTemplate\":\"https:\/\/president-ksgov.net\/?s={search_term_string}\"},\"query-input\":{\"@type\":\"PropertyValueSpecification\",\"valueRequired\":true,\"valueName\":\"search_term_string\"}}],\"inLanguage\":\"sr-RS\"},{\"@type\":\"Person\",\"@id\":\"https:\/\/president-ksgov.net\/#\/schema\/person\/bb4337a5fb147cb2046d80548172cbee\",\"name\":\"admin\",\"image\":{\"@type\":\"ImageObject\",\"inLanguage\":\"sr-RS\",\"@id\":\"https:\/\/president-ksgov.net\/#\/schema\/person\/image\/\",\"url\":\"https:\/\/secure.gravatar.com\/avatar\/36156ca0fa3b8d9d25174f146e16beea0cf28f37adf1b9e19b6c9c279a7c9dd3?s=96&d=mm&r=g\",\"contentUrl\":\"https:\/\/secure.gravatar.com\/avatar\/36156ca0fa3b8d9d25174f146e16beea0cf28f37adf1b9e19b6c9c279a7c9dd3?s=96&d=mm&r=g\",\"caption\":\"admin\"},\"sameAs\":[\"https:\/\/president-ksgov.net\"]}]}<\/script>\n<!-- \/ Yoast SEO plugin. -->","yoast_head_json":{"title":"Predsednik: Kosovari su u Kuksu na\u0161li toplotu albanskog ognji\u0161ta - Predsednik Republike Kosovo - DR. VJOSA OSMANI - SADRIU","description":"Predsednik: Kosovari su u Kuksu na\u0161li toplotu albanskog ognji\u0161ta - Predsednik Republike Kosovo - DR. VJOSA OSMANI - SADRIU -","robots":{"index":"index","follow":"follow","max-snippet":"max-snippet:-1","max-image-preview":"max-image-preview:large","max-video-preview":"max-video-preview:-1"},"canonical":"https:\/\/president-ksgov.net\/presidenti-kosovaret-e-gjeten-ne-kukes-ngrohtesine-e-vatres-shqiptare\/","og_locale":"sr_RS","og_type":"article","og_title":"Predsednik: Kosovari su u Kuksu na\u0161li toplotu albanskog ognji\u0161ta - Predsednik Republike Kosovo - DR. VJOSA OSMANI - SADRIU","og_description":"Predsednik: Kosovari su u Kuksu na\u0161li toplotu albanskog ognji\u0161ta - Predsednik Republike Kosovo - DR. VJOSA OSMANI - SADRIU -","og_url":"https:\/\/president-ksgov.net\/presidenti-kosovaret-e-gjeten-ne-kukes-ngrohtesine-e-vatres-shqiptare\/","og_site_name":"Predsednik Republike Kosovo - DR. VJOSA OSMANI - SADRIU","article_published_time":"2017-11-09T13:23:30+00:00","article_modified_time":"2017-11-09T14:23:30+00:00","og_image":[{"width":2400,"height":1600,"url":"https:\/\/president-ksgov.net\/wp-content\/uploads\/09_11_2017_6746096_k_00.jpg","type":"image\/jpeg"}],"author":"admin","twitter_card":"summary_large_image","twitter_misc":{"\u041d\u0430\u043f\u0438\u0441\u0430\u043d\u043e \u043e\u0434":"admin","\u041f\u0440\u043e\u0446\u0435\u045a\u0435\u043d\u043e \u0432\u0440\u0435\u043c\u0435 \u0447\u0438\u0442\u0430\u045a\u0430":"3 \u043c\u0438\u043d\u0443\u0442\u0430"},"schema":{"@context":"https:\/\/schema.org","@graph":[{"@type":"WebPage","@id":"https:\/\/president-ksgov.net\/presidenti-kosovaret-e-gjeten-ne-kukes-ngrohtesine-e-vatres-shqiptare\/","url":"https:\/\/president-ksgov.net\/presidenti-kosovaret-e-gjeten-ne-kukes-ngrohtesine-e-vatres-shqiptare\/","name":"Predsednik: Kosovari su u Kuksu na\u0161li toplotu albanskog ognji\u0161ta - Predsednik Republike Kosovo - DR. VJOSA OSMANI - SADRIU","isPartOf":{"@id":"https:\/\/president-ksgov.net\/#website"},"primaryImageOfPage":{"@id":"https:\/\/president-ksgov.net\/presidenti-kosovaret-e-gjeten-ne-kukes-ngrohtesine-e-vatres-shqiptare\/#primaryimage"},"image":{"@id":"https:\/\/president-ksgov.net\/presidenti-kosovaret-e-gjeten-ne-kukes-ngrohtesine-e-vatres-shqiptare\/#primaryimage"},"thumbnailUrl":"https:\/\/president-ksgov.net\/wp-content\/uploads\/09_11_2017_6746096_k_00.jpg","datePublished":"2017-11-09T13:23:30+00:00","dateModified":"2017-11-09T14:23:30+00:00","author":{"@id":"https:\/\/president-ksgov.net\/#\/schema\/person\/bb4337a5fb147cb2046d80548172cbee"},"description":"Predsednik: Kosovari su u Kuksu na\u0161li toplotu albanskog ognji\u0161ta - Predsednik Republike Kosovo - DR. VJOSA OSMANI - SADRIU -","breadcrumb":{"@id":"https:\/\/president-ksgov.net\/presidenti-kosovaret-e-gjeten-ne-kukes-ngrohtesine-e-vatres-shqiptare\/#breadcrumb"},"inLanguage":"sr-RS","potentialAction":[{"@type":"ReadAction","target":["https:\/\/president-ksgov.net\/presidenti-kosovaret-e-gjeten-ne-kukes-ngrohtesine-e-vatres-shqiptare\/"]}]},{"@type":"ImageObject","inLanguage":"sr-RS","@id":"https:\/\/president-ksgov.net\/presidenti-kosovaret-e-gjeten-ne-kukes-ngrohtesine-e-vatres-shqiptare\/#primaryimage","url":"https:\/\/president-ksgov.net\/wp-content\/uploads\/09_11_2017_6746096_k_00.jpg","contentUrl":"https:\/\/president-ksgov.net\/wp-content\/uploads\/09_11_2017_6746096_k_00.jpg","width":2400,"height":1600},{"@type":"BreadcrumbList","@id":"https:\/\/president-ksgov.net\/presidenti-kosovaret-e-gjeten-ne-kukes-ngrohtesine-e-vatres-shqiptare\/#breadcrumb","itemListElement":[{"@type":"ListItem","position":1,"name":"Home","item":"https:\/\/president-ksgov.net\/sr\/"},{"@type":"ListItem","position":2,"name":"Predsednik: Kosovari su u Kuksu na\u0161li toplotu albanskog ognji\u0161ta"}]},{"@type":"WebSite","@id":"https:\/\/president-ksgov.net\/#website","url":"https:\/\/president-ksgov.net\/","name":"Presidente e Republik\u00ebs s\u00eb Kosov\u00ebs","description":"Presidente e Republik\u00ebs s\u00eb Kosov\u00ebs","alternateName":"DR. VJOSA OSMANI - SADRIU","potentialAction":[{"@type":"SearchAction","target":{"@type":"EntryPoint","urlTemplate":"https:\/\/president-ksgov.net\/?s={search_term_string}"},"query-input":{"@type":"PropertyValueSpecification","valueRequired":true,"valueName":"search_term_string"}}],"inLanguage":"sr-RS"},{"@type":"Person","@id":"https:\/\/president-ksgov.net\/#\/schema\/person\/bb4337a5fb147cb2046d80548172cbee","name":"admin","image":{"@type":"ImageObject","inLanguage":"sr-RS","@id":"https:\/\/president-ksgov.net\/#\/schema\/person\/image\/","url":"https:\/\/secure.gravatar.com\/avatar\/36156ca0fa3b8d9d25174f146e16beea0cf28f37adf1b9e19b6c9c279a7c9dd3?s=96&d=mm&r=g","contentUrl":"https:\/\/secure.gravatar.com\/avatar\/36156ca0fa3b8d9d25174f146e16beea0cf28f37adf1b9e19b6c9c279a7c9dd3?s=96&d=mm&r=g","caption":"admin"},"sameAs":["https:\/\/president-ksgov.net"]}]}},"_links":{"self":[{"href":"https:\/\/president-ksgov.net\/sr\/wp-json\/wp\/v2\/posts\/76060","targetHints":{"allow":["GET"]}}],"collection":[{"href":"https:\/\/president-ksgov.net\/sr\/wp-json\/wp\/v2\/posts"}],"about":[{"href":"https:\/\/president-ksgov.net\/sr\/wp-json\/wp\/v2\/types\/post"}],"author":[{"embeddable":true,"href":"https:\/\/president-ksgov.net\/sr\/wp-json\/wp\/v2\/users\/1"}],"replies":[{"embeddable":true,"href":"https:\/\/president-ksgov.net\/sr\/wp-json\/wp\/v2\/comments?post=76060"}],"version-history":[{"count":0,"href":"https:\/\/president-ksgov.net\/sr\/wp-json\/wp\/v2\/posts\/76060\/revisions"}],"wp:featuredmedia":[{"embeddable":true,"href":"https:\/\/president-ksgov.net\/sr\/wp-json\/wp\/v2\/media\/29217"}],"wp:attachment":[{"href":"https:\/\/president-ksgov.net\/sr\/wp-json\/wp\/v2\/media?parent=76060"}],"wp:term":[{"taxonomy":"category","embeddable":true,"href":"https:\/\/president-ksgov.net\/sr\/wp-json\/wp\/v2\/categories?post=76060"},{"taxonomy":"post_tag","embeddable":true,"href":"https:\/\/president-ksgov.net\/sr\/wp-json\/wp\/v2\/tags?post=76060"}],"curies":[{"name":"wp","href":"https:\/\/api.w.org\/{rel}","templated":true}]}}