{"id":76059,"date":"2017-11-09T20:59:34","date_gmt":"2017-11-09T20:59:34","guid":{"rendered":"https:\/\/dev.president-ksgov.net\/govor-predsednika-thaci-ja-prilikom-zvanine-posete-kuksu\/"},"modified":"2023-03-08T09:01:38","modified_gmt":"2023-03-08T09:01:38","slug":"govor-predsednika-thaci-ja-prilikom-zvanine-posete-kuksu","status":"publish","type":"post","link":"https:\/\/president-ksgov.net\/sr\/govor-predsednika-thaci-ja-prilikom-zvanine-posete-kuksu\/","title":{"rendered":"Govor predsednika Tha\u00e7i-ja prilikom zvani&ccaron;ne posete Kuksu"},"content":{"rendered":"<p>Po\u0161tovani gradona&ccaron;elni&ccaron;e Kuksa, gospodine Bashkime Shehu, <\/p>\n<p>Po\u0161tovani ambasadore Minxhozi, <\/p>\n<p>Dame i gospodo, <\/p>\n<p>Veoma sam po&ccaron;astvovan \u0161to se danas nalazim me&dstrok;u vama, u jednodnevnoj poseti na po&ccaron;etku novembra, meseca koji obele&#382;ava 105. godi\u0161njicu nezavisnosti Albanije. <\/p>\n<p>Privilegovan sam da se obratim gra&dstrok;anima Kuksa govorom u ime Predsedni\u0161tva Republike Kosovo, u moje ime i u ime gra&dstrok;ana Kosova. <\/p>\n<p>Ovde sam da izrazim VELIKU ZAHVALNOST gra&dstrok;anima Kuksa i Albanije, koji su srda&ccaron;no i neuporedivom velikodu\u0161no\u0161&cacute;u pru&#382;ali uto&ccaron;i\u0161te za oko 500 hiljada njihove bra&cacute;e i sestara sa Kosova, koji su nasilno proterani u ratnim godinama, 1998-1999. godine. <\/p>\n<p>U kriti&ccaron;nom periodu za kosovske Albance, na kraju dvadesetog veka, novi Kuks, mali Kuks samo po izgledu, postao je veliki, otvoreni, voljeni i duboko velikodu\u0161ni i plemeniti Kuks. <\/p>\n<p>Nakon jedne duge istorije napora za slobodom, Kosovo je na kraju stvorilo najbitniju politi&ccaron;ku i vojnu organizaciju, Oslobodila&ccaron;ku vojsku Kosova, najuspe\u0161niju gerilu u proteklom veku, kako bi o&#382;iveo ideal i san o slobodi. <\/p>\n<p>Po prvi put, Kosovo je postiglo da bude akter u me&dstrok;unarodnoj areni na Konferenciji u Rambujeu. <\/p>\n<p>Po prvi put je Kosovo na svojoj strani imalo jake me&dstrok;unarodne prijatelje, svet demokratskih vrednosti. <\/p>\n<p>Upravo je to bilo politi&ccaron;ko unapre&dstrok;enje Kosova koje je postiglo da proizvede me&dstrok;unarodni dokument, kojim je demokratski svet anga&#382;ovao najja&ccaron;i savez na svetu, NATO, da vojno interveni\u0161e nad metama srpske vojske i policije. <\/p>\n<p>Pravi&ccaron;an rat Oslobodila&ccaron;ke vojske Kosova i uspesi NATO-a u&ccaron;inili su anti albansku politiku Beograda jo\u0161 vi\u0161e divljom, i po&ccaron;elo je etni&ccaron;ko &ccaron;i\u0161&cacute;enje putem ubistava, gonjenja, proterivanja i genocida. <\/p>\n<p>Nenaoru&#382;ano stanovni\u0161tvo, &#382;ene, mu\u0161karci, starci i deca, na silu su oterani sa njihovih ognji\u0161ta u pravcu Makedonije i Albanije. <\/p>\n<p>Zahvaljuju&cacute;i solidarnosti, ljubavi i &ccaron;istog ose&cacute;anja ljubavi za otad&#382;binom, isterani sunarodnici su u va\u0161em Kuksu na\u0161li toplinu albanskog ognji\u0161ta i sa strpljenjem su &ccaron;ekali okon&ccaron;anje rata. <\/p>\n<p>Dogodilo se &ccaron;udo. <\/p>\n<p>Kao \u0161to se izrazio veliki pisac Ismail Kadare: \u201eJo\u0161 uvek se nije ohladila ruka seljaka od pluga, do\u0161ao je trenutak vra&cacute;anja na Kosovo. <\/p>\n<p>Istorija ne pamti munjevitije vra&cacute;anje ljudi njihovim ku&cacute;ama, nego vra&cacute;anje kosovskih Albanaca, odmah nakon okon&ccaron;anja rata, 11. juna 1999. godine. <\/p>\n<p>Dame i gospodo, <\/p>\n<p>Stanovnici Kuksa i predgra&dstrok;a uop\u0161teno, su deo zajedni&ccaron;ke istorije Kosova. <\/p>\n<p>Oni su do&#382;iveli ono \u0161to su do&#382;ivljavali njihovi sunarodnici tokom nemirnih godina Balkanskih ratova i tokom Prvog svetskog rata. <\/p>\n<p>Oni su do&#382;iveli teror srpskih vojski. <\/p>\n<p>Oni su vr\u0161ili otpor protiv sprskih vojnih trupa koje su te&#382;ile osvajanju Albanije. <\/p>\n<p>Kuks i Prizren su imali politi&ccaron;ku, istorijsku i geografsku sudbinu podele nepravi&ccaron;nom dr&#382;avnom granicom tokom &ccaron;itavog veka. <\/p>\n<p>Ova podela je bila duboka i velika tokom epohe komunizma. <\/p>\n<p>Ali, u ovoj podeli i izolaciji, prona&dstrok;en je na&ccaron;in komuniciranja izme&dstrok;u Kosova i Albanije. <\/p>\n<p>To je bio Radio Kuks, radio stanica koja je nezavisno od ideolo\u0161kog uticaja, izvr\u0161ila misiju, koju mi, Kosovo visoko cenimo. <\/p>\n<p>Hiljade emisija istorijskog i patriotskog sadr&#382;aja emitovane su na talasima Radio Kuksa. <\/p>\n<p>Osim talasa Radio Kuksa, rastao je i gajio se ose&cacute;aj ljubavi prema Albaniji, prema istorijskim li&ccaron;nostima na\u0161eg nacionalnog preporoda. <\/p>\n<p>Na Radio Kuksu je preno\u0161ena zabranjena istorija Kosova. <\/p>\n<p>A posebno je podr\u0161ka demonstrantima 1981. godine sa zahtevom za Republiku Kosovo, imala velikog odjeka svuda na Kosovu. <\/p>\n<p>Dozvolite mi da danas izrazim posebnu zahvalnost na ovom doprinosu, Radio Kuksu, koji je bio glas Albanije. <\/p>\n<p>Dame i gospodo, <\/p>\n<p>Tokom 1998-1999. godine, Kuks je postao baza OVK. <\/p>\n<p>Grad Kuks je do&#382;iveo granatiranja od strane srpske vojske. <\/p>\n<p>Mnogi gra&dstrok;ani Kuksa pridru&#382;ili su se redovima Oslobodila&ccaron;ke vojske Kosova, kao \u0161to su to uradili i gra&dstrok;ani Hasa i Tropoje. <\/p>\n<p>Slava svima onima koji su doprineli borbi Oslobodila&ccaron;ke vojske Kosova! <\/p>\n<p>Dame i gospodo, <\/p>\n<p>Danas je istorija odnosa izme&dstrok;u Kosova i Albanije izmenjena iz korena, na dobro. <\/p>\n<p>Nikada u istoriji na\u0161i politi&ccaron;ki, ekonomski, kulturolo\u0161ki odnosi, kao ni odnosi na svim &#382;ivotnim poljima, nisu bili bolji. <\/p>\n<p>Demokratska Albanija je dr&#382;ava &ccaron;lanica NATO-a. <\/p>\n<p>Kosovo je slobodno i nezavisno, na sigurnom je putu prema evro-atlantskim integracijama. <\/p>\n<p>Nezavisno od toga \u0161to smo jedan narod u dve dr&#382;ave, mi nemamo drugu alternativu, osim evro-atlantskih integracija. <\/p>\n<p>Dame i gospodo, jo\u0161 jednom vam izra&#382;avam sre&cacute;u \u0161to sam me&dstrok;u vama, u najekstremnijem gradu na severu Albanije, prvom gradu kada sa Kosova u&dstrok;ete u Albaniju. <\/p>\n<p>U Kuksu legendarne srda&ccaron;nosti.<\/p>\n<p>U gradu koji ujedinjuje do&#382;ivotne tokove dve reke koje teku u velikom delu albanskih podru&ccaron;ja: Beli Drim i Crni Drim. <\/p>\n<p>Hvala vam! <\/p>\n<p>\u00a0<\/p>\n","protected":false},"excerpt":{"rendered":"<p>Po\u0161tovani gradona&ccaron;elni&ccaron;e Kuksa, gospodine Bashkime Shehu, Po\u0161tovani ambasadore Minxhozi, Dame i gospodo, Veoma sam po&ccaron;astvovan \u0161to se danas nalazim me&dstrok;u vama, u jednodnevnoj poseti na po&ccaron;etku novembra, meseca koji obele&#382;ava 105. godi\u0161njicu nezavisnosti Albanije. Privilegovan sam da se obratim gra&dstrok;anima Kuksa govorom u ime Predsedni\u0161tva Republike Kosovo, u moje ime i u ime gra&dstrok;ana Kosova. Ovde sam da izrazim VELIKU ZAHVALNOST gra&dstrok;anima Kuksa i Albanije, koji su srda&ccaron;no i neuporedivom velikodu\u0161no\u0161&cacute;u pru&#382;ali uto&ccaron;i\u0161te za oko 500 hiljada njihove bra&cacute;e i sestara sa Kosova, koji su nasilno proterani u ratnim godinama, 1998-1999. godine. U kriti&ccaron;nom periodu za kosovske Albance, na kraju dvadesetog veka, novi Kuks, mali Kuks samo po izgledu, postao je veliki, otvoreni, voljeni i duboko velikodu\u0161ni i plemeniti Kuks. Nakon jedne duge istorije napora za slobodom, Kosovo je na kraju stvorilo najbitniju politi&ccaron;ku i vojnu organizaciju, Oslobodila&ccaron;ku vojsku Kosova, najuspe\u0161niju gerilu u proteklom veku, kako bi o&#382;iveo ideal i san o slobodi. Po prvi put, Kosovo je postiglo da bude akter u me&dstrok;unarodnoj areni na Konferenciji u Rambujeu. Po prvi put je Kosovo na svojoj strani imalo jake me&dstrok;unarodne prijatelje, svet demokratskih vrednosti. Upravo je to bilo politi&ccaron;ko unapre&dstrok;enje Kosova koje je postiglo da proizvede me&dstrok;unarodni dokument, kojim je demokratski svet anga&#382;ovao najja&ccaron;i savez na svetu, NATO, da vojno interveni\u0161e nad metama srpske vojske i policije. Pravi&ccaron;an rat Oslobodila&ccaron;ke vojske Kosova i uspesi NATO-a u&ccaron;inili su anti albansku politiku Beograda jo\u0161 vi\u0161e divljom, i po&ccaron;elo je etni&ccaron;ko &ccaron;i\u0161&cacute;enje putem ubistava, gonjenja, proterivanja i genocida. Nenaoru&#382;ano stanovni\u0161tvo, &#382;ene, mu\u0161karci, starci i deca, na silu su oterani sa njihovih ognji\u0161ta u pravcu Makedonije i Albanije. Zahvaljuju&cacute;i solidarnosti, ljubavi i &ccaron;istog ose&cacute;anja ljubavi za otad&#382;binom, isterani sunarodnici su u va\u0161em Kuksu na\u0161li toplinu albanskog ognji\u0161ta i sa strpljenjem su &ccaron;ekali okon&ccaron;anje rata. Dogodilo se &ccaron;udo. Kao \u0161to se izrazio veliki pisac Ismail Kadare: \u201eJo\u0161 uvek se nije ohladila ruka seljaka od pluga, do\u0161ao je trenutak vra&cacute;anja na Kosovo. Istorija ne pamti munjevitije vra&cacute;anje ljudi njihovim ku&cacute;ama, nego vra&cacute;anje kosovskih Albanaca, odmah nakon okon&ccaron;anja rata, 11. juna 1999. godine. Dame i gospodo, Stanovnici Kuksa i predgra&dstrok;a uop\u0161teno, su deo zajedni&ccaron;ke istorije Kosova. Oni su do&#382;iveli ono \u0161to su do&#382;ivljavali njihovi sunarodnici tokom nemirnih godina Balkanskih ratova i tokom Prvog svetskog rata. Oni su do&#382;iveli teror srpskih vojski. Oni su vr\u0161ili otpor protiv sprskih vojnih trupa koje su te&#382;ile osvajanju Albanije. Kuks i Prizren su imali politi&ccaron;ku, istorijsku i geografsku sudbinu podele nepravi&ccaron;nom dr&#382;avnom granicom tokom &ccaron;itavog veka. Ova podela je bila duboka i velika tokom epohe komunizma. Ali, u ovoj podeli i izolaciji, prona&dstrok;en je na&ccaron;in komuniciranja izme&dstrok;u Kosova i Albanije. To je bio Radio Kuks, radio stanica koja je nezavisno od ideolo\u0161kog uticaja, izvr\u0161ila misiju, koju mi, Kosovo visoko cenimo. Hiljade emisija istorijskog i patriotskog sadr&#382;aja emitovane su na talasima Radio Kuksa. Osim talasa Radio Kuksa, rastao je i gajio se ose&cacute;aj ljubavi prema Albaniji, prema istorijskim li&ccaron;nostima na\u0161eg nacionalnog preporoda. Na Radio Kuksu je preno\u0161ena zabranjena istorija Kosova. A posebno je podr\u0161ka demonstrantima 1981. godine sa zahtevom za Republiku Kosovo, imala velikog odjeka svuda na Kosovu. Dozvolite mi da danas izrazim posebnu zahvalnost na ovom doprinosu, Radio Kuksu, koji je bio glas Albanije. Dame i gospodo, Tokom 1998-1999. godine, Kuks je postao baza OVK. Grad Kuks je do&#382;iveo granatiranja od strane srpske vojske. Mnogi gra&dstrok;ani Kuksa pridru&#382;ili su se redovima Oslobodila&ccaron;ke vojske Kosova, kao \u0161to su to uradili i gra&dstrok;ani Hasa i Tropoje. Slava svima onima koji su doprineli borbi Oslobodila&ccaron;ke vojske Kosova! Dame i gospodo, Danas je istorija odnosa izme&dstrok;u Kosova i Albanije izmenjena iz korena, na dobro. Nikada u istoriji na\u0161i politi&ccaron;ki, ekonomski, kulturolo\u0161ki odnosi, kao ni odnosi na svim &#382;ivotnim poljima, nisu bili bolji. Demokratska Albanija je dr&#382;ava &ccaron;lanica NATO-a. Kosovo je slobodno i nezavisno, na sigurnom je putu prema evro-atlantskim integracijama. Nezavisno od toga \u0161to smo jedan narod u dve dr&#382;ave, mi nemamo drugu alternativu, osim evro-atlantskih integracija. Dame i gospodo, jo\u0161 jednom vam izra&#382;avam sre&cacute;u \u0161to sam me&dstrok;u vama, u najekstremnijem gradu na severu Albanije, prvom gradu kada sa Kosova u&dstrok;ete u Albaniju. U Kuksu legendarne srda&ccaron;nosti. U gradu koji ujedinjuje do&#382;ivotne tokove dve reke koje teku u velikom delu albanskih podru&ccaron;ja: Beli Drim i Crni Drim. Hvala vam! \u00a0<\/p>\n","protected":false},"author":1,"featured_media":29198,"comment_status":"open","ping_status":"closed","sticky":false,"template":"","format":"standard","meta":{"_eb_attr":"","footnotes":""},"categories":[106],"tags":[],"class_list":["post-76059","post","type-post","status-publish","format-standard","has-post-thumbnail","hentry","category-govori"],"yoast_head":"<!-- This site is optimized with the Yoast SEO plugin v23.5 - https:\/\/yoast.com\/wordpress\/plugins\/seo\/ -->\n<title>Govor predsednika Tha\u00e7i-ja prilikom zvani&amp;ccaron;ne posete Kuksu - Predsednik Republike Kosovo - DR. VJOSA OSMANI - SADRIU<\/title>\n<meta name=\"description\" content=\"Govor predsednika Tha\u00e7i-ja prilikom zvani&amp;ccaron;ne posete Kuksu - Predsednik Republike Kosovo - DR. VJOSA OSMANI - SADRIU -\" \/>\n<meta name=\"robots\" content=\"index, follow, max-snippet:-1, max-image-preview:large, max-video-preview:-1\" \/>\n<link rel=\"canonical\" href=\"https:\/\/president-ksgov.net\/sr\/govor-predsednika-thaci-ja-prilikom-zvanine-posete-kuksu\/\" \/>\n<meta property=\"og:locale\" content=\"sr_RS\" \/>\n<meta property=\"og:type\" content=\"article\" \/>\n<meta property=\"og:title\" content=\"Govor predsednika Tha\u00e7i-ja prilikom zvani&amp;ccaron;ne posete Kuksu - Predsednik Republike Kosovo - DR. VJOSA OSMANI - SADRIU\" \/>\n<meta property=\"og:description\" content=\"Govor predsednika Tha\u00e7i-ja prilikom zvani&amp;ccaron;ne posete Kuksu - Predsednik Republike Kosovo - DR. VJOSA OSMANI - SADRIU -\" \/>\n<meta property=\"og:url\" content=\"https:\/\/president-ksgov.net\/sr\/govor-predsednika-thaci-ja-prilikom-zvanine-posete-kuksu\/\" \/>\n<meta property=\"og:site_name\" content=\"Predsednik Republike Kosovo - DR. VJOSA OSMANI - SADRIU\" \/>\n<meta property=\"article:published_time\" content=\"2017-11-09T20:59:34+00:00\" \/>\n<meta property=\"article:modified_time\" content=\"2023-03-08T09:01:38+00:00\" \/>\n<meta property=\"og:image\" content=\"https:\/\/president-ksgov.net\/wp-content\/uploads\/09_11_2017_3331469_k_00.jpg\" \/>\n\t<meta property=\"og:image:width\" content=\"2400\" \/>\n\t<meta property=\"og:image:height\" content=\"1600\" \/>\n\t<meta property=\"og:image:type\" content=\"image\/jpeg\" \/>\n<meta name=\"author\" content=\"admin\" \/>\n<meta name=\"twitter:card\" content=\"summary_large_image\" \/>\n<meta name=\"twitter:label1\" content=\"\u041d\u0430\u043f\u0438\u0441\u0430\u043d\u043e \u043e\u0434\" \/>\n\t<meta name=\"twitter:data1\" content=\"admin\" \/>\n\t<meta name=\"twitter:label2\" content=\"\u041f\u0440\u043e\u0446\u0435\u045a\u0435\u043d\u043e \u0432\u0440\u0435\u043c\u0435 \u0447\u0438\u0442\u0430\u045a\u0430\" \/>\n\t<meta name=\"twitter:data2\" content=\"4 \u043c\u0438\u043d\u0443\u0442\u0430\" \/>\n<script type=\"application\/ld+json\" class=\"yoast-schema-graph\">{\"@context\":\"https:\/\/schema.org\",\"@graph\":[{\"@type\":\"WebPage\",\"@id\":\"https:\/\/president-ksgov.net\/sr\/govor-predsednika-thaci-ja-prilikom-zvanine-posete-kuksu\/\",\"url\":\"https:\/\/president-ksgov.net\/sr\/govor-predsednika-thaci-ja-prilikom-zvanine-posete-kuksu\/\",\"name\":\"Govor predsednika Tha\u00e7i-ja prilikom zvani&ccaron;ne posete Kuksu - Predsednik Republike Kosovo - DR. VJOSA OSMANI - SADRIU\",\"isPartOf\":{\"@id\":\"https:\/\/president-ksgov.net\/#website\"},\"primaryImageOfPage\":{\"@id\":\"https:\/\/president-ksgov.net\/sr\/govor-predsednika-thaci-ja-prilikom-zvanine-posete-kuksu\/#primaryimage\"},\"image\":{\"@id\":\"https:\/\/president-ksgov.net\/sr\/govor-predsednika-thaci-ja-prilikom-zvanine-posete-kuksu\/#primaryimage\"},\"thumbnailUrl\":\"https:\/\/president-ksgov.net\/wp-content\/uploads\/09_11_2017_3331469_k_00.jpg\",\"datePublished\":\"2017-11-09T20:59:34+00:00\",\"dateModified\":\"2023-03-08T09:01:38+00:00\",\"author\":{\"@id\":\"https:\/\/president-ksgov.net\/#\/schema\/person\/bb4337a5fb147cb2046d80548172cbee\"},\"description\":\"Govor predsednika Tha\u00e7i-ja prilikom zvani&ccaron;ne posete Kuksu - Predsednik Republike Kosovo - DR. VJOSA OSMANI - SADRIU -\",\"breadcrumb\":{\"@id\":\"https:\/\/president-ksgov.net\/sr\/govor-predsednika-thaci-ja-prilikom-zvanine-posete-kuksu\/#breadcrumb\"},\"inLanguage\":\"sr-RS\",\"potentialAction\":[{\"@type\":\"ReadAction\",\"target\":[\"https:\/\/president-ksgov.net\/sr\/govor-predsednika-thaci-ja-prilikom-zvanine-posete-kuksu\/\"]}]},{\"@type\":\"ImageObject\",\"inLanguage\":\"sr-RS\",\"@id\":\"https:\/\/president-ksgov.net\/sr\/govor-predsednika-thaci-ja-prilikom-zvanine-posete-kuksu\/#primaryimage\",\"url\":\"https:\/\/president-ksgov.net\/wp-content\/uploads\/09_11_2017_3331469_k_00.jpg\",\"contentUrl\":\"https:\/\/president-ksgov.net\/wp-content\/uploads\/09_11_2017_3331469_k_00.jpg\",\"width\":2400,\"height\":1600},{\"@type\":\"BreadcrumbList\",\"@id\":\"https:\/\/president-ksgov.net\/sr\/govor-predsednika-thaci-ja-prilikom-zvanine-posete-kuksu\/#breadcrumb\",\"itemListElement\":[{\"@type\":\"ListItem\",\"position\":1,\"name\":\"Home\",\"item\":\"https:\/\/president-ksgov.net\/sr\/\"},{\"@type\":\"ListItem\",\"position\":2,\"name\":\"Govor predsednika Tha\u00e7i-ja prilikom zvani&ccaron;ne posete Kuksu\"}]},{\"@type\":\"WebSite\",\"@id\":\"https:\/\/president-ksgov.net\/#website\",\"url\":\"https:\/\/president-ksgov.net\/\",\"name\":\"Presidente e Republik\u00ebs s\u00eb Kosov\u00ebs\",\"description\":\"Presidente e Republik\u00ebs s\u00eb Kosov\u00ebs\",\"alternateName\":\"DR. VJOSA OSMANI - SADRIU\",\"potentialAction\":[{\"@type\":\"SearchAction\",\"target\":{\"@type\":\"EntryPoint\",\"urlTemplate\":\"https:\/\/president-ksgov.net\/?s={search_term_string}\"},\"query-input\":{\"@type\":\"PropertyValueSpecification\",\"valueRequired\":true,\"valueName\":\"search_term_string\"}}],\"inLanguage\":\"sr-RS\"},{\"@type\":\"Person\",\"@id\":\"https:\/\/president-ksgov.net\/#\/schema\/person\/bb4337a5fb147cb2046d80548172cbee\",\"name\":\"admin\",\"image\":{\"@type\":\"ImageObject\",\"inLanguage\":\"sr-RS\",\"@id\":\"https:\/\/president-ksgov.net\/#\/schema\/person\/image\/\",\"url\":\"https:\/\/secure.gravatar.com\/avatar\/36156ca0fa3b8d9d25174f146e16beea0cf28f37adf1b9e19b6c9c279a7c9dd3?s=96&d=mm&r=g\",\"contentUrl\":\"https:\/\/secure.gravatar.com\/avatar\/36156ca0fa3b8d9d25174f146e16beea0cf28f37adf1b9e19b6c9c279a7c9dd3?s=96&d=mm&r=g\",\"caption\":\"admin\"},\"sameAs\":[\"https:\/\/president-ksgov.net\"]}]}<\/script>\n<!-- \/ Yoast SEO plugin. -->","yoast_head_json":{"title":"Govor predsednika Tha\u00e7i-ja prilikom zvani&ccaron;ne posete Kuksu - Predsednik Republike Kosovo - DR. VJOSA OSMANI - SADRIU","description":"Govor predsednika Tha\u00e7i-ja prilikom zvani&ccaron;ne posete Kuksu - Predsednik Republike Kosovo - DR. VJOSA OSMANI - SADRIU -","robots":{"index":"index","follow":"follow","max-snippet":"max-snippet:-1","max-image-preview":"max-image-preview:large","max-video-preview":"max-video-preview:-1"},"canonical":"https:\/\/president-ksgov.net\/sr\/govor-predsednika-thaci-ja-prilikom-zvanine-posete-kuksu\/","og_locale":"sr_RS","og_type":"article","og_title":"Govor predsednika Tha\u00e7i-ja prilikom zvani&ccaron;ne posete Kuksu - Predsednik Republike Kosovo - DR. VJOSA OSMANI - SADRIU","og_description":"Govor predsednika Tha\u00e7i-ja prilikom zvani&ccaron;ne posete Kuksu - Predsednik Republike Kosovo - DR. VJOSA OSMANI - SADRIU -","og_url":"https:\/\/president-ksgov.net\/sr\/govor-predsednika-thaci-ja-prilikom-zvanine-posete-kuksu\/","og_site_name":"Predsednik Republike Kosovo - DR. VJOSA OSMANI - SADRIU","article_published_time":"2017-11-09T20:59:34+00:00","article_modified_time":"2023-03-08T09:01:38+00:00","og_image":[{"width":2400,"height":1600,"url":"https:\/\/president-ksgov.net\/wp-content\/uploads\/09_11_2017_3331469_k_00.jpg","type":"image\/jpeg"}],"author":"admin","twitter_card":"summary_large_image","twitter_misc":{"\u041d\u0430\u043f\u0438\u0441\u0430\u043d\u043e \u043e\u0434":"admin","\u041f\u0440\u043e\u0446\u0435\u045a\u0435\u043d\u043e \u0432\u0440\u0435\u043c\u0435 \u0447\u0438\u0442\u0430\u045a\u0430":"4 \u043c\u0438\u043d\u0443\u0442\u0430"},"schema":{"@context":"https:\/\/schema.org","@graph":[{"@type":"WebPage","@id":"https:\/\/president-ksgov.net\/sr\/govor-predsednika-thaci-ja-prilikom-zvanine-posete-kuksu\/","url":"https:\/\/president-ksgov.net\/sr\/govor-predsednika-thaci-ja-prilikom-zvanine-posete-kuksu\/","name":"Govor predsednika Tha\u00e7i-ja prilikom zvani&ccaron;ne posete Kuksu - Predsednik Republike Kosovo - DR. VJOSA OSMANI - SADRIU","isPartOf":{"@id":"https:\/\/president-ksgov.net\/#website"},"primaryImageOfPage":{"@id":"https:\/\/president-ksgov.net\/sr\/govor-predsednika-thaci-ja-prilikom-zvanine-posete-kuksu\/#primaryimage"},"image":{"@id":"https:\/\/president-ksgov.net\/sr\/govor-predsednika-thaci-ja-prilikom-zvanine-posete-kuksu\/#primaryimage"},"thumbnailUrl":"https:\/\/president-ksgov.net\/wp-content\/uploads\/09_11_2017_3331469_k_00.jpg","datePublished":"2017-11-09T20:59:34+00:00","dateModified":"2023-03-08T09:01:38+00:00","author":{"@id":"https:\/\/president-ksgov.net\/#\/schema\/person\/bb4337a5fb147cb2046d80548172cbee"},"description":"Govor predsednika Tha\u00e7i-ja prilikom zvani&ccaron;ne posete Kuksu - Predsednik Republike Kosovo - DR. VJOSA OSMANI - SADRIU -","breadcrumb":{"@id":"https:\/\/president-ksgov.net\/sr\/govor-predsednika-thaci-ja-prilikom-zvanine-posete-kuksu\/#breadcrumb"},"inLanguage":"sr-RS","potentialAction":[{"@type":"ReadAction","target":["https:\/\/president-ksgov.net\/sr\/govor-predsednika-thaci-ja-prilikom-zvanine-posete-kuksu\/"]}]},{"@type":"ImageObject","inLanguage":"sr-RS","@id":"https:\/\/president-ksgov.net\/sr\/govor-predsednika-thaci-ja-prilikom-zvanine-posete-kuksu\/#primaryimage","url":"https:\/\/president-ksgov.net\/wp-content\/uploads\/09_11_2017_3331469_k_00.jpg","contentUrl":"https:\/\/president-ksgov.net\/wp-content\/uploads\/09_11_2017_3331469_k_00.jpg","width":2400,"height":1600},{"@type":"BreadcrumbList","@id":"https:\/\/president-ksgov.net\/sr\/govor-predsednika-thaci-ja-prilikom-zvanine-posete-kuksu\/#breadcrumb","itemListElement":[{"@type":"ListItem","position":1,"name":"Home","item":"https:\/\/president-ksgov.net\/sr\/"},{"@type":"ListItem","position":2,"name":"Govor predsednika Tha\u00e7i-ja prilikom zvani&ccaron;ne posete Kuksu"}]},{"@type":"WebSite","@id":"https:\/\/president-ksgov.net\/#website","url":"https:\/\/president-ksgov.net\/","name":"Presidente e Republik\u00ebs s\u00eb Kosov\u00ebs","description":"Presidente e Republik\u00ebs s\u00eb Kosov\u00ebs","alternateName":"DR. VJOSA OSMANI - SADRIU","potentialAction":[{"@type":"SearchAction","target":{"@type":"EntryPoint","urlTemplate":"https:\/\/president-ksgov.net\/?s={search_term_string}"},"query-input":{"@type":"PropertyValueSpecification","valueRequired":true,"valueName":"search_term_string"}}],"inLanguage":"sr-RS"},{"@type":"Person","@id":"https:\/\/president-ksgov.net\/#\/schema\/person\/bb4337a5fb147cb2046d80548172cbee","name":"admin","image":{"@type":"ImageObject","inLanguage":"sr-RS","@id":"https:\/\/president-ksgov.net\/#\/schema\/person\/image\/","url":"https:\/\/secure.gravatar.com\/avatar\/36156ca0fa3b8d9d25174f146e16beea0cf28f37adf1b9e19b6c9c279a7c9dd3?s=96&d=mm&r=g","contentUrl":"https:\/\/secure.gravatar.com\/avatar\/36156ca0fa3b8d9d25174f146e16beea0cf28f37adf1b9e19b6c9c279a7c9dd3?s=96&d=mm&r=g","caption":"admin"},"sameAs":["https:\/\/president-ksgov.net"]}]}},"_links":{"self":[{"href":"https:\/\/president-ksgov.net\/sr\/wp-json\/wp\/v2\/posts\/76059","targetHints":{"allow":["GET"]}}],"collection":[{"href":"https:\/\/president-ksgov.net\/sr\/wp-json\/wp\/v2\/posts"}],"about":[{"href":"https:\/\/president-ksgov.net\/sr\/wp-json\/wp\/v2\/types\/post"}],"author":[{"embeddable":true,"href":"https:\/\/president-ksgov.net\/sr\/wp-json\/wp\/v2\/users\/1"}],"replies":[{"embeddable":true,"href":"https:\/\/president-ksgov.net\/sr\/wp-json\/wp\/v2\/comments?post=76059"}],"version-history":[{"count":1,"href":"https:\/\/president-ksgov.net\/sr\/wp-json\/wp\/v2\/posts\/76059\/revisions"}],"predecessor-version":[{"id":81548,"href":"https:\/\/president-ksgov.net\/sr\/wp-json\/wp\/v2\/posts\/76059\/revisions\/81548"}],"wp:featuredmedia":[{"embeddable":true,"href":"https:\/\/president-ksgov.net\/sr\/wp-json\/wp\/v2\/media\/29198"}],"wp:attachment":[{"href":"https:\/\/president-ksgov.net\/sr\/wp-json\/wp\/v2\/media?parent=76059"}],"wp:term":[{"taxonomy":"category","embeddable":true,"href":"https:\/\/president-ksgov.net\/sr\/wp-json\/wp\/v2\/categories?post=76059"},{"taxonomy":"post_tag","embeddable":true,"href":"https:\/\/president-ksgov.net\/sr\/wp-json\/wp\/v2\/tags?post=76059"}],"curies":[{"name":"wp","href":"https:\/\/api.w.org\/{rel}","templated":true}]}}