{"id":76053,"date":"2017-11-13T15:48:57","date_gmt":"2017-11-13T15:48:57","guid":{"rendered":"https:\/\/dev.president-ksgov.net\/govor-predsednika-thaci-ja-na-ceremoniji-dodele-inova-petorici-pripadnika-neveinskih-zajednica-u-prvom-bataljonu-bezbednosnih-snaga-kosova\/"},"modified":"2023-03-08T09:01:38","modified_gmt":"2023-03-08T09:01:38","slug":"govor-predsednika-thaci-ja-na-ceremoniji-dodele-inova-petorici-pripadnika-neveinskih-zajednica-u-prvom-bataljonu-bezbednosnih-snaga-kosova","status":"publish","type":"post","link":"https:\/\/president-ksgov.net\/sr\/govor-predsednika-thaci-ja-na-ceremoniji-dodele-inova-petorici-pripadnika-neveinskih-zajednica-u-prvom-bataljonu-bezbednosnih-snaga-kosova\/","title":{"rendered":"Govor predsednika Tha\u00e7i-ja na ceremoniji dodele &ccaron;inova petorici pripadnika neve&cacute;inskih zajednica u Prvom bataljonu Bezbednosnih snaga Kosova"},"content":{"rendered":"<p>Po\u0161tovani ministre za BSK,<br \/>\nPo\u0161tovani komandante BSK-a,<br \/>\nPo\u0161tovani predstavni&ccaron;e KFOR-a i NATO-a, generale Hopman,<br \/>\nPo\u0161tovane porodice pripadnika BSK-a<br \/>\nPo\u0161tovani pripadnici BSK-a<br \/>\nDame i gospodo,\u00a0 <\/p>\n<p>Dozvolite mi da vam &ccaron;estitam na jo\u0161 jednom velikom koraku BSK-a prema izgradnji profesionalnih, sveobuhvatnih snaga, u kojima ima mesta za sve zajednice na Kosovu i koje su u slu&#382;bi svih gra&dstrok;ana Kosova. <\/p>\n<p>Danas obele&#382;avamo dodelu &ccaron;inova petorici pripadnika Bezbednosnih snaga Kosova. Svi dolaze iz neve&cacute;inske zajednice, pove&cacute;avaju&cacute;i tako njihovo prisustvo u BSK-u i doprinose&cacute;i na ostvarivanje te&#382;nji koje imamo o na\u0161im bezbednosnim snagama. <\/p>\n<p>Po\u0161to su pro\u0161li obuke i testiranja koji su predvi&dstrok;eni, ovih pet pripadnika BSK-a &cacute;e od danas nositi &ccaron;in podoficira BSK-a. <\/p>\n<p>Time se te&#382;i profesionalizmu BSK-a na nivou NATO-a. <\/p>\n<p>Pripadnici koji danas dobijaju &ccaron;in dolaze iz neve&cacute;inskih zajednica na Kosovu. <\/p>\n<p>Time ostvarujemo na\u0161e te&#382;nje o multietni&ccaron;kim i sveobuhvatnim snagama.<\/p>\n<p>BSK ovim pokazuje jo\u0161 jednom da je ku&cacute;a svih. <\/p>\n<p>Svojim anga&#382;ovanjem tokom svih ovih godina, BSK pokazuje da su snage u slu&#382;bi svih gra&dstrok;ana Kosova, u svakom kutku Kosova.<\/p>\n<p>Dame i gospodo, <\/p>\n<p>BSK je podigla nivo profesionalizma i odgovornosti na vi\u0161i stepen. <\/p>\n<p>Odgovorno, profesionalno i nepristrasno su izvr\u0161avale svaki zadatak koji im je do sada dat. <\/p>\n<p>BSK je postala snaga koja u&#382;iva poverenje svih gra&dstrok;ana. <\/p>\n<p>Postala je institucija koja doprinosi miru i stabilnosti na Kosovu, radi mirnog i sigurnog &#382;ivota svih gra&dstrok;ana. <\/p>\n<p>Vide&cacute;i ova postignu&cacute;a BSK-a, smo uvereni da su ove snage spremne da preduzmu i nove odgovornosti, nove du&#382;nosti i da doprinose miru i bezbednosti i izvan Kosova. <\/p>\n<p>Kao Kosovo mi te&#382;imo tome da od korisnika bezbednosnih NATO-ovih resursa, postajemo doprinosilac bezbednosti u regionu, a i \u0161ire, zajedno sa NATO-om da radimo za mir u svetu. <\/p>\n<p>Mi blisko sara&dstrok;ujemo sa NATO-om i sa na\u0161im partnerima kako bismo ostvarili ovu transformaciju i ovu te&#382;nju. <\/p>\n<p>Zahvalni smo da podr\u0161ci koja nam je data i na poverenju koje nam je ukazano. <\/p>\n<p>To je obaveza sve nas, za BSK posebno da nastavimo put kojim smo krenuli. <\/p>\n<p>Ambasadori Severno-atlantskog saveta, su tokom njihove posete u ovom mesecu\u00a0 Kosovu, saznali za dostignu&cacute;a BSK-a.<\/p>\n<p>Na pravom smo putu. <\/p>\n<p>Ostaje nam da nastavimo istom posve&cacute;eno\u0161&cacute;u, sa istim profesionalizmom. <\/p>\n<p>Pripadnicima BSK-a koji danas dobijaju, &#382;elim uspeha u njihovim karijerama. <\/p>\n<p>Vi ste primer za va\u0161u zajednicu, ali ste primer i za celo Kosovo. <\/p>\n<p>Na\u0161u dr&#382;avu gradimo radom, anga&#382;ovanjem, profesionalizmom, saradnjom me&dstrok;u svima nama.\u00a0 <\/p>\n<p>&Zcaron;elim uspeha vama i celom BSK-u.\u00a0<\/p>\n","protected":false},"excerpt":{"rendered":"<p>Po\u0161tovani ministre za BSK, Po\u0161tovani komandante BSK-a, Po\u0161tovani predstavni&ccaron;e KFOR-a i NATO-a, generale Hopman, Po\u0161tovane porodice pripadnika BSK-a Po\u0161tovani pripadnici BSK-a Dame i gospodo,\u00a0 Dozvolite mi da vam &ccaron;estitam na jo\u0161 jednom velikom koraku BSK-a prema izgradnji profesionalnih, sveobuhvatnih snaga, u kojima ima mesta za sve zajednice na Kosovu i koje su u slu&#382;bi svih gra&dstrok;ana Kosova. Danas obele&#382;avamo dodelu &ccaron;inova petorici pripadnika Bezbednosnih snaga Kosova. Svi dolaze iz neve&cacute;inske zajednice, pove&cacute;avaju&cacute;i tako njihovo prisustvo u BSK-u i doprinose&cacute;i na ostvarivanje te&#382;nji koje imamo o na\u0161im bezbednosnim snagama. Po\u0161to su pro\u0161li obuke i testiranja koji su predvi&dstrok;eni, ovih pet pripadnika BSK-a &cacute;e od danas nositi &ccaron;in podoficira BSK-a. Time se te&#382;i profesionalizmu BSK-a na nivou NATO-a. Pripadnici koji danas dobijaju &ccaron;in dolaze iz neve&cacute;inskih zajednica na Kosovu. Time ostvarujemo na\u0161e te&#382;nje o multietni&ccaron;kim i sveobuhvatnim snagama. BSK ovim pokazuje jo\u0161 jednom da je ku&cacute;a svih. Svojim anga&#382;ovanjem tokom svih ovih godina, BSK pokazuje da su snage u slu&#382;bi svih gra&dstrok;ana Kosova, u svakom kutku Kosova. Dame i gospodo, BSK je podigla nivo profesionalizma i odgovornosti na vi\u0161i stepen. Odgovorno, profesionalno i nepristrasno su izvr\u0161avale svaki zadatak koji im je do sada dat. BSK je postala snaga koja u&#382;iva poverenje svih gra&dstrok;ana. Postala je institucija koja doprinosi miru i stabilnosti na Kosovu, radi mirnog i sigurnog &#382;ivota svih gra&dstrok;ana. Vide&cacute;i ova postignu&cacute;a BSK-a, smo uvereni da su ove snage spremne da preduzmu i nove odgovornosti, nove du&#382;nosti i da doprinose miru i bezbednosti i izvan Kosova. Kao Kosovo mi te&#382;imo tome da od korisnika bezbednosnih NATO-ovih resursa, postajemo doprinosilac bezbednosti u regionu, a i \u0161ire, zajedno sa NATO-om da radimo za mir u svetu. Mi blisko sara&dstrok;ujemo sa NATO-om i sa na\u0161im partnerima kako bismo ostvarili ovu transformaciju i ovu te&#382;nju. Zahvalni smo da podr\u0161ci koja nam je data i na poverenju koje nam je ukazano. To je obaveza sve nas, za BSK posebno da nastavimo put kojim smo krenuli. Ambasadori Severno-atlantskog saveta, su tokom njihove posete u ovom mesecu\u00a0 Kosovu, saznali za dostignu&cacute;a BSK-a. Na pravom smo putu. Ostaje nam da nastavimo istom posve&cacute;eno\u0161&cacute;u, sa istim profesionalizmom. Pripadnicima BSK-a koji danas dobijaju, &#382;elim uspeha u njihovim karijerama. Vi ste primer za va\u0161u zajednicu, ali ste primer i za celo Kosovo. Na\u0161u dr&#382;avu gradimo radom, anga&#382;ovanjem, profesionalizmom, saradnjom me&dstrok;u svima nama.\u00a0 &Zcaron;elim uspeha vama i celom BSK-u.\u00a0<\/p>\n","protected":false},"author":1,"featured_media":29108,"comment_status":"open","ping_status":"closed","sticky":false,"template":"","format":"standard","meta":{"_eb_attr":"","footnotes":""},"categories":[106],"tags":[],"class_list":["post-76053","post","type-post","status-publish","format-standard","has-post-thumbnail","hentry","category-govori"],"yoast_head":"<!-- This site is optimized with the Yoast SEO plugin v23.5 - https:\/\/yoast.com\/wordpress\/plugins\/seo\/ -->\n<title>Govor predsednika Tha\u00e7i-ja na ceremoniji dodele &amp;ccaron;inova petorici pripadnika neve&amp;cacute;inskih zajednica u Prvom bataljonu Bezbednosnih snaga Kosova - Predsednik Republike Kosovo - DR. VJOSA OSMANI - SADRIU<\/title>\n<meta name=\"description\" content=\"Govor predsednika Tha\u00e7i-ja na ceremoniji dodele &amp;ccaron;inova petorici pripadnika neve&amp;cacute;inskih zajednica u Prvom bataljonu Bezbednosnih snaga Kosova - Predsednik Republike Kosovo - DR. VJOSA OSMANI - SADRIU -\" \/>\n<meta name=\"robots\" content=\"index, follow, max-snippet:-1, max-image-preview:large, max-video-preview:-1\" \/>\n<link rel=\"canonical\" href=\"https:\/\/president-ksgov.net\/sr\/govor-predsednika-thaci-ja-na-ceremoniji-dodele-inova-petorici-pripadnika-neveinskih-zajednica-u-prvom-bataljonu-bezbednosnih-snaga-kosova\/\" \/>\n<meta property=\"og:locale\" content=\"sr_RS\" \/>\n<meta property=\"og:type\" content=\"article\" \/>\n<meta property=\"og:title\" content=\"Govor predsednika Tha\u00e7i-ja na ceremoniji dodele &amp;ccaron;inova petorici pripadnika neve&amp;cacute;inskih zajednica u Prvom bataljonu Bezbednosnih snaga Kosova - Predsednik Republike Kosovo - DR. VJOSA OSMANI - SADRIU\" \/>\n<meta property=\"og:description\" content=\"Govor predsednika Tha\u00e7i-ja na ceremoniji dodele &amp;ccaron;inova petorici pripadnika neve&amp;cacute;inskih zajednica u Prvom bataljonu Bezbednosnih snaga Kosova - Predsednik Republike Kosovo - DR. VJOSA OSMANI - SADRIU -\" \/>\n<meta property=\"og:url\" content=\"https:\/\/president-ksgov.net\/sr\/govor-predsednika-thaci-ja-na-ceremoniji-dodele-inova-petorici-pripadnika-neveinskih-zajednica-u-prvom-bataljonu-bezbednosnih-snaga-kosova\/\" \/>\n<meta property=\"og:site_name\" content=\"Predsednik Republike Kosovo - DR. VJOSA OSMANI - SADRIU\" \/>\n<meta property=\"article:published_time\" content=\"2017-11-13T15:48:57+00:00\" \/>\n<meta property=\"article:modified_time\" content=\"2023-03-08T09:01:38+00:00\" \/>\n<meta property=\"og:image\" content=\"https:\/\/president-ksgov.net\/wp-content\/uploads\/13_11_2017_2392914_g00.jpg\" \/>\n\t<meta property=\"og:image:width\" content=\"2379\" \/>\n\t<meta property=\"og:image:height\" content=\"1600\" \/>\n\t<meta property=\"og:image:type\" content=\"image\/jpeg\" \/>\n<meta name=\"author\" content=\"admin\" \/>\n<meta name=\"twitter:card\" content=\"summary_large_image\" \/>\n<meta name=\"twitter:label1\" content=\"\u041d\u0430\u043f\u0438\u0441\u0430\u043d\u043e \u043e\u0434\" \/>\n\t<meta name=\"twitter:data1\" content=\"admin\" \/>\n\t<meta name=\"twitter:label2\" content=\"\u041f\u0440\u043e\u0446\u0435\u045a\u0435\u043d\u043e \u0432\u0440\u0435\u043c\u0435 \u0447\u0438\u0442\u0430\u045a\u0430\" \/>\n\t<meta name=\"twitter:data2\" content=\"2 \u043c\u0438\u043d\u0443\u0442\u0430\" \/>\n<script type=\"application\/ld+json\" class=\"yoast-schema-graph\">{\"@context\":\"https:\/\/schema.org\",\"@graph\":[{\"@type\":\"WebPage\",\"@id\":\"https:\/\/president-ksgov.net\/sr\/govor-predsednika-thaci-ja-na-ceremoniji-dodele-inova-petorici-pripadnika-neveinskih-zajednica-u-prvom-bataljonu-bezbednosnih-snaga-kosova\/\",\"url\":\"https:\/\/president-ksgov.net\/sr\/govor-predsednika-thaci-ja-na-ceremoniji-dodele-inova-petorici-pripadnika-neveinskih-zajednica-u-prvom-bataljonu-bezbednosnih-snaga-kosova\/\",\"name\":\"Govor predsednika Tha\u00e7i-ja na ceremoniji dodele &ccaron;inova petorici pripadnika neve&cacute;inskih zajednica u Prvom bataljonu Bezbednosnih snaga Kosova - Predsednik Republike Kosovo - DR. VJOSA OSMANI - SADRIU\",\"isPartOf\":{\"@id\":\"https:\/\/president-ksgov.net\/#website\"},\"primaryImageOfPage\":{\"@id\":\"https:\/\/president-ksgov.net\/sr\/govor-predsednika-thaci-ja-na-ceremoniji-dodele-inova-petorici-pripadnika-neveinskih-zajednica-u-prvom-bataljonu-bezbednosnih-snaga-kosova\/#primaryimage\"},\"image\":{\"@id\":\"https:\/\/president-ksgov.net\/sr\/govor-predsednika-thaci-ja-na-ceremoniji-dodele-inova-petorici-pripadnika-neveinskih-zajednica-u-prvom-bataljonu-bezbednosnih-snaga-kosova\/#primaryimage\"},\"thumbnailUrl\":\"https:\/\/president-ksgov.net\/wp-content\/uploads\/13_11_2017_2392914_g00.jpg\",\"datePublished\":\"2017-11-13T15:48:57+00:00\",\"dateModified\":\"2023-03-08T09:01:38+00:00\",\"author\":{\"@id\":\"https:\/\/president-ksgov.net\/#\/schema\/person\/bb4337a5fb147cb2046d80548172cbee\"},\"description\":\"Govor predsednika Tha\u00e7i-ja na ceremoniji dodele &ccaron;inova petorici pripadnika neve&cacute;inskih zajednica u Prvom bataljonu Bezbednosnih snaga Kosova - Predsednik Republike Kosovo - DR. VJOSA OSMANI - SADRIU -\",\"breadcrumb\":{\"@id\":\"https:\/\/president-ksgov.net\/sr\/govor-predsednika-thaci-ja-na-ceremoniji-dodele-inova-petorici-pripadnika-neveinskih-zajednica-u-prvom-bataljonu-bezbednosnih-snaga-kosova\/#breadcrumb\"},\"inLanguage\":\"sr-RS\",\"potentialAction\":[{\"@type\":\"ReadAction\",\"target\":[\"https:\/\/president-ksgov.net\/sr\/govor-predsednika-thaci-ja-na-ceremoniji-dodele-inova-petorici-pripadnika-neveinskih-zajednica-u-prvom-bataljonu-bezbednosnih-snaga-kosova\/\"]}]},{\"@type\":\"ImageObject\",\"inLanguage\":\"sr-RS\",\"@id\":\"https:\/\/president-ksgov.net\/sr\/govor-predsednika-thaci-ja-na-ceremoniji-dodele-inova-petorici-pripadnika-neveinskih-zajednica-u-prvom-bataljonu-bezbednosnih-snaga-kosova\/#primaryimage\",\"url\":\"https:\/\/president-ksgov.net\/wp-content\/uploads\/13_11_2017_2392914_g00.jpg\",\"contentUrl\":\"https:\/\/president-ksgov.net\/wp-content\/uploads\/13_11_2017_2392914_g00.jpg\",\"width\":2379,\"height\":1600},{\"@type\":\"BreadcrumbList\",\"@id\":\"https:\/\/president-ksgov.net\/sr\/govor-predsednika-thaci-ja-na-ceremoniji-dodele-inova-petorici-pripadnika-neveinskih-zajednica-u-prvom-bataljonu-bezbednosnih-snaga-kosova\/#breadcrumb\",\"itemListElement\":[{\"@type\":\"ListItem\",\"position\":1,\"name\":\"Home\",\"item\":\"https:\/\/president-ksgov.net\/sr\/\"},{\"@type\":\"ListItem\",\"position\":2,\"name\":\"Govor predsednika Tha\u00e7i-ja na ceremoniji dodele &ccaron;inova petorici pripadnika neve&cacute;inskih zajednica u Prvom bataljonu Bezbednosnih snaga Kosova\"}]},{\"@type\":\"WebSite\",\"@id\":\"https:\/\/president-ksgov.net\/#website\",\"url\":\"https:\/\/president-ksgov.net\/\",\"name\":\"Presidente e Republik\u00ebs s\u00eb Kosov\u00ebs\",\"description\":\"Presidente e Republik\u00ebs s\u00eb Kosov\u00ebs\",\"alternateName\":\"DR. VJOSA OSMANI - SADRIU\",\"potentialAction\":[{\"@type\":\"SearchAction\",\"target\":{\"@type\":\"EntryPoint\",\"urlTemplate\":\"https:\/\/president-ksgov.net\/?s={search_term_string}\"},\"query-input\":{\"@type\":\"PropertyValueSpecification\",\"valueRequired\":true,\"valueName\":\"search_term_string\"}}],\"inLanguage\":\"sr-RS\"},{\"@type\":\"Person\",\"@id\":\"https:\/\/president-ksgov.net\/#\/schema\/person\/bb4337a5fb147cb2046d80548172cbee\",\"name\":\"admin\",\"image\":{\"@type\":\"ImageObject\",\"inLanguage\":\"sr-RS\",\"@id\":\"https:\/\/president-ksgov.net\/#\/schema\/person\/image\/\",\"url\":\"https:\/\/secure.gravatar.com\/avatar\/36156ca0fa3b8d9d25174f146e16beea0cf28f37adf1b9e19b6c9c279a7c9dd3?s=96&d=mm&r=g\",\"contentUrl\":\"https:\/\/secure.gravatar.com\/avatar\/36156ca0fa3b8d9d25174f146e16beea0cf28f37adf1b9e19b6c9c279a7c9dd3?s=96&d=mm&r=g\",\"caption\":\"admin\"},\"sameAs\":[\"https:\/\/president-ksgov.net\"]}]}<\/script>\n<!-- \/ Yoast SEO plugin. -->","yoast_head_json":{"title":"Govor predsednika Tha\u00e7i-ja na ceremoniji dodele &ccaron;inova petorici pripadnika neve&cacute;inskih zajednica u Prvom bataljonu Bezbednosnih snaga Kosova - Predsednik Republike Kosovo - DR. VJOSA OSMANI - SADRIU","description":"Govor predsednika Tha\u00e7i-ja na ceremoniji dodele &ccaron;inova petorici pripadnika neve&cacute;inskih zajednica u Prvom bataljonu Bezbednosnih snaga Kosova - Predsednik Republike Kosovo - DR. VJOSA OSMANI - SADRIU -","robots":{"index":"index","follow":"follow","max-snippet":"max-snippet:-1","max-image-preview":"max-image-preview:large","max-video-preview":"max-video-preview:-1"},"canonical":"https:\/\/president-ksgov.net\/sr\/govor-predsednika-thaci-ja-na-ceremoniji-dodele-inova-petorici-pripadnika-neveinskih-zajednica-u-prvom-bataljonu-bezbednosnih-snaga-kosova\/","og_locale":"sr_RS","og_type":"article","og_title":"Govor predsednika Tha\u00e7i-ja na ceremoniji dodele &ccaron;inova petorici pripadnika neve&cacute;inskih zajednica u Prvom bataljonu Bezbednosnih snaga Kosova - Predsednik Republike Kosovo - DR. VJOSA OSMANI - SADRIU","og_description":"Govor predsednika Tha\u00e7i-ja na ceremoniji dodele &ccaron;inova petorici pripadnika neve&cacute;inskih zajednica u Prvom bataljonu Bezbednosnih snaga Kosova - Predsednik Republike Kosovo - DR. VJOSA OSMANI - SADRIU -","og_url":"https:\/\/president-ksgov.net\/sr\/govor-predsednika-thaci-ja-na-ceremoniji-dodele-inova-petorici-pripadnika-neveinskih-zajednica-u-prvom-bataljonu-bezbednosnih-snaga-kosova\/","og_site_name":"Predsednik Republike Kosovo - DR. VJOSA OSMANI - SADRIU","article_published_time":"2017-11-13T15:48:57+00:00","article_modified_time":"2023-03-08T09:01:38+00:00","og_image":[{"width":2379,"height":1600,"url":"https:\/\/president-ksgov.net\/wp-content\/uploads\/13_11_2017_2392914_g00.jpg","type":"image\/jpeg"}],"author":"admin","twitter_card":"summary_large_image","twitter_misc":{"\u041d\u0430\u043f\u0438\u0441\u0430\u043d\u043e \u043e\u0434":"admin","\u041f\u0440\u043e\u0446\u0435\u045a\u0435\u043d\u043e \u0432\u0440\u0435\u043c\u0435 \u0447\u0438\u0442\u0430\u045a\u0430":"2 \u043c\u0438\u043d\u0443\u0442\u0430"},"schema":{"@context":"https:\/\/schema.org","@graph":[{"@type":"WebPage","@id":"https:\/\/president-ksgov.net\/sr\/govor-predsednika-thaci-ja-na-ceremoniji-dodele-inova-petorici-pripadnika-neveinskih-zajednica-u-prvom-bataljonu-bezbednosnih-snaga-kosova\/","url":"https:\/\/president-ksgov.net\/sr\/govor-predsednika-thaci-ja-na-ceremoniji-dodele-inova-petorici-pripadnika-neveinskih-zajednica-u-prvom-bataljonu-bezbednosnih-snaga-kosova\/","name":"Govor predsednika Tha\u00e7i-ja na ceremoniji dodele &ccaron;inova petorici pripadnika neve&cacute;inskih zajednica u Prvom bataljonu Bezbednosnih snaga Kosova - Predsednik Republike Kosovo - DR. VJOSA OSMANI - SADRIU","isPartOf":{"@id":"https:\/\/president-ksgov.net\/#website"},"primaryImageOfPage":{"@id":"https:\/\/president-ksgov.net\/sr\/govor-predsednika-thaci-ja-na-ceremoniji-dodele-inova-petorici-pripadnika-neveinskih-zajednica-u-prvom-bataljonu-bezbednosnih-snaga-kosova\/#primaryimage"},"image":{"@id":"https:\/\/president-ksgov.net\/sr\/govor-predsednika-thaci-ja-na-ceremoniji-dodele-inova-petorici-pripadnika-neveinskih-zajednica-u-prvom-bataljonu-bezbednosnih-snaga-kosova\/#primaryimage"},"thumbnailUrl":"https:\/\/president-ksgov.net\/wp-content\/uploads\/13_11_2017_2392914_g00.jpg","datePublished":"2017-11-13T15:48:57+00:00","dateModified":"2023-03-08T09:01:38+00:00","author":{"@id":"https:\/\/president-ksgov.net\/#\/schema\/person\/bb4337a5fb147cb2046d80548172cbee"},"description":"Govor predsednika Tha\u00e7i-ja na ceremoniji dodele &ccaron;inova petorici pripadnika neve&cacute;inskih zajednica u Prvom bataljonu Bezbednosnih snaga Kosova - Predsednik Republike Kosovo - DR. VJOSA OSMANI - SADRIU -","breadcrumb":{"@id":"https:\/\/president-ksgov.net\/sr\/govor-predsednika-thaci-ja-na-ceremoniji-dodele-inova-petorici-pripadnika-neveinskih-zajednica-u-prvom-bataljonu-bezbednosnih-snaga-kosova\/#breadcrumb"},"inLanguage":"sr-RS","potentialAction":[{"@type":"ReadAction","target":["https:\/\/president-ksgov.net\/sr\/govor-predsednika-thaci-ja-na-ceremoniji-dodele-inova-petorici-pripadnika-neveinskih-zajednica-u-prvom-bataljonu-bezbednosnih-snaga-kosova\/"]}]},{"@type":"ImageObject","inLanguage":"sr-RS","@id":"https:\/\/president-ksgov.net\/sr\/govor-predsednika-thaci-ja-na-ceremoniji-dodele-inova-petorici-pripadnika-neveinskih-zajednica-u-prvom-bataljonu-bezbednosnih-snaga-kosova\/#primaryimage","url":"https:\/\/president-ksgov.net\/wp-content\/uploads\/13_11_2017_2392914_g00.jpg","contentUrl":"https:\/\/president-ksgov.net\/wp-content\/uploads\/13_11_2017_2392914_g00.jpg","width":2379,"height":1600},{"@type":"BreadcrumbList","@id":"https:\/\/president-ksgov.net\/sr\/govor-predsednika-thaci-ja-na-ceremoniji-dodele-inova-petorici-pripadnika-neveinskih-zajednica-u-prvom-bataljonu-bezbednosnih-snaga-kosova\/#breadcrumb","itemListElement":[{"@type":"ListItem","position":1,"name":"Home","item":"https:\/\/president-ksgov.net\/sr\/"},{"@type":"ListItem","position":2,"name":"Govor predsednika Tha\u00e7i-ja na ceremoniji dodele &ccaron;inova petorici pripadnika neve&cacute;inskih zajednica u Prvom bataljonu Bezbednosnih snaga Kosova"}]},{"@type":"WebSite","@id":"https:\/\/president-ksgov.net\/#website","url":"https:\/\/president-ksgov.net\/","name":"Presidente e Republik\u00ebs s\u00eb Kosov\u00ebs","description":"Presidente e Republik\u00ebs s\u00eb Kosov\u00ebs","alternateName":"DR. VJOSA OSMANI - SADRIU","potentialAction":[{"@type":"SearchAction","target":{"@type":"EntryPoint","urlTemplate":"https:\/\/president-ksgov.net\/?s={search_term_string}"},"query-input":{"@type":"PropertyValueSpecification","valueRequired":true,"valueName":"search_term_string"}}],"inLanguage":"sr-RS"},{"@type":"Person","@id":"https:\/\/president-ksgov.net\/#\/schema\/person\/bb4337a5fb147cb2046d80548172cbee","name":"admin","image":{"@type":"ImageObject","inLanguage":"sr-RS","@id":"https:\/\/president-ksgov.net\/#\/schema\/person\/image\/","url":"https:\/\/secure.gravatar.com\/avatar\/36156ca0fa3b8d9d25174f146e16beea0cf28f37adf1b9e19b6c9c279a7c9dd3?s=96&d=mm&r=g","contentUrl":"https:\/\/secure.gravatar.com\/avatar\/36156ca0fa3b8d9d25174f146e16beea0cf28f37adf1b9e19b6c9c279a7c9dd3?s=96&d=mm&r=g","caption":"admin"},"sameAs":["https:\/\/president-ksgov.net"]}]}},"_links":{"self":[{"href":"https:\/\/president-ksgov.net\/sr\/wp-json\/wp\/v2\/posts\/76053","targetHints":{"allow":["GET"]}}],"collection":[{"href":"https:\/\/president-ksgov.net\/sr\/wp-json\/wp\/v2\/posts"}],"about":[{"href":"https:\/\/president-ksgov.net\/sr\/wp-json\/wp\/v2\/types\/post"}],"author":[{"embeddable":true,"href":"https:\/\/president-ksgov.net\/sr\/wp-json\/wp\/v2\/users\/1"}],"replies":[{"embeddable":true,"href":"https:\/\/president-ksgov.net\/sr\/wp-json\/wp\/v2\/comments?post=76053"}],"version-history":[{"count":1,"href":"https:\/\/president-ksgov.net\/sr\/wp-json\/wp\/v2\/posts\/76053\/revisions"}],"predecessor-version":[{"id":81546,"href":"https:\/\/president-ksgov.net\/sr\/wp-json\/wp\/v2\/posts\/76053\/revisions\/81546"}],"wp:featuredmedia":[{"embeddable":true,"href":"https:\/\/president-ksgov.net\/sr\/wp-json\/wp\/v2\/media\/29108"}],"wp:attachment":[{"href":"https:\/\/president-ksgov.net\/sr\/wp-json\/wp\/v2\/media?parent=76053"}],"wp:term":[{"taxonomy":"category","embeddable":true,"href":"https:\/\/president-ksgov.net\/sr\/wp-json\/wp\/v2\/categories?post=76053"},{"taxonomy":"post_tag","embeddable":true,"href":"https:\/\/president-ksgov.net\/sr\/wp-json\/wp\/v2\/tags?post=76053"}],"curies":[{"name":"wp","href":"https:\/\/api.w.org\/{rel}","templated":true}]}}