{"id":76027,"date":"2017-11-27T10:51:25","date_gmt":"2017-11-27T10:51:25","guid":{"rendered":"https:\/\/dev.president-ksgov.net\/predsednik-thaci-odao-poast-pred-statuom-zahir-a-pajaziti-i-u-memorijalnom-zdanju-ibrahim-rugova\/"},"modified":"2017-11-27T10:51:25","modified_gmt":"2017-11-27T10:51:25","slug":"predsednik-thaci-odao-poast-pred-statuom-zahir-a-pajaziti-i-u-memorijalnom-zdanju-ibrahim-rugova","status":"publish","type":"post","link":"https:\/\/president-ksgov.net\/sr\/predsednik-thaci-odao-poast-pred-statuom-zahir-a-pajaziti-i-u-memorijalnom-zdanju-ibrahim-rugova\/","title":{"rendered":"Predsednik Tha\u00e7i odao po&ccaron;ast pred statuom Zahir-a Pajaziti i u memorijalnom zdanju \u201eIbrahim Rugova\u201c"},"content":{"rendered":"<p>Predsednik Republike Kosovo, Hashim Tha\u00e7i, je u &ccaron;ast 28. novembra odao po&ccaron;ast pred statuom Zahir-a Pajaziti, kod groba predsednika Ibrahim-a Rugova-e, a najavio je da &cacute;e odati po&ccaron;ast i u Prekazu.<\/p>\n<p>\u0160ef dr&#382;ave je rekao da je ovo tradicionalno odavanje dr&#382;avnih po&ccaron;asti prema komandatima Oslobodila&ccaron;ke vojske Kosova, predsedniku Rugova-i i svim borcima za slobodu, kao znak po\u0161tovanja njihovog doprinosa za slobodu i nezavisnost Kosova.<\/p>\n<p>\u201eBili smo kod biste\u00a0 komandata od prvih trenutaka Oslobodila&ccaron;ke vojske Kosova, Zahir-a Pajaziti. Sada smo ovde kod groba predsednika Rugova-e, kako bismo odali po&ccaron;ast njegovim naporima za slobodu i nezavisnost Kosova. Tako&dstrok;e &cacute;emo biti i u Prekazu i ako je mogu&cacute;e u svim ambijentima, prostorima i spomenicima koji simbolizuju slobodu i nezavisnost Kosova, dokazuju&cacute;i i pokazuju&cacute;i veliko po\u0161tovanje za borce koji su pali za slobodu, za heroje Kosova i li&ccaron;nosti koje su doprinele slobodi i nezavisnosti na\u0161eg naroda\u201c, rekao je on.<\/p>\n<p>Predsednik je rekao da &cacute;e uvek po\u0161tovati i da &cacute;e se uvek se&cacute;ati &#382;rtve u&ccaron;injene za slobodu i nezavisnost Kosova.\u00a0\u00a0<\/p>\n","protected":false},"excerpt":{"rendered":"<p>Predsednik Republike Kosovo, Hashim Tha\u00e7i, je u &ccaron;ast 28. novembra odao po&ccaron;ast pred statuom Zahir-a Pajaziti, kod groba predsednika Ibrahim-a Rugova-e, a najavio je da &cacute;e odati po&ccaron;ast i u Prekazu.<\/p>\n","protected":false},"author":1,"featured_media":28823,"comment_status":"open","ping_status":"closed","sticky":false,"template":"","format":"standard","meta":{"_eb_attr":"","footnotes":""},"categories":[101],"tags":[],"class_list":["post-76027","post","type-post","status-publish","format-standard","has-post-thumbnail","hentry","category-vesti"],"yoast_head":"<!-- This site is optimized with the Yoast SEO plugin v23.5 - https:\/\/yoast.com\/wordpress\/plugins\/seo\/ -->\n<title>Predsednik Tha\u00e7i odao po&amp;ccaron;ast pred statuom Zahir-a Pajaziti i u memorijalnom zdanju \u201eIbrahim Rugova\u201c - Predsednik Republike Kosovo - DR. VJOSA OSMANI - SADRIU<\/title>\n<meta name=\"description\" content=\"Predsednik Tha\u00e7i odao po&amp;ccaron;ast pred statuom Zahir-a Pajaziti i u memorijalnom zdanju \u201eIbrahim Rugova\u201c - Predsednik Republike Kosovo - DR. VJOSA OSMANI - SADRIU -\" \/>\n<meta name=\"robots\" content=\"index, follow, max-snippet:-1, max-image-preview:large, max-video-preview:-1\" \/>\n<link rel=\"canonical\" href=\"https:\/\/president-ksgov.net\/sr\/predsednik-thaci-odao-poast-pred-statuom-zahir-a-pajaziti-i-u-memorijalnom-zdanju-ibrahim-rugova\/\" \/>\n<meta property=\"og:locale\" content=\"sr_RS\" \/>\n<meta property=\"og:type\" content=\"article\" \/>\n<meta property=\"og:title\" content=\"Predsednik Tha\u00e7i odao po&amp;ccaron;ast pred statuom Zahir-a Pajaziti i u memorijalnom zdanju \u201eIbrahim Rugova\u201c - Predsednik Republike Kosovo - DR. VJOSA OSMANI - SADRIU\" \/>\n<meta property=\"og:description\" content=\"Predsednik Tha\u00e7i odao po&amp;ccaron;ast pred statuom Zahir-a Pajaziti i u memorijalnom zdanju \u201eIbrahim Rugova\u201c - Predsednik Republike Kosovo - DR. VJOSA OSMANI - SADRIU -\" \/>\n<meta property=\"og:url\" content=\"https:\/\/president-ksgov.net\/sr\/predsednik-thaci-odao-poast-pred-statuom-zahir-a-pajaziti-i-u-memorijalnom-zdanju-ibrahim-rugova\/\" \/>\n<meta property=\"og:site_name\" content=\"Predsednik Republike Kosovo - DR. VJOSA OSMANI - SADRIU\" \/>\n<meta property=\"article:published_time\" content=\"2017-11-27T10:51:25+00:00\" \/>\n<meta property=\"og:image\" content=\"https:\/\/president-ksgov.net\/wp-content\/uploads\/27_11_2017_9472397_Homazhe_1.jpg\" \/>\n\t<meta property=\"og:image:width\" content=\"2000\" \/>\n\t<meta property=\"og:image:height\" content=\"1332\" \/>\n\t<meta property=\"og:image:type\" content=\"image\/jpeg\" \/>\n<meta name=\"author\" content=\"admin\" \/>\n<meta name=\"twitter:card\" content=\"summary_large_image\" \/>\n<meta name=\"twitter:label1\" content=\"\u041d\u0430\u043f\u0438\u0441\u0430\u043d\u043e \u043e\u0434\" \/>\n\t<meta name=\"twitter:data1\" content=\"admin\" \/>\n\t<meta name=\"twitter:label2\" content=\"\u041f\u0440\u043e\u0446\u0435\u045a\u0435\u043d\u043e \u0432\u0440\u0435\u043c\u0435 \u0447\u0438\u0442\u0430\u045a\u0430\" \/>\n\t<meta name=\"twitter:data2\" content=\"1 \u043c\u0438\u043d\u0443\u0442\" \/>\n<script type=\"application\/ld+json\" class=\"yoast-schema-graph\">{\"@context\":\"https:\/\/schema.org\",\"@graph\":[{\"@type\":\"WebPage\",\"@id\":\"https:\/\/president-ksgov.net\/sr\/predsednik-thaci-odao-poast-pred-statuom-zahir-a-pajaziti-i-u-memorijalnom-zdanju-ibrahim-rugova\/\",\"url\":\"https:\/\/president-ksgov.net\/sr\/predsednik-thaci-odao-poast-pred-statuom-zahir-a-pajaziti-i-u-memorijalnom-zdanju-ibrahim-rugova\/\",\"name\":\"Predsednik Tha\u00e7i odao po&ccaron;ast pred statuom Zahir-a Pajaziti i u memorijalnom zdanju \u201eIbrahim Rugova\u201c - Predsednik Republike Kosovo - DR. VJOSA OSMANI - SADRIU\",\"isPartOf\":{\"@id\":\"https:\/\/president-ksgov.net\/#website\"},\"primaryImageOfPage\":{\"@id\":\"https:\/\/president-ksgov.net\/sr\/predsednik-thaci-odao-poast-pred-statuom-zahir-a-pajaziti-i-u-memorijalnom-zdanju-ibrahim-rugova\/#primaryimage\"},\"image\":{\"@id\":\"https:\/\/president-ksgov.net\/sr\/predsednik-thaci-odao-poast-pred-statuom-zahir-a-pajaziti-i-u-memorijalnom-zdanju-ibrahim-rugova\/#primaryimage\"},\"thumbnailUrl\":\"https:\/\/president-ksgov.net\/wp-content\/uploads\/27_11_2017_9472397_Homazhe_1.jpg\",\"datePublished\":\"2017-11-27T10:51:25+00:00\",\"dateModified\":\"2017-11-27T10:51:25+00:00\",\"author\":{\"@id\":\"https:\/\/president-ksgov.net\/#\/schema\/person\/bb4337a5fb147cb2046d80548172cbee\"},\"description\":\"Predsednik Tha\u00e7i odao po&ccaron;ast pred statuom Zahir-a Pajaziti i u memorijalnom zdanju \u201eIbrahim Rugova\u201c - Predsednik Republike Kosovo - DR. VJOSA OSMANI - SADRIU -\",\"breadcrumb\":{\"@id\":\"https:\/\/president-ksgov.net\/sr\/predsednik-thaci-odao-poast-pred-statuom-zahir-a-pajaziti-i-u-memorijalnom-zdanju-ibrahim-rugova\/#breadcrumb\"},\"inLanguage\":\"sr-RS\",\"potentialAction\":[{\"@type\":\"ReadAction\",\"target\":[\"https:\/\/president-ksgov.net\/sr\/predsednik-thaci-odao-poast-pred-statuom-zahir-a-pajaziti-i-u-memorijalnom-zdanju-ibrahim-rugova\/\"]}]},{\"@type\":\"ImageObject\",\"inLanguage\":\"sr-RS\",\"@id\":\"https:\/\/president-ksgov.net\/sr\/predsednik-thaci-odao-poast-pred-statuom-zahir-a-pajaziti-i-u-memorijalnom-zdanju-ibrahim-rugova\/#primaryimage\",\"url\":\"https:\/\/president-ksgov.net\/wp-content\/uploads\/27_11_2017_9472397_Homazhe_1.jpg\",\"contentUrl\":\"https:\/\/president-ksgov.net\/wp-content\/uploads\/27_11_2017_9472397_Homazhe_1.jpg\",\"width\":2000,\"height\":1332},{\"@type\":\"BreadcrumbList\",\"@id\":\"https:\/\/president-ksgov.net\/sr\/predsednik-thaci-odao-poast-pred-statuom-zahir-a-pajaziti-i-u-memorijalnom-zdanju-ibrahim-rugova\/#breadcrumb\",\"itemListElement\":[{\"@type\":\"ListItem\",\"position\":1,\"name\":\"Home\",\"item\":\"https:\/\/president-ksgov.net\/sr\/\"},{\"@type\":\"ListItem\",\"position\":2,\"name\":\"Predsednik Tha\u00e7i odao po&ccaron;ast pred statuom Zahir-a Pajaziti i u memorijalnom zdanju \u201eIbrahim Rugova\u201c\"}]},{\"@type\":\"WebSite\",\"@id\":\"https:\/\/president-ksgov.net\/#website\",\"url\":\"https:\/\/president-ksgov.net\/\",\"name\":\"Presidente e Republik\u00ebs s\u00eb Kosov\u00ebs\",\"description\":\"Presidente e Republik\u00ebs s\u00eb Kosov\u00ebs\",\"alternateName\":\"DR. VJOSA OSMANI - SADRIU\",\"potentialAction\":[{\"@type\":\"SearchAction\",\"target\":{\"@type\":\"EntryPoint\",\"urlTemplate\":\"https:\/\/president-ksgov.net\/?s={search_term_string}\"},\"query-input\":{\"@type\":\"PropertyValueSpecification\",\"valueRequired\":true,\"valueName\":\"search_term_string\"}}],\"inLanguage\":\"sr-RS\"},{\"@type\":\"Person\",\"@id\":\"https:\/\/president-ksgov.net\/#\/schema\/person\/bb4337a5fb147cb2046d80548172cbee\",\"name\":\"admin\",\"image\":{\"@type\":\"ImageObject\",\"inLanguage\":\"sr-RS\",\"@id\":\"https:\/\/president-ksgov.net\/#\/schema\/person\/image\/\",\"url\":\"https:\/\/secure.gravatar.com\/avatar\/36156ca0fa3b8d9d25174f146e16beea0cf28f37adf1b9e19b6c9c279a7c9dd3?s=96&d=mm&r=g\",\"contentUrl\":\"https:\/\/secure.gravatar.com\/avatar\/36156ca0fa3b8d9d25174f146e16beea0cf28f37adf1b9e19b6c9c279a7c9dd3?s=96&d=mm&r=g\",\"caption\":\"admin\"},\"sameAs\":[\"https:\/\/president-ksgov.net\"]}]}<\/script>\n<!-- \/ Yoast SEO plugin. -->","yoast_head_json":{"title":"Predsednik Tha\u00e7i odao po&ccaron;ast pred statuom Zahir-a Pajaziti i u memorijalnom zdanju \u201eIbrahim Rugova\u201c - Predsednik Republike Kosovo - DR. VJOSA OSMANI - SADRIU","description":"Predsednik Tha\u00e7i odao po&ccaron;ast pred statuom Zahir-a Pajaziti i u memorijalnom zdanju \u201eIbrahim Rugova\u201c - Predsednik Republike Kosovo - DR. VJOSA OSMANI - SADRIU -","robots":{"index":"index","follow":"follow","max-snippet":"max-snippet:-1","max-image-preview":"max-image-preview:large","max-video-preview":"max-video-preview:-1"},"canonical":"https:\/\/president-ksgov.net\/sr\/predsednik-thaci-odao-poast-pred-statuom-zahir-a-pajaziti-i-u-memorijalnom-zdanju-ibrahim-rugova\/","og_locale":"sr_RS","og_type":"article","og_title":"Predsednik Tha\u00e7i odao po&ccaron;ast pred statuom Zahir-a Pajaziti i u memorijalnom zdanju \u201eIbrahim Rugova\u201c - Predsednik Republike Kosovo - DR. VJOSA OSMANI - SADRIU","og_description":"Predsednik Tha\u00e7i odao po&ccaron;ast pred statuom Zahir-a Pajaziti i u memorijalnom zdanju \u201eIbrahim Rugova\u201c - Predsednik Republike Kosovo - DR. VJOSA OSMANI - SADRIU -","og_url":"https:\/\/president-ksgov.net\/sr\/predsednik-thaci-odao-poast-pred-statuom-zahir-a-pajaziti-i-u-memorijalnom-zdanju-ibrahim-rugova\/","og_site_name":"Predsednik Republike Kosovo - DR. VJOSA OSMANI - SADRIU","article_published_time":"2017-11-27T10:51:25+00:00","og_image":[{"width":2000,"height":1332,"url":"https:\/\/president-ksgov.net\/wp-content\/uploads\/27_11_2017_9472397_Homazhe_1.jpg","type":"image\/jpeg"}],"author":"admin","twitter_card":"summary_large_image","twitter_misc":{"\u041d\u0430\u043f\u0438\u0441\u0430\u043d\u043e \u043e\u0434":"admin","\u041f\u0440\u043e\u0446\u0435\u045a\u0435\u043d\u043e \u0432\u0440\u0435\u043c\u0435 \u0447\u0438\u0442\u0430\u045a\u0430":"1 \u043c\u0438\u043d\u0443\u0442"},"schema":{"@context":"https:\/\/schema.org","@graph":[{"@type":"WebPage","@id":"https:\/\/president-ksgov.net\/sr\/predsednik-thaci-odao-poast-pred-statuom-zahir-a-pajaziti-i-u-memorijalnom-zdanju-ibrahim-rugova\/","url":"https:\/\/president-ksgov.net\/sr\/predsednik-thaci-odao-poast-pred-statuom-zahir-a-pajaziti-i-u-memorijalnom-zdanju-ibrahim-rugova\/","name":"Predsednik Tha\u00e7i odao po&ccaron;ast pred statuom Zahir-a Pajaziti i u memorijalnom zdanju \u201eIbrahim Rugova\u201c - Predsednik Republike Kosovo - DR. VJOSA OSMANI - SADRIU","isPartOf":{"@id":"https:\/\/president-ksgov.net\/#website"},"primaryImageOfPage":{"@id":"https:\/\/president-ksgov.net\/sr\/predsednik-thaci-odao-poast-pred-statuom-zahir-a-pajaziti-i-u-memorijalnom-zdanju-ibrahim-rugova\/#primaryimage"},"image":{"@id":"https:\/\/president-ksgov.net\/sr\/predsednik-thaci-odao-poast-pred-statuom-zahir-a-pajaziti-i-u-memorijalnom-zdanju-ibrahim-rugova\/#primaryimage"},"thumbnailUrl":"https:\/\/president-ksgov.net\/wp-content\/uploads\/27_11_2017_9472397_Homazhe_1.jpg","datePublished":"2017-11-27T10:51:25+00:00","dateModified":"2017-11-27T10:51:25+00:00","author":{"@id":"https:\/\/president-ksgov.net\/#\/schema\/person\/bb4337a5fb147cb2046d80548172cbee"},"description":"Predsednik Tha\u00e7i odao po&ccaron;ast pred statuom Zahir-a Pajaziti i u memorijalnom zdanju \u201eIbrahim Rugova\u201c - Predsednik Republike Kosovo - DR. VJOSA OSMANI - SADRIU -","breadcrumb":{"@id":"https:\/\/president-ksgov.net\/sr\/predsednik-thaci-odao-poast-pred-statuom-zahir-a-pajaziti-i-u-memorijalnom-zdanju-ibrahim-rugova\/#breadcrumb"},"inLanguage":"sr-RS","potentialAction":[{"@type":"ReadAction","target":["https:\/\/president-ksgov.net\/sr\/predsednik-thaci-odao-poast-pred-statuom-zahir-a-pajaziti-i-u-memorijalnom-zdanju-ibrahim-rugova\/"]}]},{"@type":"ImageObject","inLanguage":"sr-RS","@id":"https:\/\/president-ksgov.net\/sr\/predsednik-thaci-odao-poast-pred-statuom-zahir-a-pajaziti-i-u-memorijalnom-zdanju-ibrahim-rugova\/#primaryimage","url":"https:\/\/president-ksgov.net\/wp-content\/uploads\/27_11_2017_9472397_Homazhe_1.jpg","contentUrl":"https:\/\/president-ksgov.net\/wp-content\/uploads\/27_11_2017_9472397_Homazhe_1.jpg","width":2000,"height":1332},{"@type":"BreadcrumbList","@id":"https:\/\/president-ksgov.net\/sr\/predsednik-thaci-odao-poast-pred-statuom-zahir-a-pajaziti-i-u-memorijalnom-zdanju-ibrahim-rugova\/#breadcrumb","itemListElement":[{"@type":"ListItem","position":1,"name":"Home","item":"https:\/\/president-ksgov.net\/sr\/"},{"@type":"ListItem","position":2,"name":"Predsednik Tha\u00e7i odao po&ccaron;ast pred statuom Zahir-a Pajaziti i u memorijalnom zdanju \u201eIbrahim Rugova\u201c"}]},{"@type":"WebSite","@id":"https:\/\/president-ksgov.net\/#website","url":"https:\/\/president-ksgov.net\/","name":"Presidente e Republik\u00ebs s\u00eb Kosov\u00ebs","description":"Presidente e Republik\u00ebs s\u00eb Kosov\u00ebs","alternateName":"DR. VJOSA OSMANI - SADRIU","potentialAction":[{"@type":"SearchAction","target":{"@type":"EntryPoint","urlTemplate":"https:\/\/president-ksgov.net\/?s={search_term_string}"},"query-input":{"@type":"PropertyValueSpecification","valueRequired":true,"valueName":"search_term_string"}}],"inLanguage":"sr-RS"},{"@type":"Person","@id":"https:\/\/president-ksgov.net\/#\/schema\/person\/bb4337a5fb147cb2046d80548172cbee","name":"admin","image":{"@type":"ImageObject","inLanguage":"sr-RS","@id":"https:\/\/president-ksgov.net\/#\/schema\/person\/image\/","url":"https:\/\/secure.gravatar.com\/avatar\/36156ca0fa3b8d9d25174f146e16beea0cf28f37adf1b9e19b6c9c279a7c9dd3?s=96&d=mm&r=g","contentUrl":"https:\/\/secure.gravatar.com\/avatar\/36156ca0fa3b8d9d25174f146e16beea0cf28f37adf1b9e19b6c9c279a7c9dd3?s=96&d=mm&r=g","caption":"admin"},"sameAs":["https:\/\/president-ksgov.net"]}]}},"_links":{"self":[{"href":"https:\/\/president-ksgov.net\/sr\/wp-json\/wp\/v2\/posts\/76027","targetHints":{"allow":["GET"]}}],"collection":[{"href":"https:\/\/president-ksgov.net\/sr\/wp-json\/wp\/v2\/posts"}],"about":[{"href":"https:\/\/president-ksgov.net\/sr\/wp-json\/wp\/v2\/types\/post"}],"author":[{"embeddable":true,"href":"https:\/\/president-ksgov.net\/sr\/wp-json\/wp\/v2\/users\/1"}],"replies":[{"embeddable":true,"href":"https:\/\/president-ksgov.net\/sr\/wp-json\/wp\/v2\/comments?post=76027"}],"version-history":[{"count":0,"href":"https:\/\/president-ksgov.net\/sr\/wp-json\/wp\/v2\/posts\/76027\/revisions"}],"wp:featuredmedia":[{"embeddable":true,"href":"https:\/\/president-ksgov.net\/sr\/wp-json\/wp\/v2\/media\/28823"}],"wp:attachment":[{"href":"https:\/\/president-ksgov.net\/sr\/wp-json\/wp\/v2\/media?parent=76027"}],"wp:term":[{"taxonomy":"category","embeddable":true,"href":"https:\/\/president-ksgov.net\/sr\/wp-json\/wp\/v2\/categories?post=76027"},{"taxonomy":"post_tag","embeddable":true,"href":"https:\/\/president-ksgov.net\/sr\/wp-json\/wp\/v2\/tags?post=76027"}],"curies":[{"name":"wp","href":"https:\/\/api.w.org\/{rel}","templated":true}]}}