{"id":76023,"date":"2017-11-27T21:31:49","date_gmt":"2017-11-27T21:31:49","guid":{"rendered":"https:\/\/dev.president-ksgov.net\/predsednik-thaci-estitao-predsedniku-albanije-dan-zastave-novembar-je-mesec-naseg-narodnog-ponosa\/"},"modified":"2017-11-27T21:31:49","modified_gmt":"2017-11-27T21:31:49","slug":"predsednik-thaci-estitao-predsedniku-albanije-dan-zastave-novembar-je-mesec-naseg-narodnog-ponosa","status":"publish","type":"post","link":"https:\/\/president-ksgov.net\/sr\/predsednik-thaci-estitao-predsedniku-albanije-dan-zastave-novembar-je-mesec-naseg-narodnog-ponosa\/","title":{"rendered":"Predsednik Tha\u00e7i &ccaron;estitao predsedniku Albanije Dan zastave: Novembar je mesec na\u0161eg narodnog ponosa"},"content":{"rendered":"<p>Pri\u0161tina, 27. novembar 2017. godine \u2013 Predsednik Republike Kosovo, Hashim Tha\u00e7i  je povodom Dana zastave, 28. novembra, kao i 105. godi\u0161njice nezavisnosti Albanije, poslao telegram &ccaron;estitke njegovom albanskom homologu, Iliru Meti.<\/p>\n<p>U telegramu &ccaron;estitke predsedniku Albanije, predsednik Tha\u00e7i\u00a0 je rekao da ovaj mesec na\u0161eg narodnog ponosa najbolje govori, ne smo o na\u0161oj zajedni&ccaron;koj istoriji, ve&cacute; i o neraskidivoj vezi, jer smo kroz vekove uvek stajali jedni\u00a0 uz druge.<\/p>\n<p>Predsednik Tha\u00e7i\u00a0 je rekao da su kao nerazdvojne sestre, Kosovo i Albanija su podr&#382;avaju&cacute;i jedno-drugo postigli da garantuju jasnu evro-atlantsku perspektivu gra&dstrok;anima na\u0161e dve dr&#382;ave.<\/p>\n<p>Ovo je telegram &ccaron;estitke predsednika Tha\u00e7i \u2013ja njegovom albanskom homologu Iliru Metai:<\/p>\n<p>Po\u0161tovani predsedni&ccaron;e Republike Albanije g. Ilire Meta,<\/p>\n<p>U ime gra&dstrok;ana Republike Kosovo, njenih institucija kao i u moje li&ccaron;no ime, molim vas da prihvatite najlep\u0161e &ccaron;estitke za Dan zastave, 28. novembar, kao i za 105. godi\u0161njicu nezavisnosti Albanije.<\/p>\n<p>Novembar jeste i zauvek &cacute;e biti mesec blagoslova za Albance svuda u svetu i to je mesec na\u0161ih zajedni&ccaron;kih praznika, du&#382;e od jednog veka.<\/p>\n<p>Ovaj mesec na\u0161eg narodnog ponosa, najbolje govori ne samo o na\u0161oj zajedni&ccaron;koj istoriji, ve&cacute; i o neraskidivoj vezi, jer smo vekovima uvek stajali jedni uz druge.<\/p>\n<p>Kosovo i Albanija, kao nerazdvojne sestre, podr&#382;avaju&cacute;i jedno-drugo, postigli su da garantuju jasnu evro-atlantsku perspektivu gra&dstrok;anima na\u0161e dve zemlje.<\/p>\n<p>Danas je Kosovo sre&cacute;no \u0161to uvek uz sebe ima Republiku Albaniju, jer u&ccaron;i mnogo iz 105-ogdi\u0161njeg iskustva.<\/p>\n<p>Na Kosovu i u Albaniji, na\u0161 narod &cacute;e zauvek ostati partner svih naroda koji &#382;ele budu&cacute;nost u miru i prosperitetu za region, a i \u0161ire.<\/p>\n<p>Sre&cacute;an sam \u0161to &cacute;emo 28. novembar ponovo proslaviti zajedno u na\u0161oj istorijskoj Valoni!<\/p>\n<p>S po\u0161tovanjem,<\/p>\n<p>Hashim Tha\u00e7i<br \/>\nPredsednik Republike Kosovo<\/p>\n","protected":false},"excerpt":{"rendered":"<p>Pri\u0161tina, 27. novembar 2017. godine \u2013 Predsednik Republike Kosovo, Hashim Tha\u00e7i  je povodom Dana zastave, 28. novembra, kao i 105. godi\u0161njice nezavisnosti Albanije, poslao telegram &ccaron;estitke njegovom albanskom homologu, Iliru Meti.<\/p>\n","protected":false},"author":1,"featured_media":28774,"comment_status":"open","ping_status":"closed","sticky":false,"template":"","format":"standard","meta":{"_eb_attr":"","footnotes":""},"categories":[101],"tags":[],"class_list":["post-76023","post","type-post","status-publish","format-standard","has-post-thumbnail","hentry","category-vesti"],"yoast_head":"<!-- This site is optimized with the Yoast SEO plugin v23.5 - https:\/\/yoast.com\/wordpress\/plugins\/seo\/ -->\n<title>Predsednik Tha\u00e7i &amp;ccaron;estitao predsedniku Albanije Dan zastave: Novembar je mesec na\u0161eg narodnog ponosa - Predsednik Republike Kosovo - DR. VJOSA OSMANI - SADRIU<\/title>\n<meta name=\"description\" content=\"Predsednik Tha\u00e7i &amp;ccaron;estitao predsedniku Albanije Dan zastave: Novembar je mesec na\u0161eg narodnog ponosa - Predsednik Republike Kosovo - DR. VJOSA OSMANI - SADRIU -\" \/>\n<meta name=\"robots\" content=\"index, follow, max-snippet:-1, max-image-preview:large, max-video-preview:-1\" \/>\n<link rel=\"canonical\" href=\"https:\/\/president-ksgov.net\/sr\/predsednik-thaci-estitao-predsedniku-albanije-dan-zastave-novembar-je-mesec-naseg-narodnog-ponosa\/\" \/>\n<meta property=\"og:locale\" content=\"sr_RS\" \/>\n<meta property=\"og:type\" content=\"article\" \/>\n<meta property=\"og:title\" content=\"Predsednik Tha\u00e7i &amp;ccaron;estitao predsedniku Albanije Dan zastave: Novembar je mesec na\u0161eg narodnog ponosa - Predsednik Republike Kosovo - DR. VJOSA OSMANI - SADRIU\" \/>\n<meta property=\"og:description\" content=\"Predsednik Tha\u00e7i &amp;ccaron;estitao predsedniku Albanije Dan zastave: Novembar je mesec na\u0161eg narodnog ponosa - Predsednik Republike Kosovo - DR. VJOSA OSMANI - SADRIU -\" \/>\n<meta property=\"og:url\" content=\"https:\/\/president-ksgov.net\/sr\/predsednik-thaci-estitao-predsedniku-albanije-dan-zastave-novembar-je-mesec-naseg-narodnog-ponosa\/\" \/>\n<meta property=\"og:site_name\" content=\"Predsednik Republike Kosovo - DR. VJOSA OSMANI - SADRIU\" \/>\n<meta property=\"article:published_time\" content=\"2017-11-27T21:31:49+00:00\" \/>\n<meta property=\"og:image\" content=\"https:\/\/president-ksgov.net\/wp-content\/uploads\/27_11_2017_7967749_Presidenti_Thaci_uron_Presidentin_e_Shqiperise_per_Festen_e_Flamurit.jpg\" \/>\n\t<meta property=\"og:image:width\" content=\"2000\" \/>\n\t<meta property=\"og:image:height\" content=\"1262\" \/>\n\t<meta property=\"og:image:type\" content=\"image\/jpeg\" \/>\n<meta name=\"author\" content=\"admin\" \/>\n<meta name=\"twitter:card\" content=\"summary_large_image\" \/>\n<meta name=\"twitter:label1\" content=\"\u041d\u0430\u043f\u0438\u0441\u0430\u043d\u043e \u043e\u0434\" \/>\n\t<meta name=\"twitter:data1\" content=\"admin\" \/>\n\t<meta name=\"twitter:label2\" content=\"\u041f\u0440\u043e\u0446\u0435\u045a\u0435\u043d\u043e \u0432\u0440\u0435\u043c\u0435 \u0447\u0438\u0442\u0430\u045a\u0430\" \/>\n\t<meta name=\"twitter:data2\" content=\"2 \u043c\u0438\u043d\u0443\u0442\u0430\" \/>\n<script type=\"application\/ld+json\" class=\"yoast-schema-graph\">{\"@context\":\"https:\/\/schema.org\",\"@graph\":[{\"@type\":\"WebPage\",\"@id\":\"https:\/\/president-ksgov.net\/sr\/predsednik-thaci-estitao-predsedniku-albanije-dan-zastave-novembar-je-mesec-naseg-narodnog-ponosa\/\",\"url\":\"https:\/\/president-ksgov.net\/sr\/predsednik-thaci-estitao-predsedniku-albanije-dan-zastave-novembar-je-mesec-naseg-narodnog-ponosa\/\",\"name\":\"Predsednik Tha\u00e7i &ccaron;estitao predsedniku Albanije Dan zastave: Novembar je mesec na\u0161eg narodnog ponosa - Predsednik Republike Kosovo - DR. VJOSA OSMANI - SADRIU\",\"isPartOf\":{\"@id\":\"https:\/\/president-ksgov.net\/#website\"},\"primaryImageOfPage\":{\"@id\":\"https:\/\/president-ksgov.net\/sr\/predsednik-thaci-estitao-predsedniku-albanije-dan-zastave-novembar-je-mesec-naseg-narodnog-ponosa\/#primaryimage\"},\"image\":{\"@id\":\"https:\/\/president-ksgov.net\/sr\/predsednik-thaci-estitao-predsedniku-albanije-dan-zastave-novembar-je-mesec-naseg-narodnog-ponosa\/#primaryimage\"},\"thumbnailUrl\":\"https:\/\/president-ksgov.net\/wp-content\/uploads\/27_11_2017_7967749_Presidenti_Thaci_uron_Presidentin_e_Shqiperise_per_Festen_e_Flamurit.jpg\",\"datePublished\":\"2017-11-27T21:31:49+00:00\",\"dateModified\":\"2017-11-27T21:31:49+00:00\",\"author\":{\"@id\":\"https:\/\/president-ksgov.net\/#\/schema\/person\/bb4337a5fb147cb2046d80548172cbee\"},\"description\":\"Predsednik Tha\u00e7i &ccaron;estitao predsedniku Albanije Dan zastave: Novembar je mesec na\u0161eg narodnog ponosa - Predsednik Republike Kosovo - DR. VJOSA OSMANI - SADRIU -\",\"breadcrumb\":{\"@id\":\"https:\/\/president-ksgov.net\/sr\/predsednik-thaci-estitao-predsedniku-albanije-dan-zastave-novembar-je-mesec-naseg-narodnog-ponosa\/#breadcrumb\"},\"inLanguage\":\"sr-RS\",\"potentialAction\":[{\"@type\":\"ReadAction\",\"target\":[\"https:\/\/president-ksgov.net\/sr\/predsednik-thaci-estitao-predsedniku-albanije-dan-zastave-novembar-je-mesec-naseg-narodnog-ponosa\/\"]}]},{\"@type\":\"ImageObject\",\"inLanguage\":\"sr-RS\",\"@id\":\"https:\/\/president-ksgov.net\/sr\/predsednik-thaci-estitao-predsedniku-albanije-dan-zastave-novembar-je-mesec-naseg-narodnog-ponosa\/#primaryimage\",\"url\":\"https:\/\/president-ksgov.net\/wp-content\/uploads\/27_11_2017_7967749_Presidenti_Thaci_uron_Presidentin_e_Shqiperise_per_Festen_e_Flamurit.jpg\",\"contentUrl\":\"https:\/\/president-ksgov.net\/wp-content\/uploads\/27_11_2017_7967749_Presidenti_Thaci_uron_Presidentin_e_Shqiperise_per_Festen_e_Flamurit.jpg\",\"width\":2000,\"height\":1262},{\"@type\":\"BreadcrumbList\",\"@id\":\"https:\/\/president-ksgov.net\/sr\/predsednik-thaci-estitao-predsedniku-albanije-dan-zastave-novembar-je-mesec-naseg-narodnog-ponosa\/#breadcrumb\",\"itemListElement\":[{\"@type\":\"ListItem\",\"position\":1,\"name\":\"Home\",\"item\":\"https:\/\/president-ksgov.net\/sr\/\"},{\"@type\":\"ListItem\",\"position\":2,\"name\":\"Predsednik Tha\u00e7i &ccaron;estitao predsedniku Albanije Dan zastave: Novembar je mesec na\u0161eg narodnog ponosa\"}]},{\"@type\":\"WebSite\",\"@id\":\"https:\/\/president-ksgov.net\/#website\",\"url\":\"https:\/\/president-ksgov.net\/\",\"name\":\"Presidente e Republik\u00ebs s\u00eb Kosov\u00ebs\",\"description\":\"Presidente e Republik\u00ebs s\u00eb Kosov\u00ebs\",\"alternateName\":\"DR. VJOSA OSMANI - SADRIU\",\"potentialAction\":[{\"@type\":\"SearchAction\",\"target\":{\"@type\":\"EntryPoint\",\"urlTemplate\":\"https:\/\/president-ksgov.net\/?s={search_term_string}\"},\"query-input\":{\"@type\":\"PropertyValueSpecification\",\"valueRequired\":true,\"valueName\":\"search_term_string\"}}],\"inLanguage\":\"sr-RS\"},{\"@type\":\"Person\",\"@id\":\"https:\/\/president-ksgov.net\/#\/schema\/person\/bb4337a5fb147cb2046d80548172cbee\",\"name\":\"admin\",\"image\":{\"@type\":\"ImageObject\",\"inLanguage\":\"sr-RS\",\"@id\":\"https:\/\/president-ksgov.net\/#\/schema\/person\/image\/\",\"url\":\"https:\/\/secure.gravatar.com\/avatar\/36156ca0fa3b8d9d25174f146e16beea0cf28f37adf1b9e19b6c9c279a7c9dd3?s=96&d=mm&r=g\",\"contentUrl\":\"https:\/\/secure.gravatar.com\/avatar\/36156ca0fa3b8d9d25174f146e16beea0cf28f37adf1b9e19b6c9c279a7c9dd3?s=96&d=mm&r=g\",\"caption\":\"admin\"},\"sameAs\":[\"https:\/\/president-ksgov.net\"]}]}<\/script>\n<!-- \/ Yoast SEO plugin. -->","yoast_head_json":{"title":"Predsednik Tha\u00e7i &ccaron;estitao predsedniku Albanije Dan zastave: Novembar je mesec na\u0161eg narodnog ponosa - Predsednik Republike Kosovo - DR. VJOSA OSMANI - SADRIU","description":"Predsednik Tha\u00e7i &ccaron;estitao predsedniku Albanije Dan zastave: Novembar je mesec na\u0161eg narodnog ponosa - Predsednik Republike Kosovo - DR. VJOSA OSMANI - SADRIU -","robots":{"index":"index","follow":"follow","max-snippet":"max-snippet:-1","max-image-preview":"max-image-preview:large","max-video-preview":"max-video-preview:-1"},"canonical":"https:\/\/president-ksgov.net\/sr\/predsednik-thaci-estitao-predsedniku-albanije-dan-zastave-novembar-je-mesec-naseg-narodnog-ponosa\/","og_locale":"sr_RS","og_type":"article","og_title":"Predsednik Tha\u00e7i &ccaron;estitao predsedniku Albanije Dan zastave: Novembar je mesec na\u0161eg narodnog ponosa - Predsednik Republike Kosovo - DR. VJOSA OSMANI - SADRIU","og_description":"Predsednik Tha\u00e7i &ccaron;estitao predsedniku Albanije Dan zastave: Novembar je mesec na\u0161eg narodnog ponosa - Predsednik Republike Kosovo - DR. VJOSA OSMANI - SADRIU -","og_url":"https:\/\/president-ksgov.net\/sr\/predsednik-thaci-estitao-predsedniku-albanije-dan-zastave-novembar-je-mesec-naseg-narodnog-ponosa\/","og_site_name":"Predsednik Republike Kosovo - DR. VJOSA OSMANI - SADRIU","article_published_time":"2017-11-27T21:31:49+00:00","og_image":[{"width":2000,"height":1262,"url":"https:\/\/president-ksgov.net\/wp-content\/uploads\/27_11_2017_7967749_Presidenti_Thaci_uron_Presidentin_e_Shqiperise_per_Festen_e_Flamurit.jpg","type":"image\/jpeg"}],"author":"admin","twitter_card":"summary_large_image","twitter_misc":{"\u041d\u0430\u043f\u0438\u0441\u0430\u043d\u043e \u043e\u0434":"admin","\u041f\u0440\u043e\u0446\u0435\u045a\u0435\u043d\u043e \u0432\u0440\u0435\u043c\u0435 \u0447\u0438\u0442\u0430\u045a\u0430":"2 \u043c\u0438\u043d\u0443\u0442\u0430"},"schema":{"@context":"https:\/\/schema.org","@graph":[{"@type":"WebPage","@id":"https:\/\/president-ksgov.net\/sr\/predsednik-thaci-estitao-predsedniku-albanije-dan-zastave-novembar-je-mesec-naseg-narodnog-ponosa\/","url":"https:\/\/president-ksgov.net\/sr\/predsednik-thaci-estitao-predsedniku-albanije-dan-zastave-novembar-je-mesec-naseg-narodnog-ponosa\/","name":"Predsednik Tha\u00e7i &ccaron;estitao predsedniku Albanije Dan zastave: Novembar je mesec na\u0161eg narodnog ponosa - Predsednik Republike Kosovo - DR. VJOSA OSMANI - SADRIU","isPartOf":{"@id":"https:\/\/president-ksgov.net\/#website"},"primaryImageOfPage":{"@id":"https:\/\/president-ksgov.net\/sr\/predsednik-thaci-estitao-predsedniku-albanije-dan-zastave-novembar-je-mesec-naseg-narodnog-ponosa\/#primaryimage"},"image":{"@id":"https:\/\/president-ksgov.net\/sr\/predsednik-thaci-estitao-predsedniku-albanije-dan-zastave-novembar-je-mesec-naseg-narodnog-ponosa\/#primaryimage"},"thumbnailUrl":"https:\/\/president-ksgov.net\/wp-content\/uploads\/27_11_2017_7967749_Presidenti_Thaci_uron_Presidentin_e_Shqiperise_per_Festen_e_Flamurit.jpg","datePublished":"2017-11-27T21:31:49+00:00","dateModified":"2017-11-27T21:31:49+00:00","author":{"@id":"https:\/\/president-ksgov.net\/#\/schema\/person\/bb4337a5fb147cb2046d80548172cbee"},"description":"Predsednik Tha\u00e7i &ccaron;estitao predsedniku Albanije Dan zastave: Novembar je mesec na\u0161eg narodnog ponosa - Predsednik Republike Kosovo - DR. VJOSA OSMANI - SADRIU -","breadcrumb":{"@id":"https:\/\/president-ksgov.net\/sr\/predsednik-thaci-estitao-predsedniku-albanije-dan-zastave-novembar-je-mesec-naseg-narodnog-ponosa\/#breadcrumb"},"inLanguage":"sr-RS","potentialAction":[{"@type":"ReadAction","target":["https:\/\/president-ksgov.net\/sr\/predsednik-thaci-estitao-predsedniku-albanije-dan-zastave-novembar-je-mesec-naseg-narodnog-ponosa\/"]}]},{"@type":"ImageObject","inLanguage":"sr-RS","@id":"https:\/\/president-ksgov.net\/sr\/predsednik-thaci-estitao-predsedniku-albanije-dan-zastave-novembar-je-mesec-naseg-narodnog-ponosa\/#primaryimage","url":"https:\/\/president-ksgov.net\/wp-content\/uploads\/27_11_2017_7967749_Presidenti_Thaci_uron_Presidentin_e_Shqiperise_per_Festen_e_Flamurit.jpg","contentUrl":"https:\/\/president-ksgov.net\/wp-content\/uploads\/27_11_2017_7967749_Presidenti_Thaci_uron_Presidentin_e_Shqiperise_per_Festen_e_Flamurit.jpg","width":2000,"height":1262},{"@type":"BreadcrumbList","@id":"https:\/\/president-ksgov.net\/sr\/predsednik-thaci-estitao-predsedniku-albanije-dan-zastave-novembar-je-mesec-naseg-narodnog-ponosa\/#breadcrumb","itemListElement":[{"@type":"ListItem","position":1,"name":"Home","item":"https:\/\/president-ksgov.net\/sr\/"},{"@type":"ListItem","position":2,"name":"Predsednik Tha\u00e7i &ccaron;estitao predsedniku Albanije Dan zastave: Novembar je mesec na\u0161eg narodnog ponosa"}]},{"@type":"WebSite","@id":"https:\/\/president-ksgov.net\/#website","url":"https:\/\/president-ksgov.net\/","name":"Presidente e Republik\u00ebs s\u00eb Kosov\u00ebs","description":"Presidente e Republik\u00ebs s\u00eb Kosov\u00ebs","alternateName":"DR. VJOSA OSMANI - SADRIU","potentialAction":[{"@type":"SearchAction","target":{"@type":"EntryPoint","urlTemplate":"https:\/\/president-ksgov.net\/?s={search_term_string}"},"query-input":{"@type":"PropertyValueSpecification","valueRequired":true,"valueName":"search_term_string"}}],"inLanguage":"sr-RS"},{"@type":"Person","@id":"https:\/\/president-ksgov.net\/#\/schema\/person\/bb4337a5fb147cb2046d80548172cbee","name":"admin","image":{"@type":"ImageObject","inLanguage":"sr-RS","@id":"https:\/\/president-ksgov.net\/#\/schema\/person\/image\/","url":"https:\/\/secure.gravatar.com\/avatar\/36156ca0fa3b8d9d25174f146e16beea0cf28f37adf1b9e19b6c9c279a7c9dd3?s=96&d=mm&r=g","contentUrl":"https:\/\/secure.gravatar.com\/avatar\/36156ca0fa3b8d9d25174f146e16beea0cf28f37adf1b9e19b6c9c279a7c9dd3?s=96&d=mm&r=g","caption":"admin"},"sameAs":["https:\/\/president-ksgov.net"]}]}},"_links":{"self":[{"href":"https:\/\/president-ksgov.net\/sr\/wp-json\/wp\/v2\/posts\/76023","targetHints":{"allow":["GET"]}}],"collection":[{"href":"https:\/\/president-ksgov.net\/sr\/wp-json\/wp\/v2\/posts"}],"about":[{"href":"https:\/\/president-ksgov.net\/sr\/wp-json\/wp\/v2\/types\/post"}],"author":[{"embeddable":true,"href":"https:\/\/president-ksgov.net\/sr\/wp-json\/wp\/v2\/users\/1"}],"replies":[{"embeddable":true,"href":"https:\/\/president-ksgov.net\/sr\/wp-json\/wp\/v2\/comments?post=76023"}],"version-history":[{"count":0,"href":"https:\/\/president-ksgov.net\/sr\/wp-json\/wp\/v2\/posts\/76023\/revisions"}],"wp:featuredmedia":[{"embeddable":true,"href":"https:\/\/president-ksgov.net\/sr\/wp-json\/wp\/v2\/media\/28774"}],"wp:attachment":[{"href":"https:\/\/president-ksgov.net\/sr\/wp-json\/wp\/v2\/media?parent=76023"}],"wp:term":[{"taxonomy":"category","embeddable":true,"href":"https:\/\/president-ksgov.net\/sr\/wp-json\/wp\/v2\/categories?post=76023"},{"taxonomy":"post_tag","embeddable":true,"href":"https:\/\/president-ksgov.net\/sr\/wp-json\/wp\/v2\/tags?post=76023"}],"curies":[{"name":"wp","href":"https:\/\/api.w.org\/{rel}","templated":true}]}}