{"id":76017,"date":"2017-12-01T23:10:11","date_gmt":"2017-12-01T23:10:11","guid":{"rendered":"https:\/\/dev.president-ksgov.net\/govor-predsednika-thaci-ja-na-prijemu-ambasade-finske-koja-je-organizovana-u-pristini-u-ast-100-godisnjice-nezavisnosti\/"},"modified":"2023-03-08T09:01:37","modified_gmt":"2023-03-08T09:01:37","slug":"govor-predsednika-thaci-ja-na-prijemu-ambasade-finske-koja-je-organizovana-u-pristini-u-ast-100-godisnjice-nezavisnosti","status":"publish","type":"post","link":"https:\/\/president-ksgov.net\/sr\/govor-predsednika-thaci-ja-na-prijemu-ambasade-finske-koja-je-organizovana-u-pristini-u-ast-100-godisnjice-nezavisnosti\/","title":{"rendered":"Govor predsednika Tha\u00e7i-ja na prijemu Ambasade Finske koja je organizovana u Pri\u0161tini u &ccaron;ast 100. godi\u0161njice nezavisnosti"},"content":{"rendered":"<p>Po\u0161tovana ambasadorko Anne Huhtamaki,<\/p>\n<p>Po\u0161tovani ambasadori i prijatelji Finske,<\/p>\n<p>Danas smo zajedno zbog jednog zaista posebnog dana \u2013 100-te godi\u0161njice finske dr&#382;ave. <\/p>\n<p>Za nas na Kosovu, koji se spremamo da proslavimo prvu 10. godi\u0161njicu na\u0161e Republike, 100 godina izgleda puno, ali realno u evropskoj istoriji i Finska se mo&#382;e nazvati mladom dr&#382;avom. <\/p>\n<p>Kao dve mlade dr&#382;ave, iako ima mnogo godina razlike me&dstrok;u nama, uvek je na mene ostavljalo utisak koliko toga zajedni&ccaron;kog imamo mi i Finska.<\/p>\n<p>Obe dr&#382;ave smo imale jednu zajedni&ccaron;ku osobu &#8211; predsednika Ahtisarija, nobelovca za mir, koji je realno bio potreban Finac, u pravo vreme i na pravom mestu, koji je omogu&cacute;io da se Kosovo jednom zauvek oslobodi od opasnosti okupacije. <\/p>\n<p>Sa predsednikom Ahtisarijem proveo sam &ccaron;itave sate u mnogim fazama izgradnje na\u0161e dr&#382;ave. <\/p>\n<p>\u201eMalo ko zna da je njegov koncept nadgledane nezavisnosti bio poznat jo\u0161 od 1999. godine, na konferenciji koju su organizovali predsednik Neslon Mandela i generalni sekretar OUN-a, Kofi Anan. <\/p>\n<p>Od tada je predsednik Ahtisari shvatio da &ccaron;a\u0161a koja se razbije i raskrvari ruku, vi\u0161e se ni na koji na&ccaron;in ne mo&#382;e sastaviti.<\/p>\n<p>\u00a0Treba izle&ccaron;iti ranu, a jedini lek za okrvavljeno Kosovo bila je nezavisnost. <\/p>\n<p>Bilo je potrebno da pro&dstrok;e jo\u0161 devet godina kako bi se proro&ccaron;ki posao Ahtisarija krunisao njegovim planom, na osnovu kojeg su predstavnici kosovskog naroda proglasili nezavisnost 17. februara 2008. godine. <\/p>\n<p>U tim razgovorima koje sam imao sa predsednikom Ahtisarijem, uvek se se&cacute;am pri&ccaron;e kako njegova strast za mirom dolazi od nesre&cacute;e koju je imao kao dete kada je bio. <\/p>\n<p>\u00a0Preko 400 hiljada finskih &#382;ena, dece i mu\u0161karaca ostalo je bez skloni\u0161ta, gladni, na hladnom arkti&ccaron;kom vremenu. <\/p>\n<p>Snaga finskog naroda je ta koja je u&ccaron;inila da se ova dr&#382;ava izdigne kao feniks i da se ne ostane u za&ccaron;aranom krugu mr&#382;nje i osvete, nego da se fokusira na razvoj i da odigra ulogu u obezbe&dstrok;ivanju mira i stabilnosti. <\/p>\n<p>Finska ima gigante tehnologe koji su doneli mobilnu telefoniju kao \u0161to je Nokia, do igrica kao \u0161to \u201eAngry bird\u201c koje igraju na\u0161a deca. <\/p>\n<p>To mo&#382;da i najve&cacute;a lekcija ove 100. godi\u0161njice Finske. <\/p>\n<p>No&cacute;i su tokom zime na severu Evrope i u Finskoj duge i mra&ccaron;ne. <\/p>\n<p>I u najdu&#382;im istorijskim no&cacute;ima, kada su u&#382;as i teror pla\u0161ili narod i uzdrmavali dr&#382;avu- Finska je uvek znala da dolazi i dugo i lepo leto, koje se nikada ne&cacute;e zavr\u0161iti. <\/p>\n<p>Dakle, danas, finska Vlada i finski narod imaju konsenzus o progresu, o vrednostima, o ljudskim pravima, o potpunoj jednakosti me&dstrok;u supru&#382;nicima, uz princip da ve&cacute;ina uvek treba da bude velikog srca prema manjini. <\/p>\n<p>Ova vredna lekcija, ovaj primer finskog napretka, treba da budu inspiracija i za nas na Kosovu. <\/p>\n<p>Dakle, Kosovo nema vremena za gubljenje, budu&cacute;i uvek zahvalno Finskoj \u0161to je bila me&dstrok;u prvim dr&#382;avama koja je priznala Republiku Kosovo. <\/p>\n<p>S toga treba da okon&ccaron;amo na\u0161u izolaciju, i ovom prilikom pozdravljam dana\u0161nju inicijativu premijera da se Sporazum o ratifikaciji demarkacije sa Crnom Gorom, iz Vlade procesira Skup\u0161tini Republike Kosovo. <\/p>\n<p>Hvala gospodine Haradinaj na odgovornosti. <\/p>\n<p>U bliskoj budu&cacute;nosti treba da osnujemo Zajednicu op\u0161tina sa srpskom ve&cacute;inom na Kosovu, kako bismo dokazali da smo dr&#382;ava i narod kojima se mo&#382;e verovati;<\/p>\n<p>\u00a0Treba da osnujemo Oru&#382;ane snage Kosova, kako bismo dali na\u0161 skroman doprinos u o&ccaron;uvanju mira bilo gde u svetu, <\/p>\n<p>\u00a0Treba da nastavimo dijalog o normalizaciji odnosa sa Srbijom i da \u0161to je br&#382;e mogu&cacute;e postignemo kona&ccaron;ni sporazum o miru i o pomirenju, kao glavnog uslova za u&ccaron;lanjenje dve dr&#382;ave u evro-atlantske strukture. <\/p>\n<p>S toga, po\u0161tovani prisutni, dozvolite mi da se zahvalim za ove vredne lekcije koje mi je preneo predsednik Ahtisari, a koje Finska i dan danas daje &ccaron;itavom svetu, na va\u0161em u&ccaron;estvovanju i na mogu&cacute;nosti da govorim u ime institucija Republike Kosovo: <\/p>\n<p>&Zcaron;iveli jo\u0161 100 godina nezavisnosti Finsko!\u00a0<\/p>\n","protected":false},"excerpt":{"rendered":"<p>Po\u0161tovana ambasadorko Anne Huhtamaki, Po\u0161tovani ambasadori i prijatelji Finske, Danas smo zajedno zbog jednog zaista posebnog dana \u2013 100-te godi\u0161njice finske dr&#382;ave. Za nas na Kosovu, koji se spremamo da proslavimo prvu 10. godi\u0161njicu na\u0161e Republike, 100 godina izgleda puno, ali realno u evropskoj istoriji i Finska se mo&#382;e nazvati mladom dr&#382;avom. Kao dve mlade dr&#382;ave, iako ima mnogo godina razlike me&dstrok;u nama, uvek je na mene ostavljalo utisak koliko toga zajedni&ccaron;kog imamo mi i Finska. Obe dr&#382;ave smo imale jednu zajedni&ccaron;ku osobu &#8211; predsednika Ahtisarija, nobelovca za mir, koji je realno bio potreban Finac, u pravo vreme i na pravom mestu, koji je omogu&cacute;io da se Kosovo jednom zauvek oslobodi od opasnosti okupacije. Sa predsednikom Ahtisarijem proveo sam &ccaron;itave sate u mnogim fazama izgradnje na\u0161e dr&#382;ave. \u201eMalo ko zna da je njegov koncept nadgledane nezavisnosti bio poznat jo\u0161 od 1999. godine, na konferenciji koju su organizovali predsednik Neslon Mandela i generalni sekretar OUN-a, Kofi Anan. Od tada je predsednik Ahtisari shvatio da &ccaron;a\u0161a koja se razbije i raskrvari ruku, vi\u0161e se ni na koji na&ccaron;in ne mo&#382;e sastaviti. \u00a0Treba izle&ccaron;iti ranu, a jedini lek za okrvavljeno Kosovo bila je nezavisnost. Bilo je potrebno da pro&dstrok;e jo\u0161 devet godina kako bi se proro&ccaron;ki posao Ahtisarija krunisao njegovim planom, na osnovu kojeg su predstavnici kosovskog naroda proglasili nezavisnost 17. februara 2008. godine. U tim razgovorima koje sam imao sa predsednikom Ahtisarijem, uvek se se&cacute;am pri&ccaron;e kako njegova strast za mirom dolazi od nesre&cacute;e koju je imao kao dete kada je bio. \u00a0Preko 400 hiljada finskih &#382;ena, dece i mu\u0161karaca ostalo je bez skloni\u0161ta, gladni, na hladnom arkti&ccaron;kom vremenu. Snaga finskog naroda je ta koja je u&ccaron;inila da se ova dr&#382;ava izdigne kao feniks i da se ne ostane u za&ccaron;aranom krugu mr&#382;nje i osvete, nego da se fokusira na razvoj i da odigra ulogu u obezbe&dstrok;ivanju mira i stabilnosti. Finska ima gigante tehnologe koji su doneli mobilnu telefoniju kao \u0161to je Nokia, do igrica kao \u0161to \u201eAngry bird\u201c koje igraju na\u0161a deca. To mo&#382;da i najve&cacute;a lekcija ove 100. godi\u0161njice Finske. No&cacute;i su tokom zime na severu Evrope i u Finskoj duge i mra&ccaron;ne. I u najdu&#382;im istorijskim no&cacute;ima, kada su u&#382;as i teror pla\u0161ili narod i uzdrmavali dr&#382;avu- Finska je uvek znala da dolazi i dugo i lepo leto, koje se nikada ne&cacute;e zavr\u0161iti. Dakle, danas, finska Vlada i finski narod imaju konsenzus o progresu, o vrednostima, o ljudskim pravima, o potpunoj jednakosti me&dstrok;u supru&#382;nicima, uz princip da ve&cacute;ina uvek treba da bude velikog srca prema manjini. Ova vredna lekcija, ovaj primer finskog napretka, treba da budu inspiracija i za nas na Kosovu. Dakle, Kosovo nema vremena za gubljenje, budu&cacute;i uvek zahvalno Finskoj \u0161to je bila me&dstrok;u prvim dr&#382;avama koja je priznala Republiku Kosovo. S toga treba da okon&ccaron;amo na\u0161u izolaciju, i ovom prilikom pozdravljam dana\u0161nju inicijativu premijera da se Sporazum o ratifikaciji demarkacije sa Crnom Gorom, iz Vlade procesira Skup\u0161tini Republike Kosovo. Hvala gospodine Haradinaj na odgovornosti. U bliskoj budu&cacute;nosti treba da osnujemo Zajednicu op\u0161tina sa srpskom ve&cacute;inom na Kosovu, kako bismo dokazali da smo dr&#382;ava i narod kojima se mo&#382;e verovati; \u00a0Treba da osnujemo Oru&#382;ane snage Kosova, kako bismo dali na\u0161 skroman doprinos u o&ccaron;uvanju mira bilo gde u svetu, \u00a0Treba da nastavimo dijalog o normalizaciji odnosa sa Srbijom i da \u0161to je br&#382;e mogu&cacute;e postignemo kona&ccaron;ni sporazum o miru i o pomirenju, kao glavnog uslova za u&ccaron;lanjenje dve dr&#382;ave u evro-atlantske strukture. S toga, po\u0161tovani prisutni, dozvolite mi da se zahvalim za ove vredne lekcije koje mi je preneo predsednik Ahtisari, a koje Finska i dan danas daje &ccaron;itavom svetu, na va\u0161em u&ccaron;estvovanju i na mogu&cacute;nosti da govorim u ime institucija Republike Kosovo: &Zcaron;iveli jo\u0161 100 godina nezavisnosti Finsko!\u00a0<\/p>\n","protected":false},"author":1,"featured_media":28726,"comment_status":"open","ping_status":"closed","sticky":false,"template":"","format":"standard","meta":{"_eb_attr":"","footnotes":""},"categories":[106],"tags":[],"class_list":["post-76017","post","type-post","status-publish","format-standard","has-post-thumbnail","hentry","category-govori"],"yoast_head":"<!-- This site is optimized with the Yoast SEO plugin v23.5 - https:\/\/yoast.com\/wordpress\/plugins\/seo\/ -->\n<title>Govor predsednika Tha\u00e7i-ja na prijemu Ambasade Finske koja je organizovana u Pri\u0161tini u &amp;ccaron;ast 100. godi\u0161njice nezavisnosti - Predsednik Republike Kosovo - DR. VJOSA OSMANI - SADRIU<\/title>\n<meta name=\"description\" content=\"Govor predsednika Tha\u00e7i-ja na prijemu Ambasade Finske koja je organizovana u Pri\u0161tini u &amp;ccaron;ast 100. godi\u0161njice nezavisnosti - Predsednik Republike Kosovo - DR. VJOSA OSMANI - SADRIU -\" \/>\n<meta name=\"robots\" content=\"index, follow, max-snippet:-1, max-image-preview:large, max-video-preview:-1\" \/>\n<link rel=\"canonical\" href=\"https:\/\/president-ksgov.net\/sr\/govor-predsednika-thaci-ja-na-prijemu-ambasade-finske-koja-je-organizovana-u-pristini-u-ast-100-godisnjice-nezavisnosti\/\" \/>\n<meta property=\"og:locale\" content=\"sr_RS\" \/>\n<meta property=\"og:type\" content=\"article\" \/>\n<meta property=\"og:title\" content=\"Govor predsednika Tha\u00e7i-ja na prijemu Ambasade Finske koja je organizovana u Pri\u0161tini u &amp;ccaron;ast 100. godi\u0161njice nezavisnosti - Predsednik Republike Kosovo - DR. VJOSA OSMANI - SADRIU\" \/>\n<meta property=\"og:description\" content=\"Govor predsednika Tha\u00e7i-ja na prijemu Ambasade Finske koja je organizovana u Pri\u0161tini u &amp;ccaron;ast 100. godi\u0161njice nezavisnosti - Predsednik Republike Kosovo - DR. VJOSA OSMANI - SADRIU -\" \/>\n<meta property=\"og:url\" content=\"https:\/\/president-ksgov.net\/sr\/govor-predsednika-thaci-ja-na-prijemu-ambasade-finske-koja-je-organizovana-u-pristini-u-ast-100-godisnjice-nezavisnosti\/\" \/>\n<meta property=\"og:site_name\" content=\"Predsednik Republike Kosovo - DR. VJOSA OSMANI - SADRIU\" \/>\n<meta property=\"article:published_time\" content=\"2017-12-01T23:10:11+00:00\" \/>\n<meta property=\"article:modified_time\" content=\"2023-03-08T09:01:37+00:00\" \/>\n<meta property=\"og:image\" content=\"https:\/\/president-ksgov.net\/wp-content\/uploads\/01_12_2017_3973082_F_001.jpg\" \/>\n\t<meta property=\"og:image:width\" content=\"2400\" \/>\n\t<meta property=\"og:image:height\" content=\"1600\" \/>\n\t<meta property=\"og:image:type\" content=\"image\/jpeg\" \/>\n<meta name=\"author\" content=\"admin\" \/>\n<meta name=\"twitter:card\" content=\"summary_large_image\" \/>\n<meta name=\"twitter:label1\" content=\"\u041d\u0430\u043f\u0438\u0441\u0430\u043d\u043e \u043e\u0434\" \/>\n\t<meta name=\"twitter:data1\" content=\"admin\" \/>\n\t<meta name=\"twitter:label2\" content=\"\u041f\u0440\u043e\u0446\u0435\u045a\u0435\u043d\u043e \u0432\u0440\u0435\u043c\u0435 \u0447\u0438\u0442\u0430\u045a\u0430\" \/>\n\t<meta name=\"twitter:data2\" content=\"4 \u043c\u0438\u043d\u0443\u0442\u0430\" \/>\n<script type=\"application\/ld+json\" class=\"yoast-schema-graph\">{\"@context\":\"https:\/\/schema.org\",\"@graph\":[{\"@type\":\"WebPage\",\"@id\":\"https:\/\/president-ksgov.net\/sr\/govor-predsednika-thaci-ja-na-prijemu-ambasade-finske-koja-je-organizovana-u-pristini-u-ast-100-godisnjice-nezavisnosti\/\",\"url\":\"https:\/\/president-ksgov.net\/sr\/govor-predsednika-thaci-ja-na-prijemu-ambasade-finske-koja-je-organizovana-u-pristini-u-ast-100-godisnjice-nezavisnosti\/\",\"name\":\"Govor predsednika Tha\u00e7i-ja na prijemu Ambasade Finske koja je organizovana u Pri\u0161tini u &ccaron;ast 100. godi\u0161njice nezavisnosti - Predsednik Republike Kosovo - DR. VJOSA OSMANI - SADRIU\",\"isPartOf\":{\"@id\":\"https:\/\/president-ksgov.net\/#website\"},\"primaryImageOfPage\":{\"@id\":\"https:\/\/president-ksgov.net\/sr\/govor-predsednika-thaci-ja-na-prijemu-ambasade-finske-koja-je-organizovana-u-pristini-u-ast-100-godisnjice-nezavisnosti\/#primaryimage\"},\"image\":{\"@id\":\"https:\/\/president-ksgov.net\/sr\/govor-predsednika-thaci-ja-na-prijemu-ambasade-finske-koja-je-organizovana-u-pristini-u-ast-100-godisnjice-nezavisnosti\/#primaryimage\"},\"thumbnailUrl\":\"https:\/\/president-ksgov.net\/wp-content\/uploads\/01_12_2017_3973082_F_001.jpg\",\"datePublished\":\"2017-12-01T23:10:11+00:00\",\"dateModified\":\"2023-03-08T09:01:37+00:00\",\"author\":{\"@id\":\"https:\/\/president-ksgov.net\/#\/schema\/person\/bb4337a5fb147cb2046d80548172cbee\"},\"description\":\"Govor predsednika Tha\u00e7i-ja na prijemu Ambasade Finske koja je organizovana u Pri\u0161tini u &ccaron;ast 100. godi\u0161njice nezavisnosti - Predsednik Republike Kosovo - DR. VJOSA OSMANI - SADRIU -\",\"breadcrumb\":{\"@id\":\"https:\/\/president-ksgov.net\/sr\/govor-predsednika-thaci-ja-na-prijemu-ambasade-finske-koja-je-organizovana-u-pristini-u-ast-100-godisnjice-nezavisnosti\/#breadcrumb\"},\"inLanguage\":\"sr-RS\",\"potentialAction\":[{\"@type\":\"ReadAction\",\"target\":[\"https:\/\/president-ksgov.net\/sr\/govor-predsednika-thaci-ja-na-prijemu-ambasade-finske-koja-je-organizovana-u-pristini-u-ast-100-godisnjice-nezavisnosti\/\"]}]},{\"@type\":\"ImageObject\",\"inLanguage\":\"sr-RS\",\"@id\":\"https:\/\/president-ksgov.net\/sr\/govor-predsednika-thaci-ja-na-prijemu-ambasade-finske-koja-je-organizovana-u-pristini-u-ast-100-godisnjice-nezavisnosti\/#primaryimage\",\"url\":\"https:\/\/president-ksgov.net\/wp-content\/uploads\/01_12_2017_3973082_F_001.jpg\",\"contentUrl\":\"https:\/\/president-ksgov.net\/wp-content\/uploads\/01_12_2017_3973082_F_001.jpg\",\"width\":2400,\"height\":1600},{\"@type\":\"BreadcrumbList\",\"@id\":\"https:\/\/president-ksgov.net\/sr\/govor-predsednika-thaci-ja-na-prijemu-ambasade-finske-koja-je-organizovana-u-pristini-u-ast-100-godisnjice-nezavisnosti\/#breadcrumb\",\"itemListElement\":[{\"@type\":\"ListItem\",\"position\":1,\"name\":\"Home\",\"item\":\"https:\/\/president-ksgov.net\/sr\/\"},{\"@type\":\"ListItem\",\"position\":2,\"name\":\"Govor predsednika Tha\u00e7i-ja na prijemu Ambasade Finske koja je organizovana u Pri\u0161tini u &ccaron;ast 100. godi\u0161njice nezavisnosti\"}]},{\"@type\":\"WebSite\",\"@id\":\"https:\/\/president-ksgov.net\/#website\",\"url\":\"https:\/\/president-ksgov.net\/\",\"name\":\"Presidente e Republik\u00ebs s\u00eb Kosov\u00ebs\",\"description\":\"Presidente e Republik\u00ebs s\u00eb Kosov\u00ebs\",\"alternateName\":\"DR. VJOSA OSMANI - SADRIU\",\"potentialAction\":[{\"@type\":\"SearchAction\",\"target\":{\"@type\":\"EntryPoint\",\"urlTemplate\":\"https:\/\/president-ksgov.net\/?s={search_term_string}\"},\"query-input\":{\"@type\":\"PropertyValueSpecification\",\"valueRequired\":true,\"valueName\":\"search_term_string\"}}],\"inLanguage\":\"sr-RS\"},{\"@type\":\"Person\",\"@id\":\"https:\/\/president-ksgov.net\/#\/schema\/person\/bb4337a5fb147cb2046d80548172cbee\",\"name\":\"admin\",\"image\":{\"@type\":\"ImageObject\",\"inLanguage\":\"sr-RS\",\"@id\":\"https:\/\/president-ksgov.net\/#\/schema\/person\/image\/\",\"url\":\"https:\/\/secure.gravatar.com\/avatar\/36156ca0fa3b8d9d25174f146e16beea0cf28f37adf1b9e19b6c9c279a7c9dd3?s=96&d=mm&r=g\",\"contentUrl\":\"https:\/\/secure.gravatar.com\/avatar\/36156ca0fa3b8d9d25174f146e16beea0cf28f37adf1b9e19b6c9c279a7c9dd3?s=96&d=mm&r=g\",\"caption\":\"admin\"},\"sameAs\":[\"https:\/\/president-ksgov.net\"]}]}<\/script>\n<!-- \/ Yoast SEO plugin. -->","yoast_head_json":{"title":"Govor predsednika Tha\u00e7i-ja na prijemu Ambasade Finske koja je organizovana u Pri\u0161tini u &ccaron;ast 100. godi\u0161njice nezavisnosti - Predsednik Republike Kosovo - DR. VJOSA OSMANI - SADRIU","description":"Govor predsednika Tha\u00e7i-ja na prijemu Ambasade Finske koja je organizovana u Pri\u0161tini u &ccaron;ast 100. godi\u0161njice nezavisnosti - Predsednik Republike Kosovo - DR. VJOSA OSMANI - SADRIU -","robots":{"index":"index","follow":"follow","max-snippet":"max-snippet:-1","max-image-preview":"max-image-preview:large","max-video-preview":"max-video-preview:-1"},"canonical":"https:\/\/president-ksgov.net\/sr\/govor-predsednika-thaci-ja-na-prijemu-ambasade-finske-koja-je-organizovana-u-pristini-u-ast-100-godisnjice-nezavisnosti\/","og_locale":"sr_RS","og_type":"article","og_title":"Govor predsednika Tha\u00e7i-ja na prijemu Ambasade Finske koja je organizovana u Pri\u0161tini u &ccaron;ast 100. godi\u0161njice nezavisnosti - Predsednik Republike Kosovo - DR. VJOSA OSMANI - SADRIU","og_description":"Govor predsednika Tha\u00e7i-ja na prijemu Ambasade Finske koja je organizovana u Pri\u0161tini u &ccaron;ast 100. godi\u0161njice nezavisnosti - Predsednik Republike Kosovo - DR. VJOSA OSMANI - SADRIU -","og_url":"https:\/\/president-ksgov.net\/sr\/govor-predsednika-thaci-ja-na-prijemu-ambasade-finske-koja-je-organizovana-u-pristini-u-ast-100-godisnjice-nezavisnosti\/","og_site_name":"Predsednik Republike Kosovo - DR. VJOSA OSMANI - SADRIU","article_published_time":"2017-12-01T23:10:11+00:00","article_modified_time":"2023-03-08T09:01:37+00:00","og_image":[{"width":2400,"height":1600,"url":"https:\/\/president-ksgov.net\/wp-content\/uploads\/01_12_2017_3973082_F_001.jpg","type":"image\/jpeg"}],"author":"admin","twitter_card":"summary_large_image","twitter_misc":{"\u041d\u0430\u043f\u0438\u0441\u0430\u043d\u043e \u043e\u0434":"admin","\u041f\u0440\u043e\u0446\u0435\u045a\u0435\u043d\u043e \u0432\u0440\u0435\u043c\u0435 \u0447\u0438\u0442\u0430\u045a\u0430":"4 \u043c\u0438\u043d\u0443\u0442\u0430"},"schema":{"@context":"https:\/\/schema.org","@graph":[{"@type":"WebPage","@id":"https:\/\/president-ksgov.net\/sr\/govor-predsednika-thaci-ja-na-prijemu-ambasade-finske-koja-je-organizovana-u-pristini-u-ast-100-godisnjice-nezavisnosti\/","url":"https:\/\/president-ksgov.net\/sr\/govor-predsednika-thaci-ja-na-prijemu-ambasade-finske-koja-je-organizovana-u-pristini-u-ast-100-godisnjice-nezavisnosti\/","name":"Govor predsednika Tha\u00e7i-ja na prijemu Ambasade Finske koja je organizovana u Pri\u0161tini u &ccaron;ast 100. godi\u0161njice nezavisnosti - Predsednik Republike Kosovo - DR. VJOSA OSMANI - SADRIU","isPartOf":{"@id":"https:\/\/president-ksgov.net\/#website"},"primaryImageOfPage":{"@id":"https:\/\/president-ksgov.net\/sr\/govor-predsednika-thaci-ja-na-prijemu-ambasade-finske-koja-je-organizovana-u-pristini-u-ast-100-godisnjice-nezavisnosti\/#primaryimage"},"image":{"@id":"https:\/\/president-ksgov.net\/sr\/govor-predsednika-thaci-ja-na-prijemu-ambasade-finske-koja-je-organizovana-u-pristini-u-ast-100-godisnjice-nezavisnosti\/#primaryimage"},"thumbnailUrl":"https:\/\/president-ksgov.net\/wp-content\/uploads\/01_12_2017_3973082_F_001.jpg","datePublished":"2017-12-01T23:10:11+00:00","dateModified":"2023-03-08T09:01:37+00:00","author":{"@id":"https:\/\/president-ksgov.net\/#\/schema\/person\/bb4337a5fb147cb2046d80548172cbee"},"description":"Govor predsednika Tha\u00e7i-ja na prijemu Ambasade Finske koja je organizovana u Pri\u0161tini u &ccaron;ast 100. godi\u0161njice nezavisnosti - Predsednik Republike Kosovo - DR. VJOSA OSMANI - SADRIU -","breadcrumb":{"@id":"https:\/\/president-ksgov.net\/sr\/govor-predsednika-thaci-ja-na-prijemu-ambasade-finske-koja-je-organizovana-u-pristini-u-ast-100-godisnjice-nezavisnosti\/#breadcrumb"},"inLanguage":"sr-RS","potentialAction":[{"@type":"ReadAction","target":["https:\/\/president-ksgov.net\/sr\/govor-predsednika-thaci-ja-na-prijemu-ambasade-finske-koja-je-organizovana-u-pristini-u-ast-100-godisnjice-nezavisnosti\/"]}]},{"@type":"ImageObject","inLanguage":"sr-RS","@id":"https:\/\/president-ksgov.net\/sr\/govor-predsednika-thaci-ja-na-prijemu-ambasade-finske-koja-je-organizovana-u-pristini-u-ast-100-godisnjice-nezavisnosti\/#primaryimage","url":"https:\/\/president-ksgov.net\/wp-content\/uploads\/01_12_2017_3973082_F_001.jpg","contentUrl":"https:\/\/president-ksgov.net\/wp-content\/uploads\/01_12_2017_3973082_F_001.jpg","width":2400,"height":1600},{"@type":"BreadcrumbList","@id":"https:\/\/president-ksgov.net\/sr\/govor-predsednika-thaci-ja-na-prijemu-ambasade-finske-koja-je-organizovana-u-pristini-u-ast-100-godisnjice-nezavisnosti\/#breadcrumb","itemListElement":[{"@type":"ListItem","position":1,"name":"Home","item":"https:\/\/president-ksgov.net\/sr\/"},{"@type":"ListItem","position":2,"name":"Govor predsednika Tha\u00e7i-ja na prijemu Ambasade Finske koja je organizovana u Pri\u0161tini u &ccaron;ast 100. godi\u0161njice nezavisnosti"}]},{"@type":"WebSite","@id":"https:\/\/president-ksgov.net\/#website","url":"https:\/\/president-ksgov.net\/","name":"Presidente e Republik\u00ebs s\u00eb Kosov\u00ebs","description":"Presidente e Republik\u00ebs s\u00eb Kosov\u00ebs","alternateName":"DR. VJOSA OSMANI - SADRIU","potentialAction":[{"@type":"SearchAction","target":{"@type":"EntryPoint","urlTemplate":"https:\/\/president-ksgov.net\/?s={search_term_string}"},"query-input":{"@type":"PropertyValueSpecification","valueRequired":true,"valueName":"search_term_string"}}],"inLanguage":"sr-RS"},{"@type":"Person","@id":"https:\/\/president-ksgov.net\/#\/schema\/person\/bb4337a5fb147cb2046d80548172cbee","name":"admin","image":{"@type":"ImageObject","inLanguage":"sr-RS","@id":"https:\/\/president-ksgov.net\/#\/schema\/person\/image\/","url":"https:\/\/secure.gravatar.com\/avatar\/36156ca0fa3b8d9d25174f146e16beea0cf28f37adf1b9e19b6c9c279a7c9dd3?s=96&d=mm&r=g","contentUrl":"https:\/\/secure.gravatar.com\/avatar\/36156ca0fa3b8d9d25174f146e16beea0cf28f37adf1b9e19b6c9c279a7c9dd3?s=96&d=mm&r=g","caption":"admin"},"sameAs":["https:\/\/president-ksgov.net"]}]}},"_links":{"self":[{"href":"https:\/\/president-ksgov.net\/sr\/wp-json\/wp\/v2\/posts\/76017","targetHints":{"allow":["GET"]}}],"collection":[{"href":"https:\/\/president-ksgov.net\/sr\/wp-json\/wp\/v2\/posts"}],"about":[{"href":"https:\/\/president-ksgov.net\/sr\/wp-json\/wp\/v2\/types\/post"}],"author":[{"embeddable":true,"href":"https:\/\/president-ksgov.net\/sr\/wp-json\/wp\/v2\/users\/1"}],"replies":[{"embeddable":true,"href":"https:\/\/president-ksgov.net\/sr\/wp-json\/wp\/v2\/comments?post=76017"}],"version-history":[{"count":1,"href":"https:\/\/president-ksgov.net\/sr\/wp-json\/wp\/v2\/posts\/76017\/revisions"}],"predecessor-version":[{"id":81544,"href":"https:\/\/president-ksgov.net\/sr\/wp-json\/wp\/v2\/posts\/76017\/revisions\/81544"}],"wp:featuredmedia":[{"embeddable":true,"href":"https:\/\/president-ksgov.net\/sr\/wp-json\/wp\/v2\/media\/28726"}],"wp:attachment":[{"href":"https:\/\/president-ksgov.net\/sr\/wp-json\/wp\/v2\/media?parent=76017"}],"wp:term":[{"taxonomy":"category","embeddable":true,"href":"https:\/\/president-ksgov.net\/sr\/wp-json\/wp\/v2\/categories?post=76017"},{"taxonomy":"post_tag","embeddable":true,"href":"https:\/\/president-ksgov.net\/sr\/wp-json\/wp\/v2\/tags?post=76017"}],"curies":[{"name":"wp","href":"https:\/\/api.w.org\/{rel}","templated":true}]}}