{"id":75995,"date":"2017-12-22T15:08:10","date_gmt":"2017-12-22T15:08:10","guid":{"rendered":"https:\/\/dev.president-ksgov.net\/predsednik-poziva-na-politiko-i-graansko-ujedinjenje-u-2018-godini\/"},"modified":"2017-12-22T15:08:10","modified_gmt":"2017-12-22T15:08:10","slug":"predsednik-poziva-na-politiko-i-graansko-ujedinjenje-u-2018-godini","status":"publish","type":"post","link":"https:\/\/president-ksgov.net\/sr\/predsednik-poziva-na-politiko-i-graansko-ujedinjenje-u-2018-godini\/","title":{"rendered":"Predsednik poziva na politi&ccaron;ko i gra&dstrok;ansko ujedinjenje u 2018. godini"},"content":{"rendered":"<p>Pri\u0161tina, 22. decembar 2017. godine \u2013 Predsednik Republike Kosovo, Hashim Tha\u00e7i, danas je  odr&#382;ao govor na kraju godine u Skup\u0161tini Republike Kosovo.<\/p>\n<p>U njegovom govoru pred poslanicima, predsednik Tha\u00e7i\u00a0 je naveo uspehe i izazove koji su okarakterizovali 2017. godinu.<\/p>\n<p>\u0160ef dr&#382;ave je rekao da na\u0161 zajedni&ccaron;ki prioritet uvek ustaje anga&#382;ovanje na pobolj\u0161anju &#382;ivota na\u0161ih gra&dstrok;ana.<\/p>\n<p>On je rekao da su gra&dstrok;ani Republike Kosovo jasno pokazali da njihove politi&ccaron;ki izabrane lidere &#382;ele da vide ujedinjene po svim pitanjima od nacionalnog i dr&#382;avnog interesa.<\/p>\n<p>Predsednik Tha\u00e7i\u00a0 je najavio da &cacute;e u budu&cacute;e pa&#382;ljivo pratiti rad dr&#382;avnih institucija tokom ispunjavanja te&#382;nji i ciljeva gra&dstrok;ana Republike Kosovo.<\/p>\n<p>Ovo je ceo govor predsednika Tha\u00e7i-ja:<\/p>\n<p>Po\u0161tovani predsedni&ccaron;e Skup\u0161tine Kosovo,<br \/>\nPo\u0161tovani premijeru i ministri Vlade Republike Kosovo,<br \/>\nPo\u0161tovani ambasadori i predstavnici me&dstrok;unarodnih misija,<br \/>\nPo\u0161tovane poslanice i po\u0161tovani poslanici,<br \/>\nPo\u0161tovani gra&dstrok;ani Republike Kosovo,<\/p>\n<p>Dozvolite mi da vam se zahvalim po\u0161tovani poslanici Republike Kosovo, \u0161to ste mi dali mogu&cacute;nost da danas pred vama i na\u0161im gra&dstrok;anima izvestim o mom radu kao predsednika Republike Kosovo, odnosno o na\u0161em zajedni&ccaron;kom radu na ja&ccaron;anju dr&#382;avnosti Kosova.<\/p>\n<p>Sigurno da na\u0161 zajedni&ccaron;ki prioritet i dalje ostaje anga&#382;ovanje na pobolj\u0161anju &#382;ivota na\u0161ih gra&dstrok;ana.<\/p>\n<p>U okviru ovih napora, anga&#382;ovao sam se na po\u0161tovanju i ja&ccaron;anju ljudskih prava za svakog gra&dstrok;ana Republike Kosovo.<\/p>\n<p>Po&ccaron;ev od diskusija o potrebi za jednakom zastupljeno\u0161&cacute;u &#382;ene u svim institucijama, pa do Parade ponosa, u&ccaron;inio sam jasnim da:<\/p>\n<p>Dr&#382;ava Kosovo, kosovsko dru\u0161tvo, su izgra&dstrok;eni nad principima slobode i jednakosti za svakog gra&dstrok;anina.<\/p>\n<p>Kosovo je dr&#382;ava svih njegovih gra&dstrok;ana i svi treba da u&#382;ivaju jednaka prava u nporima da ostvare njihove te&#382;nje.<\/p>\n<p>Ovo podrazumeva, da mi treba da obezbedimo prosperitet i dostojanstvo za svakog gra&dstrok;anina, bilo za radnika, penzionera, lekara, policajca, vojnika, za nastavnika, studenta ili u&ccaron;enike u \u0161kolama.<\/p>\n<p>Mi znamo da da bismo pove&cacute;ali blagostanje na\u0161ih gra&dstrok;ana, treba da razvijemo na\u0161u privredu i da pove&cacute;amo doma&cacute;u proizvodnju.<\/p>\n<p>U slu&#382;bi tog cilja, anga&#382;ovao sam se aktivno na promovisanju kosovske privrede, kosovskih proizvoda, \u0161to ve&cacute;em obuhvatanju dijaspore u ulaganja na Kosovu.<\/p>\n<p>Konsolidacijom na\u0161e dr&#382;ave, podr\u0161ka privrednom razvoju zemlje po&ccaron;ela je da zauzima centralno mesto u mom anga&#382;ovanju kao predsednika, ali i ostalih dr&#382;avnih institucija Kosova.<\/p>\n<p>U koordinaciji sa relevantnim institucijama, podr&#382;ao sam potpisivanje ugovora o projektu o Novom Kosovu, koji je doneo najve&cacute;u privatnu investiciju u istoriji Kosova, sa 1.3 milijarde investicija, a koji &cacute;e otvoriti 10 hiljada ranih mesta.<\/p>\n<p>Osim toga, ja i dalje verujem, da je pobolj\u0161anje putne infrastrukture neophodan uslov za stabilan privredni razvoj.<\/p>\n<p>Dakle, podr&#382;ao sam zavr\u0161avanje projekata za autoputeve koji povezuju Kosovo sa regionom, a i \u0161ire, omogu&cacute;uju&cacute;i slobodno kretanje ljudi i robe.<\/p>\n<p>Zasigurno da je danas bilo zadovoljstvo da inauguri\u0161emo drugi segment autoputa \u201cArb\u00ebr Xhaferi\u201d.<\/p>\n<p>Po\u0161tovani poslanici,<br \/>\nGra&dstrok;ani Republike Kosovo,<\/p>\n<p>Svi smo svesni da je klju&ccaron;ni osnov svake demokratske dr&#382;ave, obuhvataju&cacute;i i na\u0161u dr&#382;avu, vladavina reda i zakona.<\/p>\n<p>Nijedno polje na\u0161eg dru\u0161tva ne mo&#382;e biti funkcionalno u slu&ccaron;aju da ne oja&ccaron;amo vladavinu reda i zakona i u slu&ccaron;aju da ne uspemo da garantujemo da su svi jednaki pred zakonom.<\/p>\n<p>Dekretiranjem tu&#382;ilaca i sudija iz neve&cacute;inskih zajednica, &ccaron;ija ve&cacute;ina radi u severnom delu Kosova, rasprostreli smo ustavni i zakonski poredak Kosova do svakog kutka na\u0161e\u00a0 zemlje.<\/p>\n<p>Na ovom cilju sam radio sa svim institucijama pravde, kako bismo nastavili reformu i konsolidaciju pravosu&dstrok;a, kako bismo garantovali ne samo da imamo pisane zakone, nego i potpuno sprovo&dstrok;enje ovih zakona.<\/p>\n<p>Borba protiv organizovanog kriminala, korupcije i terorizma jesu i treba da ostanu prioriteti.<\/p>\n<p>Kosovo se ne&cacute;e predati pred ovim izazovima i ne&cacute;emo dozvoliti da na\u0161a zemlja bude smatrana korumpiranom.<\/p>\n<p>Dana\u0161nji heroji su oni koji se zala&#382;u u beskompromisnoj borbi protiv organizovanog kriminala i korupcije.\u00a0 <\/p>\n<p>Po\u0161tovani poslanici,<br \/>\nGra&dstrok;ani Republike Kosovo,<br \/>\nDame i gospodo,<\/p>\n<p>2017. godina je bila godina dostignu&cacute;a i nasuprot mnogim izazovima.<\/p>\n<p>Pro\u0161li smo kroz dva izborna procesa, na centralnom nivou u junu i u skup\u0161tinama op\u0161tina za predsednike op\u0161tina u oktobru.<\/p>\n<p>Ova dva izborna procesa su jo\u0161 jednom dokazala politi&ccaron;ku zrelost, i zrelost kosovskog dru\u0161tva uop\u0161teno.<\/p>\n<p>To je otvorilo vrata formiranju nove Vlade, novih skup\u0161tina op\u0161tina i izbora novih predsednika op\u0161tina na Kosovu.<\/p>\n<p>Vlada Republike Kosovo i izabrani predsednici op\u0161tina, sada treba da rade na naporima za ostvarivanje odre&dstrok;enih prioriteta i na pobolj\u0161anju &#382;ivota gra&dstrok;ana.<\/p>\n<p>Kada smo kod slobodnih izbora, dozvolite mi da istaknem, da nisam odustao od mog rada da radimo zajedno sa politi&ccaron;kim partijama kako bismo uspe\u0161no zavr\u0161ili proces izbornih reformi.<\/p>\n<p>Smatram da je najve&cacute;i deo posla u tom pravcu zavr\u0161en i tokom naredne godine treba da okon&ccaron;amo ovaj proces.<\/p>\n<p>Nasuprot &ccaron;injenici \u0161to su lokalni i centralni izbori iscrpeli mnogo vremena i energije, opet, kao predsednik u koordinaciji sa drugim institucijama, nastavio sam rad na ostvarivanju bitnih dr&#382;avnih prioriteta.<\/p>\n<p>Me&dstrok;u klju&ccaron;nim prioritetima u tom aspektu je bilo nastavljanje rada sa osnivanju Oru&#382;anih snaga Kosova.<\/p>\n<p>Ovo je dr&#382;avni i prirodni proces, a i neophodan je, koji proizilazi kao rezultat rada pripadnika BSK-a, koji su podigli nivo spremnosti i sada su spremni za nove du&#382;nosti i nadle&#382;nosti.<\/p>\n<p>Bezbednosne snage Kosova su multietni&ccaron;ke snage u kojima preko 10% njihovih pripadnika dolazi iz neve&cacute;inskih zajednica.<\/p>\n<p>Oru&#382;ane snage Kosova &cacute;e tako&dstrok;e &ccaron;uvati i ja&ccaron;ati multietni&ccaron;ki karakter.<\/p>\n<p>Sada smo u zavr\u0161noj fazi na\u0161ih napora da obezbedimo podr\u0161ku kako bi se proces osnivanja OSK-a izvr\u0161io putem ustavnih promena.<\/p>\n<p>To radimo i radi&cacute;emo u potpunoj koordinaciji sa NATO-om i ostalim strate\u0161kim partnerima.<\/p>\n<p>Ja vam danas garantujem da &cacute;e Kosovo tokom 2018. godine imati kapacitete samoodbrane, dakle modernu vojsku koja &cacute;e doprinositi miru i stabilnosti u regionu i bilo gde u svetu.<\/p>\n<p>Kada smo kod bezbednosti Kosova, dozvolite mi da sam ponosan \u0161to je na\u0161a dr&#382;ava lider u regionu u borbi protiv ekstremizma, radikalizma i terorizma.<\/p>\n<p>Ova na\u0161a posve&cacute;enost je dobila priznanje svih lidera slobodnog demokratskog sveta.<\/p>\n<p>Koristim ovu priliku da se zahvalim svim mehanizmima nacionalne bezbednosti koji su doprineli o&ccaron;uvanju reda i bezbednosti na Kosovu, ali i u regionu.<\/p>\n<p>Po\u0161tovani poslanici,<br \/>\nPo\u0161tovani gra&dstrok;ani Kosova,<\/p>\n<p>Na\u0161a pro\u0161lost je bolna i se&cacute;anja na na\u0161e muke su jo\u0161 uvek sve&#382;a.<\/p>\n<p>Ali na\u0161a pro\u0161lost je ta koja nas &ccaron;ini ponosnima i koja nam daje snagu da uporno gledamo prema budu&cacute;nosti.<\/p>\n<p>S ovim ciljem, posve&cacute;eno sam nastavio rad na osnivanju Komisije za istinu i pomirenje, koja te&#382;i da pomogne naporima na\u0161eg dru\u0161tva u zatvaranju ratnog poglavlja, neprijateljstava i postizanje me&dstrok;usobnog pomirenja.<\/p>\n<p>Dakle, sre&cacute;an sam \u0161to smo nakon velikog posla uspeli da osnujemo pripremni tim Komisije za istinu i pomirenje.<\/p>\n<p>Siguran sam da &cacute;e rad ove komisije dati konkretne rezultate tokom 2018. godine i tim povodom se zahvaljujem organizacijama porodica nestalih lica, civilnom dru\u0161tvu i me&dstrok;unarodnim partnerima na njihovoj podr\u0161ci.<\/p>\n<p>Dijalog ostaje jednini i nezamenljivi mehanizam za re\u0161avanje problema unutar na\u0161e dr&#382;ave, ali i sa na\u0161im susednim dr&#382;avama.<\/p>\n<p>U okviru mog anga&#382;ovanja u izgradnji stabilnog mira u celoj Jugoisto&ccaron;noj Evropi, jeste i na\u0161a zajedni&ccaron;ka posve&cacute;enost u okviru dijaloga za normalizaciju odnosa izme&dstrok;u Republike Kosovo i Srbije.<\/p>\n<p>Sada smo spremni da nastavimo sa poslednjom fazom ovog procesa, koji &cacute;e i dalje biti olak\u0161an od strane EU, i koji &cacute;e sna&#382;no podr&#382;ati SAD.<\/p>\n<p>Sigurno da ta zavr\u0161na faza ne&cacute;e biti nimalo laka.<\/p>\n<p>S tim ciljem, zapo&ccaron;eo sam formalne i neformalne konsultacije sa politi&ccaron;kim partijama i civilnim dru\u0161tvom, s ciljem osnivanja Grupe jedinstva kako bismo obezbedili inkluzivnost u ovom procesu.<\/p>\n<p>I danas javno pozivam da se ujedinimo u ovom procesu i u svakom drugom procesu koji je od dr&#382;avnog interesa.<\/p>\n<p>Kad god smo bili ujedinjeni, Kosovo je pobe&dstrok;ivalo i na\u0161i gra&dstrok;ani su nas podr&#382;ali.<\/p>\n<p>Tako treba ponovo da bude,, jer na\u0161a budu&cacute;nost, integracija na\u0161e dr&#382;ave u severno-atlantske strukture, zavise u znatnoj meri od ovog procesa.<\/p>\n<p>U svakoj okolnosti, ja vas uveravam po\u0161tovani poslanici i gra&dstrok;ani Republike Kosovo, proces dijaloga &cacute;e biti transparentan i svaki postignuti sporazum &cacute;e ratifikovati Skup\u0161tina Republike Kosovo.<\/p>\n<p>Po\u0161tovani poslanici,<br \/>\nPo\u0161tovani gra&dstrok;ani Kosova,<\/p>\n<p>Na\u0161 dr&#382;avni kredibilitet u me&dstrok;unarodnoj areni i brzina kojom se pribli&#382;avamo u&ccaron;lanjenju u EU i NATO zavise uglavnom od na\u0161e ozbiljnosti u ispunjenju na\u0161ih dr&#382;avnih obaveza.<\/p>\n<p>U tom aspektu, mi ne mo&#382;emo konstantno da uperujemo prst na EU i NATO ili me&dstrok;unarodnu zajednicu, tra&#382;e&cacute;i da nam oni budu jedini krivci za na\u0161e zaostatke. Mi treba da priznamo na\u0161e propuste i da ih ispravimo \u0161to pre mo&#382;emo, jer samo tako mo&#382;emo uhvatiti korak sa dr&#382;avama susedima u procesima evro-atlantskih integracija.<\/p>\n<p>Dakle, treba da ratifikujemo sporazum o obele&#382;avanju grani&ccaron;ne linije sa Crnom Gorom bez gubljenja vremena.<\/p>\n<p>Ratifikacija ovog sporazuma stavlja ta&ccaron;ku na nepravednu izolaciju gra&dstrok;ana Republike Kosovo.<\/p>\n<p>Ohrabruju&cacute;i su poslednji razgovori koji se odvijaju i u okviru institucija Kosova, obuhvataju&cacute;i sve, i Skup\u0161tinu i Vladu i sve ljude dobre volje, doma&cacute;e i me&dstrok;unarodne stru&ccaron;njake, da se na&dstrok;e jedno re\u0161enje \u0161to je pre mogu&cacute;e, dakle u narednim nedeljama.<\/p>\n<p>Bez gubljenja vremena treba da osnujemo Zajednicu op\u0161tina sa srpskom ve&cacute;inom u skladu sa Briselskim sporazumom i odlukom Ustavnog suda, jer EU i mnoge druge dr&#382;ave, na\u0161i partneri su razo&ccaron;arane na\u0161om nesposobno\u0161&cacute;u da sprovedemo na\u0161a obe&cacute;anja koja smo preduzeli.<\/p>\n<p>\u0160to pre ispunimo na\u0161e du&#382;nosti tim pre &cacute;emo mo&cacute;i da napravimo ozbiljne korake prema u&ccaron;lanjenju u EU i NATO.<\/p>\n<p>Kao predsednik Republike Kosovo, konstantno osam pozivao EU ne samo na tehni&ccaron;ke postupke, nego iznad svega na strate\u0161ke, na u&ccaron;lanjenje dr&#382;ava Zapadnog Balkana u Evropsku uniju.<\/p>\n<p>Drago mi je \u0161to sada na kraju i Evropska unija jasno ka&#382;e da je najbolji na&ccaron;in da se obezbedi dugoro&ccaron;an mir u na\u0161em regionu upravo u&ccaron;lanjenje svih dr&#382;ava u EU.<\/p>\n<p>I dalje verujem da je najbolji na&ccaron;in da se sve dr&#382;ave Zapadnog Balkana u&ccaron;lane u EU u isto vreme, nezavisno od &ccaron;injenice da su neke dr&#382;ave napravile ve&cacute;i napredak u ispunjenju kriterijuma za u&ccaron;lanjenje.<\/p>\n<p>Po\u0161tovani poslanici,<br \/>\nPo\u0161tovani gra&dstrok;ani Kosova,<\/p>\n<p>Bitan deo mog rada posvetio sam i naporima za konsolidovanjem dr&#382;ave Kosovo na me&dstrok;unarodnoj sceni.\u00a0 <\/p>\n<p>2017. godinu zapo&ccaron;eo sam posetom SAD-u i sastankom sa tada\u0161njim zamenikom predsednika Biden-om, a nastavio sa drugom posetom SAD-u u septembru, sastaju&cacute;i se sa sada\u0161njim zamenikom predsednika Pence-om.<\/p>\n<p>Ove dve posete su potvrdile jo\u0161 jednom da Sjedinjene Ameri&ccaron;ke Dr&#382;ave ostaju partner Republike Kosovo i da je Va\u0161ington i dalje posve&cacute;en miru i stabilnosti na Kosovu i u regionu.<\/p>\n<p>Ali deo ovog partnerstva je i na\u0161a odgovornost da se pona\u0161amo kao dru\u0161tvo i kao politi&ccaron;ki zrela dr&#382;ava koja je spremna da odigra konstruktivnu ulogu u regionu, a i \u0161ire, grade&cacute;i dobrosusedske odnose sa svim dr&#382;avama regiona.<\/p>\n<p>Tokom ove godine ostvario sa bilateralne posete i u&ccaron;estvovao sam na raznim forumima i konferencijama.<\/p>\n<p>Tim povodom istakao bi bilateralne posete Kanadi, Hrvatskoj i Turskoj.<\/p>\n<p>Sastao sam se u Sofiji sa predsednikom Bugarske, sa predsednikom Austrije u Be&ccaron;u i sa kraljem Abdullah u Amanu.<\/p>\n<p>Po&ccaron;astvovan sam audijencijom kog Svetog oca, Pape Franje.<\/p>\n<p>Predstavljao sam Kosovo na Bezbednosnoj konferenciji u Minhenu u Nema&ccaron;koj, na Me&dstrok;unarodnom ekonomskom forumu u Jordanu, na Me&dstrok;unarodnoj bezbednosnoj konferenciji u Halifaksu, na Hrvatskom forumu u na samitu Brdo-Brijuni.<\/p>\n<p>Na ovim forumima, izme&dstrok;u ostalog sam s ponosom predstavio transformaciju Kosova iz korisnika mehanizama mira i bezbednosti u promotera i doprinosioca miru i su&#382;ivotu me&dstrok;u narodima.<\/p>\n<p>Ovo je oja&ccaron;alo uverenje u svetu, da je nezavisnost Kosova donela stabilan mir celoj Jugoisto&ccaron;noj Evropi.\u00a0 <\/p>\n<p>Po\u0161tovani poslanici,<br \/>\nGra&dstrok;ani Republike Kosovo,<\/p>\n<p>Gra&dstrok;ani Republike Kosovo jasno su pokazali da njihove izabrane politi&ccaron;ke lidere &#382;ele da vide ujedinjenje po svim pitanjima od nacionalnog i dr&#382;avnog interesa.<\/p>\n<p>Dakle, moja je du&#382;nost, i ba\u0161a je du&#382;nost kao poslanika, du&#382;nost je svih nas da neprekidno radimo za na\u0161u op\u0161tu dobrobit.<\/p>\n<p>Kao predsednik Republike Kosovo &#382;elim opet da istaknem rad dr&#382;avnih institucija u ispunjenju te&#382;nji i ciljeva gra&dstrok;ana Republike Kosovo.<\/p>\n<p>S toga, &#382;elim da nas prati sre&cacute;a u ostvarivanju na\u0161ih dobrih namera u slu&#382;bu gra&dstrok;ana na\u0161e dr&#382;ave.<\/p>\n<p>Neka 2018. godina bude godina politi&ccaron;kog i gra&dstrok;anskog jedinstva Kosova.<\/p>\n<p>Na samom kraju, po\u0161to smo na pragu Novogodi\u0161njih praznika, dozvolite mi da vam po&#382;elim mir, zdravlje, sre&cacute;u i radost, ,vama i va\u0161im porodicama, i svakom gra&dstrok;aninu Republike Kosovo.<\/p>\n<p>Jo\u0161 mnogo, najlep\u0161e &#382;elje za Bo&#382;i&cacute; i Sre&cacute;na Nova godina!<\/p>\n","protected":false},"excerpt":{"rendered":"<p>Pri\u0161tina, 22. decembar 2017. godine \u2013 Predsednik Republike Kosovo, Hashim Tha\u00e7i, danas je  odr&#382;ao govor na kraju godine u Skup\u0161tini Republike Kosovo.<\/p>\n","protected":false},"author":1,"featured_media":28484,"comment_status":"open","ping_status":"closed","sticky":false,"template":"","format":"standard","meta":{"_eb_attr":"","footnotes":""},"categories":[101],"tags":[],"class_list":["post-75995","post","type-post","status-publish","format-standard","has-post-thumbnail","hentry","category-vesti"],"yoast_head":"<!-- This site is optimized with the Yoast SEO plugin v23.5 - https:\/\/yoast.com\/wordpress\/plugins\/seo\/ -->\n<title>Predsednik poziva na politi&amp;ccaron;ko i gra&amp;dstrok;ansko ujedinjenje u 2018. godini - Predsednik Republike Kosovo - DR. VJOSA OSMANI - SADRIU<\/title>\n<meta name=\"description\" content=\"Predsednik poziva na politi&amp;ccaron;ko i gra&amp;dstrok;ansko ujedinjenje u 2018. godini - Predsednik Republike Kosovo - DR. VJOSA OSMANI - SADRIU -\" \/>\n<meta name=\"robots\" content=\"index, follow, max-snippet:-1, max-image-preview:large, max-video-preview:-1\" \/>\n<link rel=\"canonical\" href=\"https:\/\/president-ksgov.net\/sr\/predsednik-poziva-na-politiko-i-graansko-ujedinjenje-u-2018-godini\/\" \/>\n<meta property=\"og:locale\" content=\"sr_RS\" \/>\n<meta property=\"og:type\" content=\"article\" \/>\n<meta property=\"og:title\" content=\"Predsednik poziva na politi&amp;ccaron;ko i gra&amp;dstrok;ansko ujedinjenje u 2018. godini - Predsednik Republike Kosovo - DR. VJOSA OSMANI - SADRIU\" \/>\n<meta property=\"og:description\" content=\"Predsednik poziva na politi&amp;ccaron;ko i gra&amp;dstrok;ansko ujedinjenje u 2018. godini - Predsednik Republike Kosovo - DR. VJOSA OSMANI - SADRIU -\" \/>\n<meta property=\"og:url\" content=\"https:\/\/president-ksgov.net\/sr\/predsednik-poziva-na-politiko-i-graansko-ujedinjenje-u-2018-godini\/\" \/>\n<meta property=\"og:site_name\" content=\"Predsednik Republike Kosovo - DR. VJOSA OSMANI - SADRIU\" \/>\n<meta property=\"article:published_time\" content=\"2017-12-22T15:08:10+00:00\" \/>\n<meta property=\"og:image\" content=\"https:\/\/president-ksgov.net\/wp-content\/uploads\/22_12_2017_2429010_22_12_2017_Fjalimi_vjetor_Kuvend_1.jpg\" \/>\n\t<meta property=\"og:image:width\" content=\"2000\" \/>\n\t<meta property=\"og:image:height\" content=\"1318\" \/>\n\t<meta property=\"og:image:type\" content=\"image\/jpeg\" \/>\n<meta name=\"author\" content=\"admin\" \/>\n<meta name=\"twitter:card\" content=\"summary_large_image\" \/>\n<meta name=\"twitter:label1\" content=\"\u041d\u0430\u043f\u0438\u0441\u0430\u043d\u043e \u043e\u0434\" \/>\n\t<meta name=\"twitter:data1\" content=\"admin\" \/>\n\t<meta name=\"twitter:label2\" content=\"\u041f\u0440\u043e\u0446\u0435\u045a\u0435\u043d\u043e \u0432\u0440\u0435\u043c\u0435 \u0447\u0438\u0442\u0430\u045a\u0430\" \/>\n\t<meta name=\"twitter:data2\" content=\"12 \u043c\u0438\u043d\u0443\u0442\u0430\" \/>\n<script type=\"application\/ld+json\" class=\"yoast-schema-graph\">{\"@context\":\"https:\/\/schema.org\",\"@graph\":[{\"@type\":\"WebPage\",\"@id\":\"https:\/\/president-ksgov.net\/sr\/predsednik-poziva-na-politiko-i-graansko-ujedinjenje-u-2018-godini\/\",\"url\":\"https:\/\/president-ksgov.net\/sr\/predsednik-poziva-na-politiko-i-graansko-ujedinjenje-u-2018-godini\/\",\"name\":\"Predsednik poziva na politi&ccaron;ko i gra&dstrok;ansko ujedinjenje u 2018. godini - Predsednik Republike Kosovo - DR. VJOSA OSMANI - SADRIU\",\"isPartOf\":{\"@id\":\"https:\/\/president-ksgov.net\/#website\"},\"primaryImageOfPage\":{\"@id\":\"https:\/\/president-ksgov.net\/sr\/predsednik-poziva-na-politiko-i-graansko-ujedinjenje-u-2018-godini\/#primaryimage\"},\"image\":{\"@id\":\"https:\/\/president-ksgov.net\/sr\/predsednik-poziva-na-politiko-i-graansko-ujedinjenje-u-2018-godini\/#primaryimage\"},\"thumbnailUrl\":\"https:\/\/president-ksgov.net\/wp-content\/uploads\/22_12_2017_2429010_22_12_2017_Fjalimi_vjetor_Kuvend_1.jpg\",\"datePublished\":\"2017-12-22T15:08:10+00:00\",\"dateModified\":\"2017-12-22T15:08:10+00:00\",\"author\":{\"@id\":\"https:\/\/president-ksgov.net\/#\/schema\/person\/bb4337a5fb147cb2046d80548172cbee\"},\"description\":\"Predsednik poziva na politi&ccaron;ko i gra&dstrok;ansko ujedinjenje u 2018. godini - Predsednik Republike Kosovo - DR. VJOSA OSMANI - SADRIU -\",\"breadcrumb\":{\"@id\":\"https:\/\/president-ksgov.net\/sr\/predsednik-poziva-na-politiko-i-graansko-ujedinjenje-u-2018-godini\/#breadcrumb\"},\"inLanguage\":\"sr-RS\",\"potentialAction\":[{\"@type\":\"ReadAction\",\"target\":[\"https:\/\/president-ksgov.net\/sr\/predsednik-poziva-na-politiko-i-graansko-ujedinjenje-u-2018-godini\/\"]}]},{\"@type\":\"ImageObject\",\"inLanguage\":\"sr-RS\",\"@id\":\"https:\/\/president-ksgov.net\/sr\/predsednik-poziva-na-politiko-i-graansko-ujedinjenje-u-2018-godini\/#primaryimage\",\"url\":\"https:\/\/president-ksgov.net\/wp-content\/uploads\/22_12_2017_2429010_22_12_2017_Fjalimi_vjetor_Kuvend_1.jpg\",\"contentUrl\":\"https:\/\/president-ksgov.net\/wp-content\/uploads\/22_12_2017_2429010_22_12_2017_Fjalimi_vjetor_Kuvend_1.jpg\",\"width\":2000,\"height\":1318},{\"@type\":\"BreadcrumbList\",\"@id\":\"https:\/\/president-ksgov.net\/sr\/predsednik-poziva-na-politiko-i-graansko-ujedinjenje-u-2018-godini\/#breadcrumb\",\"itemListElement\":[{\"@type\":\"ListItem\",\"position\":1,\"name\":\"Home\",\"item\":\"https:\/\/president-ksgov.net\/sr\/\"},{\"@type\":\"ListItem\",\"position\":2,\"name\":\"Predsednik poziva na politi&ccaron;ko i gra&dstrok;ansko ujedinjenje u 2018. godini\"}]},{\"@type\":\"WebSite\",\"@id\":\"https:\/\/president-ksgov.net\/#website\",\"url\":\"https:\/\/president-ksgov.net\/\",\"name\":\"Presidente e Republik\u00ebs s\u00eb Kosov\u00ebs\",\"description\":\"Presidente e Republik\u00ebs s\u00eb Kosov\u00ebs\",\"alternateName\":\"DR. VJOSA OSMANI - SADRIU\",\"potentialAction\":[{\"@type\":\"SearchAction\",\"target\":{\"@type\":\"EntryPoint\",\"urlTemplate\":\"https:\/\/president-ksgov.net\/?s={search_term_string}\"},\"query-input\":{\"@type\":\"PropertyValueSpecification\",\"valueRequired\":true,\"valueName\":\"search_term_string\"}}],\"inLanguage\":\"sr-RS\"},{\"@type\":\"Person\",\"@id\":\"https:\/\/president-ksgov.net\/#\/schema\/person\/bb4337a5fb147cb2046d80548172cbee\",\"name\":\"admin\",\"image\":{\"@type\":\"ImageObject\",\"inLanguage\":\"sr-RS\",\"@id\":\"https:\/\/president-ksgov.net\/#\/schema\/person\/image\/\",\"url\":\"https:\/\/secure.gravatar.com\/avatar\/36156ca0fa3b8d9d25174f146e16beea0cf28f37adf1b9e19b6c9c279a7c9dd3?s=96&d=mm&r=g\",\"contentUrl\":\"https:\/\/secure.gravatar.com\/avatar\/36156ca0fa3b8d9d25174f146e16beea0cf28f37adf1b9e19b6c9c279a7c9dd3?s=96&d=mm&r=g\",\"caption\":\"admin\"},\"sameAs\":[\"https:\/\/president-ksgov.net\"]}]}<\/script>\n<!-- \/ Yoast SEO plugin. -->","yoast_head_json":{"title":"Predsednik poziva na politi&ccaron;ko i gra&dstrok;ansko ujedinjenje u 2018. godini - Predsednik Republike Kosovo - DR. VJOSA OSMANI - SADRIU","description":"Predsednik poziva na politi&ccaron;ko i gra&dstrok;ansko ujedinjenje u 2018. godini - Predsednik Republike Kosovo - DR. VJOSA OSMANI - SADRIU -","robots":{"index":"index","follow":"follow","max-snippet":"max-snippet:-1","max-image-preview":"max-image-preview:large","max-video-preview":"max-video-preview:-1"},"canonical":"https:\/\/president-ksgov.net\/sr\/predsednik-poziva-na-politiko-i-graansko-ujedinjenje-u-2018-godini\/","og_locale":"sr_RS","og_type":"article","og_title":"Predsednik poziva na politi&ccaron;ko i gra&dstrok;ansko ujedinjenje u 2018. godini - Predsednik Republike Kosovo - DR. VJOSA OSMANI - SADRIU","og_description":"Predsednik poziva na politi&ccaron;ko i gra&dstrok;ansko ujedinjenje u 2018. godini - Predsednik Republike Kosovo - DR. VJOSA OSMANI - SADRIU -","og_url":"https:\/\/president-ksgov.net\/sr\/predsednik-poziva-na-politiko-i-graansko-ujedinjenje-u-2018-godini\/","og_site_name":"Predsednik Republike Kosovo - DR. VJOSA OSMANI - SADRIU","article_published_time":"2017-12-22T15:08:10+00:00","og_image":[{"width":2000,"height":1318,"url":"https:\/\/president-ksgov.net\/wp-content\/uploads\/22_12_2017_2429010_22_12_2017_Fjalimi_vjetor_Kuvend_1.jpg","type":"image\/jpeg"}],"author":"admin","twitter_card":"summary_large_image","twitter_misc":{"\u041d\u0430\u043f\u0438\u0441\u0430\u043d\u043e \u043e\u0434":"admin","\u041f\u0440\u043e\u0446\u0435\u045a\u0435\u043d\u043e \u0432\u0440\u0435\u043c\u0435 \u0447\u0438\u0442\u0430\u045a\u0430":"12 \u043c\u0438\u043d\u0443\u0442\u0430"},"schema":{"@context":"https:\/\/schema.org","@graph":[{"@type":"WebPage","@id":"https:\/\/president-ksgov.net\/sr\/predsednik-poziva-na-politiko-i-graansko-ujedinjenje-u-2018-godini\/","url":"https:\/\/president-ksgov.net\/sr\/predsednik-poziva-na-politiko-i-graansko-ujedinjenje-u-2018-godini\/","name":"Predsednik poziva na politi&ccaron;ko i gra&dstrok;ansko ujedinjenje u 2018. godini - Predsednik Republike Kosovo - DR. VJOSA OSMANI - SADRIU","isPartOf":{"@id":"https:\/\/president-ksgov.net\/#website"},"primaryImageOfPage":{"@id":"https:\/\/president-ksgov.net\/sr\/predsednik-poziva-na-politiko-i-graansko-ujedinjenje-u-2018-godini\/#primaryimage"},"image":{"@id":"https:\/\/president-ksgov.net\/sr\/predsednik-poziva-na-politiko-i-graansko-ujedinjenje-u-2018-godini\/#primaryimage"},"thumbnailUrl":"https:\/\/president-ksgov.net\/wp-content\/uploads\/22_12_2017_2429010_22_12_2017_Fjalimi_vjetor_Kuvend_1.jpg","datePublished":"2017-12-22T15:08:10+00:00","dateModified":"2017-12-22T15:08:10+00:00","author":{"@id":"https:\/\/president-ksgov.net\/#\/schema\/person\/bb4337a5fb147cb2046d80548172cbee"},"description":"Predsednik poziva na politi&ccaron;ko i gra&dstrok;ansko ujedinjenje u 2018. godini - Predsednik Republike Kosovo - DR. VJOSA OSMANI - SADRIU -","breadcrumb":{"@id":"https:\/\/president-ksgov.net\/sr\/predsednik-poziva-na-politiko-i-graansko-ujedinjenje-u-2018-godini\/#breadcrumb"},"inLanguage":"sr-RS","potentialAction":[{"@type":"ReadAction","target":["https:\/\/president-ksgov.net\/sr\/predsednik-poziva-na-politiko-i-graansko-ujedinjenje-u-2018-godini\/"]}]},{"@type":"ImageObject","inLanguage":"sr-RS","@id":"https:\/\/president-ksgov.net\/sr\/predsednik-poziva-na-politiko-i-graansko-ujedinjenje-u-2018-godini\/#primaryimage","url":"https:\/\/president-ksgov.net\/wp-content\/uploads\/22_12_2017_2429010_22_12_2017_Fjalimi_vjetor_Kuvend_1.jpg","contentUrl":"https:\/\/president-ksgov.net\/wp-content\/uploads\/22_12_2017_2429010_22_12_2017_Fjalimi_vjetor_Kuvend_1.jpg","width":2000,"height":1318},{"@type":"BreadcrumbList","@id":"https:\/\/president-ksgov.net\/sr\/predsednik-poziva-na-politiko-i-graansko-ujedinjenje-u-2018-godini\/#breadcrumb","itemListElement":[{"@type":"ListItem","position":1,"name":"Home","item":"https:\/\/president-ksgov.net\/sr\/"},{"@type":"ListItem","position":2,"name":"Predsednik poziva na politi&ccaron;ko i gra&dstrok;ansko ujedinjenje u 2018. godini"}]},{"@type":"WebSite","@id":"https:\/\/president-ksgov.net\/#website","url":"https:\/\/president-ksgov.net\/","name":"Presidente e Republik\u00ebs s\u00eb Kosov\u00ebs","description":"Presidente e Republik\u00ebs s\u00eb Kosov\u00ebs","alternateName":"DR. VJOSA OSMANI - SADRIU","potentialAction":[{"@type":"SearchAction","target":{"@type":"EntryPoint","urlTemplate":"https:\/\/president-ksgov.net\/?s={search_term_string}"},"query-input":{"@type":"PropertyValueSpecification","valueRequired":true,"valueName":"search_term_string"}}],"inLanguage":"sr-RS"},{"@type":"Person","@id":"https:\/\/president-ksgov.net\/#\/schema\/person\/bb4337a5fb147cb2046d80548172cbee","name":"admin","image":{"@type":"ImageObject","inLanguage":"sr-RS","@id":"https:\/\/president-ksgov.net\/#\/schema\/person\/image\/","url":"https:\/\/secure.gravatar.com\/avatar\/36156ca0fa3b8d9d25174f146e16beea0cf28f37adf1b9e19b6c9c279a7c9dd3?s=96&d=mm&r=g","contentUrl":"https:\/\/secure.gravatar.com\/avatar\/36156ca0fa3b8d9d25174f146e16beea0cf28f37adf1b9e19b6c9c279a7c9dd3?s=96&d=mm&r=g","caption":"admin"},"sameAs":["https:\/\/president-ksgov.net"]}]}},"_links":{"self":[{"href":"https:\/\/president-ksgov.net\/sr\/wp-json\/wp\/v2\/posts\/75995","targetHints":{"allow":["GET"]}}],"collection":[{"href":"https:\/\/president-ksgov.net\/sr\/wp-json\/wp\/v2\/posts"}],"about":[{"href":"https:\/\/president-ksgov.net\/sr\/wp-json\/wp\/v2\/types\/post"}],"author":[{"embeddable":true,"href":"https:\/\/president-ksgov.net\/sr\/wp-json\/wp\/v2\/users\/1"}],"replies":[{"embeddable":true,"href":"https:\/\/president-ksgov.net\/sr\/wp-json\/wp\/v2\/comments?post=75995"}],"version-history":[{"count":0,"href":"https:\/\/president-ksgov.net\/sr\/wp-json\/wp\/v2\/posts\/75995\/revisions"}],"wp:featuredmedia":[{"embeddable":true,"href":"https:\/\/president-ksgov.net\/sr\/wp-json\/wp\/v2\/media\/28484"}],"wp:attachment":[{"href":"https:\/\/president-ksgov.net\/sr\/wp-json\/wp\/v2\/media?parent=75995"}],"wp:term":[{"taxonomy":"category","embeddable":true,"href":"https:\/\/president-ksgov.net\/sr\/wp-json\/wp\/v2\/categories?post=75995"},{"taxonomy":"post_tag","embeddable":true,"href":"https:\/\/president-ksgov.net\/sr\/wp-json\/wp\/v2\/tags?post=75995"}],"curies":[{"name":"wp","href":"https:\/\/api.w.org\/{rel}","templated":true}]}}