{"id":75990,"date":"2017-12-28T16:11:44","date_gmt":"2017-12-28T16:11:44","guid":{"rendered":"https:\/\/dev.president-ksgov.net\/predsedniku-thaciju-estitali-italijanski-crnogirski-maarski-i-albanski-predsednik\/"},"modified":"2017-12-28T16:11:44","modified_gmt":"2017-12-28T16:11:44","slug":"predsedniku-thaciju-estitali-italijanski-crnogirski-maarski-i-albanski-predsednik","status":"publish","type":"post","link":"https:\/\/president-ksgov.net\/sr\/predsedniku-thaciju-estitali-italijanski-crnogirski-maarski-i-albanski-predsednik\/","title":{"rendered":"Predsedniku Tha\u00e7iju &ccaron;estitali italijanski, crnogirski, ma&dstrok;arski i albanski predsednik"},"content":{"rendered":"<p>Predsednik Republike Italije, Sergio Mattarella, je putem telegrama &ccaron;estitke &ccaron;estitao predsedniku Tha\u00e7iju i na\u0161oj zemlji novogodi\u0161nje praznike.<\/p>\n<p>Predsednik Italije, Sergio Mattarella je kosovskom narodu po&#382;eleo mir, prosperitet i radost. <\/p>\n<p>\u201cZadovoljstvo mi je da na pragu nove godine vama i va\u0161oj zemlji izrazim moje najiskrenije &#382;elje za mir, prosperitet i radost\u201d, ka&#382;e se u &ccaron;estitki za predsednika Tha\u00e7ija. <\/p>\n<p>I predsednik Crne Gore, Filip Vujanovi&cacute; je predsedniku Tha\u00e7iju i na\u0161im gra&dstrok;anima &ccaron;estitao novogodi\u0161nje praznike. <\/p>\n<p>Ostale &ccaron;estitke koje su danas pristigle u Kancelariju predsednika su od predsednika Ma&dstrok;arske, J\u00e1nosa \u00c1dera, kao i predsednika Albanije, Ilira Mete.<br \/>\n\u00a0<\/p>\n","protected":false},"excerpt":{"rendered":"<p>Predsednik Republike Italije, Sergio Mattarella, je putem telegrama &ccaron;estitke &ccaron;estitao predsedniku Tha\u00e7iju i na\u0161oj zemlji novogodi\u0161nje praznike.<\/p>\n","protected":false},"author":1,"featured_media":28461,"comment_status":"open","ping_status":"closed","sticky":false,"template":"","format":"standard","meta":{"_eb_attr":"","footnotes":""},"categories":[101],"tags":[],"class_list":["post-75990","post","type-post","status-publish","format-standard","has-post-thumbnail","hentry","category-vesti"],"yoast_head":"<!-- This site is optimized with the Yoast SEO plugin v23.5 - https:\/\/yoast.com\/wordpress\/plugins\/seo\/ -->\n<title>Predsedniku Tha\u00e7iju &amp;ccaron;estitali italijanski, crnogirski, ma&amp;dstrok;arski i albanski predsednik - Predsednik Republike Kosovo - DR. VJOSA OSMANI - SADRIU<\/title>\n<meta name=\"description\" content=\"Predsedniku Tha\u00e7iju &amp;ccaron;estitali italijanski, crnogirski, ma&amp;dstrok;arski i albanski predsednik - Predsednik Republike Kosovo - DR. VJOSA OSMANI - SADRIU -\" \/>\n<meta name=\"robots\" content=\"index, follow, max-snippet:-1, max-image-preview:large, max-video-preview:-1\" \/>\n<link rel=\"canonical\" href=\"https:\/\/president-ksgov.net\/sr\/predsedniku-thaciju-estitali-italijanski-crnogirski-maarski-i-albanski-predsednik\/\" \/>\n<meta property=\"og:locale\" content=\"sr_RS\" \/>\n<meta property=\"og:type\" content=\"article\" \/>\n<meta property=\"og:title\" content=\"Predsedniku Tha\u00e7iju &amp;ccaron;estitali italijanski, crnogirski, ma&amp;dstrok;arski i albanski predsednik - Predsednik Republike Kosovo - DR. VJOSA OSMANI - SADRIU\" \/>\n<meta property=\"og:description\" content=\"Predsedniku Tha\u00e7iju &amp;ccaron;estitali italijanski, crnogirski, ma&amp;dstrok;arski i albanski predsednik - Predsednik Republike Kosovo - DR. VJOSA OSMANI - SADRIU -\" \/>\n<meta property=\"og:url\" content=\"https:\/\/president-ksgov.net\/sr\/predsedniku-thaciju-estitali-italijanski-crnogirski-maarski-i-albanski-predsednik\/\" \/>\n<meta property=\"og:site_name\" content=\"Predsednik Republike Kosovo - DR. VJOSA OSMANI - SADRIU\" \/>\n<meta property=\"article:published_time\" content=\"2017-12-28T16:11:44+00:00\" \/>\n<meta property=\"og:image\" content=\"https:\/\/president-ksgov.net\/wp-content\/uploads\/28_12_2017_6615602_Presidentin_Thac__i_e_urojne___presidenti_italian__ai_malazez__hungarez_dhe_ai_shqiptar_1_jpg.jpg\" \/>\n\t<meta property=\"og:image:width\" content=\"1280\" \/>\n\t<meta property=\"og:image:height\" content=\"960\" \/>\n\t<meta property=\"og:image:type\" content=\"image\/jpeg\" \/>\n<meta name=\"author\" content=\"admin\" \/>\n<meta name=\"twitter:card\" content=\"summary_large_image\" \/>\n<meta name=\"twitter:label1\" content=\"\u041d\u0430\u043f\u0438\u0441\u0430\u043d\u043e \u043e\u0434\" \/>\n\t<meta name=\"twitter:data1\" content=\"admin\" \/>\n\t<meta name=\"twitter:label2\" content=\"\u041f\u0440\u043e\u0446\u0435\u045a\u0435\u043d\u043e \u0432\u0440\u0435\u043c\u0435 \u0447\u0438\u0442\u0430\u045a\u0430\" \/>\n\t<meta name=\"twitter:data2\" content=\"1 \u043c\u0438\u043d\u0443\u0442\" \/>\n<script type=\"application\/ld+json\" class=\"yoast-schema-graph\">{\"@context\":\"https:\/\/schema.org\",\"@graph\":[{\"@type\":\"WebPage\",\"@id\":\"https:\/\/president-ksgov.net\/sr\/predsedniku-thaciju-estitali-italijanski-crnogirski-maarski-i-albanski-predsednik\/\",\"url\":\"https:\/\/president-ksgov.net\/sr\/predsedniku-thaciju-estitali-italijanski-crnogirski-maarski-i-albanski-predsednik\/\",\"name\":\"Predsedniku Tha\u00e7iju &ccaron;estitali italijanski, crnogirski, ma&dstrok;arski i albanski predsednik - Predsednik Republike Kosovo - DR. VJOSA OSMANI - SADRIU\",\"isPartOf\":{\"@id\":\"https:\/\/president-ksgov.net\/#website\"},\"primaryImageOfPage\":{\"@id\":\"https:\/\/president-ksgov.net\/sr\/predsedniku-thaciju-estitali-italijanski-crnogirski-maarski-i-albanski-predsednik\/#primaryimage\"},\"image\":{\"@id\":\"https:\/\/president-ksgov.net\/sr\/predsedniku-thaciju-estitali-italijanski-crnogirski-maarski-i-albanski-predsednik\/#primaryimage\"},\"thumbnailUrl\":\"https:\/\/president-ksgov.net\/wp-content\/uploads\/28_12_2017_6615602_Presidentin_Thac__i_e_urojne___presidenti_italian__ai_malazez__hungarez_dhe_ai_shqiptar_1_jpg.jpg\",\"datePublished\":\"2017-12-28T16:11:44+00:00\",\"dateModified\":\"2017-12-28T16:11:44+00:00\",\"author\":{\"@id\":\"https:\/\/president-ksgov.net\/#\/schema\/person\/bb4337a5fb147cb2046d80548172cbee\"},\"description\":\"Predsedniku Tha\u00e7iju &ccaron;estitali italijanski, crnogirski, ma&dstrok;arski i albanski predsednik - Predsednik Republike Kosovo - DR. VJOSA OSMANI - SADRIU -\",\"breadcrumb\":{\"@id\":\"https:\/\/president-ksgov.net\/sr\/predsedniku-thaciju-estitali-italijanski-crnogirski-maarski-i-albanski-predsednik\/#breadcrumb\"},\"inLanguage\":\"sr-RS\",\"potentialAction\":[{\"@type\":\"ReadAction\",\"target\":[\"https:\/\/president-ksgov.net\/sr\/predsedniku-thaciju-estitali-italijanski-crnogirski-maarski-i-albanski-predsednik\/\"]}]},{\"@type\":\"ImageObject\",\"inLanguage\":\"sr-RS\",\"@id\":\"https:\/\/president-ksgov.net\/sr\/predsedniku-thaciju-estitali-italijanski-crnogirski-maarski-i-albanski-predsednik\/#primaryimage\",\"url\":\"https:\/\/president-ksgov.net\/wp-content\/uploads\/28_12_2017_6615602_Presidentin_Thac__i_e_urojne___presidenti_italian__ai_malazez__hungarez_dhe_ai_shqiptar_1_jpg.jpg\",\"contentUrl\":\"https:\/\/president-ksgov.net\/wp-content\/uploads\/28_12_2017_6615602_Presidentin_Thac__i_e_urojne___presidenti_italian__ai_malazez__hungarez_dhe_ai_shqiptar_1_jpg.jpg\",\"width\":1280,\"height\":960},{\"@type\":\"BreadcrumbList\",\"@id\":\"https:\/\/president-ksgov.net\/sr\/predsedniku-thaciju-estitali-italijanski-crnogirski-maarski-i-albanski-predsednik\/#breadcrumb\",\"itemListElement\":[{\"@type\":\"ListItem\",\"position\":1,\"name\":\"Home\",\"item\":\"https:\/\/president-ksgov.net\/sr\/\"},{\"@type\":\"ListItem\",\"position\":2,\"name\":\"Predsedniku Tha\u00e7iju &ccaron;estitali italijanski, crnogirski, ma&dstrok;arski i albanski predsednik\"}]},{\"@type\":\"WebSite\",\"@id\":\"https:\/\/president-ksgov.net\/#website\",\"url\":\"https:\/\/president-ksgov.net\/\",\"name\":\"Presidente e Republik\u00ebs s\u00eb Kosov\u00ebs\",\"description\":\"Presidente e Republik\u00ebs s\u00eb Kosov\u00ebs\",\"alternateName\":\"DR. VJOSA OSMANI - SADRIU\",\"potentialAction\":[{\"@type\":\"SearchAction\",\"target\":{\"@type\":\"EntryPoint\",\"urlTemplate\":\"https:\/\/president-ksgov.net\/?s={search_term_string}\"},\"query-input\":{\"@type\":\"PropertyValueSpecification\",\"valueRequired\":true,\"valueName\":\"search_term_string\"}}],\"inLanguage\":\"sr-RS\"},{\"@type\":\"Person\",\"@id\":\"https:\/\/president-ksgov.net\/#\/schema\/person\/bb4337a5fb147cb2046d80548172cbee\",\"name\":\"admin\",\"image\":{\"@type\":\"ImageObject\",\"inLanguage\":\"sr-RS\",\"@id\":\"https:\/\/president-ksgov.net\/#\/schema\/person\/image\/\",\"url\":\"https:\/\/secure.gravatar.com\/avatar\/36156ca0fa3b8d9d25174f146e16beea0cf28f37adf1b9e19b6c9c279a7c9dd3?s=96&d=mm&r=g\",\"contentUrl\":\"https:\/\/secure.gravatar.com\/avatar\/36156ca0fa3b8d9d25174f146e16beea0cf28f37adf1b9e19b6c9c279a7c9dd3?s=96&d=mm&r=g\",\"caption\":\"admin\"},\"sameAs\":[\"https:\/\/president-ksgov.net\"]}]}<\/script>\n<!-- \/ Yoast SEO plugin. -->","yoast_head_json":{"title":"Predsedniku Tha\u00e7iju &ccaron;estitali italijanski, crnogirski, ma&dstrok;arski i albanski predsednik - Predsednik Republike Kosovo - DR. VJOSA OSMANI - SADRIU","description":"Predsedniku Tha\u00e7iju &ccaron;estitali italijanski, crnogirski, ma&dstrok;arski i albanski predsednik - Predsednik Republike Kosovo - DR. VJOSA OSMANI - SADRIU -","robots":{"index":"index","follow":"follow","max-snippet":"max-snippet:-1","max-image-preview":"max-image-preview:large","max-video-preview":"max-video-preview:-1"},"canonical":"https:\/\/president-ksgov.net\/sr\/predsedniku-thaciju-estitali-italijanski-crnogirski-maarski-i-albanski-predsednik\/","og_locale":"sr_RS","og_type":"article","og_title":"Predsedniku Tha\u00e7iju &ccaron;estitali italijanski, crnogirski, ma&dstrok;arski i albanski predsednik - Predsednik Republike Kosovo - DR. VJOSA OSMANI - SADRIU","og_description":"Predsedniku Tha\u00e7iju &ccaron;estitali italijanski, crnogirski, ma&dstrok;arski i albanski predsednik - Predsednik Republike Kosovo - DR. VJOSA OSMANI - SADRIU -","og_url":"https:\/\/president-ksgov.net\/sr\/predsedniku-thaciju-estitali-italijanski-crnogirski-maarski-i-albanski-predsednik\/","og_site_name":"Predsednik Republike Kosovo - DR. VJOSA OSMANI - SADRIU","article_published_time":"2017-12-28T16:11:44+00:00","og_image":[{"width":1280,"height":960,"url":"https:\/\/president-ksgov.net\/wp-content\/uploads\/28_12_2017_6615602_Presidentin_Thac__i_e_urojne___presidenti_italian__ai_malazez__hungarez_dhe_ai_shqiptar_1_jpg.jpg","type":"image\/jpeg"}],"author":"admin","twitter_card":"summary_large_image","twitter_misc":{"\u041d\u0430\u043f\u0438\u0441\u0430\u043d\u043e \u043e\u0434":"admin","\u041f\u0440\u043e\u0446\u0435\u045a\u0435\u043d\u043e \u0432\u0440\u0435\u043c\u0435 \u0447\u0438\u0442\u0430\u045a\u0430":"1 \u043c\u0438\u043d\u0443\u0442"},"schema":{"@context":"https:\/\/schema.org","@graph":[{"@type":"WebPage","@id":"https:\/\/president-ksgov.net\/sr\/predsedniku-thaciju-estitali-italijanski-crnogirski-maarski-i-albanski-predsednik\/","url":"https:\/\/president-ksgov.net\/sr\/predsedniku-thaciju-estitali-italijanski-crnogirski-maarski-i-albanski-predsednik\/","name":"Predsedniku Tha\u00e7iju &ccaron;estitali italijanski, crnogirski, ma&dstrok;arski i albanski predsednik - Predsednik Republike Kosovo - DR. VJOSA OSMANI - SADRIU","isPartOf":{"@id":"https:\/\/president-ksgov.net\/#website"},"primaryImageOfPage":{"@id":"https:\/\/president-ksgov.net\/sr\/predsedniku-thaciju-estitali-italijanski-crnogirski-maarski-i-albanski-predsednik\/#primaryimage"},"image":{"@id":"https:\/\/president-ksgov.net\/sr\/predsedniku-thaciju-estitali-italijanski-crnogirski-maarski-i-albanski-predsednik\/#primaryimage"},"thumbnailUrl":"https:\/\/president-ksgov.net\/wp-content\/uploads\/28_12_2017_6615602_Presidentin_Thac__i_e_urojne___presidenti_italian__ai_malazez__hungarez_dhe_ai_shqiptar_1_jpg.jpg","datePublished":"2017-12-28T16:11:44+00:00","dateModified":"2017-12-28T16:11:44+00:00","author":{"@id":"https:\/\/president-ksgov.net\/#\/schema\/person\/bb4337a5fb147cb2046d80548172cbee"},"description":"Predsedniku Tha\u00e7iju &ccaron;estitali italijanski, crnogirski, ma&dstrok;arski i albanski predsednik - Predsednik Republike Kosovo - DR. VJOSA OSMANI - SADRIU -","breadcrumb":{"@id":"https:\/\/president-ksgov.net\/sr\/predsedniku-thaciju-estitali-italijanski-crnogirski-maarski-i-albanski-predsednik\/#breadcrumb"},"inLanguage":"sr-RS","potentialAction":[{"@type":"ReadAction","target":["https:\/\/president-ksgov.net\/sr\/predsedniku-thaciju-estitali-italijanski-crnogirski-maarski-i-albanski-predsednik\/"]}]},{"@type":"ImageObject","inLanguage":"sr-RS","@id":"https:\/\/president-ksgov.net\/sr\/predsedniku-thaciju-estitali-italijanski-crnogirski-maarski-i-albanski-predsednik\/#primaryimage","url":"https:\/\/president-ksgov.net\/wp-content\/uploads\/28_12_2017_6615602_Presidentin_Thac__i_e_urojne___presidenti_italian__ai_malazez__hungarez_dhe_ai_shqiptar_1_jpg.jpg","contentUrl":"https:\/\/president-ksgov.net\/wp-content\/uploads\/28_12_2017_6615602_Presidentin_Thac__i_e_urojne___presidenti_italian__ai_malazez__hungarez_dhe_ai_shqiptar_1_jpg.jpg","width":1280,"height":960},{"@type":"BreadcrumbList","@id":"https:\/\/president-ksgov.net\/sr\/predsedniku-thaciju-estitali-italijanski-crnogirski-maarski-i-albanski-predsednik\/#breadcrumb","itemListElement":[{"@type":"ListItem","position":1,"name":"Home","item":"https:\/\/president-ksgov.net\/sr\/"},{"@type":"ListItem","position":2,"name":"Predsedniku Tha\u00e7iju &ccaron;estitali italijanski, crnogirski, ma&dstrok;arski i albanski predsednik"}]},{"@type":"WebSite","@id":"https:\/\/president-ksgov.net\/#website","url":"https:\/\/president-ksgov.net\/","name":"Presidente e Republik\u00ebs s\u00eb Kosov\u00ebs","description":"Presidente e Republik\u00ebs s\u00eb Kosov\u00ebs","alternateName":"DR. VJOSA OSMANI - SADRIU","potentialAction":[{"@type":"SearchAction","target":{"@type":"EntryPoint","urlTemplate":"https:\/\/president-ksgov.net\/?s={search_term_string}"},"query-input":{"@type":"PropertyValueSpecification","valueRequired":true,"valueName":"search_term_string"}}],"inLanguage":"sr-RS"},{"@type":"Person","@id":"https:\/\/president-ksgov.net\/#\/schema\/person\/bb4337a5fb147cb2046d80548172cbee","name":"admin","image":{"@type":"ImageObject","inLanguage":"sr-RS","@id":"https:\/\/president-ksgov.net\/#\/schema\/person\/image\/","url":"https:\/\/secure.gravatar.com\/avatar\/36156ca0fa3b8d9d25174f146e16beea0cf28f37adf1b9e19b6c9c279a7c9dd3?s=96&d=mm&r=g","contentUrl":"https:\/\/secure.gravatar.com\/avatar\/36156ca0fa3b8d9d25174f146e16beea0cf28f37adf1b9e19b6c9c279a7c9dd3?s=96&d=mm&r=g","caption":"admin"},"sameAs":["https:\/\/president-ksgov.net"]}]}},"_links":{"self":[{"href":"https:\/\/president-ksgov.net\/sr\/wp-json\/wp\/v2\/posts\/75990","targetHints":{"allow":["GET"]}}],"collection":[{"href":"https:\/\/president-ksgov.net\/sr\/wp-json\/wp\/v2\/posts"}],"about":[{"href":"https:\/\/president-ksgov.net\/sr\/wp-json\/wp\/v2\/types\/post"}],"author":[{"embeddable":true,"href":"https:\/\/president-ksgov.net\/sr\/wp-json\/wp\/v2\/users\/1"}],"replies":[{"embeddable":true,"href":"https:\/\/president-ksgov.net\/sr\/wp-json\/wp\/v2\/comments?post=75990"}],"version-history":[{"count":0,"href":"https:\/\/president-ksgov.net\/sr\/wp-json\/wp\/v2\/posts\/75990\/revisions"}],"wp:featuredmedia":[{"embeddable":true,"href":"https:\/\/president-ksgov.net\/sr\/wp-json\/wp\/v2\/media\/28461"}],"wp:attachment":[{"href":"https:\/\/president-ksgov.net\/sr\/wp-json\/wp\/v2\/media?parent=75990"}],"wp:term":[{"taxonomy":"category","embeddable":true,"href":"https:\/\/president-ksgov.net\/sr\/wp-json\/wp\/v2\/categories?post=75990"},{"taxonomy":"post_tag","embeddable":true,"href":"https:\/\/president-ksgov.net\/sr\/wp-json\/wp\/v2\/tags?post=75990"}],"curies":[{"name":"wp","href":"https:\/\/api.w.org\/{rel}","templated":true}]}}