{"id":75913,"date":"2018-03-08T11:44:35","date_gmt":"2018-03-08T11:44:35","guid":{"rendered":"https:\/\/dev.president-ksgov.net\/predsednik-trai-vee-angaovanje-u-ostvarivanju-i-zastiti-prava-ena\/"},"modified":"2018-03-08T11:44:35","modified_gmt":"2018-03-08T11:44:35","slug":"predsednik-trai-vee-angaovanje-u-ostvarivanju-i-zastiti-prava-ena","status":"publish","type":"post","link":"https:\/\/president-ksgov.net\/sr\/predsednik-trai-vee-angaovanje-u-ostvarivanju-i-zastiti-prava-ena\/","title":{"rendered":"Predsednik tra&#158;i ve&cacute;e anga&#158;ovanje u ostvarivanju i za\u0161titi prava &#158;ena"},"content":{"rendered":"<p>Pri\u0161tina, 8. mart 2018. godine \u2013 Predsednik zemlje, Hashim Tha\u00e7i, u&ccaron;estvovao je na konferenciji \u201eImovinska prava &#382;ena na Kosovu, nasledstvo i jednakost pred zakonom\u201c, koju su organizovali Ambasada Francuske i EOBS.<\/p>\n<p>&Ccaron;estitaju&cacute;i svim &#382;enama 8. mart, predsednik Tha\u00e7i\u00a0 je rekao da vi\u0161e nego bilo \u0161ta drugo, na dana\u0161nji dan treba da istaknemo na\u0161u posve&cacute;enost potpunoj rodnoj jednakosti\u00a0 dru\u0161tvu.<\/p>\n<p>On je rekao da se napredak svakog dru\u0161tva mo&#382;e da se oceni tretiranjem koje &#382;ene imaju u njemu i pote\u0161ko&cacute;e kroz koje je pro\u0161lo na\u0161e dru\u0161tvo su usporile dostignu&cacute;a u promovisanju i postizanju jednakosti &#382;ene u na\u0161em dru\u0161tvu.<\/p>\n<p>\u201ePozicija &#382;ene na Kosovu je dosta unapre&dstrok;ena i svi smo na to ponosni. Ponosimo se ulogom koji danas ima kosovska &#382;ena, bilo da je to predsednica, predsednica Ustavnog suda ili CIK-a, kao ambasadorke, poslanice Skup\u0161tine Kosova, savetnice u skup\u0161tinama op\u0161tina, ali i kao olimpijske \u0161ampionke i svetske zvezde pop muzike\u201c, rekao je on.<\/p>\n<p>Ali, predsednik Tha\u00e7i je istakao da imamo i izazove.<\/p>\n<p>\u201eKosovska &#382;ena nastavlja da se suo&ccaron;ava sa smetnjama u ostvarivanju njenih prava. Ovakav jedan izazov je ostvarivanje imovinskih prava i prava na nasle&dstrok;e, koji su predmet ove konferencije. &Ccaron;lan 46 na\u0161eg ustava svim gra&dstrok;anima garantuje njihovo pravo na imovinu. Ali, na&#382;alost, u velikoj meri, &#382;ene na Kosovu se i dalje bore za prevazila&#382;enje prepreka koje ih ometaju u nasle&dstrok;ivanju nepokretne imovine od strane porodice\u201c, potvrdio je predsednik Tha\u00e7i.<\/p>\n<p>\u0160ef dr&#382;ave je rekao da na osnovu Strategije o imovinskim pravima na Kosovu, &#382;ene line 49.6 posto stanovni\u0161tva na Kosovu, a da samo 15.24 posto &#382;ena imaju imovinu registrovanu na njihovo ime.<\/p>\n<p>\u201eA kada &#382;ene ne kontroli\u0161u imovinu, one u ve&cacute;ini slu&ccaron;ajeva ne mogu da budu ni ekonomski akteri. A s druge strane, dokazana je &ccaron;injenica da imovina u vlasni\u0161tvu &#382;ene ima pozitivnu korist i na blagostanje porodica\u201c, rekao j on.<\/p>\n<p>Predsednik Tha\u00e7i je rekao da je prepreka koja pitanje vlasni\u0161tva nad imovinom &ccaron;ini jo\u0161 problemati&ccaron;nijim, jeste i ne pokretanje postupaka za nasle&dstrok;ivanje.<\/p>\n<p>\u201eDok se ne pokretnu postupci za nasle&dstrok;ivanje, uvek &cacute;e biti te\u0161ko da se izvr\u0161e zakonske izmene koje &cacute;e promovisati vlasni\u0161tvo &#382;ena nad imovinom. I odustajanje samih &#382;ena od njihovog prava da nasle&dstrok;uju, u posebnim slu&ccaron;ajevima, uvek je bila velika prepreka koja je onemogu&cacute;avala da one postanu vlasnice nepokretnih imovina na Kosovu\u201c, rekao je predsednik Tha\u00e7i.<\/p>\n<p>\u0160ef dr&#382;ave je rekao da je u pro\u0161losti to vi\u0161e ra&dstrok;eno zbog tradicija, kulturolo\u0161kih normi ili o&ccaron;ekivanja od strane porodice, ali ovo stanje se mora promeniti.<\/p>\n<p>\u201eTreba da se promeni, po&ccaron;ev od svake porodice\u201c, rekao je on.<\/p>\n<p>Predsednik Tha\u00e7i je rekao da u pore&dstrok;enju sa regionom mi smo postigli mnogo ve&cacute;i napredak.<\/p>\n<p>\u201eIzvr\u0161ili smo najbr&#382;e reforme. Sastavili smo moderne zakone,, koji reguli\u0161u ovo polje i sada su na snazi. Organizovane su mnogobrojne doma&cacute;e i me&dstrok;unarodne konferencije, koje su tretirale ove probleme. Konstantno smo se trudili da pove&cacute;amo pa&#382;nju javnosti. Politi&ccaron;ka volja je uvek postojala, jer su ovo izuzetno bitna pitanja za dru\u0161tvo i blagostanje gra&dstrok;ana\u201c, rekao je on.<\/p>\n<p>Predsednik Tha\u00e7i je &ccaron;estitao svim institucijama koje su doprinele i nastavljaju da doprinose u tom pravcu, ali je tra&#382;io jo\u0161 vi\u0161e anga&#382;ovanja u ostvarivanju i za\u0161titi punih prava &#382;ena na Kosovu.<\/p>\n<p>\u00a0<\/p>\n","protected":false},"excerpt":{"rendered":"<p>Pri\u0161tina, 8. mart 2018. godine \u2013 Predsednik zemlje, Hashim Tha\u00e7i, u&ccaron;estvovao je na konferenciji \u201eImovinska prava &#382;ena na Kosovu, nasledstvo i jednakost pred zakonom\u201c, koju su organizovali Ambasada Francuske i EOBS.<\/p>\n","protected":false},"author":1,"featured_media":27844,"comment_status":"open","ping_status":"closed","sticky":false,"template":"","format":"standard","meta":{"_eb_attr":"","footnotes":""},"categories":[101],"tags":[],"class_list":["post-75913","post","type-post","status-publish","format-standard","has-post-thumbnail","hentry","category-vesti"],"yoast_head":"<!-- This site is optimized with the Yoast SEO plugin v23.5 - https:\/\/yoast.com\/wordpress\/plugins\/seo\/ -->\n<title>Predsednik tra&#158;i ve&amp;cacute;e anga&#158;ovanje u ostvarivanju i za\u0161titi prava &#158;ena - Predsednik Republike Kosovo - DR. VJOSA OSMANI - SADRIU<\/title>\n<meta name=\"description\" content=\"Predsednik tra&#158;i ve&amp;cacute;e anga&#158;ovanje u ostvarivanju i za\u0161titi prava &#158;ena - Predsednik Republike Kosovo - DR. VJOSA OSMANI - SADRIU -\" \/>\n<meta name=\"robots\" content=\"index, follow, max-snippet:-1, max-image-preview:large, max-video-preview:-1\" \/>\n<link rel=\"canonical\" href=\"https:\/\/president-ksgov.net\/sr\/predsednik-trai-vee-angaovanje-u-ostvarivanju-i-zastiti-prava-ena\/\" \/>\n<meta property=\"og:locale\" content=\"sr_RS\" \/>\n<meta property=\"og:type\" content=\"article\" \/>\n<meta property=\"og:title\" content=\"Predsednik tra&#158;i ve&amp;cacute;e anga&#158;ovanje u ostvarivanju i za\u0161titi prava &#158;ena - Predsednik Republike Kosovo - DR. VJOSA OSMANI - SADRIU\" \/>\n<meta property=\"og:description\" content=\"Predsednik tra&#158;i ve&amp;cacute;e anga&#158;ovanje u ostvarivanju i za\u0161titi prava &#158;ena - Predsednik Republike Kosovo - DR. VJOSA OSMANI - SADRIU -\" \/>\n<meta property=\"og:url\" content=\"https:\/\/president-ksgov.net\/sr\/predsednik-trai-vee-angaovanje-u-ostvarivanju-i-zastiti-prava-ena\/\" \/>\n<meta property=\"og:site_name\" content=\"Predsednik Republike Kosovo - DR. VJOSA OSMANI - SADRIU\" \/>\n<meta property=\"article:published_time\" content=\"2018-03-08T11:44:35+00:00\" \/>\n<meta property=\"og:image\" content=\"https:\/\/president-ksgov.net\/wp-content\/uploads\/08_03_2018_8893221_2Q6A4151.jpg\" \/>\n\t<meta property=\"og:image:width\" content=\"2000\" \/>\n\t<meta property=\"og:image:height\" content=\"1210\" \/>\n\t<meta property=\"og:image:type\" content=\"image\/jpeg\" \/>\n<meta name=\"author\" content=\"admin\" \/>\n<meta name=\"twitter:card\" content=\"summary_large_image\" \/>\n<meta name=\"twitter:label1\" content=\"\u041d\u0430\u043f\u0438\u0441\u0430\u043d\u043e \u043e\u0434\" \/>\n\t<meta name=\"twitter:data1\" content=\"admin\" \/>\n\t<meta name=\"twitter:label2\" content=\"\u041f\u0440\u043e\u0446\u0435\u045a\u0435\u043d\u043e \u0432\u0440\u0435\u043c\u0435 \u0447\u0438\u0442\u0430\u045a\u0430\" \/>\n\t<meta name=\"twitter:data2\" content=\"3 \u043c\u0438\u043d\u0443\u0442\u0430\" \/>\n<script type=\"application\/ld+json\" class=\"yoast-schema-graph\">{\"@context\":\"https:\/\/schema.org\",\"@graph\":[{\"@type\":\"WebPage\",\"@id\":\"https:\/\/president-ksgov.net\/sr\/predsednik-trai-vee-angaovanje-u-ostvarivanju-i-zastiti-prava-ena\/\",\"url\":\"https:\/\/president-ksgov.net\/sr\/predsednik-trai-vee-angaovanje-u-ostvarivanju-i-zastiti-prava-ena\/\",\"name\":\"Predsednik tra&#158;i ve&cacute;e anga&#158;ovanje u ostvarivanju i za\u0161titi prava &#158;ena - Predsednik Republike Kosovo - DR. VJOSA OSMANI - SADRIU\",\"isPartOf\":{\"@id\":\"https:\/\/president-ksgov.net\/#website\"},\"primaryImageOfPage\":{\"@id\":\"https:\/\/president-ksgov.net\/sr\/predsednik-trai-vee-angaovanje-u-ostvarivanju-i-zastiti-prava-ena\/#primaryimage\"},\"image\":{\"@id\":\"https:\/\/president-ksgov.net\/sr\/predsednik-trai-vee-angaovanje-u-ostvarivanju-i-zastiti-prava-ena\/#primaryimage\"},\"thumbnailUrl\":\"https:\/\/president-ksgov.net\/wp-content\/uploads\/08_03_2018_8893221_2Q6A4151.jpg\",\"datePublished\":\"2018-03-08T11:44:35+00:00\",\"dateModified\":\"2018-03-08T11:44:35+00:00\",\"author\":{\"@id\":\"https:\/\/president-ksgov.net\/#\/schema\/person\/bb4337a5fb147cb2046d80548172cbee\"},\"description\":\"Predsednik tra&#158;i ve&cacute;e anga&#158;ovanje u ostvarivanju i za\u0161titi prava &#158;ena - Predsednik Republike Kosovo - DR. VJOSA OSMANI - SADRIU -\",\"breadcrumb\":{\"@id\":\"https:\/\/president-ksgov.net\/sr\/predsednik-trai-vee-angaovanje-u-ostvarivanju-i-zastiti-prava-ena\/#breadcrumb\"},\"inLanguage\":\"sr-RS\",\"potentialAction\":[{\"@type\":\"ReadAction\",\"target\":[\"https:\/\/president-ksgov.net\/sr\/predsednik-trai-vee-angaovanje-u-ostvarivanju-i-zastiti-prava-ena\/\"]}]},{\"@type\":\"ImageObject\",\"inLanguage\":\"sr-RS\",\"@id\":\"https:\/\/president-ksgov.net\/sr\/predsednik-trai-vee-angaovanje-u-ostvarivanju-i-zastiti-prava-ena\/#primaryimage\",\"url\":\"https:\/\/president-ksgov.net\/wp-content\/uploads\/08_03_2018_8893221_2Q6A4151.jpg\",\"contentUrl\":\"https:\/\/president-ksgov.net\/wp-content\/uploads\/08_03_2018_8893221_2Q6A4151.jpg\",\"width\":2000,\"height\":1210},{\"@type\":\"BreadcrumbList\",\"@id\":\"https:\/\/president-ksgov.net\/sr\/predsednik-trai-vee-angaovanje-u-ostvarivanju-i-zastiti-prava-ena\/#breadcrumb\",\"itemListElement\":[{\"@type\":\"ListItem\",\"position\":1,\"name\":\"Home\",\"item\":\"https:\/\/president-ksgov.net\/sr\/\"},{\"@type\":\"ListItem\",\"position\":2,\"name\":\"Predsednik tra&#158;i ve&cacute;e anga&#158;ovanje u ostvarivanju i za\u0161titi prava &#158;ena\"}]},{\"@type\":\"WebSite\",\"@id\":\"https:\/\/president-ksgov.net\/#website\",\"url\":\"https:\/\/president-ksgov.net\/\",\"name\":\"Presidente e Republik\u00ebs s\u00eb Kosov\u00ebs\",\"description\":\"Presidente e Republik\u00ebs s\u00eb Kosov\u00ebs\",\"alternateName\":\"DR. VJOSA OSMANI - SADRIU\",\"potentialAction\":[{\"@type\":\"SearchAction\",\"target\":{\"@type\":\"EntryPoint\",\"urlTemplate\":\"https:\/\/president-ksgov.net\/?s={search_term_string}\"},\"query-input\":{\"@type\":\"PropertyValueSpecification\",\"valueRequired\":true,\"valueName\":\"search_term_string\"}}],\"inLanguage\":\"sr-RS\"},{\"@type\":\"Person\",\"@id\":\"https:\/\/president-ksgov.net\/#\/schema\/person\/bb4337a5fb147cb2046d80548172cbee\",\"name\":\"admin\",\"image\":{\"@type\":\"ImageObject\",\"inLanguage\":\"sr-RS\",\"@id\":\"https:\/\/president-ksgov.net\/#\/schema\/person\/image\/\",\"url\":\"https:\/\/secure.gravatar.com\/avatar\/36156ca0fa3b8d9d25174f146e16beea0cf28f37adf1b9e19b6c9c279a7c9dd3?s=96&d=mm&r=g\",\"contentUrl\":\"https:\/\/secure.gravatar.com\/avatar\/36156ca0fa3b8d9d25174f146e16beea0cf28f37adf1b9e19b6c9c279a7c9dd3?s=96&d=mm&r=g\",\"caption\":\"admin\"},\"sameAs\":[\"https:\/\/president-ksgov.net\"]}]}<\/script>\n<!-- \/ Yoast SEO plugin. -->","yoast_head_json":{"title":"Predsednik tra&#158;i ve&cacute;e anga&#158;ovanje u ostvarivanju i za\u0161titi prava &#158;ena - Predsednik Republike Kosovo - DR. VJOSA OSMANI - SADRIU","description":"Predsednik tra&#158;i ve&cacute;e anga&#158;ovanje u ostvarivanju i za\u0161titi prava &#158;ena - Predsednik Republike Kosovo - DR. VJOSA OSMANI - SADRIU -","robots":{"index":"index","follow":"follow","max-snippet":"max-snippet:-1","max-image-preview":"max-image-preview:large","max-video-preview":"max-video-preview:-1"},"canonical":"https:\/\/president-ksgov.net\/sr\/predsednik-trai-vee-angaovanje-u-ostvarivanju-i-zastiti-prava-ena\/","og_locale":"sr_RS","og_type":"article","og_title":"Predsednik tra&#158;i ve&cacute;e anga&#158;ovanje u ostvarivanju i za\u0161titi prava &#158;ena - Predsednik Republike Kosovo - DR. VJOSA OSMANI - SADRIU","og_description":"Predsednik tra&#158;i ve&cacute;e anga&#158;ovanje u ostvarivanju i za\u0161titi prava &#158;ena - Predsednik Republike Kosovo - DR. VJOSA OSMANI - SADRIU -","og_url":"https:\/\/president-ksgov.net\/sr\/predsednik-trai-vee-angaovanje-u-ostvarivanju-i-zastiti-prava-ena\/","og_site_name":"Predsednik Republike Kosovo - DR. VJOSA OSMANI - SADRIU","article_published_time":"2018-03-08T11:44:35+00:00","og_image":[{"width":2000,"height":1210,"url":"https:\/\/president-ksgov.net\/wp-content\/uploads\/08_03_2018_8893221_2Q6A4151.jpg","type":"image\/jpeg"}],"author":"admin","twitter_card":"summary_large_image","twitter_misc":{"\u041d\u0430\u043f\u0438\u0441\u0430\u043d\u043e \u043e\u0434":"admin","\u041f\u0440\u043e\u0446\u0435\u045a\u0435\u043d\u043e \u0432\u0440\u0435\u043c\u0435 \u0447\u0438\u0442\u0430\u045a\u0430":"3 \u043c\u0438\u043d\u0443\u0442\u0430"},"schema":{"@context":"https:\/\/schema.org","@graph":[{"@type":"WebPage","@id":"https:\/\/president-ksgov.net\/sr\/predsednik-trai-vee-angaovanje-u-ostvarivanju-i-zastiti-prava-ena\/","url":"https:\/\/president-ksgov.net\/sr\/predsednik-trai-vee-angaovanje-u-ostvarivanju-i-zastiti-prava-ena\/","name":"Predsednik tra&#158;i ve&cacute;e anga&#158;ovanje u ostvarivanju i za\u0161titi prava &#158;ena - Predsednik Republike Kosovo - DR. VJOSA OSMANI - SADRIU","isPartOf":{"@id":"https:\/\/president-ksgov.net\/#website"},"primaryImageOfPage":{"@id":"https:\/\/president-ksgov.net\/sr\/predsednik-trai-vee-angaovanje-u-ostvarivanju-i-zastiti-prava-ena\/#primaryimage"},"image":{"@id":"https:\/\/president-ksgov.net\/sr\/predsednik-trai-vee-angaovanje-u-ostvarivanju-i-zastiti-prava-ena\/#primaryimage"},"thumbnailUrl":"https:\/\/president-ksgov.net\/wp-content\/uploads\/08_03_2018_8893221_2Q6A4151.jpg","datePublished":"2018-03-08T11:44:35+00:00","dateModified":"2018-03-08T11:44:35+00:00","author":{"@id":"https:\/\/president-ksgov.net\/#\/schema\/person\/bb4337a5fb147cb2046d80548172cbee"},"description":"Predsednik tra&#158;i ve&cacute;e anga&#158;ovanje u ostvarivanju i za\u0161titi prava &#158;ena - Predsednik Republike Kosovo - DR. VJOSA OSMANI - SADRIU -","breadcrumb":{"@id":"https:\/\/president-ksgov.net\/sr\/predsednik-trai-vee-angaovanje-u-ostvarivanju-i-zastiti-prava-ena\/#breadcrumb"},"inLanguage":"sr-RS","potentialAction":[{"@type":"ReadAction","target":["https:\/\/president-ksgov.net\/sr\/predsednik-trai-vee-angaovanje-u-ostvarivanju-i-zastiti-prava-ena\/"]}]},{"@type":"ImageObject","inLanguage":"sr-RS","@id":"https:\/\/president-ksgov.net\/sr\/predsednik-trai-vee-angaovanje-u-ostvarivanju-i-zastiti-prava-ena\/#primaryimage","url":"https:\/\/president-ksgov.net\/wp-content\/uploads\/08_03_2018_8893221_2Q6A4151.jpg","contentUrl":"https:\/\/president-ksgov.net\/wp-content\/uploads\/08_03_2018_8893221_2Q6A4151.jpg","width":2000,"height":1210},{"@type":"BreadcrumbList","@id":"https:\/\/president-ksgov.net\/sr\/predsednik-trai-vee-angaovanje-u-ostvarivanju-i-zastiti-prava-ena\/#breadcrumb","itemListElement":[{"@type":"ListItem","position":1,"name":"Home","item":"https:\/\/president-ksgov.net\/sr\/"},{"@type":"ListItem","position":2,"name":"Predsednik tra&#158;i ve&cacute;e anga&#158;ovanje u ostvarivanju i za\u0161titi prava &#158;ena"}]},{"@type":"WebSite","@id":"https:\/\/president-ksgov.net\/#website","url":"https:\/\/president-ksgov.net\/","name":"Presidente e Republik\u00ebs s\u00eb Kosov\u00ebs","description":"Presidente e Republik\u00ebs s\u00eb Kosov\u00ebs","alternateName":"DR. VJOSA OSMANI - SADRIU","potentialAction":[{"@type":"SearchAction","target":{"@type":"EntryPoint","urlTemplate":"https:\/\/president-ksgov.net\/?s={search_term_string}"},"query-input":{"@type":"PropertyValueSpecification","valueRequired":true,"valueName":"search_term_string"}}],"inLanguage":"sr-RS"},{"@type":"Person","@id":"https:\/\/president-ksgov.net\/#\/schema\/person\/bb4337a5fb147cb2046d80548172cbee","name":"admin","image":{"@type":"ImageObject","inLanguage":"sr-RS","@id":"https:\/\/president-ksgov.net\/#\/schema\/person\/image\/","url":"https:\/\/secure.gravatar.com\/avatar\/36156ca0fa3b8d9d25174f146e16beea0cf28f37adf1b9e19b6c9c279a7c9dd3?s=96&d=mm&r=g","contentUrl":"https:\/\/secure.gravatar.com\/avatar\/36156ca0fa3b8d9d25174f146e16beea0cf28f37adf1b9e19b6c9c279a7c9dd3?s=96&d=mm&r=g","caption":"admin"},"sameAs":["https:\/\/president-ksgov.net"]}]}},"_links":{"self":[{"href":"https:\/\/president-ksgov.net\/sr\/wp-json\/wp\/v2\/posts\/75913","targetHints":{"allow":["GET"]}}],"collection":[{"href":"https:\/\/president-ksgov.net\/sr\/wp-json\/wp\/v2\/posts"}],"about":[{"href":"https:\/\/president-ksgov.net\/sr\/wp-json\/wp\/v2\/types\/post"}],"author":[{"embeddable":true,"href":"https:\/\/president-ksgov.net\/sr\/wp-json\/wp\/v2\/users\/1"}],"replies":[{"embeddable":true,"href":"https:\/\/president-ksgov.net\/sr\/wp-json\/wp\/v2\/comments?post=75913"}],"version-history":[{"count":0,"href":"https:\/\/president-ksgov.net\/sr\/wp-json\/wp\/v2\/posts\/75913\/revisions"}],"wp:featuredmedia":[{"embeddable":true,"href":"https:\/\/president-ksgov.net\/sr\/wp-json\/wp\/v2\/media\/27844"}],"wp:attachment":[{"href":"https:\/\/president-ksgov.net\/sr\/wp-json\/wp\/v2\/media?parent=75913"}],"wp:term":[{"taxonomy":"category","embeddable":true,"href":"https:\/\/president-ksgov.net\/sr\/wp-json\/wp\/v2\/categories?post=75913"},{"taxonomy":"post_tag","embeddable":true,"href":"https:\/\/president-ksgov.net\/sr\/wp-json\/wp\/v2\/tags?post=75913"}],"curies":[{"name":"wp","href":"https:\/\/api.w.org\/{rel}","templated":true}]}}