{"id":75910,"date":"2018-03-12T14:30:36","date_gmt":"2018-03-12T14:30:36","guid":{"rendered":"https:\/\/dev.president-ksgov.net\/predsednik-thaci-doekao-pomonog-sekretara-mitchella-razgovarali-o-evro-atlantskoj-perspektivi-kosova\/"},"modified":"2018-03-12T14:30:36","modified_gmt":"2018-03-12T14:30:36","slug":"predsednik-thaci-doekao-pomonog-sekretara-mitchella-razgovarali-o-evro-atlantskoj-perspektivi-kosova","status":"publish","type":"post","link":"https:\/\/president-ksgov.net\/sr\/predsednik-thaci-doekao-pomonog-sekretara-mitchella-razgovarali-o-evro-atlantskoj-perspektivi-kosova\/","title":{"rendered":"Predsednik Tha\u00e7i do&ccaron;ekao pomo&cacute;nog sekretara Mitchella, razgovarali o evro-atlantskoj perspektivi Kosova"},"content":{"rendered":"<p>Pri\u0161tina, 12. mart 2018. godine  &#8211;  Predsednik Republike Kosovo, Hashim Tha\u00e7i, danas je do&ccaron;ekao pomo&cacute;nog dr&#382;avnog sekretara SAD-a za evropska i evro-azijska pitanja, Wessa Mitchella.<\/p>\n<p>Na zajedni&ccaron;koj konferenciji sa pomo&cacute;nim sekretarom Mitchellom, predsednik Tha\u00e7i je rekao da su Sjedinjene Ameri&ccaron;ke Dr&#382;ave bile i da su i dalje strate\u0161ki partner Republike Kosovo, uz stalno prijateljstvo i posebne odnose. <\/p>\n<p>On se zahvalio novoj ameri&ccaron;koj administraciji na posebnoj pa&#382;nji koji posve&cacute;uje Kosovu i Zapadnom Balkanu. <\/p>\n<p>\u201eObavestio sam g. Mitchella o novim mogu&cacute;nostima i na\u0161em anga&#382;ovanju, na\u0161oj posve&cacute;enosti, svih institucija Republike Kosovo, da \u0161to pre zaklju&ccaron;imo pitanje demarkacije sa Crnom Gorom, kako bi Kosovo na&ccaron;inilo i ovaj odlu&ccaron;uju&cacute;i korak u Skup\u0161tini Kosova, bilo da su to albanske partije ili partije zajednica, jer je to strate\u0161ki i dr&#382;avni interes\u201c, rekao je predsednik Tha\u00e7i. <\/p>\n<p>Predsednik Tha\u00e7i\u00a0 je rekao da je sa pomo&cacute;nim sekretarom Mitchellom razgovarao i o \u201edaljim koracima koje &cacute;e preduzeti BSK u ispunjenju kriterijuma potrebnih za osnivanje Oru&#382;anih snaga Kosova, kao novih, multietni&ccaron;kih, profesionalnih snaga, u kojima su zastupljene sve zajednice i u slu&#382;bi mira i stabilnosti\u201c, kao preduslov za u&ccaron;lanjenje\u00a0 u NATO. <\/p>\n<p>\u0160ef dr&#382;ave je rekao da je Kosovo posve&cacute;eno dobrom susedstvu i ja&ccaron;anju evropske perspektive za sve dr&#382;ave Zapadnog Balkana. <\/p>\n<p>A pomo&cacute;ni dr&#382;avni sekretar SAD-a za evropska i evro-azijska pitanja, Wess Mitchell je rekao da su Sjedinjene Ameri&ccaron;ke Dr&#382;ave za demokratsko, multietni&ccaron;ko Kosovo i da su ponovo anga&#382;ovane na podr&#382;avanju njegovog evro-atlantskog puta. <\/p>\n<p>\u201eIma&cacute;emo aktivnu ulogu naredne godine i razgovarali smo o saradnji izme&dstrok;u Kosova i Sjedinjenih Ameri&ccaron;kih Dr&#382;ava na polju bezbednosti, privrede, energije i posebno o dobroj saradnji koju imamo sa Kosovom u suo&ccaron;avanju sa terorizmom o u borbi protiv ISIS-a\u201c, rekao je pomo&cacute;ni sekretar Mitchell. <\/p>\n<p>On je rekao da je Kosovo postiglo mnogo tokom ovih 10 godina u izgradnji institucija od poverenja, pokazuju&cacute;i privredni rast i duboku transformaciju privrede. <\/p>\n<p>Predsednik Tha\u00e7i i pomo&cacute;ni sekretar Mitchell su govorili i o bitnosti da Kosovo bude anga&#382;ovano u dijalogu sa Srbijom, o bitnosti ratifikacije sporazuma o grani&ccaron;noj liniji sa Crnom Gorom, o transformaciji BSK-a preko ustavnih promena, o vladavini zakona i bitnosti konstantne borbe protiv korupcije, kako bi tako obezbedili evro-atlantsku budu&cacute;nost, uz ve&cacute;i privredni rast.<br \/>\n\u00a0<\/p>\n","protected":false},"excerpt":{"rendered":"<p>Pri\u0161tina, 12. mart 2018. godine  &#8211;  Predsednik Republike Kosovo, Hashim Tha\u00e7i, danas je do&ccaron;ekao pomo&cacute;nog dr&#382;avnog sekretara SAD-a za evropska i evro-azijska pitanja, Wessa Mitchella.<\/p>\n","protected":false},"author":1,"featured_media":27817,"comment_status":"open","ping_status":"closed","sticky":false,"template":"","format":"standard","meta":{"_eb_attr":"","footnotes":""},"categories":[101],"tags":[],"class_list":["post-75910","post","type-post","status-publish","format-standard","has-post-thumbnail","hentry","category-vesti"],"yoast_head":"<!-- This site is optimized with the Yoast SEO plugin v23.5 - https:\/\/yoast.com\/wordpress\/plugins\/seo\/ -->\n<title>Predsednik Tha\u00e7i do&amp;ccaron;ekao pomo&amp;cacute;nog sekretara Mitchella, razgovarali o evro-atlantskoj perspektivi Kosova - Predsednik Republike Kosovo - DR. VJOSA OSMANI - SADRIU<\/title>\n<meta name=\"description\" content=\"Predsednik Tha\u00e7i do&amp;ccaron;ekao pomo&amp;cacute;nog sekretara Mitchella, razgovarali o evro-atlantskoj perspektivi Kosova - Predsednik Republike Kosovo - DR. VJOSA OSMANI - SADRIU -\" \/>\n<meta name=\"robots\" content=\"index, follow, max-snippet:-1, max-image-preview:large, max-video-preview:-1\" \/>\n<link rel=\"canonical\" href=\"https:\/\/president-ksgov.net\/sr\/predsednik-thaci-doekao-pomonog-sekretara-mitchella-razgovarali-o-evro-atlantskoj-perspektivi-kosova\/\" \/>\n<meta property=\"og:locale\" content=\"sr_RS\" \/>\n<meta property=\"og:type\" content=\"article\" \/>\n<meta property=\"og:title\" content=\"Predsednik Tha\u00e7i do&amp;ccaron;ekao pomo&amp;cacute;nog sekretara Mitchella, razgovarali o evro-atlantskoj perspektivi Kosova - Predsednik Republike Kosovo - DR. VJOSA OSMANI - SADRIU\" \/>\n<meta property=\"og:description\" content=\"Predsednik Tha\u00e7i do&amp;ccaron;ekao pomo&amp;cacute;nog sekretara Mitchella, razgovarali o evro-atlantskoj perspektivi Kosova - Predsednik Republike Kosovo - DR. VJOSA OSMANI - SADRIU -\" \/>\n<meta property=\"og:url\" content=\"https:\/\/president-ksgov.net\/sr\/predsednik-thaci-doekao-pomonog-sekretara-mitchella-razgovarali-o-evro-atlantskoj-perspektivi-kosova\/\" \/>\n<meta property=\"og:site_name\" content=\"Predsednik Republike Kosovo - DR. VJOSA OSMANI - SADRIU\" \/>\n<meta property=\"article:published_time\" content=\"2018-03-12T14:30:36+00:00\" \/>\n<meta property=\"og:image\" content=\"https:\/\/president-ksgov.net\/wp-content\/uploads\/12_03_2018_9126161_DSC_5044.jpg\" \/>\n\t<meta property=\"og:image:width\" content=\"2000\" \/>\n\t<meta property=\"og:image:height\" content=\"1180\" \/>\n\t<meta property=\"og:image:type\" content=\"image\/jpeg\" \/>\n<meta name=\"author\" content=\"admin\" \/>\n<meta name=\"twitter:card\" content=\"summary_large_image\" \/>\n<meta name=\"twitter:label1\" content=\"\u041d\u0430\u043f\u0438\u0441\u0430\u043d\u043e \u043e\u0434\" \/>\n\t<meta name=\"twitter:data1\" content=\"admin\" \/>\n\t<meta name=\"twitter:label2\" content=\"\u041f\u0440\u043e\u0446\u0435\u045a\u0435\u043d\u043e \u0432\u0440\u0435\u043c\u0435 \u0447\u0438\u0442\u0430\u045a\u0430\" \/>\n\t<meta name=\"twitter:data2\" content=\"2 \u043c\u0438\u043d\u0443\u0442\u0430\" \/>\n<script type=\"application\/ld+json\" class=\"yoast-schema-graph\">{\"@context\":\"https:\/\/schema.org\",\"@graph\":[{\"@type\":\"WebPage\",\"@id\":\"https:\/\/president-ksgov.net\/sr\/predsednik-thaci-doekao-pomonog-sekretara-mitchella-razgovarali-o-evro-atlantskoj-perspektivi-kosova\/\",\"url\":\"https:\/\/president-ksgov.net\/sr\/predsednik-thaci-doekao-pomonog-sekretara-mitchella-razgovarali-o-evro-atlantskoj-perspektivi-kosova\/\",\"name\":\"Predsednik Tha\u00e7i do&ccaron;ekao pomo&cacute;nog sekretara Mitchella, razgovarali o evro-atlantskoj perspektivi Kosova - Predsednik Republike Kosovo - DR. VJOSA OSMANI - SADRIU\",\"isPartOf\":{\"@id\":\"https:\/\/president-ksgov.net\/#website\"},\"primaryImageOfPage\":{\"@id\":\"https:\/\/president-ksgov.net\/sr\/predsednik-thaci-doekao-pomonog-sekretara-mitchella-razgovarali-o-evro-atlantskoj-perspektivi-kosova\/#primaryimage\"},\"image\":{\"@id\":\"https:\/\/president-ksgov.net\/sr\/predsednik-thaci-doekao-pomonog-sekretara-mitchella-razgovarali-o-evro-atlantskoj-perspektivi-kosova\/#primaryimage\"},\"thumbnailUrl\":\"https:\/\/president-ksgov.net\/wp-content\/uploads\/12_03_2018_9126161_DSC_5044.jpg\",\"datePublished\":\"2018-03-12T14:30:36+00:00\",\"dateModified\":\"2018-03-12T14:30:36+00:00\",\"author\":{\"@id\":\"https:\/\/president-ksgov.net\/#\/schema\/person\/bb4337a5fb147cb2046d80548172cbee\"},\"description\":\"Predsednik Tha\u00e7i do&ccaron;ekao pomo&cacute;nog sekretara Mitchella, razgovarali o evro-atlantskoj perspektivi Kosova - Predsednik Republike Kosovo - DR. VJOSA OSMANI - SADRIU -\",\"breadcrumb\":{\"@id\":\"https:\/\/president-ksgov.net\/sr\/predsednik-thaci-doekao-pomonog-sekretara-mitchella-razgovarali-o-evro-atlantskoj-perspektivi-kosova\/#breadcrumb\"},\"inLanguage\":\"sr-RS\",\"potentialAction\":[{\"@type\":\"ReadAction\",\"target\":[\"https:\/\/president-ksgov.net\/sr\/predsednik-thaci-doekao-pomonog-sekretara-mitchella-razgovarali-o-evro-atlantskoj-perspektivi-kosova\/\"]}]},{\"@type\":\"ImageObject\",\"inLanguage\":\"sr-RS\",\"@id\":\"https:\/\/president-ksgov.net\/sr\/predsednik-thaci-doekao-pomonog-sekretara-mitchella-razgovarali-o-evro-atlantskoj-perspektivi-kosova\/#primaryimage\",\"url\":\"https:\/\/president-ksgov.net\/wp-content\/uploads\/12_03_2018_9126161_DSC_5044.jpg\",\"contentUrl\":\"https:\/\/president-ksgov.net\/wp-content\/uploads\/12_03_2018_9126161_DSC_5044.jpg\",\"width\":2000,\"height\":1180},{\"@type\":\"BreadcrumbList\",\"@id\":\"https:\/\/president-ksgov.net\/sr\/predsednik-thaci-doekao-pomonog-sekretara-mitchella-razgovarali-o-evro-atlantskoj-perspektivi-kosova\/#breadcrumb\",\"itemListElement\":[{\"@type\":\"ListItem\",\"position\":1,\"name\":\"Home\",\"item\":\"https:\/\/president-ksgov.net\/sr\/\"},{\"@type\":\"ListItem\",\"position\":2,\"name\":\"Predsednik Tha\u00e7i do&ccaron;ekao pomo&cacute;nog sekretara Mitchella, razgovarali o evro-atlantskoj perspektivi Kosova\"}]},{\"@type\":\"WebSite\",\"@id\":\"https:\/\/president-ksgov.net\/#website\",\"url\":\"https:\/\/president-ksgov.net\/\",\"name\":\"Presidente e Republik\u00ebs s\u00eb Kosov\u00ebs\",\"description\":\"Presidente e Republik\u00ebs s\u00eb Kosov\u00ebs\",\"alternateName\":\"DR. VJOSA OSMANI - SADRIU\",\"potentialAction\":[{\"@type\":\"SearchAction\",\"target\":{\"@type\":\"EntryPoint\",\"urlTemplate\":\"https:\/\/president-ksgov.net\/?s={search_term_string}\"},\"query-input\":{\"@type\":\"PropertyValueSpecification\",\"valueRequired\":true,\"valueName\":\"search_term_string\"}}],\"inLanguage\":\"sr-RS\"},{\"@type\":\"Person\",\"@id\":\"https:\/\/president-ksgov.net\/#\/schema\/person\/bb4337a5fb147cb2046d80548172cbee\",\"name\":\"admin\",\"image\":{\"@type\":\"ImageObject\",\"inLanguage\":\"sr-RS\",\"@id\":\"https:\/\/president-ksgov.net\/#\/schema\/person\/image\/\",\"url\":\"https:\/\/secure.gravatar.com\/avatar\/36156ca0fa3b8d9d25174f146e16beea0cf28f37adf1b9e19b6c9c279a7c9dd3?s=96&d=mm&r=g\",\"contentUrl\":\"https:\/\/secure.gravatar.com\/avatar\/36156ca0fa3b8d9d25174f146e16beea0cf28f37adf1b9e19b6c9c279a7c9dd3?s=96&d=mm&r=g\",\"caption\":\"admin\"},\"sameAs\":[\"https:\/\/president-ksgov.net\"]}]}<\/script>\n<!-- \/ Yoast SEO plugin. -->","yoast_head_json":{"title":"Predsednik Tha\u00e7i do&ccaron;ekao pomo&cacute;nog sekretara Mitchella, razgovarali o evro-atlantskoj perspektivi Kosova - Predsednik Republike Kosovo - DR. VJOSA OSMANI - SADRIU","description":"Predsednik Tha\u00e7i do&ccaron;ekao pomo&cacute;nog sekretara Mitchella, razgovarali o evro-atlantskoj perspektivi Kosova - Predsednik Republike Kosovo - DR. VJOSA OSMANI - SADRIU -","robots":{"index":"index","follow":"follow","max-snippet":"max-snippet:-1","max-image-preview":"max-image-preview:large","max-video-preview":"max-video-preview:-1"},"canonical":"https:\/\/president-ksgov.net\/sr\/predsednik-thaci-doekao-pomonog-sekretara-mitchella-razgovarali-o-evro-atlantskoj-perspektivi-kosova\/","og_locale":"sr_RS","og_type":"article","og_title":"Predsednik Tha\u00e7i do&ccaron;ekao pomo&cacute;nog sekretara Mitchella, razgovarali o evro-atlantskoj perspektivi Kosova - Predsednik Republike Kosovo - DR. VJOSA OSMANI - SADRIU","og_description":"Predsednik Tha\u00e7i do&ccaron;ekao pomo&cacute;nog sekretara Mitchella, razgovarali o evro-atlantskoj perspektivi Kosova - Predsednik Republike Kosovo - DR. VJOSA OSMANI - SADRIU -","og_url":"https:\/\/president-ksgov.net\/sr\/predsednik-thaci-doekao-pomonog-sekretara-mitchella-razgovarali-o-evro-atlantskoj-perspektivi-kosova\/","og_site_name":"Predsednik Republike Kosovo - DR. VJOSA OSMANI - SADRIU","article_published_time":"2018-03-12T14:30:36+00:00","og_image":[{"width":2000,"height":1180,"url":"https:\/\/president-ksgov.net\/wp-content\/uploads\/12_03_2018_9126161_DSC_5044.jpg","type":"image\/jpeg"}],"author":"admin","twitter_card":"summary_large_image","twitter_misc":{"\u041d\u0430\u043f\u0438\u0441\u0430\u043d\u043e \u043e\u0434":"admin","\u041f\u0440\u043e\u0446\u0435\u045a\u0435\u043d\u043e \u0432\u0440\u0435\u043c\u0435 \u0447\u0438\u0442\u0430\u045a\u0430":"2 \u043c\u0438\u043d\u0443\u0442\u0430"},"schema":{"@context":"https:\/\/schema.org","@graph":[{"@type":"WebPage","@id":"https:\/\/president-ksgov.net\/sr\/predsednik-thaci-doekao-pomonog-sekretara-mitchella-razgovarali-o-evro-atlantskoj-perspektivi-kosova\/","url":"https:\/\/president-ksgov.net\/sr\/predsednik-thaci-doekao-pomonog-sekretara-mitchella-razgovarali-o-evro-atlantskoj-perspektivi-kosova\/","name":"Predsednik Tha\u00e7i do&ccaron;ekao pomo&cacute;nog sekretara Mitchella, razgovarali o evro-atlantskoj perspektivi Kosova - Predsednik Republike Kosovo - DR. VJOSA OSMANI - SADRIU","isPartOf":{"@id":"https:\/\/president-ksgov.net\/#website"},"primaryImageOfPage":{"@id":"https:\/\/president-ksgov.net\/sr\/predsednik-thaci-doekao-pomonog-sekretara-mitchella-razgovarali-o-evro-atlantskoj-perspektivi-kosova\/#primaryimage"},"image":{"@id":"https:\/\/president-ksgov.net\/sr\/predsednik-thaci-doekao-pomonog-sekretara-mitchella-razgovarali-o-evro-atlantskoj-perspektivi-kosova\/#primaryimage"},"thumbnailUrl":"https:\/\/president-ksgov.net\/wp-content\/uploads\/12_03_2018_9126161_DSC_5044.jpg","datePublished":"2018-03-12T14:30:36+00:00","dateModified":"2018-03-12T14:30:36+00:00","author":{"@id":"https:\/\/president-ksgov.net\/#\/schema\/person\/bb4337a5fb147cb2046d80548172cbee"},"description":"Predsednik Tha\u00e7i do&ccaron;ekao pomo&cacute;nog sekretara Mitchella, razgovarali o evro-atlantskoj perspektivi Kosova - Predsednik Republike Kosovo - DR. VJOSA OSMANI - SADRIU -","breadcrumb":{"@id":"https:\/\/president-ksgov.net\/sr\/predsednik-thaci-doekao-pomonog-sekretara-mitchella-razgovarali-o-evro-atlantskoj-perspektivi-kosova\/#breadcrumb"},"inLanguage":"sr-RS","potentialAction":[{"@type":"ReadAction","target":["https:\/\/president-ksgov.net\/sr\/predsednik-thaci-doekao-pomonog-sekretara-mitchella-razgovarali-o-evro-atlantskoj-perspektivi-kosova\/"]}]},{"@type":"ImageObject","inLanguage":"sr-RS","@id":"https:\/\/president-ksgov.net\/sr\/predsednik-thaci-doekao-pomonog-sekretara-mitchella-razgovarali-o-evro-atlantskoj-perspektivi-kosova\/#primaryimage","url":"https:\/\/president-ksgov.net\/wp-content\/uploads\/12_03_2018_9126161_DSC_5044.jpg","contentUrl":"https:\/\/president-ksgov.net\/wp-content\/uploads\/12_03_2018_9126161_DSC_5044.jpg","width":2000,"height":1180},{"@type":"BreadcrumbList","@id":"https:\/\/president-ksgov.net\/sr\/predsednik-thaci-doekao-pomonog-sekretara-mitchella-razgovarali-o-evro-atlantskoj-perspektivi-kosova\/#breadcrumb","itemListElement":[{"@type":"ListItem","position":1,"name":"Home","item":"https:\/\/president-ksgov.net\/sr\/"},{"@type":"ListItem","position":2,"name":"Predsednik Tha\u00e7i do&ccaron;ekao pomo&cacute;nog sekretara Mitchella, razgovarali o evro-atlantskoj perspektivi Kosova"}]},{"@type":"WebSite","@id":"https:\/\/president-ksgov.net\/#website","url":"https:\/\/president-ksgov.net\/","name":"Presidente e Republik\u00ebs s\u00eb Kosov\u00ebs","description":"Presidente e Republik\u00ebs s\u00eb Kosov\u00ebs","alternateName":"DR. VJOSA OSMANI - SADRIU","potentialAction":[{"@type":"SearchAction","target":{"@type":"EntryPoint","urlTemplate":"https:\/\/president-ksgov.net\/?s={search_term_string}"},"query-input":{"@type":"PropertyValueSpecification","valueRequired":true,"valueName":"search_term_string"}}],"inLanguage":"sr-RS"},{"@type":"Person","@id":"https:\/\/president-ksgov.net\/#\/schema\/person\/bb4337a5fb147cb2046d80548172cbee","name":"admin","image":{"@type":"ImageObject","inLanguage":"sr-RS","@id":"https:\/\/president-ksgov.net\/#\/schema\/person\/image\/","url":"https:\/\/secure.gravatar.com\/avatar\/36156ca0fa3b8d9d25174f146e16beea0cf28f37adf1b9e19b6c9c279a7c9dd3?s=96&d=mm&r=g","contentUrl":"https:\/\/secure.gravatar.com\/avatar\/36156ca0fa3b8d9d25174f146e16beea0cf28f37adf1b9e19b6c9c279a7c9dd3?s=96&d=mm&r=g","caption":"admin"},"sameAs":["https:\/\/president-ksgov.net"]}]}},"_links":{"self":[{"href":"https:\/\/president-ksgov.net\/sr\/wp-json\/wp\/v2\/posts\/75910","targetHints":{"allow":["GET"]}}],"collection":[{"href":"https:\/\/president-ksgov.net\/sr\/wp-json\/wp\/v2\/posts"}],"about":[{"href":"https:\/\/president-ksgov.net\/sr\/wp-json\/wp\/v2\/types\/post"}],"author":[{"embeddable":true,"href":"https:\/\/president-ksgov.net\/sr\/wp-json\/wp\/v2\/users\/1"}],"replies":[{"embeddable":true,"href":"https:\/\/president-ksgov.net\/sr\/wp-json\/wp\/v2\/comments?post=75910"}],"version-history":[{"count":0,"href":"https:\/\/president-ksgov.net\/sr\/wp-json\/wp\/v2\/posts\/75910\/revisions"}],"wp:featuredmedia":[{"embeddable":true,"href":"https:\/\/president-ksgov.net\/sr\/wp-json\/wp\/v2\/media\/27817"}],"wp:attachment":[{"href":"https:\/\/president-ksgov.net\/sr\/wp-json\/wp\/v2\/media?parent=75910"}],"wp:term":[{"taxonomy":"category","embeddable":true,"href":"https:\/\/president-ksgov.net\/sr\/wp-json\/wp\/v2\/categories?post=75910"},{"taxonomy":"post_tag","embeddable":true,"href":"https:\/\/president-ksgov.net\/sr\/wp-json\/wp\/v2\/tags?post=75910"}],"curies":[{"name":"wp","href":"https:\/\/api.w.org\/{rel}","templated":true}]}}