{"id":75897,"date":"2018-03-31T15:42:18","date_gmt":"2018-03-31T15:42:18","guid":{"rendered":"https:\/\/dev.president-ksgov.net\/predsednik-nacionalna-bezbednost-i-zastita-ljudskih-prava-stalni-izazov\/"},"modified":"2018-03-31T15:42:18","modified_gmt":"2018-03-31T15:42:18","slug":"predsednik-nacionalna-bezbednost-i-zastita-ljudskih-prava-stalni-izazov","status":"publish","type":"post","link":"https:\/\/president-ksgov.net\/sr\/predsednik-nacionalna-bezbednost-i-zastita-ljudskih-prava-stalni-izazov\/","title":{"rendered":"Predsednik: Nacionalna bezbednost i za\u0161tita ljudskih prava, stalni izazov"},"content":{"rendered":"<p>Predsednik Republike Kosovo, Hashim Tha\u00e7i, odr&#382;ao je danas konferenciju za medije na kojoj je govorio o bezbednosti i op\u0161tim politi&ccaron;kim doga&dstrok;ajima u zemlji.<\/p>\n<p>Govore&cacute;i o deportaciji \u0161est turskih gra&dstrok;ana u Tursku, predsednik Kosova Hashim Tha\u00e7i, je istakao da je linija koja deli pitanja tretiranja nacionalne bezbednosti i za\u0161tite ljudskih prava i sloboda stalna problematika i u najvi\u0161e demokratskim dr&#382;avama sveta.<\/p>\n<p>\u201eKosovo ne mo&#382;e da predstavlja izuzetak u tom smislu, jer se teroristi&ccaron;ke i \u0161pijunske aktivnosti u na\u0161oj zemlji vr\u0161e, kao i u ostalim demokratskim zemljama u najsofisticiranijim mogu&cacute;im oblicima\u201c, rekao je predsednik.<\/p>\n<p>On je tako&dstrok;e potencirao da je bezbednosna situacija u Republici Kosovo mirna, stabilna, iako smo na samom pragu Uskrsa, preduzete su sve odre&dstrok;ene mere kako bi i ovaj praznik protekao bez incidenata, bez ijednog problema i indikacija o nekoj pretnji ne&cacute;e funkcionisati u Republici Kosovo.<\/p>\n<p>Ovo je cela izjava predsednika Tha\u00e7ija:<\/p>\n<p>Ono \u0161to &#382;elim da potenciram na samom po&ccaron;etku jeste da je bezbednosna situacija u Republici Kosovo mirna i stabilna. Iako smo na samom pragu Uskrsa, preduzeli smo sve odre&dstrok;ene mere kako bi i ovaj praznik protekao bez ijednog incidenta, bez ijednog problema i nijedna indikacija o nekoj pretnji ne&cacute;e funkcionisati u Republici Kosovo.<\/p>\n<p>Kosovo je demokratska dr&#382;ava izgra&dstrok;ena u skladu sa najvi\u0161im demokratskim standardima, koji iznad svega po\u0161tuju individualna prava svakog &ccaron;oveka, nezavisno od njegove etni&ccaron;ke pripadnosti, vere ili politi&ccaron;kih i ideolo\u0161kih uverenja. Ovaj princip je ukorenjen u na\u0161em Ustavu i na\u0161im zakonima i on je neotu&dstrok;iv, tako&dstrok;e je i du&#382;nost na\u0161ih dr&#382;avnih institucija da ga sprovode u praksi.<\/p>\n<p>Kao predsednik Republike Kosovo razo&ccaron;aran sam i duboko &#382;alim \u0161to na\u0161e relevantne institucije, zbog razloga koje tek treba razjasniti do kraja, nisu uspele da za\u0161tite ove principe koji su povezani sa ljudskim pravima stranih dr&#382;avljana, koji &#382;ive i rade u na\u0161oj zemlji.<\/p>\n<p>Obave\u0161ten sam i dobijam dodatne informacije od nadle&#382;nih organa u vezi sa slu&ccaron;ajem i okolnostima pod kojima je izvr\u0161ena deportacija \u0161est gra&dstrok;ana turske nacionalnosti u Tursku.<\/p>\n<p>Do sada sam primio detaljan izve\u0161taj koji je pro&ccaron;itan i predsedniku Skup\u0161tine, premijeru, ministru spoljnih poslova i ostalim nosiocima institucija Republike Kosovo i ostalim liderima u mojoj Kancelariji u prisustvu me&dstrok;unarodnih partnera.<\/p>\n<p>Dakle, primili smo detaljan izve\u0161taj od Obave\u0161tajne agencije Kosova koja je detaljno pojasnila razloge i procedure koje su dovele do zahteva koji je OAK podneo nadle&#382;nom odeljenju pri Ministarstvu unutra\u0161njih poslova o poni\u0161tenju dozvole boravka, odnosno zahteva za deportaciju.<\/p>\n<p>Prema ovom izve\u0161taju, jedini razlog za\u0161to su ovi dr&#382;avljani turske nacionalnosti deportovani, ima veze sa njihovim nezakonitim postupcima na Kosovu, koji su prema mi\u0161ljenju OAK-a rizikovali nacionalnu bezbednost Kosova.<\/p>\n<p>Dakle, jedini razlog za deportaciju prema mi\u0161ljenju OAK-a jeste rizikovanje nacionalne bezbednosti, i ponavljam jo\u0161 jednom prema mi\u0161ljenju OAK-a.<\/p>\n<p>Prema mi\u0161ljenju OAK-a, istih slu&ccaron;ajeva deportacije stranih dr&#382;avljana koji su bili obuhva&cacute;eni u aktivnosti koje ugro&#382;avaju nacionalnu bezbednost je bilo i u pro\u0161losti, naravno po\u0161tuju&cacute;i procedure na snazi.<\/p>\n<p>Ali, detalje i postupke treba da pojasne OAK i Ministarstvo unutra\u0161njih poslova, do kraja i u slu&ccaron;aju da je bilo povreda, odgovorni treba da pola&#382;u ra&ccaron;une, bilo ko da je odgovoran.<\/p>\n<p>A mi ovde pri&ccaron;amo, ja imam saznanja da istra&#382;ni organi tretiraju ovaj slu&ccaron;aj i mi treba da sa&ccaron;ekao njihov zaklju&ccaron;ak.<\/p>\n<p>Pored toga, imam saznanja da je Ombudsman zapo&ccaron;eo nezavisne istrage i treba da sa&ccaron;ekamo zaklju&ccaron;ke do kojih &cacute;e se do&cacute;i.<\/p>\n<p>I dok se sve ove istrage ne okon&ccaron;aju mi treba da budemo pa&#382;ljivi kako se pona\u0161ao u odnosu sa organima koji su odgovorni za na\u0161u nacionalnu bezbednost.<\/p>\n<p>Linije koje dele pitanja koja tretiraju nacionalnu bezbednost i za\u0161titu ljudskih prava i sloboda su stalna problematika i u najvi\u0161e demokratskim dr&#382;ava sveta.<\/p>\n<p>Kosovo u tom smislu ne mo&#382;e da predstavlja izuzetak, jer se teroristi&ccaron;ke i \u0161pijunske aktivnosti u na\u0161oj zemlji, kao i u ostalim demokratskim zemljama, vr\u0161e u najsofisticiranijem mogu&cacute;em obliku.<\/p>\n<p>Ovo ne ka&#382;em da bih opravdao neki protivzakoniti postupak organa koji &ccaron;uvaju nacionalnu bezbednost Kosova, ve&cacute; da bih pojasnio koliko je te\u0161ka borba proti terorizma, fundamentalizma i spre&ccaron;avanja \u0161pijunskih aktivnosti u na\u0161oj zemlji.<\/p>\n<p>Ovo \u0161to se dogodilo je jedan izolovan slu&ccaron;aj i ne mo&#382;e\u00a0 ga koristiti niko drugi da optu&#382;i Kosovo za nepo\u0161tovanje me&dstrok;unarodnih konvencija o za\u0161titi ljudskih prava, ali mi ne&cacute;emo dozvoliti da se tako ne\u0161to ikada ponovi.<\/p>\n<p>Ja o&ccaron;ekujem da &cacute;e istrage nadle&#382;nih organa rasvetliti\u00a0 i ovaj slu&ccaron;aj i pozivam Parlamentarnu komisiju za nadgledanje OAK-a da hitno pojasni do kraja ovaj slu&ccaron;aj.<\/p>\n<p>Odgovornost svakako mora da postoji kako bi se utvrdilo da li je u slu&ccaron;aju bilo povreda zakona i procedura na snazi.<\/p>\n<p>Me&dstrok;utim, mi treba da se staramo da na\u0161a nacionalna bezbednost bude prioritet nad prioritetima. Ni u jednoj okolnosti na teret nepo\u0161tovanja ljudskih prava u skladu sa me&dstrok;unarodnim konvencijama.<\/p>\n<p>&Zcaron;elim da uverim gra&dstrok;ane Republike Kosovo, i sve strane dr&#382;avljane koji rade na Kosovu, Kosovo &cacute;e po svaku cenu braniti njegove ustavne vrednosti, a koje iznad svega svakom pojedincu obezbe&dstrok;uju da bez straha iska&#382;e svoj identitet, veru, kulturu, ideologiju, mi\u0161ljenje i slobodnu re&ccaron;.<\/p>\n<p>Niko ne sme da se proteruje, cenzuri\u0161e ili deportuje jer ima druga&ccaron;ije uverenje ili ideologiju.<\/p>\n<p>\u00a0<\/p>\n","protected":false},"excerpt":{"rendered":"<p>Predsednik Republike Kosovo, Hashim Tha\u00e7i, odr&#382;ao je danas konferenciju za medije na kojoj je govorio o bezbednosti i op\u0161tim politi&ccaron;kim doga&dstrok;ajima u zemlji.<\/p>\n","protected":false},"author":1,"featured_media":27748,"comment_status":"open","ping_status":"closed","sticky":false,"template":"","format":"standard","meta":{"_eb_attr":"","footnotes":""},"categories":[101],"tags":[],"class_list":["post-75897","post","type-post","status-publish","format-standard","has-post-thumbnail","hentry","category-vesti"],"yoast_head":"<!-- This site is optimized with the Yoast SEO plugin v23.5 - https:\/\/yoast.com\/wordpress\/plugins\/seo\/ -->\n<title>Predsednik: Nacionalna bezbednost i za\u0161tita ljudskih prava, stalni izazov - Predsednik Republike Kosovo - DR. VJOSA OSMANI - SADRIU<\/title>\n<meta name=\"description\" content=\"Predsednik: Nacionalna bezbednost i za\u0161tita ljudskih prava, stalni izazov - Predsednik Republike Kosovo - DR. VJOSA OSMANI - SADRIU -\" \/>\n<meta name=\"robots\" content=\"index, follow, max-snippet:-1, max-image-preview:large, max-video-preview:-1\" \/>\n<link rel=\"canonical\" href=\"https:\/\/president-ksgov.net\/sr\/predsednik-nacionalna-bezbednost-i-zastita-ljudskih-prava-stalni-izazov\/\" \/>\n<meta property=\"og:locale\" content=\"sr_RS\" \/>\n<meta property=\"og:type\" content=\"article\" \/>\n<meta property=\"og:title\" content=\"Predsednik: Nacionalna bezbednost i za\u0161tita ljudskih prava, stalni izazov - Predsednik Republike Kosovo - DR. VJOSA OSMANI - SADRIU\" \/>\n<meta property=\"og:description\" content=\"Predsednik: Nacionalna bezbednost i za\u0161tita ljudskih prava, stalni izazov - Predsednik Republike Kosovo - DR. VJOSA OSMANI - SADRIU -\" \/>\n<meta property=\"og:url\" content=\"https:\/\/president-ksgov.net\/sr\/predsednik-nacionalna-bezbednost-i-zastita-ljudskih-prava-stalni-izazov\/\" \/>\n<meta property=\"og:site_name\" content=\"Predsednik Republike Kosovo - DR. VJOSA OSMANI - SADRIU\" \/>\n<meta property=\"article:published_time\" content=\"2018-03-31T15:42:18+00:00\" \/>\n<meta property=\"og:image\" content=\"https:\/\/president-ksgov.net\/wp-content\/uploads\/31_03_2018_9794679_31_03_2018_Konferenca_1_jpg.jpg\" \/>\n\t<meta property=\"og:image:width\" content=\"2000\" \/>\n\t<meta property=\"og:image:height\" content=\"1333\" \/>\n\t<meta property=\"og:image:type\" content=\"image\/jpeg\" \/>\n<meta name=\"author\" content=\"admin\" \/>\n<meta name=\"twitter:card\" content=\"summary_large_image\" \/>\n<meta name=\"twitter:label1\" content=\"\u041d\u0430\u043f\u0438\u0441\u0430\u043d\u043e \u043e\u0434\" \/>\n\t<meta name=\"twitter:data1\" content=\"admin\" \/>\n\t<meta name=\"twitter:label2\" content=\"\u041f\u0440\u043e\u0446\u0435\u045a\u0435\u043d\u043e \u0432\u0440\u0435\u043c\u0435 \u0447\u0438\u0442\u0430\u045a\u0430\" \/>\n\t<meta name=\"twitter:data2\" content=\"5 \u043c\u0438\u043d\u0443\u0442\u0430\" \/>\n<script type=\"application\/ld+json\" class=\"yoast-schema-graph\">{\"@context\":\"https:\/\/schema.org\",\"@graph\":[{\"@type\":\"WebPage\",\"@id\":\"https:\/\/president-ksgov.net\/sr\/predsednik-nacionalna-bezbednost-i-zastita-ljudskih-prava-stalni-izazov\/\",\"url\":\"https:\/\/president-ksgov.net\/sr\/predsednik-nacionalna-bezbednost-i-zastita-ljudskih-prava-stalni-izazov\/\",\"name\":\"Predsednik: Nacionalna bezbednost i za\u0161tita ljudskih prava, stalni izazov - Predsednik Republike Kosovo - DR. VJOSA OSMANI - SADRIU\",\"isPartOf\":{\"@id\":\"https:\/\/president-ksgov.net\/#website\"},\"primaryImageOfPage\":{\"@id\":\"https:\/\/president-ksgov.net\/sr\/predsednik-nacionalna-bezbednost-i-zastita-ljudskih-prava-stalni-izazov\/#primaryimage\"},\"image\":{\"@id\":\"https:\/\/president-ksgov.net\/sr\/predsednik-nacionalna-bezbednost-i-zastita-ljudskih-prava-stalni-izazov\/#primaryimage\"},\"thumbnailUrl\":\"https:\/\/president-ksgov.net\/wp-content\/uploads\/31_03_2018_9794679_31_03_2018_Konferenca_1_jpg.jpg\",\"datePublished\":\"2018-03-31T15:42:18+00:00\",\"dateModified\":\"2018-03-31T15:42:18+00:00\",\"author\":{\"@id\":\"https:\/\/president-ksgov.net\/#\/schema\/person\/bb4337a5fb147cb2046d80548172cbee\"},\"description\":\"Predsednik: Nacionalna bezbednost i za\u0161tita ljudskih prava, stalni izazov - Predsednik Republike Kosovo - DR. VJOSA OSMANI - SADRIU -\",\"breadcrumb\":{\"@id\":\"https:\/\/president-ksgov.net\/sr\/predsednik-nacionalna-bezbednost-i-zastita-ljudskih-prava-stalni-izazov\/#breadcrumb\"},\"inLanguage\":\"sr-RS\",\"potentialAction\":[{\"@type\":\"ReadAction\",\"target\":[\"https:\/\/president-ksgov.net\/sr\/predsednik-nacionalna-bezbednost-i-zastita-ljudskih-prava-stalni-izazov\/\"]}]},{\"@type\":\"ImageObject\",\"inLanguage\":\"sr-RS\",\"@id\":\"https:\/\/president-ksgov.net\/sr\/predsednik-nacionalna-bezbednost-i-zastita-ljudskih-prava-stalni-izazov\/#primaryimage\",\"url\":\"https:\/\/president-ksgov.net\/wp-content\/uploads\/31_03_2018_9794679_31_03_2018_Konferenca_1_jpg.jpg\",\"contentUrl\":\"https:\/\/president-ksgov.net\/wp-content\/uploads\/31_03_2018_9794679_31_03_2018_Konferenca_1_jpg.jpg\",\"width\":2000,\"height\":1333},{\"@type\":\"BreadcrumbList\",\"@id\":\"https:\/\/president-ksgov.net\/sr\/predsednik-nacionalna-bezbednost-i-zastita-ljudskih-prava-stalni-izazov\/#breadcrumb\",\"itemListElement\":[{\"@type\":\"ListItem\",\"position\":1,\"name\":\"Home\",\"item\":\"https:\/\/president-ksgov.net\/sr\/\"},{\"@type\":\"ListItem\",\"position\":2,\"name\":\"Predsednik: Nacionalna bezbednost i za\u0161tita ljudskih prava, stalni izazov\"}]},{\"@type\":\"WebSite\",\"@id\":\"https:\/\/president-ksgov.net\/#website\",\"url\":\"https:\/\/president-ksgov.net\/\",\"name\":\"Presidente e Republik\u00ebs s\u00eb Kosov\u00ebs\",\"description\":\"Presidente e Republik\u00ebs s\u00eb Kosov\u00ebs\",\"alternateName\":\"DR. VJOSA OSMANI - SADRIU\",\"potentialAction\":[{\"@type\":\"SearchAction\",\"target\":{\"@type\":\"EntryPoint\",\"urlTemplate\":\"https:\/\/president-ksgov.net\/?s={search_term_string}\"},\"query-input\":{\"@type\":\"PropertyValueSpecification\",\"valueRequired\":true,\"valueName\":\"search_term_string\"}}],\"inLanguage\":\"sr-RS\"},{\"@type\":\"Person\",\"@id\":\"https:\/\/president-ksgov.net\/#\/schema\/person\/bb4337a5fb147cb2046d80548172cbee\",\"name\":\"admin\",\"image\":{\"@type\":\"ImageObject\",\"inLanguage\":\"sr-RS\",\"@id\":\"https:\/\/president-ksgov.net\/#\/schema\/person\/image\/\",\"url\":\"https:\/\/secure.gravatar.com\/avatar\/36156ca0fa3b8d9d25174f146e16beea0cf28f37adf1b9e19b6c9c279a7c9dd3?s=96&d=mm&r=g\",\"contentUrl\":\"https:\/\/secure.gravatar.com\/avatar\/36156ca0fa3b8d9d25174f146e16beea0cf28f37adf1b9e19b6c9c279a7c9dd3?s=96&d=mm&r=g\",\"caption\":\"admin\"},\"sameAs\":[\"https:\/\/president-ksgov.net\"]}]}<\/script>\n<!-- \/ Yoast SEO plugin. -->","yoast_head_json":{"title":"Predsednik: Nacionalna bezbednost i za\u0161tita ljudskih prava, stalni izazov - Predsednik Republike Kosovo - DR. VJOSA OSMANI - SADRIU","description":"Predsednik: Nacionalna bezbednost i za\u0161tita ljudskih prava, stalni izazov - Predsednik Republike Kosovo - DR. VJOSA OSMANI - SADRIU -","robots":{"index":"index","follow":"follow","max-snippet":"max-snippet:-1","max-image-preview":"max-image-preview:large","max-video-preview":"max-video-preview:-1"},"canonical":"https:\/\/president-ksgov.net\/sr\/predsednik-nacionalna-bezbednost-i-zastita-ljudskih-prava-stalni-izazov\/","og_locale":"sr_RS","og_type":"article","og_title":"Predsednik: Nacionalna bezbednost i za\u0161tita ljudskih prava, stalni izazov - Predsednik Republike Kosovo - DR. VJOSA OSMANI - SADRIU","og_description":"Predsednik: Nacionalna bezbednost i za\u0161tita ljudskih prava, stalni izazov - Predsednik Republike Kosovo - DR. VJOSA OSMANI - SADRIU -","og_url":"https:\/\/president-ksgov.net\/sr\/predsednik-nacionalna-bezbednost-i-zastita-ljudskih-prava-stalni-izazov\/","og_site_name":"Predsednik Republike Kosovo - DR. VJOSA OSMANI - SADRIU","article_published_time":"2018-03-31T15:42:18+00:00","og_image":[{"width":2000,"height":1333,"url":"https:\/\/president-ksgov.net\/wp-content\/uploads\/31_03_2018_9794679_31_03_2018_Konferenca_1_jpg.jpg","type":"image\/jpeg"}],"author":"admin","twitter_card":"summary_large_image","twitter_misc":{"\u041d\u0430\u043f\u0438\u0441\u0430\u043d\u043e \u043e\u0434":"admin","\u041f\u0440\u043e\u0446\u0435\u045a\u0435\u043d\u043e \u0432\u0440\u0435\u043c\u0435 \u0447\u0438\u0442\u0430\u045a\u0430":"5 \u043c\u0438\u043d\u0443\u0442\u0430"},"schema":{"@context":"https:\/\/schema.org","@graph":[{"@type":"WebPage","@id":"https:\/\/president-ksgov.net\/sr\/predsednik-nacionalna-bezbednost-i-zastita-ljudskih-prava-stalni-izazov\/","url":"https:\/\/president-ksgov.net\/sr\/predsednik-nacionalna-bezbednost-i-zastita-ljudskih-prava-stalni-izazov\/","name":"Predsednik: Nacionalna bezbednost i za\u0161tita ljudskih prava, stalni izazov - Predsednik Republike Kosovo - DR. VJOSA OSMANI - SADRIU","isPartOf":{"@id":"https:\/\/president-ksgov.net\/#website"},"primaryImageOfPage":{"@id":"https:\/\/president-ksgov.net\/sr\/predsednik-nacionalna-bezbednost-i-zastita-ljudskih-prava-stalni-izazov\/#primaryimage"},"image":{"@id":"https:\/\/president-ksgov.net\/sr\/predsednik-nacionalna-bezbednost-i-zastita-ljudskih-prava-stalni-izazov\/#primaryimage"},"thumbnailUrl":"https:\/\/president-ksgov.net\/wp-content\/uploads\/31_03_2018_9794679_31_03_2018_Konferenca_1_jpg.jpg","datePublished":"2018-03-31T15:42:18+00:00","dateModified":"2018-03-31T15:42:18+00:00","author":{"@id":"https:\/\/president-ksgov.net\/#\/schema\/person\/bb4337a5fb147cb2046d80548172cbee"},"description":"Predsednik: Nacionalna bezbednost i za\u0161tita ljudskih prava, stalni izazov - Predsednik Republike Kosovo - DR. VJOSA OSMANI - SADRIU -","breadcrumb":{"@id":"https:\/\/president-ksgov.net\/sr\/predsednik-nacionalna-bezbednost-i-zastita-ljudskih-prava-stalni-izazov\/#breadcrumb"},"inLanguage":"sr-RS","potentialAction":[{"@type":"ReadAction","target":["https:\/\/president-ksgov.net\/sr\/predsednik-nacionalna-bezbednost-i-zastita-ljudskih-prava-stalni-izazov\/"]}]},{"@type":"ImageObject","inLanguage":"sr-RS","@id":"https:\/\/president-ksgov.net\/sr\/predsednik-nacionalna-bezbednost-i-zastita-ljudskih-prava-stalni-izazov\/#primaryimage","url":"https:\/\/president-ksgov.net\/wp-content\/uploads\/31_03_2018_9794679_31_03_2018_Konferenca_1_jpg.jpg","contentUrl":"https:\/\/president-ksgov.net\/wp-content\/uploads\/31_03_2018_9794679_31_03_2018_Konferenca_1_jpg.jpg","width":2000,"height":1333},{"@type":"BreadcrumbList","@id":"https:\/\/president-ksgov.net\/sr\/predsednik-nacionalna-bezbednost-i-zastita-ljudskih-prava-stalni-izazov\/#breadcrumb","itemListElement":[{"@type":"ListItem","position":1,"name":"Home","item":"https:\/\/president-ksgov.net\/sr\/"},{"@type":"ListItem","position":2,"name":"Predsednik: Nacionalna bezbednost i za\u0161tita ljudskih prava, stalni izazov"}]},{"@type":"WebSite","@id":"https:\/\/president-ksgov.net\/#website","url":"https:\/\/president-ksgov.net\/","name":"Presidente e Republik\u00ebs s\u00eb Kosov\u00ebs","description":"Presidente e Republik\u00ebs s\u00eb Kosov\u00ebs","alternateName":"DR. VJOSA OSMANI - SADRIU","potentialAction":[{"@type":"SearchAction","target":{"@type":"EntryPoint","urlTemplate":"https:\/\/president-ksgov.net\/?s={search_term_string}"},"query-input":{"@type":"PropertyValueSpecification","valueRequired":true,"valueName":"search_term_string"}}],"inLanguage":"sr-RS"},{"@type":"Person","@id":"https:\/\/president-ksgov.net\/#\/schema\/person\/bb4337a5fb147cb2046d80548172cbee","name":"admin","image":{"@type":"ImageObject","inLanguage":"sr-RS","@id":"https:\/\/president-ksgov.net\/#\/schema\/person\/image\/","url":"https:\/\/secure.gravatar.com\/avatar\/36156ca0fa3b8d9d25174f146e16beea0cf28f37adf1b9e19b6c9c279a7c9dd3?s=96&d=mm&r=g","contentUrl":"https:\/\/secure.gravatar.com\/avatar\/36156ca0fa3b8d9d25174f146e16beea0cf28f37adf1b9e19b6c9c279a7c9dd3?s=96&d=mm&r=g","caption":"admin"},"sameAs":["https:\/\/president-ksgov.net"]}]}},"_links":{"self":[{"href":"https:\/\/president-ksgov.net\/sr\/wp-json\/wp\/v2\/posts\/75897","targetHints":{"allow":["GET"]}}],"collection":[{"href":"https:\/\/president-ksgov.net\/sr\/wp-json\/wp\/v2\/posts"}],"about":[{"href":"https:\/\/president-ksgov.net\/sr\/wp-json\/wp\/v2\/types\/post"}],"author":[{"embeddable":true,"href":"https:\/\/president-ksgov.net\/sr\/wp-json\/wp\/v2\/users\/1"}],"replies":[{"embeddable":true,"href":"https:\/\/president-ksgov.net\/sr\/wp-json\/wp\/v2\/comments?post=75897"}],"version-history":[{"count":0,"href":"https:\/\/president-ksgov.net\/sr\/wp-json\/wp\/v2\/posts\/75897\/revisions"}],"wp:featuredmedia":[{"embeddable":true,"href":"https:\/\/president-ksgov.net\/sr\/wp-json\/wp\/v2\/media\/27748"}],"wp:attachment":[{"href":"https:\/\/president-ksgov.net\/sr\/wp-json\/wp\/v2\/media?parent=75897"}],"wp:term":[{"taxonomy":"category","embeddable":true,"href":"https:\/\/president-ksgov.net\/sr\/wp-json\/wp\/v2\/categories?post=75897"},{"taxonomy":"post_tag","embeddable":true,"href":"https:\/\/president-ksgov.net\/sr\/wp-json\/wp\/v2\/tags?post=75897"}],"curies":[{"name":"wp","href":"https:\/\/api.w.org\/{rel}","templated":true}]}}