{"id":75893,"date":"2018-04-05T13:07:54","date_gmt":"2018-04-05T13:07:54","guid":{"rendered":"https:\/\/dev.president-ksgov.net\/predsednik-thaci-trai-politiko-jedinstvo-u-vezi-dijaloga-sa-srbijom\/"},"modified":"2018-04-05T13:07:54","modified_gmt":"2018-04-05T13:07:54","slug":"predsednik-thaci-trai-politiko-jedinstvo-u-vezi-dijaloga-sa-srbijom","status":"publish","type":"post","link":"https:\/\/president-ksgov.net\/sr\/predsednik-thaci-trai-politiko-jedinstvo-u-vezi-dijaloga-sa-srbijom\/","title":{"rendered":"Predsednik Tha\u00e7i tra&#158;i politi&ccaron;ko jedinstvo u vezi dijaloga sa Srbijom"},"content":{"rendered":"<p>Pri\u0161tina, 5. april 2018. godine \u2013 Predsednik Republike Kosovo, Hashim Tha\u00e7i, u&ccaron;estvovao je danas na Konferenciji \u201eScenariji `Velikog finala` izme&dstrok;u Kosova i Srbije\u201c, koju je organizovao institut RIDEA, a koju je podr&#382;ala Norve\u0161ka ambasada.<\/p>\n<p>Na ovoj konferenciji, na kojoj je bila prisutna ve&cacute;ina politi&ccaron;kih lidera, predsednik Tha\u00e7i je zatra&#382;io politi&ccaron;ko jedinstvo u vezi dijaloga sa Srbijom.<\/p>\n<p>Ovo je govor predsednika Tha\u00e7ija na konferenciji \u201eScenariji `Velikog finala` izme&dstrok;u Kosova i Srbije\u201c:<\/p>\n<p>Po\u0161tovani prisutni,<\/p>\n<p>Dozvolite mi da se na samom po&ccaron;etku zahvalim Labinotu iz RIDEA instituta i Naimu iz BPRG instituta koji su nas danas okupili radi tretiranja glavne teme ove konferencije\u00a0 \u201eScenariji `Velikog finala` izme&dstrok;u Kosova i Srbije\u201c.<\/p>\n<p>Ova konferencija je dobra mogu&cacute;nost da se razmotre klju&ccaron;na pitanja dugotrajne stabilizacije Kosova i to normalizacije odnosa izme&dstrok;u Kosova i Srbije, kao dve nezavisne dr&#382;ave.<\/p>\n<p>Pro\u0161lo je, kao \u0161to znamo, dvadeset punih godina od na\u0161eg rata ta oslobo&dstrok;enje, devetnaest godina od Mirovne konferencije u Rambujeu, deset godina od progla\u0161enja nezavisnosti Kosova, sedam godina od zapo&ccaron;injanja razgovora u Briselu, a odnosi Kosova i Srbije jo\u0161 uvek nisu politi&ccaron;ki zaklju&ccaron;eni.<\/p>\n<p>U svim me&dstrok;unarodnim procesima koji su te&#382;ili re\u0161avanju kosovskog pitanja, kosovskog rukovodstvo je bilo spremno na politi&ccaron;ki sporazum sa Srbijom.<\/p>\n<p>U pro\u0161losti je izgubljeno na desetine godina,\u00a0 i to nije na\u0161a krivica i odgovornost, izgubljeno je mnogo dobrih prilika u nedostatku politi&ccaron;ke volje rukovodstva iz Srbije, da okon&ccaron;aju politi&ccaron;ka i istorijska neprijateljstva izme&dstrok;u Kosova i Srbije, a koja su starija vi\u0161e od jednog veka.<\/p>\n<p>I u te\u0161kim ratnim godinama, i u godinama mira i izgradnji demokratije na Kosovu, i u godinama kada smo postali dr&#382;ava, mi smo bili spremni na veliki istorijski sporazum sa Srbijom.<\/p>\n<p>Ova spremnost je nedostajala u Srbiji.<\/p>\n<p>Bilo kako bilo, mi smo danas ovde zajedno, kako bismo govorili o sada\u0161njosti i budu&cacute;nosti odnosa izme&dstrok;u Kosova i Srbije, odnosno o onome \u0161to su Labinot, Naim i njihove kolege, sportskom terminologijom klasifikovali kao veliko finale razgovora u Briselu.<\/p>\n<p>Mislim da u politici i u kosovskom dru\u0161tvu jo\u0161 uvek imamo \u0161iroku usagla\u0161enost, da treba zavr\u0161iti nedovr\u0161en posao u na\u0161im odnosima sa Srbijom i da treba postignuti pravno obavezuju&cacute;i sporazum o normalizaciji odnosa izme&dstrok;u dve dr&#382;ave.<\/p>\n<p>Zaklju&ccaron;ivanje politi&ccaron;kog dijaloga sa Srbijom, pravno obavezuju&cacute;im sporazumom, je od nacionalnog interesa Kosova, koje ne poznaje linije koje dele vladu i opoziciju.<\/p>\n<p>U ovom procesu treba da budemo ujedinjeni da zaklju&ccaron;imo ovo te\u0161ko i tragi&ccaron;no istorijsko poglavlje i da otvorimo put Kosovu da postane jednaka dr&#382;ava sa svim ostalim dr&#382;avama u OUN-u, EU, u NATO Paktu i bilo gde drugde.<\/p>\n<p>Mi smo kao generacija postigli puno.<\/p>\n<p>Kosovo je oslobo&dstrok;eno i postalo je nezavisna dr&#382;ava.<\/p>\n<p>Ali, pri&ccaron;a o Kosovu ove generacije, ne mo&#382;e da dobije kona&ccaron;an oblik bez omogu&cacute;avanja dr&#382;avi Kosovo da postane &ccaron;lan OUN-a, EU i NATO Pakta.<\/p>\n<p>Dakle, ispunjenje ovog cilja dugujemo gra&dstrok;anima Kosova.<\/p>\n<p>Bilo kako bilo, kada govorimo o nedovr\u0161enom dijalogu izme&dstrok;u Kosova i Srbije, tako&dstrok;e je istina da ima sve manje strpljenja da se dalje odvijaju razgovori u Briselu, bez jasnog vremenskog roka, njihovog zaokrugljivanja, bez jasnog cilja koji sadr&#382;aj treba da ima sporazum izme&dstrok;u dve dr&#382;ave, bez jasnih me&dstrok;unarodnih mehanizama koji &cacute;e garantovati sprovo&dstrok;enje ovog sporazuma.<\/p>\n<p>Objavljivanje Strategije o pro\u0161irenju EU sa \u0161est preostalih dr&#382;ava Zapadnog Balkana, s po&ccaron;etka februara, ali i vi\u0161e drugih procesa koji su poznati svima nama, osvetlili su perspektivu `Velikog finala`\u00a0 dijaloga u Briselu izme&dstrok;u Kosova i Srbije.<\/p>\n<p>S druge strane, poslednjih nedelja, sam kao predsednik Kosova odr&#382;ao mnogobrojne sastanke, ne samo u Pri\u0161tini, nego u mnogim klju&ccaron;nim centrima na zapadu, sa politi&ccaron;arima i diplomatama klju&ccaron;nih dr&#382;ava na zapadu, s ciljem da pru&#382;im viziju Kosova o kona&ccaron;noj fazi razgovora u Briselu, ali i kako bih shvatio koji su stavovi dr&#382;ava koje su partneri Kosova od oslobo&dstrok;enja, progla\u0161enja nezavisnosti do stabilizacije Kosova kao dr&#382;ave.<\/p>\n<p>Ube&dstrok;en sam da je do\u0161lo vreme za veliki politi&ccaron;ki i istorijski sporazum izme&dstrok;u Kosova i Srbije.<\/p>\n<p>Ovo me dovodi do sr&#382;i ove konferencije, dakle koji su mogu&cacute;i scenariji pred nama?<\/p>\n<p>Kao \u0161to smo i svi bili svedoci, nije i ne mo&#382;e biti \u201eStatusa Quo\u201c, ili zamrznutog stanja u odnosima izme&dstrok;u Kosova i Srbije.<\/p>\n<p>Mi smo realno, u poslednje dve godine imali pogor\u0161anje, a ne pobolj\u0161anje u odnosima izme&dstrok;u Kosova i Srbije, zbog nedostatka epiloga dijaloga u Briselu.<\/p>\n<p>Dakle, smatram da prvi scenario ne odgovora Kosovu, ali ni na\u0161em regionu.<\/p>\n<p>U vremenskom aspektu, i na osnovu kori\u0161&cacute;ene terminologije u \u201eStrategiji o pro\u0161irenju EU\u201c govorimo o hitnosti postizanja pravno obavezuju&cacute;eg sporazuma izme&dstrok;u Kosova i Srbije.<\/p>\n<p>Hitnost za nas i za Brisel, a nadamo se i za Beograd, podrazumeva da ova godina bude vremenski okvir za potpisivanje ovog sporazuma.<\/p>\n<p>\u0160to se ti&ccaron;e sadr&#382;aja samog sporazuma, on sada poznaje svoj politi&ccaron;ki i diplomatski \u201ekod\u201c pod naslovom \u201epravno obavezuju&cacute;i sporazum\u201c.<\/p>\n<p>Za nas na Kosovu, ovaj sporazum ima te&#382;inu recipro&ccaron;nog priznavanja izme&dstrok;u Kosova i Srbije i potpune normalizacije odnosa izme&dstrok;u dve dr&#382;ave.<\/p>\n<p>Zatim, ovaj sporazum njegovom preciznom i jasnom terminologijom treba da omogu&cacute;i da Kosovo postane dr&#382;ava &ccaron;lanica OUN-a, OEBS-a i svih me&dstrok;unarodnih organizacija.<\/p>\n<p>Pravno obavezuju&cacute;i sporazum izme&dstrok;u Kosova i Srbije trebalo bi da dovede i do priznanja pet dr&#382;ava EU i ubrzanu dinamiku u&ccaron;lanjenja Kosova u EU i NATO.<\/p>\n<p>Ali, fundamentalno pitanje koje se postavlja u ovom slu&ccaron;aju, jeste da li &cacute;e Srbija biti spremna na takav sporazum, i ukoliko da, onda koji &cacute;e kompromis tra&#382;iti od Kosova?<\/p>\n<p>Konkretizovanje granica, rekao sam nekoliko puta da je to opcija koja sa sobom nosi mnoge rizike, koje svi mi znamo, s toga ne &#382;elim uop\u0161te da se upu\u0161tam u detalje.<\/p>\n<p>Mi smatramo da je Kosovo napravilo sve bolne kompromise do sada putem Sveobuhvatnog plana predsednika Ahtisarija.<\/p>\n<p>Na kraju, mi verujemo da bi EU i SAD zajedno trebalo da budu garanti, ne samo u postizanju ovog velikog sporazuma, nego i u njegovom sprovo&dstrok;enju, uz konkretne vremenske rokove i sa me&dstrok;unarodnim mehanizmima potvr&dstrok;ivanja njegovog sprovo&dstrok;enja.<\/p>\n<p>Dakle, znamo \u0161ta kao Kosovo &#382;elimo, tako&dstrok;e znamo da vi\u0161e ne mo&#382;e da se odla&#382;e niti da se odugovla&ccaron;i zaklju&ccaron;ivanje razgovora sa Srbijom i Briselu.<\/p>\n<p>Ali, ukoliko bih ovde bio u potpunosti iskren sa vama, svestan sam svih politi&ccaron;kih i bezbednosnih rizika koji su\u00a0 prosti pratioci ovih te\u0161kih procesa u njihovom finalu.<\/p>\n<p>Ovo &cacute;e biti veoma te&#382;ak proces. Ali, on nema alternativu.<\/p>\n<p>I najve&cacute;i mogu&cacute;i rizik, najve&cacute;a mogu&cacute;a pretnja, jeste ne izvr\u0161enje na\u0161e obaveze o potpunoj normalizaciji odnosa izme&dstrok;u Kosova i Srbije.<\/p>\n<p>Rekao sam i ranije, ali ponovi&cacute;u jo\u0161 jednom na samom kraju mog govora.<\/p>\n<p>Razgovori sa Srbijom, kao \u0161to su ujedinili kosovsku politiku na Konferenciji u Rambujeu i u Be&ccaron;kom procesu, trebalo da nas ujedine i sada u samom finalu u Briselu.<\/p>\n<p>Ovo je najbolje re\u0161enje za kosovsku politiku jer je ovo politi&ccaron;ko jedinstvo neophodno s na\u0161e strane, kako bismo pru&#382;ali sve potrebne garancije za postizanje i sprovo&dstrok;enje pravno obavezuju&cacute;eg sporazuma sa Srbijom.\u00a0<\/p>\n","protected":false},"excerpt":{"rendered":"<p>Pri\u0161tina, 5. april 2018. godine \u2013 Predsednik Republike Kosovo, Hashim Tha\u00e7i, u&ccaron;estvovao je danas na Konferenciji \u201eScenariji `Velikog finala` izme&dstrok;u Kosova i Srbije\u201c, koju je organizovao institut RIDEA, a koju je podr&#382;ala Norve\u0161ka ambasada.<\/p>\n","protected":false},"author":1,"featured_media":27720,"comment_status":"open","ping_status":"closed","sticky":false,"template":"","format":"standard","meta":{"_eb_attr":"","footnotes":""},"categories":[101],"tags":[],"class_list":["post-75893","post","type-post","status-publish","format-standard","has-post-thumbnail","hentry","category-vesti"],"yoast_head":"<!-- This site is optimized with the Yoast SEO plugin v23.5 - https:\/\/yoast.com\/wordpress\/plugins\/seo\/ -->\n<title>Predsednik Tha\u00e7i tra&#158;i politi&amp;ccaron;ko jedinstvo u vezi dijaloga sa Srbijom - Predsednik Republike Kosovo - DR. VJOSA OSMANI - SADRIU<\/title>\n<meta name=\"description\" content=\"Predsednik Tha\u00e7i tra&#158;i politi&amp;ccaron;ko jedinstvo u vezi dijaloga sa Srbijom - Predsednik Republike Kosovo - DR. VJOSA OSMANI - SADRIU -\" \/>\n<meta name=\"robots\" content=\"index, follow, max-snippet:-1, max-image-preview:large, max-video-preview:-1\" \/>\n<link rel=\"canonical\" href=\"https:\/\/president-ksgov.net\/sr\/predsednik-thaci-trai-politiko-jedinstvo-u-vezi-dijaloga-sa-srbijom\/\" \/>\n<meta property=\"og:locale\" content=\"sr_RS\" \/>\n<meta property=\"og:type\" content=\"article\" \/>\n<meta property=\"og:title\" content=\"Predsednik Tha\u00e7i tra&#158;i politi&amp;ccaron;ko jedinstvo u vezi dijaloga sa Srbijom - Predsednik Republike Kosovo - DR. VJOSA OSMANI - SADRIU\" \/>\n<meta property=\"og:description\" content=\"Predsednik Tha\u00e7i tra&#158;i politi&amp;ccaron;ko jedinstvo u vezi dijaloga sa Srbijom - Predsednik Republike Kosovo - DR. VJOSA OSMANI - SADRIU -\" \/>\n<meta property=\"og:url\" content=\"https:\/\/president-ksgov.net\/sr\/predsednik-thaci-trai-politiko-jedinstvo-u-vezi-dijaloga-sa-srbijom\/\" \/>\n<meta property=\"og:site_name\" content=\"Predsednik Republike Kosovo - DR. VJOSA OSMANI - SADRIU\" \/>\n<meta property=\"article:published_time\" content=\"2018-04-05T13:07:54+00:00\" \/>\n<meta property=\"og:image\" content=\"https:\/\/president-ksgov.net\/wp-content\/uploads\/05_04_2018_449191_05_04_2018_Konferenca_1.jpg\" \/>\n\t<meta property=\"og:image:width\" content=\"2000\" \/>\n\t<meta property=\"og:image:height\" content=\"1070\" \/>\n\t<meta property=\"og:image:type\" content=\"image\/jpeg\" \/>\n<meta name=\"author\" content=\"admin\" \/>\n<meta name=\"twitter:card\" content=\"summary_large_image\" \/>\n<meta name=\"twitter:label1\" content=\"\u041d\u0430\u043f\u0438\u0441\u0430\u043d\u043e \u043e\u0434\" \/>\n\t<meta name=\"twitter:data1\" content=\"admin\" \/>\n\t<meta name=\"twitter:label2\" content=\"\u041f\u0440\u043e\u0446\u0435\u045a\u0435\u043d\u043e \u0432\u0440\u0435\u043c\u0435 \u0447\u0438\u0442\u0430\u045a\u0430\" \/>\n\t<meta name=\"twitter:data2\" content=\"7 \u043c\u0438\u043d\u0443\u0442\u0430\" \/>\n<script type=\"application\/ld+json\" class=\"yoast-schema-graph\">{\"@context\":\"https:\/\/schema.org\",\"@graph\":[{\"@type\":\"WebPage\",\"@id\":\"https:\/\/president-ksgov.net\/sr\/predsednik-thaci-trai-politiko-jedinstvo-u-vezi-dijaloga-sa-srbijom\/\",\"url\":\"https:\/\/president-ksgov.net\/sr\/predsednik-thaci-trai-politiko-jedinstvo-u-vezi-dijaloga-sa-srbijom\/\",\"name\":\"Predsednik Tha\u00e7i tra&#158;i politi&ccaron;ko jedinstvo u vezi dijaloga sa Srbijom - Predsednik Republike Kosovo - DR. VJOSA OSMANI - SADRIU\",\"isPartOf\":{\"@id\":\"https:\/\/president-ksgov.net\/#website\"},\"primaryImageOfPage\":{\"@id\":\"https:\/\/president-ksgov.net\/sr\/predsednik-thaci-trai-politiko-jedinstvo-u-vezi-dijaloga-sa-srbijom\/#primaryimage\"},\"image\":{\"@id\":\"https:\/\/president-ksgov.net\/sr\/predsednik-thaci-trai-politiko-jedinstvo-u-vezi-dijaloga-sa-srbijom\/#primaryimage\"},\"thumbnailUrl\":\"https:\/\/president-ksgov.net\/wp-content\/uploads\/05_04_2018_449191_05_04_2018_Konferenca_1.jpg\",\"datePublished\":\"2018-04-05T13:07:54+00:00\",\"dateModified\":\"2018-04-05T13:07:54+00:00\",\"author\":{\"@id\":\"https:\/\/president-ksgov.net\/#\/schema\/person\/bb4337a5fb147cb2046d80548172cbee\"},\"description\":\"Predsednik Tha\u00e7i tra&#158;i politi&ccaron;ko jedinstvo u vezi dijaloga sa Srbijom - Predsednik Republike Kosovo - DR. VJOSA OSMANI - SADRIU -\",\"breadcrumb\":{\"@id\":\"https:\/\/president-ksgov.net\/sr\/predsednik-thaci-trai-politiko-jedinstvo-u-vezi-dijaloga-sa-srbijom\/#breadcrumb\"},\"inLanguage\":\"sr-RS\",\"potentialAction\":[{\"@type\":\"ReadAction\",\"target\":[\"https:\/\/president-ksgov.net\/sr\/predsednik-thaci-trai-politiko-jedinstvo-u-vezi-dijaloga-sa-srbijom\/\"]}]},{\"@type\":\"ImageObject\",\"inLanguage\":\"sr-RS\",\"@id\":\"https:\/\/president-ksgov.net\/sr\/predsednik-thaci-trai-politiko-jedinstvo-u-vezi-dijaloga-sa-srbijom\/#primaryimage\",\"url\":\"https:\/\/president-ksgov.net\/wp-content\/uploads\/05_04_2018_449191_05_04_2018_Konferenca_1.jpg\",\"contentUrl\":\"https:\/\/president-ksgov.net\/wp-content\/uploads\/05_04_2018_449191_05_04_2018_Konferenca_1.jpg\",\"width\":2000,\"height\":1070},{\"@type\":\"BreadcrumbList\",\"@id\":\"https:\/\/president-ksgov.net\/sr\/predsednik-thaci-trai-politiko-jedinstvo-u-vezi-dijaloga-sa-srbijom\/#breadcrumb\",\"itemListElement\":[{\"@type\":\"ListItem\",\"position\":1,\"name\":\"Home\",\"item\":\"https:\/\/president-ksgov.net\/sr\/\"},{\"@type\":\"ListItem\",\"position\":2,\"name\":\"Predsednik Tha\u00e7i tra&#158;i politi&ccaron;ko jedinstvo u vezi dijaloga sa Srbijom\"}]},{\"@type\":\"WebSite\",\"@id\":\"https:\/\/president-ksgov.net\/#website\",\"url\":\"https:\/\/president-ksgov.net\/\",\"name\":\"Presidente e Republik\u00ebs s\u00eb Kosov\u00ebs\",\"description\":\"Presidente e Republik\u00ebs s\u00eb Kosov\u00ebs\",\"alternateName\":\"DR. VJOSA OSMANI - SADRIU\",\"potentialAction\":[{\"@type\":\"SearchAction\",\"target\":{\"@type\":\"EntryPoint\",\"urlTemplate\":\"https:\/\/president-ksgov.net\/?s={search_term_string}\"},\"query-input\":{\"@type\":\"PropertyValueSpecification\",\"valueRequired\":true,\"valueName\":\"search_term_string\"}}],\"inLanguage\":\"sr-RS\"},{\"@type\":\"Person\",\"@id\":\"https:\/\/president-ksgov.net\/#\/schema\/person\/bb4337a5fb147cb2046d80548172cbee\",\"name\":\"admin\",\"image\":{\"@type\":\"ImageObject\",\"inLanguage\":\"sr-RS\",\"@id\":\"https:\/\/president-ksgov.net\/#\/schema\/person\/image\/\",\"url\":\"https:\/\/secure.gravatar.com\/avatar\/36156ca0fa3b8d9d25174f146e16beea0cf28f37adf1b9e19b6c9c279a7c9dd3?s=96&d=mm&r=g\",\"contentUrl\":\"https:\/\/secure.gravatar.com\/avatar\/36156ca0fa3b8d9d25174f146e16beea0cf28f37adf1b9e19b6c9c279a7c9dd3?s=96&d=mm&r=g\",\"caption\":\"admin\"},\"sameAs\":[\"https:\/\/president-ksgov.net\"]}]}<\/script>\n<!-- \/ Yoast SEO plugin. -->","yoast_head_json":{"title":"Predsednik Tha\u00e7i tra&#158;i politi&ccaron;ko jedinstvo u vezi dijaloga sa Srbijom - Predsednik Republike Kosovo - DR. VJOSA OSMANI - SADRIU","description":"Predsednik Tha\u00e7i tra&#158;i politi&ccaron;ko jedinstvo u vezi dijaloga sa Srbijom - Predsednik Republike Kosovo - DR. VJOSA OSMANI - SADRIU -","robots":{"index":"index","follow":"follow","max-snippet":"max-snippet:-1","max-image-preview":"max-image-preview:large","max-video-preview":"max-video-preview:-1"},"canonical":"https:\/\/president-ksgov.net\/sr\/predsednik-thaci-trai-politiko-jedinstvo-u-vezi-dijaloga-sa-srbijom\/","og_locale":"sr_RS","og_type":"article","og_title":"Predsednik Tha\u00e7i tra&#158;i politi&ccaron;ko jedinstvo u vezi dijaloga sa Srbijom - Predsednik Republike Kosovo - DR. VJOSA OSMANI - SADRIU","og_description":"Predsednik Tha\u00e7i tra&#158;i politi&ccaron;ko jedinstvo u vezi dijaloga sa Srbijom - Predsednik Republike Kosovo - DR. VJOSA OSMANI - SADRIU -","og_url":"https:\/\/president-ksgov.net\/sr\/predsednik-thaci-trai-politiko-jedinstvo-u-vezi-dijaloga-sa-srbijom\/","og_site_name":"Predsednik Republike Kosovo - DR. VJOSA OSMANI - SADRIU","article_published_time":"2018-04-05T13:07:54+00:00","og_image":[{"width":2000,"height":1070,"url":"https:\/\/president-ksgov.net\/wp-content\/uploads\/05_04_2018_449191_05_04_2018_Konferenca_1.jpg","type":"image\/jpeg"}],"author":"admin","twitter_card":"summary_large_image","twitter_misc":{"\u041d\u0430\u043f\u0438\u0441\u0430\u043d\u043e \u043e\u0434":"admin","\u041f\u0440\u043e\u0446\u0435\u045a\u0435\u043d\u043e \u0432\u0440\u0435\u043c\u0435 \u0447\u0438\u0442\u0430\u045a\u0430":"7 \u043c\u0438\u043d\u0443\u0442\u0430"},"schema":{"@context":"https:\/\/schema.org","@graph":[{"@type":"WebPage","@id":"https:\/\/president-ksgov.net\/sr\/predsednik-thaci-trai-politiko-jedinstvo-u-vezi-dijaloga-sa-srbijom\/","url":"https:\/\/president-ksgov.net\/sr\/predsednik-thaci-trai-politiko-jedinstvo-u-vezi-dijaloga-sa-srbijom\/","name":"Predsednik Tha\u00e7i tra&#158;i politi&ccaron;ko jedinstvo u vezi dijaloga sa Srbijom - Predsednik Republike Kosovo - DR. VJOSA OSMANI - SADRIU","isPartOf":{"@id":"https:\/\/president-ksgov.net\/#website"},"primaryImageOfPage":{"@id":"https:\/\/president-ksgov.net\/sr\/predsednik-thaci-trai-politiko-jedinstvo-u-vezi-dijaloga-sa-srbijom\/#primaryimage"},"image":{"@id":"https:\/\/president-ksgov.net\/sr\/predsednik-thaci-trai-politiko-jedinstvo-u-vezi-dijaloga-sa-srbijom\/#primaryimage"},"thumbnailUrl":"https:\/\/president-ksgov.net\/wp-content\/uploads\/05_04_2018_449191_05_04_2018_Konferenca_1.jpg","datePublished":"2018-04-05T13:07:54+00:00","dateModified":"2018-04-05T13:07:54+00:00","author":{"@id":"https:\/\/president-ksgov.net\/#\/schema\/person\/bb4337a5fb147cb2046d80548172cbee"},"description":"Predsednik Tha\u00e7i tra&#158;i politi&ccaron;ko jedinstvo u vezi dijaloga sa Srbijom - Predsednik Republike Kosovo - DR. VJOSA OSMANI - SADRIU -","breadcrumb":{"@id":"https:\/\/president-ksgov.net\/sr\/predsednik-thaci-trai-politiko-jedinstvo-u-vezi-dijaloga-sa-srbijom\/#breadcrumb"},"inLanguage":"sr-RS","potentialAction":[{"@type":"ReadAction","target":["https:\/\/president-ksgov.net\/sr\/predsednik-thaci-trai-politiko-jedinstvo-u-vezi-dijaloga-sa-srbijom\/"]}]},{"@type":"ImageObject","inLanguage":"sr-RS","@id":"https:\/\/president-ksgov.net\/sr\/predsednik-thaci-trai-politiko-jedinstvo-u-vezi-dijaloga-sa-srbijom\/#primaryimage","url":"https:\/\/president-ksgov.net\/wp-content\/uploads\/05_04_2018_449191_05_04_2018_Konferenca_1.jpg","contentUrl":"https:\/\/president-ksgov.net\/wp-content\/uploads\/05_04_2018_449191_05_04_2018_Konferenca_1.jpg","width":2000,"height":1070},{"@type":"BreadcrumbList","@id":"https:\/\/president-ksgov.net\/sr\/predsednik-thaci-trai-politiko-jedinstvo-u-vezi-dijaloga-sa-srbijom\/#breadcrumb","itemListElement":[{"@type":"ListItem","position":1,"name":"Home","item":"https:\/\/president-ksgov.net\/sr\/"},{"@type":"ListItem","position":2,"name":"Predsednik Tha\u00e7i tra&#158;i politi&ccaron;ko jedinstvo u vezi dijaloga sa Srbijom"}]},{"@type":"WebSite","@id":"https:\/\/president-ksgov.net\/#website","url":"https:\/\/president-ksgov.net\/","name":"Presidente e Republik\u00ebs s\u00eb Kosov\u00ebs","description":"Presidente e Republik\u00ebs s\u00eb Kosov\u00ebs","alternateName":"DR. VJOSA OSMANI - SADRIU","potentialAction":[{"@type":"SearchAction","target":{"@type":"EntryPoint","urlTemplate":"https:\/\/president-ksgov.net\/?s={search_term_string}"},"query-input":{"@type":"PropertyValueSpecification","valueRequired":true,"valueName":"search_term_string"}}],"inLanguage":"sr-RS"},{"@type":"Person","@id":"https:\/\/president-ksgov.net\/#\/schema\/person\/bb4337a5fb147cb2046d80548172cbee","name":"admin","image":{"@type":"ImageObject","inLanguage":"sr-RS","@id":"https:\/\/president-ksgov.net\/#\/schema\/person\/image\/","url":"https:\/\/secure.gravatar.com\/avatar\/36156ca0fa3b8d9d25174f146e16beea0cf28f37adf1b9e19b6c9c279a7c9dd3?s=96&d=mm&r=g","contentUrl":"https:\/\/secure.gravatar.com\/avatar\/36156ca0fa3b8d9d25174f146e16beea0cf28f37adf1b9e19b6c9c279a7c9dd3?s=96&d=mm&r=g","caption":"admin"},"sameAs":["https:\/\/president-ksgov.net"]}]}},"_links":{"self":[{"href":"https:\/\/president-ksgov.net\/sr\/wp-json\/wp\/v2\/posts\/75893","targetHints":{"allow":["GET"]}}],"collection":[{"href":"https:\/\/president-ksgov.net\/sr\/wp-json\/wp\/v2\/posts"}],"about":[{"href":"https:\/\/president-ksgov.net\/sr\/wp-json\/wp\/v2\/types\/post"}],"author":[{"embeddable":true,"href":"https:\/\/president-ksgov.net\/sr\/wp-json\/wp\/v2\/users\/1"}],"replies":[{"embeddable":true,"href":"https:\/\/president-ksgov.net\/sr\/wp-json\/wp\/v2\/comments?post=75893"}],"version-history":[{"count":0,"href":"https:\/\/president-ksgov.net\/sr\/wp-json\/wp\/v2\/posts\/75893\/revisions"}],"wp:featuredmedia":[{"embeddable":true,"href":"https:\/\/president-ksgov.net\/sr\/wp-json\/wp\/v2\/media\/27720"}],"wp:attachment":[{"href":"https:\/\/president-ksgov.net\/sr\/wp-json\/wp\/v2\/media?parent=75893"}],"wp:term":[{"taxonomy":"category","embeddable":true,"href":"https:\/\/president-ksgov.net\/sr\/wp-json\/wp\/v2\/categories?post=75893"},{"taxonomy":"post_tag","embeddable":true,"href":"https:\/\/president-ksgov.net\/sr\/wp-json\/wp\/v2\/tags?post=75893"}],"curies":[{"name":"wp","href":"https:\/\/api.w.org\/{rel}","templated":true}]}}