{"id":75890,"date":"2018-04-06T11:18:23","date_gmt":"2018-04-06T11:18:23","guid":{"rendered":"https:\/\/dev.president-ksgov.net\/predsednik-thaci-estitao-romskoj-zajednici-njihov-meunarodni-dan\/"},"modified":"2018-04-06T11:18:23","modified_gmt":"2018-04-06T11:18:23","slug":"predsednik-thaci-estitao-romskoj-zajednici-njihov-meunarodni-dan","status":"publish","type":"post","link":"https:\/\/president-ksgov.net\/sr\/predsednik-thaci-estitao-romskoj-zajednici-njihov-meunarodni-dan\/","title":{"rendered":"Predsednik Tha\u00e7i &ccaron;estitao romskoj zajednici njihov Me&dstrok;unarodni dan"},"content":{"rendered":"<p>Pri\u0161tina, 6. april 2018. godine \u2013 Predsednik zemlje, Hashim Tha\u00e7i, danas je do&ccaron;ekao delegaciju romske zajednice koju je predvodio predsednik Romske partije, Albert Kinolli.<\/p>\n<p>&Ccaron;estitaju&cacute;i im Me&dstrok;unarodni dan romske zajednice, predsednik Tha\u00e7i je potvrdio da i pored pove&cacute;anja podr\u0161ke i modernog afirmativnog zakonodavstva za zajednice na Kosovu, ova zajednica se jo\u0161 uvek suo&ccaron;ava sa te\u0161kim uslovima &#382;ivota.<\/p>\n<p>\u201ePostoji pobolj\u0161anje stanja, ali ostaje jo\u0161 mnogo toga \u0161to treba uraditi, kako bismo zajedno pobolj\u0161ali blagostanje gra&dstrok;ana iz svih zajednica, a sa posebnim naglaskom na romsku zajednicu\u201c, rekao je predsednik\u00a0 Tha\u00e7i.<\/p>\n<p>A predsednik Romske partije, Albert Kinolli je izrazio zadovoljstvo \u0161to se ti&ccaron;e obuhva&cacute;enosti romske zajednice u dr&#382;avnim institucijama, ali je istakao da gra&dstrok;ani iz ove zajednice imaju potrebu za jo\u0161 ve&cacute;om podr\u0161kom.<\/p>\n<p>\u201eI u danima proslavljanja romske zajednice i na\u0161e kulture mi &cacute;emo se truditi da pove&cacute;amo savest o problemima sa kojima se suo&ccaron;ava na\u0161a zajednica\u201c, rekao je Kinolli.<\/p>\n<p>Predsednik Tha\u00e7i dodao je da je vi\u0161e nego potrebno obuhvatanje romske zajednice na svim dru\u0161tvenim poljima, kako bi se svi ose&cacute;ali jednakima u na\u0161em dru\u0161tvu.<br \/>\n\u00a0<\/p>\n","protected":false},"excerpt":{"rendered":"<p>Pri\u0161tina, 6. april 2018. godine \u2013 Predsednik zemlje, Hashim Tha\u00e7i, danas je do&ccaron;ekao delegaciju romske zajednice koju je predvodio predsednik Romske partije, Albert Kinolli.<\/p>\n","protected":false},"author":1,"featured_media":27705,"comment_status":"open","ping_status":"closed","sticky":false,"template":"","format":"standard","meta":{"_eb_attr":"","footnotes":""},"categories":[101],"tags":[],"class_list":["post-75890","post","type-post","status-publish","format-standard","has-post-thumbnail","hentry","category-vesti"],"yoast_head":"<!-- This site is optimized with the Yoast SEO plugin v23.5 - https:\/\/yoast.com\/wordpress\/plugins\/seo\/ -->\n<title>Predsednik Tha\u00e7i &amp;ccaron;estitao romskoj zajednici njihov Me&amp;dstrok;unarodni dan - Predsednik Republike Kosovo - DR. VJOSA OSMANI - SADRIU<\/title>\n<meta name=\"description\" content=\"Predsednik Tha\u00e7i &amp;ccaron;estitao romskoj zajednici njihov Me&amp;dstrok;unarodni dan - Predsednik Republike Kosovo - DR. VJOSA OSMANI - SADRIU -\" \/>\n<meta name=\"robots\" content=\"index, follow, max-snippet:-1, max-image-preview:large, max-video-preview:-1\" \/>\n<link rel=\"canonical\" href=\"https:\/\/president-ksgov.net\/sr\/predsednik-thaci-estitao-romskoj-zajednici-njihov-meunarodni-dan\/\" \/>\n<meta property=\"og:locale\" content=\"sr_RS\" \/>\n<meta property=\"og:type\" content=\"article\" \/>\n<meta property=\"og:title\" content=\"Predsednik Tha\u00e7i &amp;ccaron;estitao romskoj zajednici njihov Me&amp;dstrok;unarodni dan - Predsednik Republike Kosovo - DR. VJOSA OSMANI - SADRIU\" \/>\n<meta property=\"og:description\" content=\"Predsednik Tha\u00e7i &amp;ccaron;estitao romskoj zajednici njihov Me&amp;dstrok;unarodni dan - Predsednik Republike Kosovo - DR. VJOSA OSMANI - SADRIU -\" \/>\n<meta property=\"og:url\" content=\"https:\/\/president-ksgov.net\/sr\/predsednik-thaci-estitao-romskoj-zajednici-njihov-meunarodni-dan\/\" \/>\n<meta property=\"og:site_name\" content=\"Predsednik Republike Kosovo - DR. VJOSA OSMANI - SADRIU\" \/>\n<meta property=\"article:published_time\" content=\"2018-04-06T11:18:23+00:00\" \/>\n<meta property=\"og:image\" content=\"https:\/\/president-ksgov.net\/wp-content\/uploads\/06_04_2018_7600132_06_04_2018_Takimi_1_jpg.jpg\" \/>\n\t<meta property=\"og:image:width\" content=\"2000\" \/>\n\t<meta property=\"og:image:height\" content=\"1333\" \/>\n\t<meta property=\"og:image:type\" content=\"image\/jpeg\" \/>\n<meta name=\"author\" content=\"admin\" \/>\n<meta name=\"twitter:card\" content=\"summary_large_image\" \/>\n<meta name=\"twitter:label1\" content=\"\u041d\u0430\u043f\u0438\u0441\u0430\u043d\u043e \u043e\u0434\" \/>\n\t<meta name=\"twitter:data1\" content=\"admin\" \/>\n\t<meta name=\"twitter:label2\" content=\"\u041f\u0440\u043e\u0446\u0435\u045a\u0435\u043d\u043e \u0432\u0440\u0435\u043c\u0435 \u0447\u0438\u0442\u0430\u045a\u0430\" \/>\n\t<meta name=\"twitter:data2\" content=\"1 \u043c\u0438\u043d\u0443\u0442\" \/>\n<script type=\"application\/ld+json\" class=\"yoast-schema-graph\">{\"@context\":\"https:\/\/schema.org\",\"@graph\":[{\"@type\":\"WebPage\",\"@id\":\"https:\/\/president-ksgov.net\/sr\/predsednik-thaci-estitao-romskoj-zajednici-njihov-meunarodni-dan\/\",\"url\":\"https:\/\/president-ksgov.net\/sr\/predsednik-thaci-estitao-romskoj-zajednici-njihov-meunarodni-dan\/\",\"name\":\"Predsednik Tha\u00e7i &ccaron;estitao romskoj zajednici njihov Me&dstrok;unarodni dan - Predsednik Republike Kosovo - DR. VJOSA OSMANI - SADRIU\",\"isPartOf\":{\"@id\":\"https:\/\/president-ksgov.net\/#website\"},\"primaryImageOfPage\":{\"@id\":\"https:\/\/president-ksgov.net\/sr\/predsednik-thaci-estitao-romskoj-zajednici-njihov-meunarodni-dan\/#primaryimage\"},\"image\":{\"@id\":\"https:\/\/president-ksgov.net\/sr\/predsednik-thaci-estitao-romskoj-zajednici-njihov-meunarodni-dan\/#primaryimage\"},\"thumbnailUrl\":\"https:\/\/president-ksgov.net\/wp-content\/uploads\/06_04_2018_7600132_06_04_2018_Takimi_1_jpg.jpg\",\"datePublished\":\"2018-04-06T11:18:23+00:00\",\"dateModified\":\"2018-04-06T11:18:23+00:00\",\"author\":{\"@id\":\"https:\/\/president-ksgov.net\/#\/schema\/person\/bb4337a5fb147cb2046d80548172cbee\"},\"description\":\"Predsednik Tha\u00e7i &ccaron;estitao romskoj zajednici njihov Me&dstrok;unarodni dan - Predsednik Republike Kosovo - DR. VJOSA OSMANI - SADRIU -\",\"breadcrumb\":{\"@id\":\"https:\/\/president-ksgov.net\/sr\/predsednik-thaci-estitao-romskoj-zajednici-njihov-meunarodni-dan\/#breadcrumb\"},\"inLanguage\":\"sr-RS\",\"potentialAction\":[{\"@type\":\"ReadAction\",\"target\":[\"https:\/\/president-ksgov.net\/sr\/predsednik-thaci-estitao-romskoj-zajednici-njihov-meunarodni-dan\/\"]}]},{\"@type\":\"ImageObject\",\"inLanguage\":\"sr-RS\",\"@id\":\"https:\/\/president-ksgov.net\/sr\/predsednik-thaci-estitao-romskoj-zajednici-njihov-meunarodni-dan\/#primaryimage\",\"url\":\"https:\/\/president-ksgov.net\/wp-content\/uploads\/06_04_2018_7600132_06_04_2018_Takimi_1_jpg.jpg\",\"contentUrl\":\"https:\/\/president-ksgov.net\/wp-content\/uploads\/06_04_2018_7600132_06_04_2018_Takimi_1_jpg.jpg\",\"width\":2000,\"height\":1333},{\"@type\":\"BreadcrumbList\",\"@id\":\"https:\/\/president-ksgov.net\/sr\/predsednik-thaci-estitao-romskoj-zajednici-njihov-meunarodni-dan\/#breadcrumb\",\"itemListElement\":[{\"@type\":\"ListItem\",\"position\":1,\"name\":\"Home\",\"item\":\"https:\/\/president-ksgov.net\/sr\/\"},{\"@type\":\"ListItem\",\"position\":2,\"name\":\"Predsednik Tha\u00e7i &ccaron;estitao romskoj zajednici njihov Me&dstrok;unarodni dan\"}]},{\"@type\":\"WebSite\",\"@id\":\"https:\/\/president-ksgov.net\/#website\",\"url\":\"https:\/\/president-ksgov.net\/\",\"name\":\"Presidente e Republik\u00ebs s\u00eb Kosov\u00ebs\",\"description\":\"Presidente e Republik\u00ebs s\u00eb Kosov\u00ebs\",\"alternateName\":\"DR. VJOSA OSMANI - SADRIU\",\"potentialAction\":[{\"@type\":\"SearchAction\",\"target\":{\"@type\":\"EntryPoint\",\"urlTemplate\":\"https:\/\/president-ksgov.net\/?s={search_term_string}\"},\"query-input\":{\"@type\":\"PropertyValueSpecification\",\"valueRequired\":true,\"valueName\":\"search_term_string\"}}],\"inLanguage\":\"sr-RS\"},{\"@type\":\"Person\",\"@id\":\"https:\/\/president-ksgov.net\/#\/schema\/person\/bb4337a5fb147cb2046d80548172cbee\",\"name\":\"admin\",\"image\":{\"@type\":\"ImageObject\",\"inLanguage\":\"sr-RS\",\"@id\":\"https:\/\/president-ksgov.net\/#\/schema\/person\/image\/\",\"url\":\"https:\/\/secure.gravatar.com\/avatar\/36156ca0fa3b8d9d25174f146e16beea0cf28f37adf1b9e19b6c9c279a7c9dd3?s=96&d=mm&r=g\",\"contentUrl\":\"https:\/\/secure.gravatar.com\/avatar\/36156ca0fa3b8d9d25174f146e16beea0cf28f37adf1b9e19b6c9c279a7c9dd3?s=96&d=mm&r=g\",\"caption\":\"admin\"},\"sameAs\":[\"https:\/\/president-ksgov.net\"]}]}<\/script>\n<!-- \/ Yoast SEO plugin. -->","yoast_head_json":{"title":"Predsednik Tha\u00e7i &ccaron;estitao romskoj zajednici njihov Me&dstrok;unarodni dan - Predsednik Republike Kosovo - DR. VJOSA OSMANI - SADRIU","description":"Predsednik Tha\u00e7i &ccaron;estitao romskoj zajednici njihov Me&dstrok;unarodni dan - Predsednik Republike Kosovo - DR. VJOSA OSMANI - SADRIU -","robots":{"index":"index","follow":"follow","max-snippet":"max-snippet:-1","max-image-preview":"max-image-preview:large","max-video-preview":"max-video-preview:-1"},"canonical":"https:\/\/president-ksgov.net\/sr\/predsednik-thaci-estitao-romskoj-zajednici-njihov-meunarodni-dan\/","og_locale":"sr_RS","og_type":"article","og_title":"Predsednik Tha\u00e7i &ccaron;estitao romskoj zajednici njihov Me&dstrok;unarodni dan - Predsednik Republike Kosovo - DR. VJOSA OSMANI - SADRIU","og_description":"Predsednik Tha\u00e7i &ccaron;estitao romskoj zajednici njihov Me&dstrok;unarodni dan - Predsednik Republike Kosovo - DR. VJOSA OSMANI - SADRIU -","og_url":"https:\/\/president-ksgov.net\/sr\/predsednik-thaci-estitao-romskoj-zajednici-njihov-meunarodni-dan\/","og_site_name":"Predsednik Republike Kosovo - DR. VJOSA OSMANI - SADRIU","article_published_time":"2018-04-06T11:18:23+00:00","og_image":[{"width":2000,"height":1333,"url":"https:\/\/president-ksgov.net\/wp-content\/uploads\/06_04_2018_7600132_06_04_2018_Takimi_1_jpg.jpg","type":"image\/jpeg"}],"author":"admin","twitter_card":"summary_large_image","twitter_misc":{"\u041d\u0430\u043f\u0438\u0441\u0430\u043d\u043e \u043e\u0434":"admin","\u041f\u0440\u043e\u0446\u0435\u045a\u0435\u043d\u043e \u0432\u0440\u0435\u043c\u0435 \u0447\u0438\u0442\u0430\u045a\u0430":"1 \u043c\u0438\u043d\u0443\u0442"},"schema":{"@context":"https:\/\/schema.org","@graph":[{"@type":"WebPage","@id":"https:\/\/president-ksgov.net\/sr\/predsednik-thaci-estitao-romskoj-zajednici-njihov-meunarodni-dan\/","url":"https:\/\/president-ksgov.net\/sr\/predsednik-thaci-estitao-romskoj-zajednici-njihov-meunarodni-dan\/","name":"Predsednik Tha\u00e7i &ccaron;estitao romskoj zajednici njihov Me&dstrok;unarodni dan - Predsednik Republike Kosovo - DR. VJOSA OSMANI - SADRIU","isPartOf":{"@id":"https:\/\/president-ksgov.net\/#website"},"primaryImageOfPage":{"@id":"https:\/\/president-ksgov.net\/sr\/predsednik-thaci-estitao-romskoj-zajednici-njihov-meunarodni-dan\/#primaryimage"},"image":{"@id":"https:\/\/president-ksgov.net\/sr\/predsednik-thaci-estitao-romskoj-zajednici-njihov-meunarodni-dan\/#primaryimage"},"thumbnailUrl":"https:\/\/president-ksgov.net\/wp-content\/uploads\/06_04_2018_7600132_06_04_2018_Takimi_1_jpg.jpg","datePublished":"2018-04-06T11:18:23+00:00","dateModified":"2018-04-06T11:18:23+00:00","author":{"@id":"https:\/\/president-ksgov.net\/#\/schema\/person\/bb4337a5fb147cb2046d80548172cbee"},"description":"Predsednik Tha\u00e7i &ccaron;estitao romskoj zajednici njihov Me&dstrok;unarodni dan - Predsednik Republike Kosovo - DR. VJOSA OSMANI - SADRIU -","breadcrumb":{"@id":"https:\/\/president-ksgov.net\/sr\/predsednik-thaci-estitao-romskoj-zajednici-njihov-meunarodni-dan\/#breadcrumb"},"inLanguage":"sr-RS","potentialAction":[{"@type":"ReadAction","target":["https:\/\/president-ksgov.net\/sr\/predsednik-thaci-estitao-romskoj-zajednici-njihov-meunarodni-dan\/"]}]},{"@type":"ImageObject","inLanguage":"sr-RS","@id":"https:\/\/president-ksgov.net\/sr\/predsednik-thaci-estitao-romskoj-zajednici-njihov-meunarodni-dan\/#primaryimage","url":"https:\/\/president-ksgov.net\/wp-content\/uploads\/06_04_2018_7600132_06_04_2018_Takimi_1_jpg.jpg","contentUrl":"https:\/\/president-ksgov.net\/wp-content\/uploads\/06_04_2018_7600132_06_04_2018_Takimi_1_jpg.jpg","width":2000,"height":1333},{"@type":"BreadcrumbList","@id":"https:\/\/president-ksgov.net\/sr\/predsednik-thaci-estitao-romskoj-zajednici-njihov-meunarodni-dan\/#breadcrumb","itemListElement":[{"@type":"ListItem","position":1,"name":"Home","item":"https:\/\/president-ksgov.net\/sr\/"},{"@type":"ListItem","position":2,"name":"Predsednik Tha\u00e7i &ccaron;estitao romskoj zajednici njihov Me&dstrok;unarodni dan"}]},{"@type":"WebSite","@id":"https:\/\/president-ksgov.net\/#website","url":"https:\/\/president-ksgov.net\/","name":"Presidente e Republik\u00ebs s\u00eb Kosov\u00ebs","description":"Presidente e Republik\u00ebs s\u00eb Kosov\u00ebs","alternateName":"DR. VJOSA OSMANI - SADRIU","potentialAction":[{"@type":"SearchAction","target":{"@type":"EntryPoint","urlTemplate":"https:\/\/president-ksgov.net\/?s={search_term_string}"},"query-input":{"@type":"PropertyValueSpecification","valueRequired":true,"valueName":"search_term_string"}}],"inLanguage":"sr-RS"},{"@type":"Person","@id":"https:\/\/president-ksgov.net\/#\/schema\/person\/bb4337a5fb147cb2046d80548172cbee","name":"admin","image":{"@type":"ImageObject","inLanguage":"sr-RS","@id":"https:\/\/president-ksgov.net\/#\/schema\/person\/image\/","url":"https:\/\/secure.gravatar.com\/avatar\/36156ca0fa3b8d9d25174f146e16beea0cf28f37adf1b9e19b6c9c279a7c9dd3?s=96&d=mm&r=g","contentUrl":"https:\/\/secure.gravatar.com\/avatar\/36156ca0fa3b8d9d25174f146e16beea0cf28f37adf1b9e19b6c9c279a7c9dd3?s=96&d=mm&r=g","caption":"admin"},"sameAs":["https:\/\/president-ksgov.net"]}]}},"_links":{"self":[{"href":"https:\/\/president-ksgov.net\/sr\/wp-json\/wp\/v2\/posts\/75890","targetHints":{"allow":["GET"]}}],"collection":[{"href":"https:\/\/president-ksgov.net\/sr\/wp-json\/wp\/v2\/posts"}],"about":[{"href":"https:\/\/president-ksgov.net\/sr\/wp-json\/wp\/v2\/types\/post"}],"author":[{"embeddable":true,"href":"https:\/\/president-ksgov.net\/sr\/wp-json\/wp\/v2\/users\/1"}],"replies":[{"embeddable":true,"href":"https:\/\/president-ksgov.net\/sr\/wp-json\/wp\/v2\/comments?post=75890"}],"version-history":[{"count":0,"href":"https:\/\/president-ksgov.net\/sr\/wp-json\/wp\/v2\/posts\/75890\/revisions"}],"wp:featuredmedia":[{"embeddable":true,"href":"https:\/\/president-ksgov.net\/sr\/wp-json\/wp\/v2\/media\/27705"}],"wp:attachment":[{"href":"https:\/\/president-ksgov.net\/sr\/wp-json\/wp\/v2\/media?parent=75890"}],"wp:term":[{"taxonomy":"category","embeddable":true,"href":"https:\/\/president-ksgov.net\/sr\/wp-json\/wp\/v2\/categories?post=75890"},{"taxonomy":"post_tag","embeddable":true,"href":"https:\/\/president-ksgov.net\/sr\/wp-json\/wp\/v2\/tags?post=75890"}],"curies":[{"name":"wp","href":"https:\/\/api.w.org\/{rel}","templated":true}]}}