{"id":75887,"date":"2018-04-09T13:50:52","date_gmt":"2018-04-09T13:50:52","guid":{"rendered":"https:\/\/dev.president-ksgov.net\/predsednik-bitka-na-kosarama-je-razorila-kamen-piramide-na-granici-koja-je-itav-vek-delila-albance\/"},"modified":"2018-04-09T13:50:52","modified_gmt":"2018-04-09T13:50:52","slug":"predsednik-bitka-na-kosarama-je-razorila-kamen-piramide-na-granici-koja-je-itav-vek-delila-albance","status":"publish","type":"post","link":"https:\/\/president-ksgov.net\/sr\/predsednik-bitka-na-kosarama-je-razorila-kamen-piramide-na-granici-koja-je-itav-vek-delila-albance\/","title":{"rendered":"Predsednik: Bitka na Ko\u0161arama je razorila kamen piramide na granici koja je &ccaron;itav vek delila Albance"},"content":{"rendered":"<p>Ko\u0161are, 9. april 2918. godine \u2013 Predsednik Republike Kosovo, Hashim Tha\u00e7i, danas je odao po&ccaron;ast na grobovima palih boraca na Ko\u0161arama i u&ccaron;estvovao je na spomen okupljanju u okviru tradicionalne manifestacije \u201cDit\u00ebt e Shqipes\u201d, u &ccaron;ast Bitke na Ko\u0161arama.<\/p>\n<p>Predsednik Tha\u00e7i\u00a0 je rekao da po&ccaron;etkom svake godine, posebno u martu, aprilu i maju, Kosovo obele&#382;ava bolne i ponosne doga&dstrok;aje &#382;rtve i otpora koji su vezani za ratne godine 1998-1999.<\/p>\n<p>Ove godine, predsednik Tha\u00e7i je nazvao odlu&ccaron;uju&cacute;im, u kojima se kona&ccaron;no re\u0161avala sudbina Kosova, ostvaruju&cacute;i vekovni san mnogih generacija \u2013 oslobo&dstrok;enje od vladavine srpske administracije, policije i vojske.<\/p>\n<p>I na ovu 19. godi\u0161njicu od oslobo&dstrok;enja i 10. godi\u0161njicu nezavisnosti Kosova, prise&cacute;amo se masakra u Liko\u0161anima, &Ccaron;irezu, Epopeje OVK-a u Prekazi, Epopeje Duka&dstrok;inija, masakra u Kru\u0161i, Celini, Izbici i Rezali. Obele&#382;ava&cacute;e se i se&cacute;a&cacute;emo se s po\u0161tovanjem i bolom sli&ccaron;nih doga&dstrok;a u narednim mesecima, kako bismo se prisetili &ccaron;injenice da su sloboda i nezavisnost Kosova imale visoku cenu\u201c, rekao je on.<\/p>\n<p>\u0160ef dr&#382;ave je rekao da se s ponosom danas prise&cacute;amo 19. godi\u0161njice Bitke na Ko\u0161arama.<\/p>\n<p>\u201eSe&cacute;amo se slavne borbe momaka i devojaka koji su se pridru&#382;ili redovima Oslobodila&ccaron;ke vojske, sna&#382;no nakon progla\u0161enja op\u0161te mobilizacije od strane \u0160taba OVK-a. Na Ko\u0161arama, OVK je dokazala &ccaron;injenicu da je u\u0161la u vi\u0161u fazu otpora. Ljudskim i tehni&ccaron;kim kapacitetima je bila sposobna da se suo&ccaron;i srpskim snagama u frontalnim borbama. Kao rezultat takti&ccaron;ke i strate\u0161ke spremnosti, odlu&ccaron;nim i hrabrim aktima bez premca, postignuta je istorijska pobeda \u2013 ru\u0161enje kamena piramide granice koja je &ccaron;itav vek delila albanske zemlje\u201c, rekao je predsednik Tha\u00e7i.<\/p>\n<p>On je dodao da danas uz najvi\u0161e dr&#382;avno i nacionalno po\u0161tovanje, odajemo po&ccaron;ast &#382;rtvi vojnika i oficira koji su pali u borbi za slobodu.<\/p>\n<p>\u201eSe&cacute;amo se heroja Salija \u00c7ekua, Agim Ramadanija, Xhemajla Fetahua. Izra&#382;avamo najdublje po\u0161tovanje pojedincima i veteranima Bitke na Ko\u0161arama i Pa\u0161triku\u201c, dodao je on.<\/p>\n<p>Prvi &ccaron;ovek dr&#382;ave je istakao da Kosovo ove godine dostojanstveno obele&#382;ava desetu godi\u0161njicu nezavisnosti i 19. godi\u0161njicu oslobo&dstrok;enja.<\/p>\n<p>Ovi veli&ccaron;anstveni ciljevi se prema mi\u0161ljenju predsednika Tha\u00e7ija ne bi mogli posti&cacute;i bez velikih &#382;rtvi, bez jasne politi&ccaron;ke vizije o demokratskim zapadnja&ccaron;kim vrednostima i bez podr\u0161ke Sjedinjenih Ameri&ccaron;kih Dr&#382;ava, zemalja EU i NATO-a.<\/p>\n<p>\u201eKosovo je i nasuprot izazovima, uspe\u0161na pri&ccaron;a izgradnje dr&#382;ave. Uvek &cacute;emo biti zahvalni dr&#382;avama prijateljima, koje su nas podr&#382;ale i u fazama unutra\u0161nje konsolidacije i u fazama me&dstrok;unarodne afirmacije. Kosovo uporno nastavlja da te&#382;i evro-atlantskim integracijama\u201c, rekao je on.<\/p>\n<p>Predsednik Tha\u00e7i je dodao da je nezavisnost Kosova postala faktor mira i stabilnosti u regionu, nasuprot &ccaron;injenici \u0161to susedna dr&#382;ava Srbija jo\u0161 uvek ometa na\u0161e u&ccaron;lanjenje u OUN i ostale me&dstrok;unarodne organizacije.<\/p>\n<p>Predsednik Tha\u00e7i je rekao da Kosovo nema drugi pravac, osim evro-atlantskog.\u00a0<\/p>\n","protected":false},"excerpt":{"rendered":"<p>Ko\u0161are, 9. april 2918. godine \u2013 Predsednik Republike Kosovo, Hashim Tha\u00e7i, danas je odao po&ccaron;ast na grobovima palih boraca na Ko\u0161arama i u&ccaron;estvovao je na spomen okupljanju u okviru tradicionalne manifestacije \u201cDit\u00ebt e Shqipes\u201d, u &ccaron;ast Bitke na Ko\u0161arama.<\/p>\n","protected":false},"author":1,"featured_media":27675,"comment_status":"open","ping_status":"closed","sticky":false,"template":"","format":"standard","meta":{"_eb_attr":"","footnotes":""},"categories":[101],"tags":[],"class_list":["post-75887","post","type-post","status-publish","format-standard","has-post-thumbnail","hentry","category-vesti"],"yoast_head":"<!-- This site is optimized with the Yoast SEO plugin v23.5 - https:\/\/yoast.com\/wordpress\/plugins\/seo\/ -->\n<title>Predsednik: Bitka na Ko\u0161arama je razorila kamen piramide na granici koja je &amp;ccaron;itav vek delila Albance - Predsednik Republike Kosovo - DR. VJOSA OSMANI - SADRIU<\/title>\n<meta name=\"description\" content=\"Predsednik: Bitka na Ko\u0161arama je razorila kamen piramide na granici koja je &amp;ccaron;itav vek delila Albance - Predsednik Republike Kosovo - DR. VJOSA OSMANI - SADRIU -\" \/>\n<meta name=\"robots\" content=\"index, follow, max-snippet:-1, max-image-preview:large, max-video-preview:-1\" \/>\n<link rel=\"canonical\" href=\"https:\/\/president-ksgov.net\/sr\/predsednik-bitka-na-kosarama-je-razorila-kamen-piramide-na-granici-koja-je-itav-vek-delila-albance\/\" \/>\n<meta property=\"og:locale\" content=\"sr_RS\" \/>\n<meta property=\"og:type\" content=\"article\" \/>\n<meta property=\"og:title\" content=\"Predsednik: Bitka na Ko\u0161arama je razorila kamen piramide na granici koja je &amp;ccaron;itav vek delila Albance - Predsednik Republike Kosovo - DR. VJOSA OSMANI - SADRIU\" \/>\n<meta property=\"og:description\" content=\"Predsednik: Bitka na Ko\u0161arama je razorila kamen piramide na granici koja je &amp;ccaron;itav vek delila Albance - Predsednik Republike Kosovo - DR. VJOSA OSMANI - SADRIU -\" \/>\n<meta property=\"og:url\" content=\"https:\/\/president-ksgov.net\/sr\/predsednik-bitka-na-kosarama-je-razorila-kamen-piramide-na-granici-koja-je-itav-vek-delila-albance\/\" \/>\n<meta property=\"og:site_name\" content=\"Predsednik Republike Kosovo - DR. VJOSA OSMANI - SADRIU\" \/>\n<meta property=\"article:published_time\" content=\"2018-04-09T13:50:52+00:00\" \/>\n<meta property=\"og:image\" content=\"https:\/\/president-ksgov.net\/wp-content\/uploads\/09_04_2018_6275652_09_06_2018_Presidenti_Kooshare__1.jpg\" \/>\n\t<meta property=\"og:image:width\" content=\"2000\" \/>\n\t<meta property=\"og:image:height\" content=\"1442\" \/>\n\t<meta property=\"og:image:type\" content=\"image\/jpeg\" \/>\n<meta name=\"author\" content=\"admin\" \/>\n<meta name=\"twitter:card\" content=\"summary_large_image\" \/>\n<meta name=\"twitter:label1\" content=\"\u041d\u0430\u043f\u0438\u0441\u0430\u043d\u043e \u043e\u0434\" \/>\n\t<meta name=\"twitter:data1\" content=\"admin\" \/>\n\t<meta name=\"twitter:label2\" content=\"\u041f\u0440\u043e\u0446\u0435\u045a\u0435\u043d\u043e \u0432\u0440\u0435\u043c\u0435 \u0447\u0438\u0442\u0430\u045a\u0430\" \/>\n\t<meta name=\"twitter:data2\" content=\"3 \u043c\u0438\u043d\u0443\u0442\u0430\" \/>\n<script type=\"application\/ld+json\" class=\"yoast-schema-graph\">{\"@context\":\"https:\/\/schema.org\",\"@graph\":[{\"@type\":\"WebPage\",\"@id\":\"https:\/\/president-ksgov.net\/sr\/predsednik-bitka-na-kosarama-je-razorila-kamen-piramide-na-granici-koja-je-itav-vek-delila-albance\/\",\"url\":\"https:\/\/president-ksgov.net\/sr\/predsednik-bitka-na-kosarama-je-razorila-kamen-piramide-na-granici-koja-je-itav-vek-delila-albance\/\",\"name\":\"Predsednik: Bitka na Ko\u0161arama je razorila kamen piramide na granici koja je &ccaron;itav vek delila Albance - Predsednik Republike Kosovo - DR. VJOSA OSMANI - SADRIU\",\"isPartOf\":{\"@id\":\"https:\/\/president-ksgov.net\/#website\"},\"primaryImageOfPage\":{\"@id\":\"https:\/\/president-ksgov.net\/sr\/predsednik-bitka-na-kosarama-je-razorila-kamen-piramide-na-granici-koja-je-itav-vek-delila-albance\/#primaryimage\"},\"image\":{\"@id\":\"https:\/\/president-ksgov.net\/sr\/predsednik-bitka-na-kosarama-je-razorila-kamen-piramide-na-granici-koja-je-itav-vek-delila-albance\/#primaryimage\"},\"thumbnailUrl\":\"https:\/\/president-ksgov.net\/wp-content\/uploads\/09_04_2018_6275652_09_06_2018_Presidenti_Kooshare__1.jpg\",\"datePublished\":\"2018-04-09T13:50:52+00:00\",\"dateModified\":\"2018-04-09T13:50:52+00:00\",\"author\":{\"@id\":\"https:\/\/president-ksgov.net\/#\/schema\/person\/bb4337a5fb147cb2046d80548172cbee\"},\"description\":\"Predsednik: Bitka na Ko\u0161arama je razorila kamen piramide na granici koja je &ccaron;itav vek delila Albance - Predsednik Republike Kosovo - DR. VJOSA OSMANI - SADRIU -\",\"breadcrumb\":{\"@id\":\"https:\/\/president-ksgov.net\/sr\/predsednik-bitka-na-kosarama-je-razorila-kamen-piramide-na-granici-koja-je-itav-vek-delila-albance\/#breadcrumb\"},\"inLanguage\":\"sr-RS\",\"potentialAction\":[{\"@type\":\"ReadAction\",\"target\":[\"https:\/\/president-ksgov.net\/sr\/predsednik-bitka-na-kosarama-je-razorila-kamen-piramide-na-granici-koja-je-itav-vek-delila-albance\/\"]}]},{\"@type\":\"ImageObject\",\"inLanguage\":\"sr-RS\",\"@id\":\"https:\/\/president-ksgov.net\/sr\/predsednik-bitka-na-kosarama-je-razorila-kamen-piramide-na-granici-koja-je-itav-vek-delila-albance\/#primaryimage\",\"url\":\"https:\/\/president-ksgov.net\/wp-content\/uploads\/09_04_2018_6275652_09_06_2018_Presidenti_Kooshare__1.jpg\",\"contentUrl\":\"https:\/\/president-ksgov.net\/wp-content\/uploads\/09_04_2018_6275652_09_06_2018_Presidenti_Kooshare__1.jpg\",\"width\":2000,\"height\":1442},{\"@type\":\"BreadcrumbList\",\"@id\":\"https:\/\/president-ksgov.net\/sr\/predsednik-bitka-na-kosarama-je-razorila-kamen-piramide-na-granici-koja-je-itav-vek-delila-albance\/#breadcrumb\",\"itemListElement\":[{\"@type\":\"ListItem\",\"position\":1,\"name\":\"Home\",\"item\":\"https:\/\/president-ksgov.net\/sr\/\"},{\"@type\":\"ListItem\",\"position\":2,\"name\":\"Predsednik: Bitka na Ko\u0161arama je razorila kamen piramide na granici koja je &ccaron;itav vek delila Albance\"}]},{\"@type\":\"WebSite\",\"@id\":\"https:\/\/president-ksgov.net\/#website\",\"url\":\"https:\/\/president-ksgov.net\/\",\"name\":\"Presidente e Republik\u00ebs s\u00eb Kosov\u00ebs\",\"description\":\"Presidente e Republik\u00ebs s\u00eb Kosov\u00ebs\",\"alternateName\":\"DR. VJOSA OSMANI - SADRIU\",\"potentialAction\":[{\"@type\":\"SearchAction\",\"target\":{\"@type\":\"EntryPoint\",\"urlTemplate\":\"https:\/\/president-ksgov.net\/?s={search_term_string}\"},\"query-input\":{\"@type\":\"PropertyValueSpecification\",\"valueRequired\":true,\"valueName\":\"search_term_string\"}}],\"inLanguage\":\"sr-RS\"},{\"@type\":\"Person\",\"@id\":\"https:\/\/president-ksgov.net\/#\/schema\/person\/bb4337a5fb147cb2046d80548172cbee\",\"name\":\"admin\",\"image\":{\"@type\":\"ImageObject\",\"inLanguage\":\"sr-RS\",\"@id\":\"https:\/\/president-ksgov.net\/#\/schema\/person\/image\/\",\"url\":\"https:\/\/secure.gravatar.com\/avatar\/36156ca0fa3b8d9d25174f146e16beea0cf28f37adf1b9e19b6c9c279a7c9dd3?s=96&d=mm&r=g\",\"contentUrl\":\"https:\/\/secure.gravatar.com\/avatar\/36156ca0fa3b8d9d25174f146e16beea0cf28f37adf1b9e19b6c9c279a7c9dd3?s=96&d=mm&r=g\",\"caption\":\"admin\"},\"sameAs\":[\"https:\/\/president-ksgov.net\"]}]}<\/script>\n<!-- \/ Yoast SEO plugin. -->","yoast_head_json":{"title":"Predsednik: Bitka na Ko\u0161arama je razorila kamen piramide na granici koja je &ccaron;itav vek delila Albance - Predsednik Republike Kosovo - DR. VJOSA OSMANI - SADRIU","description":"Predsednik: Bitka na Ko\u0161arama je razorila kamen piramide na granici koja je &ccaron;itav vek delila Albance - Predsednik Republike Kosovo - DR. VJOSA OSMANI - SADRIU -","robots":{"index":"index","follow":"follow","max-snippet":"max-snippet:-1","max-image-preview":"max-image-preview:large","max-video-preview":"max-video-preview:-1"},"canonical":"https:\/\/president-ksgov.net\/sr\/predsednik-bitka-na-kosarama-je-razorila-kamen-piramide-na-granici-koja-je-itav-vek-delila-albance\/","og_locale":"sr_RS","og_type":"article","og_title":"Predsednik: Bitka na Ko\u0161arama je razorila kamen piramide na granici koja je &ccaron;itav vek delila Albance - Predsednik Republike Kosovo - DR. VJOSA OSMANI - SADRIU","og_description":"Predsednik: Bitka na Ko\u0161arama je razorila kamen piramide na granici koja je &ccaron;itav vek delila Albance - Predsednik Republike Kosovo - DR. VJOSA OSMANI - SADRIU -","og_url":"https:\/\/president-ksgov.net\/sr\/predsednik-bitka-na-kosarama-je-razorila-kamen-piramide-na-granici-koja-je-itav-vek-delila-albance\/","og_site_name":"Predsednik Republike Kosovo - DR. VJOSA OSMANI - SADRIU","article_published_time":"2018-04-09T13:50:52+00:00","og_image":[{"width":2000,"height":1442,"url":"https:\/\/president-ksgov.net\/wp-content\/uploads\/09_04_2018_6275652_09_06_2018_Presidenti_Kooshare__1.jpg","type":"image\/jpeg"}],"author":"admin","twitter_card":"summary_large_image","twitter_misc":{"\u041d\u0430\u043f\u0438\u0441\u0430\u043d\u043e \u043e\u0434":"admin","\u041f\u0440\u043e\u0446\u0435\u045a\u0435\u043d\u043e \u0432\u0440\u0435\u043c\u0435 \u0447\u0438\u0442\u0430\u045a\u0430":"3 \u043c\u0438\u043d\u0443\u0442\u0430"},"schema":{"@context":"https:\/\/schema.org","@graph":[{"@type":"WebPage","@id":"https:\/\/president-ksgov.net\/sr\/predsednik-bitka-na-kosarama-je-razorila-kamen-piramide-na-granici-koja-je-itav-vek-delila-albance\/","url":"https:\/\/president-ksgov.net\/sr\/predsednik-bitka-na-kosarama-je-razorila-kamen-piramide-na-granici-koja-je-itav-vek-delila-albance\/","name":"Predsednik: Bitka na Ko\u0161arama je razorila kamen piramide na granici koja je &ccaron;itav vek delila Albance - Predsednik Republike Kosovo - DR. VJOSA OSMANI - SADRIU","isPartOf":{"@id":"https:\/\/president-ksgov.net\/#website"},"primaryImageOfPage":{"@id":"https:\/\/president-ksgov.net\/sr\/predsednik-bitka-na-kosarama-je-razorila-kamen-piramide-na-granici-koja-je-itav-vek-delila-albance\/#primaryimage"},"image":{"@id":"https:\/\/president-ksgov.net\/sr\/predsednik-bitka-na-kosarama-je-razorila-kamen-piramide-na-granici-koja-je-itav-vek-delila-albance\/#primaryimage"},"thumbnailUrl":"https:\/\/president-ksgov.net\/wp-content\/uploads\/09_04_2018_6275652_09_06_2018_Presidenti_Kooshare__1.jpg","datePublished":"2018-04-09T13:50:52+00:00","dateModified":"2018-04-09T13:50:52+00:00","author":{"@id":"https:\/\/president-ksgov.net\/#\/schema\/person\/bb4337a5fb147cb2046d80548172cbee"},"description":"Predsednik: Bitka na Ko\u0161arama je razorila kamen piramide na granici koja je &ccaron;itav vek delila Albance - Predsednik Republike Kosovo - DR. VJOSA OSMANI - SADRIU -","breadcrumb":{"@id":"https:\/\/president-ksgov.net\/sr\/predsednik-bitka-na-kosarama-je-razorila-kamen-piramide-na-granici-koja-je-itav-vek-delila-albance\/#breadcrumb"},"inLanguage":"sr-RS","potentialAction":[{"@type":"ReadAction","target":["https:\/\/president-ksgov.net\/sr\/predsednik-bitka-na-kosarama-je-razorila-kamen-piramide-na-granici-koja-je-itav-vek-delila-albance\/"]}]},{"@type":"ImageObject","inLanguage":"sr-RS","@id":"https:\/\/president-ksgov.net\/sr\/predsednik-bitka-na-kosarama-je-razorila-kamen-piramide-na-granici-koja-je-itav-vek-delila-albance\/#primaryimage","url":"https:\/\/president-ksgov.net\/wp-content\/uploads\/09_04_2018_6275652_09_06_2018_Presidenti_Kooshare__1.jpg","contentUrl":"https:\/\/president-ksgov.net\/wp-content\/uploads\/09_04_2018_6275652_09_06_2018_Presidenti_Kooshare__1.jpg","width":2000,"height":1442},{"@type":"BreadcrumbList","@id":"https:\/\/president-ksgov.net\/sr\/predsednik-bitka-na-kosarama-je-razorila-kamen-piramide-na-granici-koja-je-itav-vek-delila-albance\/#breadcrumb","itemListElement":[{"@type":"ListItem","position":1,"name":"Home","item":"https:\/\/president-ksgov.net\/sr\/"},{"@type":"ListItem","position":2,"name":"Predsednik: Bitka na Ko\u0161arama je razorila kamen piramide na granici koja je &ccaron;itav vek delila Albance"}]},{"@type":"WebSite","@id":"https:\/\/president-ksgov.net\/#website","url":"https:\/\/president-ksgov.net\/","name":"Presidente e Republik\u00ebs s\u00eb Kosov\u00ebs","description":"Presidente e Republik\u00ebs s\u00eb Kosov\u00ebs","alternateName":"DR. VJOSA OSMANI - SADRIU","potentialAction":[{"@type":"SearchAction","target":{"@type":"EntryPoint","urlTemplate":"https:\/\/president-ksgov.net\/?s={search_term_string}"},"query-input":{"@type":"PropertyValueSpecification","valueRequired":true,"valueName":"search_term_string"}}],"inLanguage":"sr-RS"},{"@type":"Person","@id":"https:\/\/president-ksgov.net\/#\/schema\/person\/bb4337a5fb147cb2046d80548172cbee","name":"admin","image":{"@type":"ImageObject","inLanguage":"sr-RS","@id":"https:\/\/president-ksgov.net\/#\/schema\/person\/image\/","url":"https:\/\/secure.gravatar.com\/avatar\/36156ca0fa3b8d9d25174f146e16beea0cf28f37adf1b9e19b6c9c279a7c9dd3?s=96&d=mm&r=g","contentUrl":"https:\/\/secure.gravatar.com\/avatar\/36156ca0fa3b8d9d25174f146e16beea0cf28f37adf1b9e19b6c9c279a7c9dd3?s=96&d=mm&r=g","caption":"admin"},"sameAs":["https:\/\/president-ksgov.net"]}]}},"_links":{"self":[{"href":"https:\/\/president-ksgov.net\/sr\/wp-json\/wp\/v2\/posts\/75887","targetHints":{"allow":["GET"]}}],"collection":[{"href":"https:\/\/president-ksgov.net\/sr\/wp-json\/wp\/v2\/posts"}],"about":[{"href":"https:\/\/president-ksgov.net\/sr\/wp-json\/wp\/v2\/types\/post"}],"author":[{"embeddable":true,"href":"https:\/\/president-ksgov.net\/sr\/wp-json\/wp\/v2\/users\/1"}],"replies":[{"embeddable":true,"href":"https:\/\/president-ksgov.net\/sr\/wp-json\/wp\/v2\/comments?post=75887"}],"version-history":[{"count":0,"href":"https:\/\/president-ksgov.net\/sr\/wp-json\/wp\/v2\/posts\/75887\/revisions"}],"wp:featuredmedia":[{"embeddable":true,"href":"https:\/\/president-ksgov.net\/sr\/wp-json\/wp\/v2\/media\/27675"}],"wp:attachment":[{"href":"https:\/\/president-ksgov.net\/sr\/wp-json\/wp\/v2\/media?parent=75887"}],"wp:term":[{"taxonomy":"category","embeddable":true,"href":"https:\/\/president-ksgov.net\/sr\/wp-json\/wp\/v2\/categories?post=75887"},{"taxonomy":"post_tag","embeddable":true,"href":"https:\/\/president-ksgov.net\/sr\/wp-json\/wp\/v2\/tags?post=75887"}],"curies":[{"name":"wp","href":"https:\/\/api.w.org\/{rel}","templated":true}]}}