{"id":75885,"date":"2018-04-11T14:23:39","date_gmt":"2018-04-11T14:23:39","guid":{"rendered":"https:\/\/dev.president-ksgov.net\/predsednik-thaci-bez-pravednog-rata-ovk-kosovo-ne-bi-postala-slobodna-zemlja\/"},"modified":"2018-04-11T14:23:39","modified_gmt":"2018-04-11T14:23:39","slug":"predsednik-thaci-bez-pravednog-rata-ovk-kosovo-ne-bi-postala-slobodna-zemlja","status":"publish","type":"post","link":"https:\/\/president-ksgov.net\/sr\/predsednik-thaci-bez-pravednog-rata-ovk-kosovo-ne-bi-postala-slobodna-zemlja\/","title":{"rendered":"Predsednik Tha\u00e7i: Bez pravednog rata OVK, Kosovo ne bi postala slobodna zemlja"},"content":{"rendered":"<p>Pri\u0161tina, 11. april 2018. godine \u2013 Predsednik zemlje, Hashim Tha\u00e7i, danas je u&ccaron;estvovao na Spomen akademiji za Dan palih boraca 138. brigade \u201eAgim Ramadani\u201c, koji je i dan pada heroja Agima Ramadanija, a koja je organizovana u okviru manifestacije \u201cDit\u00ebt e Shqipes\u201d.<\/p>\n<p>\u0160ef dr&#382;ave je rekao da je pre dva dana uz najvi\u0161e dr&#382;avne po&ccaron;asti obele&#382;ena i 19. godi\u0161njica jedne od najbitnijih bitaka Oslobodila&ccaron;ke vojske Kosova, Bitke na Ko\u0161arama. <\/p>\n<p>\u201eKosovo je stupilo u odlu&ccaron;uju&cacute;u fazu oslobo&dstrok;enja. Najsna&#382;niji vojni savez na svetu, NATO, je dve nedelje ranije zapo&ccaron;elo bombardovanje sprskih vojnih i policijskih meta. Oslobodila&ccaron;ka vojska Kosova je pro\u0161la kroz mnoge izazove, pokazuju&cacute;i nepora&#382;enu vojnu i politi&ccaron;ku snagu. OVK su se pridru&#382;ili ne samo pripadnici sa Kosova, ve&cacute; iz svih ostalih albanskih predela i iz dijaspore\u201c, rekao je predsednik Tha\u00e7i.<\/p>\n<p>On je rekao da su se na poziv General\u0161taba OVK za mobilizaciju odazvale sve dru\u0161tvene kategorije, mnogobrojni dobrovoljci, mladi i mlade, mu\u0161karci i &#382;ene, biv\u0161i oficiri i rodoljubi koji su nestrpljivo &ccaron;ekali trenutak da doprinesu slobodi na\u0161e zemlje. <\/p>\n<p>\u201eBitka na Ko\u0161arama i Bitka na Pa\u0161triku su najbolje pokazale da je OVK bila spremna za frontalne vojne operacije. Tako su postignuta dva bitna i istorijska cilja: proterivanje srpske vojske iz kasarne i ru\u0161enje grani&ccaron;nog kamena, koji je &ccaron;itav vek delio albanske zemlje. I u bitkama du&#382; granice, na Ko\u0161arama i Pa\u0161triku, iza\u0161ao je na videlo univerzalni princip borbe Oslobodila&ccaron;ke vojske Kosova, pad komandanta na &ccaron;elu bitaka\u201c; rekao je predsednik Tha\u00e7i.<\/p>\n<p>Prvi &ccaron;ovek zemlje je istakao da su primer legendarnog komandanta Adema Jasharija pratili i komandanti Fehmi Llafrovci, Muja Krasniqi, Ilaz Kodra, Shk\u00eblzen Haradinaj, Agim Bajrami, dok taj primer nije kasnije prenet i na komandante Bitke na Ko\u0161arama, Agima Ramadanija, Saliju \u00c7ekaja dhe Xhemajla Fetahua.<\/p>\n<p>\u201eSa Agimom Ramadanijem sam se sastao nekoliko puta van zemlje i u Albaniji, pre i tokom rata. On je bio &ccaron;ovek politi&ccaron;ke vizije, umetnosti,\u00a0 oli&ccaron;enje &ccaron;oveka, nije imao partiju i njegov stav je uvek bio jasan: Kosovo se ne&cacute;e osloboditi bez oru&#382;ane borbe. Sa Salijom \u00c7ekajem sam se sastao u Albaniji. Ranije sam od na\u0161ih zajedni&ccaron;kih prijatelja &ccaron;uo za njega, bio je istaknuti pravnik, mudar &ccaron;ovek, ali veoma odlu&ccaron;an i oslobodila&ccaron;ku borbu je video kao bez put alternative, na kojoj je i radio danono&cacute;no. Putovao sam zajedno sa njim i ta se&cacute;anja &cacute;e mi zauvek ostati sve&#382;a i po\u0161tovana. Xhemajla Fetahua sam &ccaron;esto sretao, jo\u0161 kao u&ccaron;enik, on je bio posve&cacute;en slobodi i nezavisnosti Kosova. Xhemajl gde kod da je oti\u0161ao on je ujedinjavao i zbli&#382;avao ljude bez politi&ccaron;kih razlika. On je imao kristalan politi&ccaron;ki stav i &ccaron;eli&ccaron;nu odlu&ccaron;nost o oslobo&dstrok;enju Kosova. Sa drugim suborcem Abazom Tha\u00e7ijem sam odrastao u zajedni&ccaron;koj sredini. Patriotsko vaspitanje, spremnost na &#382;rtvu. S toga, nije moglo da bude druga&ccaron;ije, Abaz je pao herojski za slobodu Kosova. Upravo ova osobina borbe OVK daje smisao imenu pod kojim se obele&#382;ava ova manifestacija, \u201eDit\u00ebt e Shqipes\u201d, rekao je predsednik Tha\u00e7i.<\/p>\n<p>\u201eBorci za slobodu Kosova su bili, kako vojnici, tako i komandanti i oficiri, glave bitaka. U tome i jeste originalnost i poseban pe&ccaron;at OVK, spremnost na &#382;rtvu. Ali, u tome je i op\u0161ta vrednost vizije i strategije OVK, koja povezuje bitke koje su odvijale bilo gde na Kosovu\u201c, dodao je on. <\/p>\n<p>Predsednik Tha\u00e7i je rekao da je Epopeja OVK-a u Prekazu, Epopeja Duka&dstrok;ina u Glo&dstrok;anima, bitke u operativnoj zoni Drenice, Lapa, Pa\u0161trika, Nerodimlja, \u0160alje i Karadakua, su celina otpora i &#382;rtve Oslobodila&ccaron;ke vojske Kosova, kao jedno. <\/p>\n<p>\u201eDakle, ponosno ka&#382;emo veliku istinu: ponosni smo \u0161to pripadamo generaciji koja je osnovala, organizovala i razvila najuspe\u0161niju gerilu dvadesetog veka- Oslobodila&ccaron;ku vojsku Kosova. Ponosni smo \u0161to je ova politi&ccaron;ka i vojna organizacija, sa vizijom i odgovorno\u0161&cacute;u, nai\u0161la na podr\u0161ku demokratskog sveta\u201c, rekao je predsednik Tha\u00e7i.<\/p>\n<p>On je istakao da bez pravedne borbe OVK i bez &#382;rtve palih boraca za slobodu, bez podr\u0161ke i otpora svih gra&dstrok;ana, bez podr\u0161ke demokratskog sveta, Kosovo ne bi postalo slobodna zemlja. <\/p>\n<p>\u201e\u201c018. godina je godina 19. godi\u0161njice oslobo&dstrok;enja. U ovom vremenskom luku, Kosovo je zabele&#382;ilo izuzetnu transformaciju. Dru\u0161tvo koje je iza\u0161lo iz materijalnog razaranja, koje je do&#382;ivelo masakre, genocid i isterivanje, uspe\u0161no se obnovilo u periodu tranzicije. Odlu&ccaron;no i posve&cacute;eno, Kosovo je i\u0161lo prema neizbe&#382;nom procesu nezavisnosti\u201c, rekao je predsednik Tha\u00e7i.<\/p>\n<p>Predsednik Tha\u00e7i je istakao da na\u0161i gra&dstrok;ani, na\u0161e institucije i dr&#382;ava Kosovo, nakon ostvarivanja osnovnog cilja- oslobo&dstrok;enja, nakon progla\u0161enja nezavisnosti sada imaju tre&cacute;u veliku te&#382;nju, evro-atlantske integracije.<br \/>\n\u00a0<\/p>\n","protected":false},"excerpt":{"rendered":"<p>Pri\u0161tina, 11. april 2018. godine \u2013 Predsednik zemlje, Hashim Tha\u00e7i, danas je u&ccaron;estvovao na Spomen akademiji za Dan palih boraca 138. brigade \u201eAgim Ramadani\u201c, koji je i dan pada heroja Agima Ramadanija, a koja je organizovana u okviru manifestacije \u201cDit\u00ebt e Shqipes\u201d.<\/p>\n","protected":false},"author":1,"featured_media":27637,"comment_status":"open","ping_status":"closed","sticky":false,"template":"","format":"standard","meta":{"_eb_attr":"","footnotes":""},"categories":[101],"tags":[],"class_list":["post-75885","post","type-post","status-publish","format-standard","has-post-thumbnail","hentry","category-vesti"],"yoast_head":"<!-- This site is optimized with the Yoast SEO plugin v23.5 - https:\/\/yoast.com\/wordpress\/plugins\/seo\/ -->\n<title>Predsednik Tha\u00e7i: Bez pravednog rata OVK, Kosovo ne bi postala slobodna zemlja - Predsednik Republike Kosovo - DR. VJOSA OSMANI - SADRIU<\/title>\n<meta name=\"description\" content=\"Predsednik Tha\u00e7i: Bez pravednog rata OVK, Kosovo ne bi postala slobodna zemlja - Predsednik Republike Kosovo - DR. VJOSA OSMANI - SADRIU -\" \/>\n<meta name=\"robots\" content=\"index, follow, max-snippet:-1, max-image-preview:large, max-video-preview:-1\" \/>\n<link rel=\"canonical\" href=\"https:\/\/president-ksgov.net\/sr\/predsednik-thaci-bez-pravednog-rata-ovk-kosovo-ne-bi-postala-slobodna-zemlja\/\" \/>\n<meta property=\"og:locale\" content=\"sr_RS\" \/>\n<meta property=\"og:type\" content=\"article\" \/>\n<meta property=\"og:title\" content=\"Predsednik Tha\u00e7i: Bez pravednog rata OVK, Kosovo ne bi postala slobodna zemlja - Predsednik Republike Kosovo - DR. VJOSA OSMANI - SADRIU\" \/>\n<meta property=\"og:description\" content=\"Predsednik Tha\u00e7i: Bez pravednog rata OVK, Kosovo ne bi postala slobodna zemlja - Predsednik Republike Kosovo - DR. VJOSA OSMANI - SADRIU -\" \/>\n<meta property=\"og:url\" content=\"https:\/\/president-ksgov.net\/sr\/predsednik-thaci-bez-pravednog-rata-ovk-kosovo-ne-bi-postala-slobodna-zemlja\/\" \/>\n<meta property=\"og:site_name\" content=\"Predsednik Republike Kosovo - DR. VJOSA OSMANI - SADRIU\" \/>\n<meta property=\"article:published_time\" content=\"2018-04-11T14:23:39+00:00\" \/>\n<meta property=\"og:image\" content=\"https:\/\/president-ksgov.net\/wp-content\/uploads\/11_04_2018_8243971_11_04_2018_Akademia_1.jpg\" \/>\n\t<meta property=\"og:image:width\" content=\"2000\" \/>\n\t<meta property=\"og:image:height\" content=\"1253\" \/>\n\t<meta property=\"og:image:type\" content=\"image\/jpeg\" \/>\n<meta name=\"author\" content=\"admin\" \/>\n<meta name=\"twitter:card\" content=\"summary_large_image\" \/>\n<meta name=\"twitter:label1\" content=\"\u041d\u0430\u043f\u0438\u0441\u0430\u043d\u043e \u043e\u0434\" \/>\n\t<meta name=\"twitter:data1\" content=\"admin\" \/>\n\t<meta name=\"twitter:label2\" content=\"\u041f\u0440\u043e\u0446\u0435\u045a\u0435\u043d\u043e \u0432\u0440\u0435\u043c\u0435 \u0447\u0438\u0442\u0430\u045a\u0430\" \/>\n\t<meta name=\"twitter:data2\" content=\"4 \u043c\u0438\u043d\u0443\u0442\u0430\" \/>\n<script type=\"application\/ld+json\" class=\"yoast-schema-graph\">{\"@context\":\"https:\/\/schema.org\",\"@graph\":[{\"@type\":\"WebPage\",\"@id\":\"https:\/\/president-ksgov.net\/sr\/predsednik-thaci-bez-pravednog-rata-ovk-kosovo-ne-bi-postala-slobodna-zemlja\/\",\"url\":\"https:\/\/president-ksgov.net\/sr\/predsednik-thaci-bez-pravednog-rata-ovk-kosovo-ne-bi-postala-slobodna-zemlja\/\",\"name\":\"Predsednik Tha\u00e7i: Bez pravednog rata OVK, Kosovo ne bi postala slobodna zemlja - Predsednik Republike Kosovo - DR. VJOSA OSMANI - SADRIU\",\"isPartOf\":{\"@id\":\"https:\/\/president-ksgov.net\/#website\"},\"primaryImageOfPage\":{\"@id\":\"https:\/\/president-ksgov.net\/sr\/predsednik-thaci-bez-pravednog-rata-ovk-kosovo-ne-bi-postala-slobodna-zemlja\/#primaryimage\"},\"image\":{\"@id\":\"https:\/\/president-ksgov.net\/sr\/predsednik-thaci-bez-pravednog-rata-ovk-kosovo-ne-bi-postala-slobodna-zemlja\/#primaryimage\"},\"thumbnailUrl\":\"https:\/\/president-ksgov.net\/wp-content\/uploads\/11_04_2018_8243971_11_04_2018_Akademia_1.jpg\",\"datePublished\":\"2018-04-11T14:23:39+00:00\",\"dateModified\":\"2018-04-11T14:23:39+00:00\",\"author\":{\"@id\":\"https:\/\/president-ksgov.net\/#\/schema\/person\/bb4337a5fb147cb2046d80548172cbee\"},\"description\":\"Predsednik Tha\u00e7i: Bez pravednog rata OVK, Kosovo ne bi postala slobodna zemlja - Predsednik Republike Kosovo - DR. VJOSA OSMANI - SADRIU -\",\"breadcrumb\":{\"@id\":\"https:\/\/president-ksgov.net\/sr\/predsednik-thaci-bez-pravednog-rata-ovk-kosovo-ne-bi-postala-slobodna-zemlja\/#breadcrumb\"},\"inLanguage\":\"sr-RS\",\"potentialAction\":[{\"@type\":\"ReadAction\",\"target\":[\"https:\/\/president-ksgov.net\/sr\/predsednik-thaci-bez-pravednog-rata-ovk-kosovo-ne-bi-postala-slobodna-zemlja\/\"]}]},{\"@type\":\"ImageObject\",\"inLanguage\":\"sr-RS\",\"@id\":\"https:\/\/president-ksgov.net\/sr\/predsednik-thaci-bez-pravednog-rata-ovk-kosovo-ne-bi-postala-slobodna-zemlja\/#primaryimage\",\"url\":\"https:\/\/president-ksgov.net\/wp-content\/uploads\/11_04_2018_8243971_11_04_2018_Akademia_1.jpg\",\"contentUrl\":\"https:\/\/president-ksgov.net\/wp-content\/uploads\/11_04_2018_8243971_11_04_2018_Akademia_1.jpg\",\"width\":2000,\"height\":1253},{\"@type\":\"BreadcrumbList\",\"@id\":\"https:\/\/president-ksgov.net\/sr\/predsednik-thaci-bez-pravednog-rata-ovk-kosovo-ne-bi-postala-slobodna-zemlja\/#breadcrumb\",\"itemListElement\":[{\"@type\":\"ListItem\",\"position\":1,\"name\":\"Home\",\"item\":\"https:\/\/president-ksgov.net\/sr\/\"},{\"@type\":\"ListItem\",\"position\":2,\"name\":\"Predsednik Tha\u00e7i: Bez pravednog rata OVK, Kosovo ne bi postala slobodna zemlja\"}]},{\"@type\":\"WebSite\",\"@id\":\"https:\/\/president-ksgov.net\/#website\",\"url\":\"https:\/\/president-ksgov.net\/\",\"name\":\"Presidente e Republik\u00ebs s\u00eb Kosov\u00ebs\",\"description\":\"Presidente e Republik\u00ebs s\u00eb Kosov\u00ebs\",\"alternateName\":\"DR. VJOSA OSMANI - SADRIU\",\"potentialAction\":[{\"@type\":\"SearchAction\",\"target\":{\"@type\":\"EntryPoint\",\"urlTemplate\":\"https:\/\/president-ksgov.net\/?s={search_term_string}\"},\"query-input\":{\"@type\":\"PropertyValueSpecification\",\"valueRequired\":true,\"valueName\":\"search_term_string\"}}],\"inLanguage\":\"sr-RS\"},{\"@type\":\"Person\",\"@id\":\"https:\/\/president-ksgov.net\/#\/schema\/person\/bb4337a5fb147cb2046d80548172cbee\",\"name\":\"admin\",\"image\":{\"@type\":\"ImageObject\",\"inLanguage\":\"sr-RS\",\"@id\":\"https:\/\/president-ksgov.net\/#\/schema\/person\/image\/\",\"url\":\"https:\/\/secure.gravatar.com\/avatar\/36156ca0fa3b8d9d25174f146e16beea0cf28f37adf1b9e19b6c9c279a7c9dd3?s=96&d=mm&r=g\",\"contentUrl\":\"https:\/\/secure.gravatar.com\/avatar\/36156ca0fa3b8d9d25174f146e16beea0cf28f37adf1b9e19b6c9c279a7c9dd3?s=96&d=mm&r=g\",\"caption\":\"admin\"},\"sameAs\":[\"https:\/\/president-ksgov.net\"]}]}<\/script>\n<!-- \/ Yoast SEO plugin. -->","yoast_head_json":{"title":"Predsednik Tha\u00e7i: Bez pravednog rata OVK, Kosovo ne bi postala slobodna zemlja - Predsednik Republike Kosovo - DR. VJOSA OSMANI - SADRIU","description":"Predsednik Tha\u00e7i: Bez pravednog rata OVK, Kosovo ne bi postala slobodna zemlja - Predsednik Republike Kosovo - DR. VJOSA OSMANI - SADRIU -","robots":{"index":"index","follow":"follow","max-snippet":"max-snippet:-1","max-image-preview":"max-image-preview:large","max-video-preview":"max-video-preview:-1"},"canonical":"https:\/\/president-ksgov.net\/sr\/predsednik-thaci-bez-pravednog-rata-ovk-kosovo-ne-bi-postala-slobodna-zemlja\/","og_locale":"sr_RS","og_type":"article","og_title":"Predsednik Tha\u00e7i: Bez pravednog rata OVK, Kosovo ne bi postala slobodna zemlja - Predsednik Republike Kosovo - DR. VJOSA OSMANI - SADRIU","og_description":"Predsednik Tha\u00e7i: Bez pravednog rata OVK, Kosovo ne bi postala slobodna zemlja - Predsednik Republike Kosovo - DR. VJOSA OSMANI - SADRIU -","og_url":"https:\/\/president-ksgov.net\/sr\/predsednik-thaci-bez-pravednog-rata-ovk-kosovo-ne-bi-postala-slobodna-zemlja\/","og_site_name":"Predsednik Republike Kosovo - DR. VJOSA OSMANI - SADRIU","article_published_time":"2018-04-11T14:23:39+00:00","og_image":[{"width":2000,"height":1253,"url":"https:\/\/president-ksgov.net\/wp-content\/uploads\/11_04_2018_8243971_11_04_2018_Akademia_1.jpg","type":"image\/jpeg"}],"author":"admin","twitter_card":"summary_large_image","twitter_misc":{"\u041d\u0430\u043f\u0438\u0441\u0430\u043d\u043e \u043e\u0434":"admin","\u041f\u0440\u043e\u0446\u0435\u045a\u0435\u043d\u043e \u0432\u0440\u0435\u043c\u0435 \u0447\u0438\u0442\u0430\u045a\u0430":"4 \u043c\u0438\u043d\u0443\u0442\u0430"},"schema":{"@context":"https:\/\/schema.org","@graph":[{"@type":"WebPage","@id":"https:\/\/president-ksgov.net\/sr\/predsednik-thaci-bez-pravednog-rata-ovk-kosovo-ne-bi-postala-slobodna-zemlja\/","url":"https:\/\/president-ksgov.net\/sr\/predsednik-thaci-bez-pravednog-rata-ovk-kosovo-ne-bi-postala-slobodna-zemlja\/","name":"Predsednik Tha\u00e7i: Bez pravednog rata OVK, Kosovo ne bi postala slobodna zemlja - Predsednik Republike Kosovo - DR. VJOSA OSMANI - SADRIU","isPartOf":{"@id":"https:\/\/president-ksgov.net\/#website"},"primaryImageOfPage":{"@id":"https:\/\/president-ksgov.net\/sr\/predsednik-thaci-bez-pravednog-rata-ovk-kosovo-ne-bi-postala-slobodna-zemlja\/#primaryimage"},"image":{"@id":"https:\/\/president-ksgov.net\/sr\/predsednik-thaci-bez-pravednog-rata-ovk-kosovo-ne-bi-postala-slobodna-zemlja\/#primaryimage"},"thumbnailUrl":"https:\/\/president-ksgov.net\/wp-content\/uploads\/11_04_2018_8243971_11_04_2018_Akademia_1.jpg","datePublished":"2018-04-11T14:23:39+00:00","dateModified":"2018-04-11T14:23:39+00:00","author":{"@id":"https:\/\/president-ksgov.net\/#\/schema\/person\/bb4337a5fb147cb2046d80548172cbee"},"description":"Predsednik Tha\u00e7i: Bez pravednog rata OVK, Kosovo ne bi postala slobodna zemlja - Predsednik Republike Kosovo - DR. VJOSA OSMANI - SADRIU -","breadcrumb":{"@id":"https:\/\/president-ksgov.net\/sr\/predsednik-thaci-bez-pravednog-rata-ovk-kosovo-ne-bi-postala-slobodna-zemlja\/#breadcrumb"},"inLanguage":"sr-RS","potentialAction":[{"@type":"ReadAction","target":["https:\/\/president-ksgov.net\/sr\/predsednik-thaci-bez-pravednog-rata-ovk-kosovo-ne-bi-postala-slobodna-zemlja\/"]}]},{"@type":"ImageObject","inLanguage":"sr-RS","@id":"https:\/\/president-ksgov.net\/sr\/predsednik-thaci-bez-pravednog-rata-ovk-kosovo-ne-bi-postala-slobodna-zemlja\/#primaryimage","url":"https:\/\/president-ksgov.net\/wp-content\/uploads\/11_04_2018_8243971_11_04_2018_Akademia_1.jpg","contentUrl":"https:\/\/president-ksgov.net\/wp-content\/uploads\/11_04_2018_8243971_11_04_2018_Akademia_1.jpg","width":2000,"height":1253},{"@type":"BreadcrumbList","@id":"https:\/\/president-ksgov.net\/sr\/predsednik-thaci-bez-pravednog-rata-ovk-kosovo-ne-bi-postala-slobodna-zemlja\/#breadcrumb","itemListElement":[{"@type":"ListItem","position":1,"name":"Home","item":"https:\/\/president-ksgov.net\/sr\/"},{"@type":"ListItem","position":2,"name":"Predsednik Tha\u00e7i: Bez pravednog rata OVK, Kosovo ne bi postala slobodna zemlja"}]},{"@type":"WebSite","@id":"https:\/\/president-ksgov.net\/#website","url":"https:\/\/president-ksgov.net\/","name":"Presidente e Republik\u00ebs s\u00eb Kosov\u00ebs","description":"Presidente e Republik\u00ebs s\u00eb Kosov\u00ebs","alternateName":"DR. VJOSA OSMANI - SADRIU","potentialAction":[{"@type":"SearchAction","target":{"@type":"EntryPoint","urlTemplate":"https:\/\/president-ksgov.net\/?s={search_term_string}"},"query-input":{"@type":"PropertyValueSpecification","valueRequired":true,"valueName":"search_term_string"}}],"inLanguage":"sr-RS"},{"@type":"Person","@id":"https:\/\/president-ksgov.net\/#\/schema\/person\/bb4337a5fb147cb2046d80548172cbee","name":"admin","image":{"@type":"ImageObject","inLanguage":"sr-RS","@id":"https:\/\/president-ksgov.net\/#\/schema\/person\/image\/","url":"https:\/\/secure.gravatar.com\/avatar\/36156ca0fa3b8d9d25174f146e16beea0cf28f37adf1b9e19b6c9c279a7c9dd3?s=96&d=mm&r=g","contentUrl":"https:\/\/secure.gravatar.com\/avatar\/36156ca0fa3b8d9d25174f146e16beea0cf28f37adf1b9e19b6c9c279a7c9dd3?s=96&d=mm&r=g","caption":"admin"},"sameAs":["https:\/\/president-ksgov.net"]}]}},"_links":{"self":[{"href":"https:\/\/president-ksgov.net\/sr\/wp-json\/wp\/v2\/posts\/75885","targetHints":{"allow":["GET"]}}],"collection":[{"href":"https:\/\/president-ksgov.net\/sr\/wp-json\/wp\/v2\/posts"}],"about":[{"href":"https:\/\/president-ksgov.net\/sr\/wp-json\/wp\/v2\/types\/post"}],"author":[{"embeddable":true,"href":"https:\/\/president-ksgov.net\/sr\/wp-json\/wp\/v2\/users\/1"}],"replies":[{"embeddable":true,"href":"https:\/\/president-ksgov.net\/sr\/wp-json\/wp\/v2\/comments?post=75885"}],"version-history":[{"count":0,"href":"https:\/\/president-ksgov.net\/sr\/wp-json\/wp\/v2\/posts\/75885\/revisions"}],"wp:featuredmedia":[{"embeddable":true,"href":"https:\/\/president-ksgov.net\/sr\/wp-json\/wp\/v2\/media\/27637"}],"wp:attachment":[{"href":"https:\/\/president-ksgov.net\/sr\/wp-json\/wp\/v2\/media?parent=75885"}],"wp:term":[{"taxonomy":"category","embeddable":true,"href":"https:\/\/president-ksgov.net\/sr\/wp-json\/wp\/v2\/categories?post=75885"},{"taxonomy":"post_tag","embeddable":true,"href":"https:\/\/president-ksgov.net\/sr\/wp-json\/wp\/v2\/tags?post=75885"}],"curies":[{"name":"wp","href":"https:\/\/api.w.org\/{rel}","templated":true}]}}