{"id":75879,"date":"2018-04-19T13:21:30","date_gmt":"2018-04-19T13:21:30","guid":{"rendered":"https:\/\/dev.president-ksgov.net\/predsednik-heroizam-salija-cekaja-ostae-inspiracija-i-ponos-novih-generacija\/"},"modified":"2018-04-19T13:21:30","modified_gmt":"2018-04-19T13:21:30","slug":"predsednik-heroizam-salija-cekaja-ostae-inspiracija-i-ponos-novih-generacija","status":"publish","type":"post","link":"https:\/\/president-ksgov.net\/sr\/predsednik-heroizam-salija-cekaja-ostae-inspiracija-i-ponos-novih-generacija\/","title":{"rendered":"Predsednik: Heroizam Salija \u00c7ekaja osta&cacute;e inspiracija i ponos novih generacija"},"content":{"rendered":"<p>Pri\u0161tina, 19. april 2018. godine\u2013 Predsednik zemlje, Hashim Tha\u00e7i, u&ccaron;estvovao je na Spomen akademiji povodom 19. godi\u0161njice pada heroja Salije \u00c7ekaja.<\/p>\n<p>Predsednik Tha\u00e7i je rekao da se se&cacute;amo i da odajemo po&ccaron;ast &#382;ivotu i delu jednog suborca i sunarodnika, koji je svu moralnu, intelektualnu i fizi&ccaron;ku energiju stavio u slu&#382;bu otad&#382;bine.<\/p>\n<p>\u201eSali \u00c7ekaj se jo\u0161 od 1981. godine postavio tamo gde je trebalo, uz studentski pokret koji je sna&#382;no ujedinio sve gra&dstrok;ane Kosova oko zahteva za podizanje statusa Kosova na nivo Republike. 1981. godina je obele&#382;ila veliki politi&ccaron;ki zaokret, &ccaron;ine&cacute;i jasnim postavljanje puta Kosova prema slobodi i oslobo&dstrok;enju od komunisti&ccaron;ke Jugoslavije, odnosno od uprave Beograda. Kao kadar zvanja pravnika, Sali \u00c7ekaj je bio me&dstrok;u prvima koji je sastavio status op\u0161tine De&ccaron;ani, sprovode&cacute;i konkretno principe Ka&ccaron;ani&ccaron;kog ustava. Kao i mnogi aktivisti, i Sali \u00c7ekaj imao je sudbinu &ccaron;oveka gonjenog od strane srpske policije, dakle bio je primoran da boravi van Kosova. I kao imigrant, Sali \u00c7ekaj odigrao je ulogu ujedinitelja me&dstrok;u albanskom dijasporom na Zapadu. Kao profesionalac, on je &#382;eleo pravdu, ali je tako&dstrok;e znao da je sloboda osnovni uslov bilo koje pravde\u201c, rekao je predsednik Tha\u00e7i.<\/p>\n<p>&Ccaron;im je po&ccaron;ela borba za oslobo&dstrok;enje Kosova, Sali\u00a0 \u00c7ekaj je zajedno sa ostalim oficirskim kadrom, uz visoku savest i profesionalizam odgovorio na istorijski trenutak, rekao je predsednik Tha\u00e7i.<\/p>\n<p>\u201eSali \u00c7ekaj se pridru&#382;io Oslobodila&ccaron;koj vojsci Kosova pru&#382;aju&cacute;i joj novi impuls, energiju i profesionalnost. Zato je on bio sinteza intelektualca i gerilca, pravnika i vojnika, borca i predvodnika u borbi za slobodu. Sve te kvalitete je dokazao u bitkama\u201c, dodao je predsednik Tha\u00e7i.<\/p>\n<p>\u0160ef dr&#382;ave je istakao da je Sali \u00c7ekaj posejao smelost i nadu na ratnim terenima i &ccaron;asno je nosio ratni nadimak \u201eVeteran\u201c.<\/p>\n<p>Komandanti Agim Ramadani i Sali \u00c7ekaj su prema mi\u0161ljenu predsednika Tha\u00e7ija, najbolji dokaz da je borba za slobodu stvorila tip borca koji je spreman na vrhovnu &#382;rtvu.<\/p>\n<p>\u201eOni su od komandanata postali predvodnici. Od predvodnika heroji. Mi se danas ponosimo njihovim imenima i delom. Onako kako se ponosimo svakim borcem\u201c, rekao je predsednik Tha\u00e7i.<\/p>\n<p>Predsednik zemlje je istakao da &cacute;e u na\u0161em institucionalnom i kolektivnom pam&cacute;enju, herojstvo Salije \u00c7ekaja ostati inspiracija i ponos za generacije koje dolaze.<br \/>\n\u00a0<\/p>\n","protected":false},"excerpt":{"rendered":"<p>Pri\u0161tina, 19. april 2018. godine\u2013 Predsednik zemlje, Hashim Tha\u00e7i, u&ccaron;estvovao je na Spomen akademiji povodom 19. godi\u0161njice pada heroja Salije \u00c7ekaja.<\/p>\n","protected":false},"author":1,"featured_media":27559,"comment_status":"open","ping_status":"closed","sticky":false,"template":"","format":"standard","meta":{"_eb_attr":"","footnotes":""},"categories":[101],"tags":[],"class_list":["post-75879","post","type-post","status-publish","format-standard","has-post-thumbnail","hentry","category-vesti"],"yoast_head":"<!-- This site is optimized with the Yoast SEO plugin v23.5 - https:\/\/yoast.com\/wordpress\/plugins\/seo\/ -->\n<title>Predsednik: Heroizam Salija \u00c7ekaja osta&amp;cacute;e inspiracija i ponos novih generacija - Predsednik Republike Kosovo - DR. VJOSA OSMANI - SADRIU<\/title>\n<meta name=\"description\" content=\"Predsednik: Heroizam Salija \u00c7ekaja osta&amp;cacute;e inspiracija i ponos novih generacija - Predsednik Republike Kosovo - DR. VJOSA OSMANI - SADRIU -\" \/>\n<meta name=\"robots\" content=\"index, follow, max-snippet:-1, max-image-preview:large, max-video-preview:-1\" \/>\n<link rel=\"canonical\" href=\"https:\/\/president-ksgov.net\/sr\/predsednik-heroizam-salija-cekaja-ostae-inspiracija-i-ponos-novih-generacija\/\" \/>\n<meta property=\"og:locale\" content=\"sr_RS\" \/>\n<meta property=\"og:type\" content=\"article\" \/>\n<meta property=\"og:title\" content=\"Predsednik: Heroizam Salija \u00c7ekaja osta&amp;cacute;e inspiracija i ponos novih generacija - Predsednik Republike Kosovo - DR. VJOSA OSMANI - SADRIU\" \/>\n<meta property=\"og:description\" content=\"Predsednik: Heroizam Salija \u00c7ekaja osta&amp;cacute;e inspiracija i ponos novih generacija - Predsednik Republike Kosovo - DR. VJOSA OSMANI - SADRIU -\" \/>\n<meta property=\"og:url\" content=\"https:\/\/president-ksgov.net\/sr\/predsednik-heroizam-salija-cekaja-ostae-inspiracija-i-ponos-novih-generacija\/\" \/>\n<meta property=\"og:site_name\" content=\"Predsednik Republike Kosovo - DR. VJOSA OSMANI - SADRIU\" \/>\n<meta property=\"article:published_time\" content=\"2018-04-19T13:21:30+00:00\" \/>\n<meta property=\"og:image\" content=\"https:\/\/president-ksgov.net\/wp-content\/uploads\/19_04_2018_723635_19_04_2018_PresidentiThaci_AkademiPerkujtimore_SaliQekaj_0.jpg\" \/>\n\t<meta property=\"og:image:width\" content=\"2000\" \/>\n\t<meta property=\"og:image:height\" content=\"1527\" \/>\n\t<meta property=\"og:image:type\" content=\"image\/jpeg\" \/>\n<meta name=\"author\" content=\"admin\" \/>\n<meta name=\"twitter:card\" content=\"summary_large_image\" \/>\n<meta name=\"twitter:label1\" content=\"\u041d\u0430\u043f\u0438\u0441\u0430\u043d\u043e \u043e\u0434\" \/>\n\t<meta name=\"twitter:data1\" content=\"admin\" \/>\n\t<meta name=\"twitter:label2\" content=\"\u041f\u0440\u043e\u0446\u0435\u045a\u0435\u043d\u043e \u0432\u0440\u0435\u043c\u0435 \u0447\u0438\u0442\u0430\u045a\u0430\" \/>\n\t<meta name=\"twitter:data2\" content=\"2 \u043c\u0438\u043d\u0443\u0442\u0430\" \/>\n<script type=\"application\/ld+json\" class=\"yoast-schema-graph\">{\"@context\":\"https:\/\/schema.org\",\"@graph\":[{\"@type\":\"WebPage\",\"@id\":\"https:\/\/president-ksgov.net\/sr\/predsednik-heroizam-salija-cekaja-ostae-inspiracija-i-ponos-novih-generacija\/\",\"url\":\"https:\/\/president-ksgov.net\/sr\/predsednik-heroizam-salija-cekaja-ostae-inspiracija-i-ponos-novih-generacija\/\",\"name\":\"Predsednik: Heroizam Salija \u00c7ekaja osta&cacute;e inspiracija i ponos novih generacija - Predsednik Republike Kosovo - DR. VJOSA OSMANI - SADRIU\",\"isPartOf\":{\"@id\":\"https:\/\/president-ksgov.net\/#website\"},\"primaryImageOfPage\":{\"@id\":\"https:\/\/president-ksgov.net\/sr\/predsednik-heroizam-salija-cekaja-ostae-inspiracija-i-ponos-novih-generacija\/#primaryimage\"},\"image\":{\"@id\":\"https:\/\/president-ksgov.net\/sr\/predsednik-heroizam-salija-cekaja-ostae-inspiracija-i-ponos-novih-generacija\/#primaryimage\"},\"thumbnailUrl\":\"https:\/\/president-ksgov.net\/wp-content\/uploads\/19_04_2018_723635_19_04_2018_PresidentiThaci_AkademiPerkujtimore_SaliQekaj_0.jpg\",\"datePublished\":\"2018-04-19T13:21:30+00:00\",\"dateModified\":\"2018-04-19T13:21:30+00:00\",\"author\":{\"@id\":\"https:\/\/president-ksgov.net\/#\/schema\/person\/bb4337a5fb147cb2046d80548172cbee\"},\"description\":\"Predsednik: Heroizam Salija \u00c7ekaja osta&cacute;e inspiracija i ponos novih generacija - Predsednik Republike Kosovo - DR. VJOSA OSMANI - SADRIU -\",\"breadcrumb\":{\"@id\":\"https:\/\/president-ksgov.net\/sr\/predsednik-heroizam-salija-cekaja-ostae-inspiracija-i-ponos-novih-generacija\/#breadcrumb\"},\"inLanguage\":\"sr-RS\",\"potentialAction\":[{\"@type\":\"ReadAction\",\"target\":[\"https:\/\/president-ksgov.net\/sr\/predsednik-heroizam-salija-cekaja-ostae-inspiracija-i-ponos-novih-generacija\/\"]}]},{\"@type\":\"ImageObject\",\"inLanguage\":\"sr-RS\",\"@id\":\"https:\/\/president-ksgov.net\/sr\/predsednik-heroizam-salija-cekaja-ostae-inspiracija-i-ponos-novih-generacija\/#primaryimage\",\"url\":\"https:\/\/president-ksgov.net\/wp-content\/uploads\/19_04_2018_723635_19_04_2018_PresidentiThaci_AkademiPerkujtimore_SaliQekaj_0.jpg\",\"contentUrl\":\"https:\/\/president-ksgov.net\/wp-content\/uploads\/19_04_2018_723635_19_04_2018_PresidentiThaci_AkademiPerkujtimore_SaliQekaj_0.jpg\",\"width\":2000,\"height\":1527},{\"@type\":\"BreadcrumbList\",\"@id\":\"https:\/\/president-ksgov.net\/sr\/predsednik-heroizam-salija-cekaja-ostae-inspiracija-i-ponos-novih-generacija\/#breadcrumb\",\"itemListElement\":[{\"@type\":\"ListItem\",\"position\":1,\"name\":\"Home\",\"item\":\"https:\/\/president-ksgov.net\/sr\/\"},{\"@type\":\"ListItem\",\"position\":2,\"name\":\"Predsednik: Heroizam Salija \u00c7ekaja osta&cacute;e inspiracija i ponos novih generacija\"}]},{\"@type\":\"WebSite\",\"@id\":\"https:\/\/president-ksgov.net\/#website\",\"url\":\"https:\/\/president-ksgov.net\/\",\"name\":\"Presidente e Republik\u00ebs s\u00eb Kosov\u00ebs\",\"description\":\"Presidente e Republik\u00ebs s\u00eb Kosov\u00ebs\",\"alternateName\":\"DR. VJOSA OSMANI - SADRIU\",\"potentialAction\":[{\"@type\":\"SearchAction\",\"target\":{\"@type\":\"EntryPoint\",\"urlTemplate\":\"https:\/\/president-ksgov.net\/?s={search_term_string}\"},\"query-input\":{\"@type\":\"PropertyValueSpecification\",\"valueRequired\":true,\"valueName\":\"search_term_string\"}}],\"inLanguage\":\"sr-RS\"},{\"@type\":\"Person\",\"@id\":\"https:\/\/president-ksgov.net\/#\/schema\/person\/bb4337a5fb147cb2046d80548172cbee\",\"name\":\"admin\",\"image\":{\"@type\":\"ImageObject\",\"inLanguage\":\"sr-RS\",\"@id\":\"https:\/\/president-ksgov.net\/#\/schema\/person\/image\/\",\"url\":\"https:\/\/secure.gravatar.com\/avatar\/36156ca0fa3b8d9d25174f146e16beea0cf28f37adf1b9e19b6c9c279a7c9dd3?s=96&d=mm&r=g\",\"contentUrl\":\"https:\/\/secure.gravatar.com\/avatar\/36156ca0fa3b8d9d25174f146e16beea0cf28f37adf1b9e19b6c9c279a7c9dd3?s=96&d=mm&r=g\",\"caption\":\"admin\"},\"sameAs\":[\"https:\/\/president-ksgov.net\"]}]}<\/script>\n<!-- \/ Yoast SEO plugin. -->","yoast_head_json":{"title":"Predsednik: Heroizam Salija \u00c7ekaja osta&cacute;e inspiracija i ponos novih generacija - Predsednik Republike Kosovo - DR. VJOSA OSMANI - SADRIU","description":"Predsednik: Heroizam Salija \u00c7ekaja osta&cacute;e inspiracija i ponos novih generacija - Predsednik Republike Kosovo - DR. VJOSA OSMANI - SADRIU -","robots":{"index":"index","follow":"follow","max-snippet":"max-snippet:-1","max-image-preview":"max-image-preview:large","max-video-preview":"max-video-preview:-1"},"canonical":"https:\/\/president-ksgov.net\/sr\/predsednik-heroizam-salija-cekaja-ostae-inspiracija-i-ponos-novih-generacija\/","og_locale":"sr_RS","og_type":"article","og_title":"Predsednik: Heroizam Salija \u00c7ekaja osta&cacute;e inspiracija i ponos novih generacija - Predsednik Republike Kosovo - DR. VJOSA OSMANI - SADRIU","og_description":"Predsednik: Heroizam Salija \u00c7ekaja osta&cacute;e inspiracija i ponos novih generacija - Predsednik Republike Kosovo - DR. VJOSA OSMANI - SADRIU -","og_url":"https:\/\/president-ksgov.net\/sr\/predsednik-heroizam-salija-cekaja-ostae-inspiracija-i-ponos-novih-generacija\/","og_site_name":"Predsednik Republike Kosovo - DR. VJOSA OSMANI - SADRIU","article_published_time":"2018-04-19T13:21:30+00:00","og_image":[{"width":2000,"height":1527,"url":"https:\/\/president-ksgov.net\/wp-content\/uploads\/19_04_2018_723635_19_04_2018_PresidentiThaci_AkademiPerkujtimore_SaliQekaj_0.jpg","type":"image\/jpeg"}],"author":"admin","twitter_card":"summary_large_image","twitter_misc":{"\u041d\u0430\u043f\u0438\u0441\u0430\u043d\u043e \u043e\u0434":"admin","\u041f\u0440\u043e\u0446\u0435\u045a\u0435\u043d\u043e \u0432\u0440\u0435\u043c\u0435 \u0447\u0438\u0442\u0430\u045a\u0430":"2 \u043c\u0438\u043d\u0443\u0442\u0430"},"schema":{"@context":"https:\/\/schema.org","@graph":[{"@type":"WebPage","@id":"https:\/\/president-ksgov.net\/sr\/predsednik-heroizam-salija-cekaja-ostae-inspiracija-i-ponos-novih-generacija\/","url":"https:\/\/president-ksgov.net\/sr\/predsednik-heroizam-salija-cekaja-ostae-inspiracija-i-ponos-novih-generacija\/","name":"Predsednik: Heroizam Salija \u00c7ekaja osta&cacute;e inspiracija i ponos novih generacija - Predsednik Republike Kosovo - DR. VJOSA OSMANI - SADRIU","isPartOf":{"@id":"https:\/\/president-ksgov.net\/#website"},"primaryImageOfPage":{"@id":"https:\/\/president-ksgov.net\/sr\/predsednik-heroizam-salija-cekaja-ostae-inspiracija-i-ponos-novih-generacija\/#primaryimage"},"image":{"@id":"https:\/\/president-ksgov.net\/sr\/predsednik-heroizam-salija-cekaja-ostae-inspiracija-i-ponos-novih-generacija\/#primaryimage"},"thumbnailUrl":"https:\/\/president-ksgov.net\/wp-content\/uploads\/19_04_2018_723635_19_04_2018_PresidentiThaci_AkademiPerkujtimore_SaliQekaj_0.jpg","datePublished":"2018-04-19T13:21:30+00:00","dateModified":"2018-04-19T13:21:30+00:00","author":{"@id":"https:\/\/president-ksgov.net\/#\/schema\/person\/bb4337a5fb147cb2046d80548172cbee"},"description":"Predsednik: Heroizam Salija \u00c7ekaja osta&cacute;e inspiracija i ponos novih generacija - Predsednik Republike Kosovo - DR. VJOSA OSMANI - SADRIU -","breadcrumb":{"@id":"https:\/\/president-ksgov.net\/sr\/predsednik-heroizam-salija-cekaja-ostae-inspiracija-i-ponos-novih-generacija\/#breadcrumb"},"inLanguage":"sr-RS","potentialAction":[{"@type":"ReadAction","target":["https:\/\/president-ksgov.net\/sr\/predsednik-heroizam-salija-cekaja-ostae-inspiracija-i-ponos-novih-generacija\/"]}]},{"@type":"ImageObject","inLanguage":"sr-RS","@id":"https:\/\/president-ksgov.net\/sr\/predsednik-heroizam-salija-cekaja-ostae-inspiracija-i-ponos-novih-generacija\/#primaryimage","url":"https:\/\/president-ksgov.net\/wp-content\/uploads\/19_04_2018_723635_19_04_2018_PresidentiThaci_AkademiPerkujtimore_SaliQekaj_0.jpg","contentUrl":"https:\/\/president-ksgov.net\/wp-content\/uploads\/19_04_2018_723635_19_04_2018_PresidentiThaci_AkademiPerkujtimore_SaliQekaj_0.jpg","width":2000,"height":1527},{"@type":"BreadcrumbList","@id":"https:\/\/president-ksgov.net\/sr\/predsednik-heroizam-salija-cekaja-ostae-inspiracija-i-ponos-novih-generacija\/#breadcrumb","itemListElement":[{"@type":"ListItem","position":1,"name":"Home","item":"https:\/\/president-ksgov.net\/sr\/"},{"@type":"ListItem","position":2,"name":"Predsednik: Heroizam Salija \u00c7ekaja osta&cacute;e inspiracija i ponos novih generacija"}]},{"@type":"WebSite","@id":"https:\/\/president-ksgov.net\/#website","url":"https:\/\/president-ksgov.net\/","name":"Presidente e Republik\u00ebs s\u00eb Kosov\u00ebs","description":"Presidente e Republik\u00ebs s\u00eb Kosov\u00ebs","alternateName":"DR. VJOSA OSMANI - SADRIU","potentialAction":[{"@type":"SearchAction","target":{"@type":"EntryPoint","urlTemplate":"https:\/\/president-ksgov.net\/?s={search_term_string}"},"query-input":{"@type":"PropertyValueSpecification","valueRequired":true,"valueName":"search_term_string"}}],"inLanguage":"sr-RS"},{"@type":"Person","@id":"https:\/\/president-ksgov.net\/#\/schema\/person\/bb4337a5fb147cb2046d80548172cbee","name":"admin","image":{"@type":"ImageObject","inLanguage":"sr-RS","@id":"https:\/\/president-ksgov.net\/#\/schema\/person\/image\/","url":"https:\/\/secure.gravatar.com\/avatar\/36156ca0fa3b8d9d25174f146e16beea0cf28f37adf1b9e19b6c9c279a7c9dd3?s=96&d=mm&r=g","contentUrl":"https:\/\/secure.gravatar.com\/avatar\/36156ca0fa3b8d9d25174f146e16beea0cf28f37adf1b9e19b6c9c279a7c9dd3?s=96&d=mm&r=g","caption":"admin"},"sameAs":["https:\/\/president-ksgov.net"]}]}},"_links":{"self":[{"href":"https:\/\/president-ksgov.net\/sr\/wp-json\/wp\/v2\/posts\/75879","targetHints":{"allow":["GET"]}}],"collection":[{"href":"https:\/\/president-ksgov.net\/sr\/wp-json\/wp\/v2\/posts"}],"about":[{"href":"https:\/\/president-ksgov.net\/sr\/wp-json\/wp\/v2\/types\/post"}],"author":[{"embeddable":true,"href":"https:\/\/president-ksgov.net\/sr\/wp-json\/wp\/v2\/users\/1"}],"replies":[{"embeddable":true,"href":"https:\/\/president-ksgov.net\/sr\/wp-json\/wp\/v2\/comments?post=75879"}],"version-history":[{"count":0,"href":"https:\/\/president-ksgov.net\/sr\/wp-json\/wp\/v2\/posts\/75879\/revisions"}],"wp:featuredmedia":[{"embeddable":true,"href":"https:\/\/president-ksgov.net\/sr\/wp-json\/wp\/v2\/media\/27559"}],"wp:attachment":[{"href":"https:\/\/president-ksgov.net\/sr\/wp-json\/wp\/v2\/media?parent=75879"}],"wp:term":[{"taxonomy":"category","embeddable":true,"href":"https:\/\/president-ksgov.net\/sr\/wp-json\/wp\/v2\/categories?post=75879"},{"taxonomy":"post_tag","embeddable":true,"href":"https:\/\/president-ksgov.net\/sr\/wp-json\/wp\/v2\/tags?post=75879"}],"curies":[{"name":"wp","href":"https:\/\/api.w.org\/{rel}","templated":true}]}}