{"id":75814,"date":"2018-06-20T12:16:46","date_gmt":"2018-06-20T12:16:46","guid":{"rendered":"https:\/\/dev.president-ksgov.net\/predsednik-uputio-javni-poziv-politikim-subjektima-za-obuhvatanje-u-dijalog-izmeu-kosova-i-srbije\/"},"modified":"2018-06-20T12:16:46","modified_gmt":"2018-06-20T12:16:46","slug":"predsednik-uputio-javni-poziv-politikim-subjektima-za-obuhvatanje-u-dijalog-izmeu-kosova-i-srbije","status":"publish","type":"post","link":"https:\/\/president-ksgov.net\/sr\/predsednik-uputio-javni-poziv-politikim-subjektima-za-obuhvatanje-u-dijalog-izmeu-kosova-i-srbije\/","title":{"rendered":"Predsednik uputio javni poziv politi&ccaron;kim subjektima za obuhvatanje u dijalog izme&dstrok;u Kosova i Srbije"},"content":{"rendered":"<p>Pri\u0161tina, 20. jun 2018. godine \u2013 Predsednik Republike Kosovo, Hashim Tha\u00e7i je nakon poziva visoke predstavnice EU, Federice Mogherini, za novi sastanak u Briselu, uputio javni poziv politi&ccaron;kim subjektima da postanu deo pregovara&ccaron;kog tima.<\/p>\n<p>Predsednik Tha\u00e7i je rekao da &cacute;e se u nedelju odr&#382;ati prvi sastanak finalne faze dijaloga izme&dstrok;u Kosova i Srbije.<\/p>\n<p>\u201eNa\u0161 cilj u zaklju&ccaron;noj fazi ovog dijaloga jeste postizanje pravno obavezuju&cacute;eg sporazuma izme&dstrok;u Kosova i Srbije, koji &cacute;e omogu&cacute;iti potpunu normalizaciju odnosa izme&dstrok;u dve dr&#382;ave. Ube&dstrok;en sam da je do\u0161lo vreme, nakon razgovora, koji na jedan ili drugi na&ccaron;in, traju sada ve&cacute; dvadeset godina, da se potpi\u0161e istorijski sporazum izme&dstrok;u Kosova i Srbije, kojim &cacute;e se okon&ccaron;ati tragi&ccaron;na epoha, du&#382;a od jednog veka, u odnosima izme&dstrok;u dve dr&#382;ave i dva naroda\u201c, rekao je predsednik Tha\u00e7i.<\/p>\n<p>\u0160ef dr&#382;ave je rekao da nemamo zbog &ccaron;eka da se pla\u0161imo dijaloga i njegovog epiloga.<\/p>\n<p>\u201eKao kosovsko dru\u0161tvo i politika, imali smo hrabrost, znanje, dobru organizaciju, me&dstrok;usobnu saglasnost, kako na Konferenciji u Rambujeu, tako i u Be&ccaron;kom procesu, da putem pregovora i pravi&ccaron;ne borbe do&dstrok;emo do oslobo&dstrok;enja Kosova, a zatim da omogu&cacute;imo i progla\u0161enje nezavisnosti, odnosno stvaranje dr&#382;ave Kosovo. Tako&dstrok;e znam da nas o&ccaron;ekuju te\u0161ki razgovori, jer sada te&#382;imo da zaklju&ccaron;imo ovaj proces posti&#382;u&cacute;i sveobuhvatni istorijski i politi&ccaron;ki sporazum sa Srbijom. Postizanje sveobuhvatnog sporazuma sa Srbijom je neophodno zbog na\u0161e te&#382;nje da postanemo dr&#382;ava &ccaron;lanica OUN-a, da ubrzamo proces integrisanja Kosova u me&dstrok;unarodnu arenu\u201c, rekao je on.<\/p>\n<p>Predsednik Tha\u00e7i\u00a0 je istakao da &cacute;e Kosovo i u ovoj finalnoj fazi dijaloga imati sna&#382;nu podr\u0161ku SAD-a, koje su izuzetno zainteresovane, vi\u0161e nego ikada pre, da se postigne sporazum o normalizaciji, kao neophodan uslov za u&ccaron;lanjenje Kosova i Srbije u EU.<\/p>\n<p>Prvi &ccaron;ovek dr&#382;ave je dodao da na osnovu ustavnog mandata, kao predsednik Republike Kosovo, ima ustavnu obavezu da predstavlja dr&#382;avu Kosovo u me&dstrok;unarodnoj areni, odnosno da rukovodi ovim dijalogom do samog kraja.<\/p>\n<p>\u201ePitanje dijaloga sa Srbijom i postizanja ovog sporazuma svakako da ima karakter nacionalnog i dr&#382;avnog interesa za Kosovo. Zato, mislim da potreba za postizanjem ovog sporazuma prevazilazi na\u0161e privremene politi&ccaron;ke mandate, prevazilazi i trenutne odnose izme&dstrok;u vladaju&cacute;ih i opozicionih partija, &ccaron;ine&cacute;i nerelevantnim kratkoro&ccaron;ne odnose me&dstrok;u politi&ccaron;arima i kosovskim partijama. Ovo pitanje pripada svima. U interesu je svih nas i gra&dstrok;ana Kosova\u201c, rekao je predsednik Tha\u00e7i.<\/p>\n<p>Zato je on rekao da je mnogo puta tokom poslednjih nedelja i meseci isticao da je neophodno da osnujemo sveobuhvatnu delegaciju Kosova, sastavljenu od predstavnika politi&ccaron;kih partija, civilnog dru\u0161tva, medija, stru&ccaron;njaka iz odre&dstrok;enih oblasti i da se radi zajedno.<\/p>\n<p>\u201eMislim da &cacute;e tako ne\u0161to proces u&ccaron;initi mnogo transparentnijim, kredibilnijim i na samom kraju prihvatljivim i sprovodljivim, u slu&ccaron;aju postizanja kona&ccaron;nog sporazuma. Spreman sam da tretiram sve ideje i predloge koje &cacute;e nam ponovo zajedno predstaviti, kao politika i dru\u0161tvo, kako bismo se kako treba suo&ccaron;ili sa izazovom koji nas od sada nadalje o&ccaron;ekuje\u201c, rekao je on.<\/p>\n<p>Predsednik Tha\u00e7i je rekao da je vreme brzo prolazi i da se tra&#382;i odgovornost u ovom procesu.<\/p>\n<p>\u201eSiguran sam da &cacute;e Kosovo biti predstavljeno dostojanstveno u svakoj okolnosti i da &cacute;e iza&cacute;i kao pobednik u ovom procesu, koji je dizajniran tako, da na kraju i u slu&ccaron;aju postizanja sporazuma, sve obuhva&cacute;ene stane imaju koristi. Ovo nije proces iz kojeg neko izlazi kao gubitnik. Dakle, &#382;elim da uverim gra&dstrok;ane Kosova da &cacute;e proces biti transparentan, odgovoran i da &cacute;u ja braniti interes Kosova, onako kako sam to radio &ccaron;itavog mog &#382;ivota\u201c, rekao je predsednik Tha\u00e7i.<\/p>\n<p>\u0160ef dr&#382;ave je rekao da je poziv da u delegaciji Kosova budu obuhva&cacute;eni svi akteri, institucionalan i &ccaron;astan poziv i da zaslu&#382;uje afirmativni odgovor.<\/p>\n<p>A, ukoliko se tako ne\u0161to dogodi i do kog stepena se mo&#382;e posti&cacute;i stvaranje sveobuhvatne delegacije, predsednik je rekao da ostaje da se vidi.<\/p>\n<p>Bilo kako bilo, \u0161ef dr&#382;ave je rekao da &cacute;e se dijalog voditi institucionalno i odgovorno, a eventualni kona&ccaron;ni sporazum &cacute;e pro&cacute;i kroz na\u0161e dr&#382;avne institucije, koje &cacute;e odlu&ccaron;iti o njegovoj ratifikaciji.<br \/>\n\u00a0<\/p>\n","protected":false},"excerpt":{"rendered":"<p>Pri\u0161tina, 20. jun 2018. godine \u2013 Predsednik Republike Kosovo, Hashim Tha\u00e7i je nakon poziva visoke predstavnice EU, Federice Mogherini, za novi sastanak u Briselu, uputio javni poziv politi&ccaron;kim subjektima da postanu deo pregovara&ccaron;kog tima.<\/p>\n","protected":false},"author":1,"featured_media":27013,"comment_status":"open","ping_status":"closed","sticky":false,"template":"","format":"standard","meta":{"_eb_attr":"","footnotes":""},"categories":[101],"tags":[],"class_list":["post-75814","post","type-post","status-publish","format-standard","has-post-thumbnail","hentry","category-vesti"],"yoast_head":"<!-- This site is optimized with the Yoast SEO plugin v23.5 - https:\/\/yoast.com\/wordpress\/plugins\/seo\/ -->\n<title>Predsednik uputio javni poziv politi&amp;ccaron;kim subjektima za obuhvatanje u dijalog izme&amp;dstrok;u Kosova i Srbije - Predsednik Republike Kosovo - DR. VJOSA OSMANI - SADRIU<\/title>\n<meta name=\"description\" content=\"Predsednik uputio javni poziv politi&amp;ccaron;kim subjektima za obuhvatanje u dijalog izme&amp;dstrok;u Kosova i Srbije - Predsednik Republike Kosovo - DR. VJOSA OSMANI - SADRIU -\" \/>\n<meta name=\"robots\" content=\"index, follow, max-snippet:-1, max-image-preview:large, max-video-preview:-1\" \/>\n<link rel=\"canonical\" href=\"https:\/\/president-ksgov.net\/sr\/predsednik-uputio-javni-poziv-politikim-subjektima-za-obuhvatanje-u-dijalog-izmeu-kosova-i-srbije\/\" \/>\n<meta property=\"og:locale\" content=\"sr_RS\" \/>\n<meta property=\"og:type\" content=\"article\" \/>\n<meta property=\"og:title\" content=\"Predsednik uputio javni poziv politi&amp;ccaron;kim subjektima za obuhvatanje u dijalog izme&amp;dstrok;u Kosova i Srbije - Predsednik Republike Kosovo - DR. VJOSA OSMANI - SADRIU\" \/>\n<meta property=\"og:description\" content=\"Predsednik uputio javni poziv politi&amp;ccaron;kim subjektima za obuhvatanje u dijalog izme&amp;dstrok;u Kosova i Srbije - Predsednik Republike Kosovo - DR. VJOSA OSMANI - SADRIU -\" \/>\n<meta property=\"og:url\" content=\"https:\/\/president-ksgov.net\/sr\/predsednik-uputio-javni-poziv-politikim-subjektima-za-obuhvatanje-u-dijalog-izmeu-kosova-i-srbije\/\" \/>\n<meta property=\"og:site_name\" content=\"Predsednik Republike Kosovo - DR. VJOSA OSMANI - SADRIU\" \/>\n<meta property=\"article:published_time\" content=\"2018-06-20T12:16:46+00:00\" \/>\n<meta property=\"og:image\" content=\"https:\/\/president-ksgov.net\/wp-content\/uploads\/20_06_2018_4823320_20_06_2018_PresidentiThaci_KonferencePerMedia.jpg\" \/>\n\t<meta property=\"og:image:width\" content=\"2000\" \/>\n\t<meta property=\"og:image:height\" content=\"1409\" \/>\n\t<meta property=\"og:image:type\" content=\"image\/jpeg\" \/>\n<meta name=\"author\" content=\"admin\" \/>\n<meta name=\"twitter:card\" content=\"summary_large_image\" \/>\n<meta name=\"twitter:label1\" content=\"\u041d\u0430\u043f\u0438\u0441\u0430\u043d\u043e \u043e\u0434\" \/>\n\t<meta name=\"twitter:data1\" content=\"admin\" \/>\n\t<meta name=\"twitter:label2\" content=\"\u041f\u0440\u043e\u0446\u0435\u045a\u0435\u043d\u043e \u0432\u0440\u0435\u043c\u0435 \u0447\u0438\u0442\u0430\u045a\u0430\" \/>\n\t<meta name=\"twitter:data2\" content=\"4 \u043c\u0438\u043d\u0443\u0442\u0430\" \/>\n<script type=\"application\/ld+json\" class=\"yoast-schema-graph\">{\"@context\":\"https:\/\/schema.org\",\"@graph\":[{\"@type\":\"WebPage\",\"@id\":\"https:\/\/president-ksgov.net\/sr\/predsednik-uputio-javni-poziv-politikim-subjektima-za-obuhvatanje-u-dijalog-izmeu-kosova-i-srbije\/\",\"url\":\"https:\/\/president-ksgov.net\/sr\/predsednik-uputio-javni-poziv-politikim-subjektima-za-obuhvatanje-u-dijalog-izmeu-kosova-i-srbije\/\",\"name\":\"Predsednik uputio javni poziv politi&ccaron;kim subjektima za obuhvatanje u dijalog izme&dstrok;u Kosova i Srbije - Predsednik Republike Kosovo - DR. VJOSA OSMANI - SADRIU\",\"isPartOf\":{\"@id\":\"https:\/\/president-ksgov.net\/#website\"},\"primaryImageOfPage\":{\"@id\":\"https:\/\/president-ksgov.net\/sr\/predsednik-uputio-javni-poziv-politikim-subjektima-za-obuhvatanje-u-dijalog-izmeu-kosova-i-srbije\/#primaryimage\"},\"image\":{\"@id\":\"https:\/\/president-ksgov.net\/sr\/predsednik-uputio-javni-poziv-politikim-subjektima-za-obuhvatanje-u-dijalog-izmeu-kosova-i-srbije\/#primaryimage\"},\"thumbnailUrl\":\"https:\/\/president-ksgov.net\/wp-content\/uploads\/20_06_2018_4823320_20_06_2018_PresidentiThaci_KonferencePerMedia.jpg\",\"datePublished\":\"2018-06-20T12:16:46+00:00\",\"dateModified\":\"2018-06-20T12:16:46+00:00\",\"author\":{\"@id\":\"https:\/\/president-ksgov.net\/#\/schema\/person\/bb4337a5fb147cb2046d80548172cbee\"},\"description\":\"Predsednik uputio javni poziv politi&ccaron;kim subjektima za obuhvatanje u dijalog izme&dstrok;u Kosova i Srbije - Predsednik Republike Kosovo - DR. VJOSA OSMANI - SADRIU -\",\"breadcrumb\":{\"@id\":\"https:\/\/president-ksgov.net\/sr\/predsednik-uputio-javni-poziv-politikim-subjektima-za-obuhvatanje-u-dijalog-izmeu-kosova-i-srbije\/#breadcrumb\"},\"inLanguage\":\"sr-RS\",\"potentialAction\":[{\"@type\":\"ReadAction\",\"target\":[\"https:\/\/president-ksgov.net\/sr\/predsednik-uputio-javni-poziv-politikim-subjektima-za-obuhvatanje-u-dijalog-izmeu-kosova-i-srbije\/\"]}]},{\"@type\":\"ImageObject\",\"inLanguage\":\"sr-RS\",\"@id\":\"https:\/\/president-ksgov.net\/sr\/predsednik-uputio-javni-poziv-politikim-subjektima-za-obuhvatanje-u-dijalog-izmeu-kosova-i-srbije\/#primaryimage\",\"url\":\"https:\/\/president-ksgov.net\/wp-content\/uploads\/20_06_2018_4823320_20_06_2018_PresidentiThaci_KonferencePerMedia.jpg\",\"contentUrl\":\"https:\/\/president-ksgov.net\/wp-content\/uploads\/20_06_2018_4823320_20_06_2018_PresidentiThaci_KonferencePerMedia.jpg\",\"width\":2000,\"height\":1409},{\"@type\":\"BreadcrumbList\",\"@id\":\"https:\/\/president-ksgov.net\/sr\/predsednik-uputio-javni-poziv-politikim-subjektima-za-obuhvatanje-u-dijalog-izmeu-kosova-i-srbije\/#breadcrumb\",\"itemListElement\":[{\"@type\":\"ListItem\",\"position\":1,\"name\":\"Home\",\"item\":\"https:\/\/president-ksgov.net\/sr\/\"},{\"@type\":\"ListItem\",\"position\":2,\"name\":\"Predsednik uputio javni poziv politi&ccaron;kim subjektima za obuhvatanje u dijalog izme&dstrok;u Kosova i Srbije\"}]},{\"@type\":\"WebSite\",\"@id\":\"https:\/\/president-ksgov.net\/#website\",\"url\":\"https:\/\/president-ksgov.net\/\",\"name\":\"Presidente e Republik\u00ebs s\u00eb Kosov\u00ebs\",\"description\":\"Presidente e Republik\u00ebs s\u00eb Kosov\u00ebs\",\"alternateName\":\"DR. VJOSA OSMANI - SADRIU\",\"potentialAction\":[{\"@type\":\"SearchAction\",\"target\":{\"@type\":\"EntryPoint\",\"urlTemplate\":\"https:\/\/president-ksgov.net\/?s={search_term_string}\"},\"query-input\":{\"@type\":\"PropertyValueSpecification\",\"valueRequired\":true,\"valueName\":\"search_term_string\"}}],\"inLanguage\":\"sr-RS\"},{\"@type\":\"Person\",\"@id\":\"https:\/\/president-ksgov.net\/#\/schema\/person\/bb4337a5fb147cb2046d80548172cbee\",\"name\":\"admin\",\"image\":{\"@type\":\"ImageObject\",\"inLanguage\":\"sr-RS\",\"@id\":\"https:\/\/president-ksgov.net\/#\/schema\/person\/image\/\",\"url\":\"https:\/\/secure.gravatar.com\/avatar\/36156ca0fa3b8d9d25174f146e16beea0cf28f37adf1b9e19b6c9c279a7c9dd3?s=96&d=mm&r=g\",\"contentUrl\":\"https:\/\/secure.gravatar.com\/avatar\/36156ca0fa3b8d9d25174f146e16beea0cf28f37adf1b9e19b6c9c279a7c9dd3?s=96&d=mm&r=g\",\"caption\":\"admin\"},\"sameAs\":[\"https:\/\/president-ksgov.net\"]}]}<\/script>\n<!-- \/ Yoast SEO plugin. -->","yoast_head_json":{"title":"Predsednik uputio javni poziv politi&ccaron;kim subjektima za obuhvatanje u dijalog izme&dstrok;u Kosova i Srbije - Predsednik Republike Kosovo - DR. VJOSA OSMANI - SADRIU","description":"Predsednik uputio javni poziv politi&ccaron;kim subjektima za obuhvatanje u dijalog izme&dstrok;u Kosova i Srbije - Predsednik Republike Kosovo - DR. VJOSA OSMANI - SADRIU -","robots":{"index":"index","follow":"follow","max-snippet":"max-snippet:-1","max-image-preview":"max-image-preview:large","max-video-preview":"max-video-preview:-1"},"canonical":"https:\/\/president-ksgov.net\/sr\/predsednik-uputio-javni-poziv-politikim-subjektima-za-obuhvatanje-u-dijalog-izmeu-kosova-i-srbije\/","og_locale":"sr_RS","og_type":"article","og_title":"Predsednik uputio javni poziv politi&ccaron;kim subjektima za obuhvatanje u dijalog izme&dstrok;u Kosova i Srbije - Predsednik Republike Kosovo - DR. VJOSA OSMANI - SADRIU","og_description":"Predsednik uputio javni poziv politi&ccaron;kim subjektima za obuhvatanje u dijalog izme&dstrok;u Kosova i Srbije - Predsednik Republike Kosovo - DR. VJOSA OSMANI - SADRIU -","og_url":"https:\/\/president-ksgov.net\/sr\/predsednik-uputio-javni-poziv-politikim-subjektima-za-obuhvatanje-u-dijalog-izmeu-kosova-i-srbije\/","og_site_name":"Predsednik Republike Kosovo - DR. VJOSA OSMANI - SADRIU","article_published_time":"2018-06-20T12:16:46+00:00","og_image":[{"width":2000,"height":1409,"url":"https:\/\/president-ksgov.net\/wp-content\/uploads\/20_06_2018_4823320_20_06_2018_PresidentiThaci_KonferencePerMedia.jpg","type":"image\/jpeg"}],"author":"admin","twitter_card":"summary_large_image","twitter_misc":{"\u041d\u0430\u043f\u0438\u0441\u0430\u043d\u043e \u043e\u0434":"admin","\u041f\u0440\u043e\u0446\u0435\u045a\u0435\u043d\u043e \u0432\u0440\u0435\u043c\u0435 \u0447\u0438\u0442\u0430\u045a\u0430":"4 \u043c\u0438\u043d\u0443\u0442\u0430"},"schema":{"@context":"https:\/\/schema.org","@graph":[{"@type":"WebPage","@id":"https:\/\/president-ksgov.net\/sr\/predsednik-uputio-javni-poziv-politikim-subjektima-za-obuhvatanje-u-dijalog-izmeu-kosova-i-srbije\/","url":"https:\/\/president-ksgov.net\/sr\/predsednik-uputio-javni-poziv-politikim-subjektima-za-obuhvatanje-u-dijalog-izmeu-kosova-i-srbije\/","name":"Predsednik uputio javni poziv politi&ccaron;kim subjektima za obuhvatanje u dijalog izme&dstrok;u Kosova i Srbije - Predsednik Republike Kosovo - DR. VJOSA OSMANI - SADRIU","isPartOf":{"@id":"https:\/\/president-ksgov.net\/#website"},"primaryImageOfPage":{"@id":"https:\/\/president-ksgov.net\/sr\/predsednik-uputio-javni-poziv-politikim-subjektima-za-obuhvatanje-u-dijalog-izmeu-kosova-i-srbije\/#primaryimage"},"image":{"@id":"https:\/\/president-ksgov.net\/sr\/predsednik-uputio-javni-poziv-politikim-subjektima-za-obuhvatanje-u-dijalog-izmeu-kosova-i-srbije\/#primaryimage"},"thumbnailUrl":"https:\/\/president-ksgov.net\/wp-content\/uploads\/20_06_2018_4823320_20_06_2018_PresidentiThaci_KonferencePerMedia.jpg","datePublished":"2018-06-20T12:16:46+00:00","dateModified":"2018-06-20T12:16:46+00:00","author":{"@id":"https:\/\/president-ksgov.net\/#\/schema\/person\/bb4337a5fb147cb2046d80548172cbee"},"description":"Predsednik uputio javni poziv politi&ccaron;kim subjektima za obuhvatanje u dijalog izme&dstrok;u Kosova i Srbije - Predsednik Republike Kosovo - DR. VJOSA OSMANI - SADRIU -","breadcrumb":{"@id":"https:\/\/president-ksgov.net\/sr\/predsednik-uputio-javni-poziv-politikim-subjektima-za-obuhvatanje-u-dijalog-izmeu-kosova-i-srbije\/#breadcrumb"},"inLanguage":"sr-RS","potentialAction":[{"@type":"ReadAction","target":["https:\/\/president-ksgov.net\/sr\/predsednik-uputio-javni-poziv-politikim-subjektima-za-obuhvatanje-u-dijalog-izmeu-kosova-i-srbije\/"]}]},{"@type":"ImageObject","inLanguage":"sr-RS","@id":"https:\/\/president-ksgov.net\/sr\/predsednik-uputio-javni-poziv-politikim-subjektima-za-obuhvatanje-u-dijalog-izmeu-kosova-i-srbije\/#primaryimage","url":"https:\/\/president-ksgov.net\/wp-content\/uploads\/20_06_2018_4823320_20_06_2018_PresidentiThaci_KonferencePerMedia.jpg","contentUrl":"https:\/\/president-ksgov.net\/wp-content\/uploads\/20_06_2018_4823320_20_06_2018_PresidentiThaci_KonferencePerMedia.jpg","width":2000,"height":1409},{"@type":"BreadcrumbList","@id":"https:\/\/president-ksgov.net\/sr\/predsednik-uputio-javni-poziv-politikim-subjektima-za-obuhvatanje-u-dijalog-izmeu-kosova-i-srbije\/#breadcrumb","itemListElement":[{"@type":"ListItem","position":1,"name":"Home","item":"https:\/\/president-ksgov.net\/sr\/"},{"@type":"ListItem","position":2,"name":"Predsednik uputio javni poziv politi&ccaron;kim subjektima za obuhvatanje u dijalog izme&dstrok;u Kosova i Srbije"}]},{"@type":"WebSite","@id":"https:\/\/president-ksgov.net\/#website","url":"https:\/\/president-ksgov.net\/","name":"Presidente e Republik\u00ebs s\u00eb Kosov\u00ebs","description":"Presidente e Republik\u00ebs s\u00eb Kosov\u00ebs","alternateName":"DR. VJOSA OSMANI - SADRIU","potentialAction":[{"@type":"SearchAction","target":{"@type":"EntryPoint","urlTemplate":"https:\/\/president-ksgov.net\/?s={search_term_string}"},"query-input":{"@type":"PropertyValueSpecification","valueRequired":true,"valueName":"search_term_string"}}],"inLanguage":"sr-RS"},{"@type":"Person","@id":"https:\/\/president-ksgov.net\/#\/schema\/person\/bb4337a5fb147cb2046d80548172cbee","name":"admin","image":{"@type":"ImageObject","inLanguage":"sr-RS","@id":"https:\/\/president-ksgov.net\/#\/schema\/person\/image\/","url":"https:\/\/secure.gravatar.com\/avatar\/36156ca0fa3b8d9d25174f146e16beea0cf28f37adf1b9e19b6c9c279a7c9dd3?s=96&d=mm&r=g","contentUrl":"https:\/\/secure.gravatar.com\/avatar\/36156ca0fa3b8d9d25174f146e16beea0cf28f37adf1b9e19b6c9c279a7c9dd3?s=96&d=mm&r=g","caption":"admin"},"sameAs":["https:\/\/president-ksgov.net"]}]}},"_links":{"self":[{"href":"https:\/\/president-ksgov.net\/sr\/wp-json\/wp\/v2\/posts\/75814","targetHints":{"allow":["GET"]}}],"collection":[{"href":"https:\/\/president-ksgov.net\/sr\/wp-json\/wp\/v2\/posts"}],"about":[{"href":"https:\/\/president-ksgov.net\/sr\/wp-json\/wp\/v2\/types\/post"}],"author":[{"embeddable":true,"href":"https:\/\/president-ksgov.net\/sr\/wp-json\/wp\/v2\/users\/1"}],"replies":[{"embeddable":true,"href":"https:\/\/president-ksgov.net\/sr\/wp-json\/wp\/v2\/comments?post=75814"}],"version-history":[{"count":0,"href":"https:\/\/president-ksgov.net\/sr\/wp-json\/wp\/v2\/posts\/75814\/revisions"}],"wp:featuredmedia":[{"embeddable":true,"href":"https:\/\/president-ksgov.net\/sr\/wp-json\/wp\/v2\/media\/27013"}],"wp:attachment":[{"href":"https:\/\/president-ksgov.net\/sr\/wp-json\/wp\/v2\/media?parent=75814"}],"wp:term":[{"taxonomy":"category","embeddable":true,"href":"https:\/\/president-ksgov.net\/sr\/wp-json\/wp\/v2\/categories?post=75814"},{"taxonomy":"post_tag","embeddable":true,"href":"https:\/\/president-ksgov.net\/sr\/wp-json\/wp\/v2\/tags?post=75814"}],"curies":[{"name":"wp","href":"https:\/\/api.w.org\/{rel}","templated":true}]}}