{"id":75813,"date":"2018-06-20T13:43:09","date_gmt":"2018-06-20T13:43:09","guid":{"rendered":"https:\/\/dev.president-ksgov.net\/predsednik-thaci-zastava-kosova-e-se-vijoriti-u-taragoni-u-spaniji\/"},"modified":"2018-06-20T13:43:09","modified_gmt":"2018-06-20T13:43:09","slug":"predsednik-thaci-zastava-kosova-e-se-vijoriti-u-taragoni-u-spaniji","status":"publish","type":"post","link":"https:\/\/president-ksgov.net\/sr\/predsednik-thaci-zastava-kosova-e-se-vijoriti-u-taragoni-u-spaniji\/","title":{"rendered":"Predsednik Tha\u00e7i: Zastava Kosova &cacute;e se vijoriti u Taragoni u \u0160paniji"},"content":{"rendered":"<p>Pri\u0161tina, 20. jun 2018. godine \u2013 Predsednik Republike Kosovo, Hashim Tha\u00e7i danas je sve&ccaron;ano predao zastavu Kosova Olimpijskom timu Kosova, koji &cacute;e po prvi put predstavljati Kosovo na Mediteranskim igrama \u201eTarragona 2018\u201c koje se odr&#382;avaju i Taragoni u \u0160paniji.<\/p>\n<p>Predsednik Tha\u00e7i je rekao je da se broj sportista koji sada u&ccaron;estvuju na me&dstrok;unarodnim igrama konstantno pove&cacute;ava.<\/p>\n<p>\u201ePo prvi put nas zvani&ccaron;no predstavlja 40 sportista, 13 trenera i 4 sudije\u201c, rekao je predsednik Tha\u00e7i dodaju&cacute;i da \u201eod 4-5 sportista koliko nas je ranije predstavljalo, sada smo stigli na 40 sportista i naredne godine &cacute;e nas biti jo\u0161 vi\u0161e\u201c.<\/p>\n<p>\u0160ef dr&#382;ave je rekao da &cacute;e se zastava Republike Kosovo vijoriti na ceremoniji otvaranja i zatvaranja ovih igara.<\/p>\n<p>\u00a0\u201eNa\u0161i sportisti &cacute;e je jo\u0161 vi\u0161e uzvisiti kao dr&#382;avni simbol njihovih pobeda, na\u0161ih pobeda\u201c, rekao je predsednik Tha\u00e7i.<\/p>\n<p>A predsednik Olimpijskog komiteta Kosova, Besim Hasani je rekao da je pored zadovoljstva \u0161to su danas primili zastavu Republike Kosovo, tu i ponos \u0161to &cacute;e se na\u0161a zastava vijoriti u Taragoni.<\/p>\n<p>\u201eSportisti su se dosta dobro pripremili i verujem da &cacute;e se pokazati najbolje \u0161to mogu tokom ovih igara\u201c, rekao je Hasani.<\/p>\n<p>\u201eOd srca &#382;elim da vam se zahvalim na stalnoj podr\u0161ci i obe&cacute;avam vam da &cacute;emo se i mi truditi da predstavimo Kosovo dostojanstveno i da \u0161to vi\u0161e pobolj\u0161amo sliku o Republici Kosovo\u201c, dodao je on.<\/p>\n<p>Govore&cacute;i u ime sportista, vi\u0161estruka svetska \u0161ampionka u d&#382;udou, Majlinda Kelmendi je istakla da se dobro ose&cacute;a jer &cacute;e veliki broj sportista u&ccaron;estvovati na Mediteranskim igrama u pore&dstrok;enju sa brojem koji je bio u Riju.<\/p>\n<p>\u201eIzuzetno mi je veliko zadovoljstvo da primim zastavu\u201c, rekla je ona, izra&#382;avaju&cacute;i uverenje da &cacute;e sportisti dostojanstveno predstavljati na\u0161u dr&#382;avu po prvi put na Mediteranskim igrama.<\/p>\n<p>Predsednik Tha\u00e7i je svim na\u0161im sportistima koji &cacute;e u&ccaron;estvovati na Mediteranskim igrama \u201eTarragona 2018\u201c, po&#382;eleo uspeha.\u00a0\u00a0<\/p>\n","protected":false},"excerpt":{"rendered":"<p>Pri\u0161tina, 20. jun 2018. godine \u2013 Predsednik Republike Kosovo, Hashim Tha\u00e7i danas je sve&ccaron;ano predao zastavu Kosova Olimpijskom timu Kosova, koji &cacute;e po prvi put predstavljati Kosovo na Mediteranskim igrama \u201eTarragona 2018\u201c koje se odr&#382;avaju i Taragoni u \u0160paniji.<\/p>\n","protected":false},"author":1,"featured_media":26988,"comment_status":"open","ping_status":"closed","sticky":false,"template":"","format":"standard","meta":{"_eb_attr":"","footnotes":""},"categories":[101],"tags":[],"class_list":["post-75813","post","type-post","status-publish","format-standard","has-post-thumbnail","hentry","category-vesti"],"yoast_head":"<!-- This site is optimized with the Yoast SEO plugin v23.5 - https:\/\/yoast.com\/wordpress\/plugins\/seo\/ -->\n<title>Predsednik Tha\u00e7i: Zastava Kosova &amp;cacute;e se vijoriti u Taragoni u \u0160paniji - Predsednik Republike Kosovo - DR. VJOSA OSMANI - SADRIU<\/title>\n<meta name=\"description\" content=\"Predsednik Tha\u00e7i: Zastava Kosova &amp;cacute;e se vijoriti u Taragoni u \u0160paniji - Predsednik Republike Kosovo - DR. VJOSA OSMANI - SADRIU -\" \/>\n<meta name=\"robots\" content=\"index, follow, max-snippet:-1, max-image-preview:large, max-video-preview:-1\" \/>\n<link rel=\"canonical\" href=\"https:\/\/president-ksgov.net\/sr\/predsednik-thaci-zastava-kosova-e-se-vijoriti-u-taragoni-u-spaniji\/\" \/>\n<meta property=\"og:locale\" content=\"sr_RS\" \/>\n<meta property=\"og:type\" content=\"article\" \/>\n<meta property=\"og:title\" content=\"Predsednik Tha\u00e7i: Zastava Kosova &amp;cacute;e se vijoriti u Taragoni u \u0160paniji - Predsednik Republike Kosovo - DR. VJOSA OSMANI - SADRIU\" \/>\n<meta property=\"og:description\" content=\"Predsednik Tha\u00e7i: Zastava Kosova &amp;cacute;e se vijoriti u Taragoni u \u0160paniji - Predsednik Republike Kosovo - DR. VJOSA OSMANI - SADRIU -\" \/>\n<meta property=\"og:url\" content=\"https:\/\/president-ksgov.net\/sr\/predsednik-thaci-zastava-kosova-e-se-vijoriti-u-taragoni-u-spaniji\/\" \/>\n<meta property=\"og:site_name\" content=\"Predsednik Republike Kosovo - DR. VJOSA OSMANI - SADRIU\" \/>\n<meta property=\"article:published_time\" content=\"2018-06-20T13:43:09+00:00\" \/>\n<meta property=\"og:image\" content=\"https:\/\/president-ksgov.net\/wp-content\/uploads\/20_06_2018_3787644_20_06_2018_PresidentiThaci_KomitetiOlimpikIKosoves_0.jpg\" \/>\n\t<meta property=\"og:image:width\" content=\"2000\" \/>\n\t<meta property=\"og:image:height\" content=\"1188\" \/>\n\t<meta property=\"og:image:type\" content=\"image\/jpeg\" \/>\n<meta name=\"author\" content=\"admin\" \/>\n<meta name=\"twitter:card\" content=\"summary_large_image\" \/>\n<meta name=\"twitter:label1\" content=\"\u041d\u0430\u043f\u0438\u0441\u0430\u043d\u043e \u043e\u0434\" \/>\n\t<meta name=\"twitter:data1\" content=\"admin\" \/>\n\t<meta name=\"twitter:label2\" content=\"\u041f\u0440\u043e\u0446\u0435\u045a\u0435\u043d\u043e \u0432\u0440\u0435\u043c\u0435 \u0447\u0438\u0442\u0430\u045a\u0430\" \/>\n\t<meta name=\"twitter:data2\" content=\"2 \u043c\u0438\u043d\u0443\u0442\u0430\" \/>\n<script type=\"application\/ld+json\" class=\"yoast-schema-graph\">{\"@context\":\"https:\/\/schema.org\",\"@graph\":[{\"@type\":\"WebPage\",\"@id\":\"https:\/\/president-ksgov.net\/sr\/predsednik-thaci-zastava-kosova-e-se-vijoriti-u-taragoni-u-spaniji\/\",\"url\":\"https:\/\/president-ksgov.net\/sr\/predsednik-thaci-zastava-kosova-e-se-vijoriti-u-taragoni-u-spaniji\/\",\"name\":\"Predsednik Tha\u00e7i: Zastava Kosova &cacute;e se vijoriti u Taragoni u \u0160paniji - Predsednik Republike Kosovo - DR. VJOSA OSMANI - SADRIU\",\"isPartOf\":{\"@id\":\"https:\/\/president-ksgov.net\/#website\"},\"primaryImageOfPage\":{\"@id\":\"https:\/\/president-ksgov.net\/sr\/predsednik-thaci-zastava-kosova-e-se-vijoriti-u-taragoni-u-spaniji\/#primaryimage\"},\"image\":{\"@id\":\"https:\/\/president-ksgov.net\/sr\/predsednik-thaci-zastava-kosova-e-se-vijoriti-u-taragoni-u-spaniji\/#primaryimage\"},\"thumbnailUrl\":\"https:\/\/president-ksgov.net\/wp-content\/uploads\/20_06_2018_3787644_20_06_2018_PresidentiThaci_KomitetiOlimpikIKosoves_0.jpg\",\"datePublished\":\"2018-06-20T13:43:09+00:00\",\"dateModified\":\"2018-06-20T13:43:09+00:00\",\"author\":{\"@id\":\"https:\/\/president-ksgov.net\/#\/schema\/person\/bb4337a5fb147cb2046d80548172cbee\"},\"description\":\"Predsednik Tha\u00e7i: Zastava Kosova &cacute;e se vijoriti u Taragoni u \u0160paniji - Predsednik Republike Kosovo - DR. VJOSA OSMANI - SADRIU -\",\"breadcrumb\":{\"@id\":\"https:\/\/president-ksgov.net\/sr\/predsednik-thaci-zastava-kosova-e-se-vijoriti-u-taragoni-u-spaniji\/#breadcrumb\"},\"inLanguage\":\"sr-RS\",\"potentialAction\":[{\"@type\":\"ReadAction\",\"target\":[\"https:\/\/president-ksgov.net\/sr\/predsednik-thaci-zastava-kosova-e-se-vijoriti-u-taragoni-u-spaniji\/\"]}]},{\"@type\":\"ImageObject\",\"inLanguage\":\"sr-RS\",\"@id\":\"https:\/\/president-ksgov.net\/sr\/predsednik-thaci-zastava-kosova-e-se-vijoriti-u-taragoni-u-spaniji\/#primaryimage\",\"url\":\"https:\/\/president-ksgov.net\/wp-content\/uploads\/20_06_2018_3787644_20_06_2018_PresidentiThaci_KomitetiOlimpikIKosoves_0.jpg\",\"contentUrl\":\"https:\/\/president-ksgov.net\/wp-content\/uploads\/20_06_2018_3787644_20_06_2018_PresidentiThaci_KomitetiOlimpikIKosoves_0.jpg\",\"width\":2000,\"height\":1188},{\"@type\":\"BreadcrumbList\",\"@id\":\"https:\/\/president-ksgov.net\/sr\/predsednik-thaci-zastava-kosova-e-se-vijoriti-u-taragoni-u-spaniji\/#breadcrumb\",\"itemListElement\":[{\"@type\":\"ListItem\",\"position\":1,\"name\":\"Home\",\"item\":\"https:\/\/president-ksgov.net\/sr\/\"},{\"@type\":\"ListItem\",\"position\":2,\"name\":\"Predsednik Tha\u00e7i: Zastava Kosova &cacute;e se vijoriti u Taragoni u \u0160paniji\"}]},{\"@type\":\"WebSite\",\"@id\":\"https:\/\/president-ksgov.net\/#website\",\"url\":\"https:\/\/president-ksgov.net\/\",\"name\":\"Presidente e Republik\u00ebs s\u00eb Kosov\u00ebs\",\"description\":\"Presidente e Republik\u00ebs s\u00eb Kosov\u00ebs\",\"alternateName\":\"DR. VJOSA OSMANI - SADRIU\",\"potentialAction\":[{\"@type\":\"SearchAction\",\"target\":{\"@type\":\"EntryPoint\",\"urlTemplate\":\"https:\/\/president-ksgov.net\/?s={search_term_string}\"},\"query-input\":{\"@type\":\"PropertyValueSpecification\",\"valueRequired\":true,\"valueName\":\"search_term_string\"}}],\"inLanguage\":\"sr-RS\"},{\"@type\":\"Person\",\"@id\":\"https:\/\/president-ksgov.net\/#\/schema\/person\/bb4337a5fb147cb2046d80548172cbee\",\"name\":\"admin\",\"image\":{\"@type\":\"ImageObject\",\"inLanguage\":\"sr-RS\",\"@id\":\"https:\/\/president-ksgov.net\/#\/schema\/person\/image\/\",\"url\":\"https:\/\/secure.gravatar.com\/avatar\/36156ca0fa3b8d9d25174f146e16beea0cf28f37adf1b9e19b6c9c279a7c9dd3?s=96&d=mm&r=g\",\"contentUrl\":\"https:\/\/secure.gravatar.com\/avatar\/36156ca0fa3b8d9d25174f146e16beea0cf28f37adf1b9e19b6c9c279a7c9dd3?s=96&d=mm&r=g\",\"caption\":\"admin\"},\"sameAs\":[\"https:\/\/president-ksgov.net\"]}]}<\/script>\n<!-- \/ Yoast SEO plugin. -->","yoast_head_json":{"title":"Predsednik Tha\u00e7i: Zastava Kosova &cacute;e se vijoriti u Taragoni u \u0160paniji - Predsednik Republike Kosovo - DR. VJOSA OSMANI - SADRIU","description":"Predsednik Tha\u00e7i: Zastava Kosova &cacute;e se vijoriti u Taragoni u \u0160paniji - Predsednik Republike Kosovo - DR. VJOSA OSMANI - SADRIU -","robots":{"index":"index","follow":"follow","max-snippet":"max-snippet:-1","max-image-preview":"max-image-preview:large","max-video-preview":"max-video-preview:-1"},"canonical":"https:\/\/president-ksgov.net\/sr\/predsednik-thaci-zastava-kosova-e-se-vijoriti-u-taragoni-u-spaniji\/","og_locale":"sr_RS","og_type":"article","og_title":"Predsednik Tha\u00e7i: Zastava Kosova &cacute;e se vijoriti u Taragoni u \u0160paniji - Predsednik Republike Kosovo - DR. VJOSA OSMANI - SADRIU","og_description":"Predsednik Tha\u00e7i: Zastava Kosova &cacute;e se vijoriti u Taragoni u \u0160paniji - Predsednik Republike Kosovo - DR. VJOSA OSMANI - SADRIU -","og_url":"https:\/\/president-ksgov.net\/sr\/predsednik-thaci-zastava-kosova-e-se-vijoriti-u-taragoni-u-spaniji\/","og_site_name":"Predsednik Republike Kosovo - DR. VJOSA OSMANI - SADRIU","article_published_time":"2018-06-20T13:43:09+00:00","og_image":[{"width":2000,"height":1188,"url":"https:\/\/president-ksgov.net\/wp-content\/uploads\/20_06_2018_3787644_20_06_2018_PresidentiThaci_KomitetiOlimpikIKosoves_0.jpg","type":"image\/jpeg"}],"author":"admin","twitter_card":"summary_large_image","twitter_misc":{"\u041d\u0430\u043f\u0438\u0441\u0430\u043d\u043e \u043e\u0434":"admin","\u041f\u0440\u043e\u0446\u0435\u045a\u0435\u043d\u043e \u0432\u0440\u0435\u043c\u0435 \u0447\u0438\u0442\u0430\u045a\u0430":"2 \u043c\u0438\u043d\u0443\u0442\u0430"},"schema":{"@context":"https:\/\/schema.org","@graph":[{"@type":"WebPage","@id":"https:\/\/president-ksgov.net\/sr\/predsednik-thaci-zastava-kosova-e-se-vijoriti-u-taragoni-u-spaniji\/","url":"https:\/\/president-ksgov.net\/sr\/predsednik-thaci-zastava-kosova-e-se-vijoriti-u-taragoni-u-spaniji\/","name":"Predsednik Tha\u00e7i: Zastava Kosova &cacute;e se vijoriti u Taragoni u \u0160paniji - Predsednik Republike Kosovo - DR. VJOSA OSMANI - SADRIU","isPartOf":{"@id":"https:\/\/president-ksgov.net\/#website"},"primaryImageOfPage":{"@id":"https:\/\/president-ksgov.net\/sr\/predsednik-thaci-zastava-kosova-e-se-vijoriti-u-taragoni-u-spaniji\/#primaryimage"},"image":{"@id":"https:\/\/president-ksgov.net\/sr\/predsednik-thaci-zastava-kosova-e-se-vijoriti-u-taragoni-u-spaniji\/#primaryimage"},"thumbnailUrl":"https:\/\/president-ksgov.net\/wp-content\/uploads\/20_06_2018_3787644_20_06_2018_PresidentiThaci_KomitetiOlimpikIKosoves_0.jpg","datePublished":"2018-06-20T13:43:09+00:00","dateModified":"2018-06-20T13:43:09+00:00","author":{"@id":"https:\/\/president-ksgov.net\/#\/schema\/person\/bb4337a5fb147cb2046d80548172cbee"},"description":"Predsednik Tha\u00e7i: Zastava Kosova &cacute;e se vijoriti u Taragoni u \u0160paniji - Predsednik Republike Kosovo - DR. VJOSA OSMANI - SADRIU -","breadcrumb":{"@id":"https:\/\/president-ksgov.net\/sr\/predsednik-thaci-zastava-kosova-e-se-vijoriti-u-taragoni-u-spaniji\/#breadcrumb"},"inLanguage":"sr-RS","potentialAction":[{"@type":"ReadAction","target":["https:\/\/president-ksgov.net\/sr\/predsednik-thaci-zastava-kosova-e-se-vijoriti-u-taragoni-u-spaniji\/"]}]},{"@type":"ImageObject","inLanguage":"sr-RS","@id":"https:\/\/president-ksgov.net\/sr\/predsednik-thaci-zastava-kosova-e-se-vijoriti-u-taragoni-u-spaniji\/#primaryimage","url":"https:\/\/president-ksgov.net\/wp-content\/uploads\/20_06_2018_3787644_20_06_2018_PresidentiThaci_KomitetiOlimpikIKosoves_0.jpg","contentUrl":"https:\/\/president-ksgov.net\/wp-content\/uploads\/20_06_2018_3787644_20_06_2018_PresidentiThaci_KomitetiOlimpikIKosoves_0.jpg","width":2000,"height":1188},{"@type":"BreadcrumbList","@id":"https:\/\/president-ksgov.net\/sr\/predsednik-thaci-zastava-kosova-e-se-vijoriti-u-taragoni-u-spaniji\/#breadcrumb","itemListElement":[{"@type":"ListItem","position":1,"name":"Home","item":"https:\/\/president-ksgov.net\/sr\/"},{"@type":"ListItem","position":2,"name":"Predsednik Tha\u00e7i: Zastava Kosova &cacute;e se vijoriti u Taragoni u \u0160paniji"}]},{"@type":"WebSite","@id":"https:\/\/president-ksgov.net\/#website","url":"https:\/\/president-ksgov.net\/","name":"Presidente e Republik\u00ebs s\u00eb Kosov\u00ebs","description":"Presidente e Republik\u00ebs s\u00eb Kosov\u00ebs","alternateName":"DR. VJOSA OSMANI - SADRIU","potentialAction":[{"@type":"SearchAction","target":{"@type":"EntryPoint","urlTemplate":"https:\/\/president-ksgov.net\/?s={search_term_string}"},"query-input":{"@type":"PropertyValueSpecification","valueRequired":true,"valueName":"search_term_string"}}],"inLanguage":"sr-RS"},{"@type":"Person","@id":"https:\/\/president-ksgov.net\/#\/schema\/person\/bb4337a5fb147cb2046d80548172cbee","name":"admin","image":{"@type":"ImageObject","inLanguage":"sr-RS","@id":"https:\/\/president-ksgov.net\/#\/schema\/person\/image\/","url":"https:\/\/secure.gravatar.com\/avatar\/36156ca0fa3b8d9d25174f146e16beea0cf28f37adf1b9e19b6c9c279a7c9dd3?s=96&d=mm&r=g","contentUrl":"https:\/\/secure.gravatar.com\/avatar\/36156ca0fa3b8d9d25174f146e16beea0cf28f37adf1b9e19b6c9c279a7c9dd3?s=96&d=mm&r=g","caption":"admin"},"sameAs":["https:\/\/president-ksgov.net"]}]}},"_links":{"self":[{"href":"https:\/\/president-ksgov.net\/sr\/wp-json\/wp\/v2\/posts\/75813","targetHints":{"allow":["GET"]}}],"collection":[{"href":"https:\/\/president-ksgov.net\/sr\/wp-json\/wp\/v2\/posts"}],"about":[{"href":"https:\/\/president-ksgov.net\/sr\/wp-json\/wp\/v2\/types\/post"}],"author":[{"embeddable":true,"href":"https:\/\/president-ksgov.net\/sr\/wp-json\/wp\/v2\/users\/1"}],"replies":[{"embeddable":true,"href":"https:\/\/president-ksgov.net\/sr\/wp-json\/wp\/v2\/comments?post=75813"}],"version-history":[{"count":0,"href":"https:\/\/president-ksgov.net\/sr\/wp-json\/wp\/v2\/posts\/75813\/revisions"}],"wp:featuredmedia":[{"embeddable":true,"href":"https:\/\/president-ksgov.net\/sr\/wp-json\/wp\/v2\/media\/26988"}],"wp:attachment":[{"href":"https:\/\/president-ksgov.net\/sr\/wp-json\/wp\/v2\/media?parent=75813"}],"wp:term":[{"taxonomy":"category","embeddable":true,"href":"https:\/\/president-ksgov.net\/sr\/wp-json\/wp\/v2\/categories?post=75813"},{"taxonomy":"post_tag","embeddable":true,"href":"https:\/\/president-ksgov.net\/sr\/wp-json\/wp\/v2\/tags?post=75813"}],"curies":[{"name":"wp","href":"https:\/\/api.w.org\/{rel}","templated":true}]}}