{"id":75810,"date":"2018-06-21T14:44:57","date_gmt":"2018-06-21T14:44:57","guid":{"rendered":"https:\/\/dev.president-ksgov.net\/predednik-thaci-odlikovao-ratne-reportere-nuhija-bytycija-i-abaza-zeku\/"},"modified":"2018-06-21T14:44:57","modified_gmt":"2018-06-21T14:44:57","slug":"predednik-thaci-odlikovao-ratne-reportere-nuhija-bytycija-i-abaza-zeku","status":"publish","type":"post","link":"https:\/\/president-ksgov.net\/sr\/predednik-thaci-odlikovao-ratne-reportere-nuhija-bytycija-i-abaza-zeku\/","title":{"rendered":"Predednik Tha\u00e7i odlikovao ratne reportere Nuhija Byty\u00e7ija i Abaza Zeku"},"content":{"rendered":"<p>Pri\u0161tina, 21. jun 2018. godine- Predsednik  Republike Kosovo, Hashim Tha\u00e7i odlikovao je danas ratne reportere, Nuhija Byty\u00e7ija i Abaza Zeku Jubilarnom predsedni&ccaron;kom medaljom desetogodi\u0161njice nezavisnosti.<\/p>\n<p>Predsednik Tha\u00e7i je rekao da je doprinos kosovskog naroda slobodi i nezavosnosti veoma veliki. <\/p>\n<p>\u201cDoprinos ljudi, politi&ccaron;kih aktivista, boraca za slobodu i svih onih ljudi koji su pali tokom rata je veoma veliki, ali su izvanredan i istorijski doprinos dali i ljudi koji su zaista predstavili ono \u0161to se doga&dstrok;alo na Kosovu, otpor Oslobodila&ccaron;ke vojske Kosova, u&ccaron;estvuju&cacute;i direktno u ratu inistovremeno stvaraju&cacute;i opasne snimke kako bi se predstavile slike, realnost i istina o Kosovu, bilo gde gde su &#382;iveli Albanci, ali i svuda u svetu\u201d, rekao je predsednik Tha\u00e7i.<br \/>\n\u00a0<br \/>\nMe&dstrok;u tim ljudima, od najistaknutijih, predsednik Tha\u00e7i je rekao da su i Nuhi Byty\u00e7i i Abaz Zeka.<br \/>\n\u00a0<br \/>\nNovinar Nuhi Byty\u00e7i zahvalio se predsedniku Tha\u00e7iju za ovu medalju povodom desetogodi\u0161njice nezavisnosti Kosova.<br \/>\n\u00a0<br \/>\n\u201cSmatram da ova zahvalnica nije samo zahvalnost za moj i Abazov rad, ve&cacute;i i za rad ostalih kolega novinara, kamermana, monta&#382;era, sa kojima smo radili i sara&dstrok;ivali u ratnim okolnostima, ali i nakon rata u izgradnji i obnovi Kosova na desetogodi\u0161njem putu nezavisne i suverene dr&#382;ave Kosovo\u201d, rekao je Bytyqi.<br \/>\n\u00a0<br \/>\nPredsednik Tha\u00e7i je dodao da su ratni reporteri &ccaron;asno, rodoljubivo i profesionalno vr\u0161ili njihovu plemenitu nacionalnu obavezu\u00a0 da obaveste \u0161iroko mnjenje u veoma te\u0161ko vreme, kako bi predstavili istinu o Kosovu i na\u0161e putovanje puno izazova i &#382;rtve na\u0161eg naroda.<br \/>\n\u00a0<\/p>\n","protected":false},"excerpt":{"rendered":"<p>Pri\u0161tina, 21. jun 2018. godine- Predsednik  Republike Kosovo, Hashim Tha\u00e7i odlikovao je danas ratne reportere, Nuhija Byty\u00e7ija i Abaza Zeku Jubilarnom predsedni&ccaron;kom medaljom desetogodi\u0161njice nezavisnosti.<\/p>\n","protected":false},"author":1,"featured_media":26974,"comment_status":"open","ping_status":"closed","sticky":false,"template":"","format":"standard","meta":{"_eb_attr":"","footnotes":""},"categories":[101],"tags":[],"class_list":["post-75810","post","type-post","status-publish","format-standard","has-post-thumbnail","hentry","category-vesti"],"yoast_head":"<!-- This site is optimized with the Yoast SEO plugin v23.5 - https:\/\/yoast.com\/wordpress\/plugins\/seo\/ -->\n<title>Predednik Tha\u00e7i odlikovao ratne reportere Nuhija Byty\u00e7ija i Abaza Zeku - Predsednik Republike Kosovo - DR. VJOSA OSMANI - SADRIU<\/title>\n<meta name=\"description\" content=\"Predednik Tha\u00e7i odlikovao ratne reportere Nuhija Byty\u00e7ija i Abaza Zeku - Predsednik Republike Kosovo - DR. VJOSA OSMANI - SADRIU -\" \/>\n<meta name=\"robots\" content=\"index, follow, max-snippet:-1, max-image-preview:large, max-video-preview:-1\" \/>\n<link rel=\"canonical\" href=\"https:\/\/president-ksgov.net\/sr\/predednik-thaci-odlikovao-ratne-reportere-nuhija-bytycija-i-abaza-zeku\/\" \/>\n<meta property=\"og:locale\" content=\"sr_RS\" \/>\n<meta property=\"og:type\" content=\"article\" \/>\n<meta property=\"og:title\" content=\"Predednik Tha\u00e7i odlikovao ratne reportere Nuhija Byty\u00e7ija i Abaza Zeku - Predsednik Republike Kosovo - DR. VJOSA OSMANI - SADRIU\" \/>\n<meta property=\"og:description\" content=\"Predednik Tha\u00e7i odlikovao ratne reportere Nuhija Byty\u00e7ija i Abaza Zeku - Predsednik Republike Kosovo - DR. VJOSA OSMANI - SADRIU -\" \/>\n<meta property=\"og:url\" content=\"https:\/\/president-ksgov.net\/sr\/predednik-thaci-odlikovao-ratne-reportere-nuhija-bytycija-i-abaza-zeku\/\" \/>\n<meta property=\"og:site_name\" content=\"Predsednik Republike Kosovo - DR. VJOSA OSMANI - SADRIU\" \/>\n<meta property=\"article:published_time\" content=\"2018-06-21T14:44:57+00:00\" \/>\n<meta property=\"og:image\" content=\"https:\/\/president-ksgov.net\/wp-content\/uploads\/21_06_2018_5560410_21_06_2018_Presidenti_Thaci_2-scaled.jpg\" \/>\n\t<meta property=\"og:image:width\" content=\"2560\" \/>\n\t<meta property=\"og:image:height\" content=\"1709\" \/>\n\t<meta property=\"og:image:type\" content=\"image\/jpeg\" \/>\n<meta name=\"author\" content=\"admin\" \/>\n<meta name=\"twitter:card\" content=\"summary_large_image\" \/>\n<meta name=\"twitter:label1\" content=\"\u041d\u0430\u043f\u0438\u0441\u0430\u043d\u043e \u043e\u0434\" \/>\n\t<meta name=\"twitter:data1\" content=\"admin\" \/>\n\t<meta name=\"twitter:label2\" content=\"\u041f\u0440\u043e\u0446\u0435\u045a\u0435\u043d\u043e \u0432\u0440\u0435\u043c\u0435 \u0447\u0438\u0442\u0430\u045a\u0430\" \/>\n\t<meta name=\"twitter:data2\" content=\"1 \u043c\u0438\u043d\u0443\u0442\" \/>\n<script type=\"application\/ld+json\" class=\"yoast-schema-graph\">{\"@context\":\"https:\/\/schema.org\",\"@graph\":[{\"@type\":\"WebPage\",\"@id\":\"https:\/\/president-ksgov.net\/sr\/predednik-thaci-odlikovao-ratne-reportere-nuhija-bytycija-i-abaza-zeku\/\",\"url\":\"https:\/\/president-ksgov.net\/sr\/predednik-thaci-odlikovao-ratne-reportere-nuhija-bytycija-i-abaza-zeku\/\",\"name\":\"Predednik Tha\u00e7i odlikovao ratne reportere Nuhija Byty\u00e7ija i Abaza Zeku - Predsednik Republike Kosovo - DR. VJOSA OSMANI - SADRIU\",\"isPartOf\":{\"@id\":\"https:\/\/president-ksgov.net\/#website\"},\"primaryImageOfPage\":{\"@id\":\"https:\/\/president-ksgov.net\/sr\/predednik-thaci-odlikovao-ratne-reportere-nuhija-bytycija-i-abaza-zeku\/#primaryimage\"},\"image\":{\"@id\":\"https:\/\/president-ksgov.net\/sr\/predednik-thaci-odlikovao-ratne-reportere-nuhija-bytycija-i-abaza-zeku\/#primaryimage\"},\"thumbnailUrl\":\"https:\/\/president-ksgov.net\/wp-content\/uploads\/21_06_2018_5560410_21_06_2018_Presidenti_Thaci_2-scaled.jpg\",\"datePublished\":\"2018-06-21T14:44:57+00:00\",\"dateModified\":\"2018-06-21T14:44:57+00:00\",\"author\":{\"@id\":\"https:\/\/president-ksgov.net\/#\/schema\/person\/bb4337a5fb147cb2046d80548172cbee\"},\"description\":\"Predednik Tha\u00e7i odlikovao ratne reportere Nuhija Byty\u00e7ija i Abaza Zeku - Predsednik Republike Kosovo - DR. VJOSA OSMANI - SADRIU -\",\"breadcrumb\":{\"@id\":\"https:\/\/president-ksgov.net\/sr\/predednik-thaci-odlikovao-ratne-reportere-nuhija-bytycija-i-abaza-zeku\/#breadcrumb\"},\"inLanguage\":\"sr-RS\",\"potentialAction\":[{\"@type\":\"ReadAction\",\"target\":[\"https:\/\/president-ksgov.net\/sr\/predednik-thaci-odlikovao-ratne-reportere-nuhija-bytycija-i-abaza-zeku\/\"]}]},{\"@type\":\"ImageObject\",\"inLanguage\":\"sr-RS\",\"@id\":\"https:\/\/president-ksgov.net\/sr\/predednik-thaci-odlikovao-ratne-reportere-nuhija-bytycija-i-abaza-zeku\/#primaryimage\",\"url\":\"https:\/\/president-ksgov.net\/wp-content\/uploads\/21_06_2018_5560410_21_06_2018_Presidenti_Thaci_2-scaled.jpg\",\"contentUrl\":\"https:\/\/president-ksgov.net\/wp-content\/uploads\/21_06_2018_5560410_21_06_2018_Presidenti_Thaci_2-scaled.jpg\",\"width\":2560,\"height\":1709},{\"@type\":\"BreadcrumbList\",\"@id\":\"https:\/\/president-ksgov.net\/sr\/predednik-thaci-odlikovao-ratne-reportere-nuhija-bytycija-i-abaza-zeku\/#breadcrumb\",\"itemListElement\":[{\"@type\":\"ListItem\",\"position\":1,\"name\":\"Home\",\"item\":\"https:\/\/president-ksgov.net\/sr\/\"},{\"@type\":\"ListItem\",\"position\":2,\"name\":\"Predednik Tha\u00e7i odlikovao ratne reportere Nuhija Byty\u00e7ija i Abaza Zeku\"}]},{\"@type\":\"WebSite\",\"@id\":\"https:\/\/president-ksgov.net\/#website\",\"url\":\"https:\/\/president-ksgov.net\/\",\"name\":\"Presidente e Republik\u00ebs s\u00eb Kosov\u00ebs\",\"description\":\"Presidente e Republik\u00ebs s\u00eb Kosov\u00ebs\",\"alternateName\":\"DR. VJOSA OSMANI - SADRIU\",\"potentialAction\":[{\"@type\":\"SearchAction\",\"target\":{\"@type\":\"EntryPoint\",\"urlTemplate\":\"https:\/\/president-ksgov.net\/?s={search_term_string}\"},\"query-input\":{\"@type\":\"PropertyValueSpecification\",\"valueRequired\":true,\"valueName\":\"search_term_string\"}}],\"inLanguage\":\"sr-RS\"},{\"@type\":\"Person\",\"@id\":\"https:\/\/president-ksgov.net\/#\/schema\/person\/bb4337a5fb147cb2046d80548172cbee\",\"name\":\"admin\",\"image\":{\"@type\":\"ImageObject\",\"inLanguage\":\"sr-RS\",\"@id\":\"https:\/\/president-ksgov.net\/#\/schema\/person\/image\/\",\"url\":\"https:\/\/secure.gravatar.com\/avatar\/36156ca0fa3b8d9d25174f146e16beea0cf28f37adf1b9e19b6c9c279a7c9dd3?s=96&d=mm&r=g\",\"contentUrl\":\"https:\/\/secure.gravatar.com\/avatar\/36156ca0fa3b8d9d25174f146e16beea0cf28f37adf1b9e19b6c9c279a7c9dd3?s=96&d=mm&r=g\",\"caption\":\"admin\"},\"sameAs\":[\"https:\/\/president-ksgov.net\"]}]}<\/script>\n<!-- \/ Yoast SEO plugin. -->","yoast_head_json":{"title":"Predednik Tha\u00e7i odlikovao ratne reportere Nuhija Byty\u00e7ija i Abaza Zeku - Predsednik Republike Kosovo - DR. VJOSA OSMANI - SADRIU","description":"Predednik Tha\u00e7i odlikovao ratne reportere Nuhija Byty\u00e7ija i Abaza Zeku - Predsednik Republike Kosovo - DR. VJOSA OSMANI - SADRIU -","robots":{"index":"index","follow":"follow","max-snippet":"max-snippet:-1","max-image-preview":"max-image-preview:large","max-video-preview":"max-video-preview:-1"},"canonical":"https:\/\/president-ksgov.net\/sr\/predednik-thaci-odlikovao-ratne-reportere-nuhija-bytycija-i-abaza-zeku\/","og_locale":"sr_RS","og_type":"article","og_title":"Predednik Tha\u00e7i odlikovao ratne reportere Nuhija Byty\u00e7ija i Abaza Zeku - Predsednik Republike Kosovo - DR. VJOSA OSMANI - SADRIU","og_description":"Predednik Tha\u00e7i odlikovao ratne reportere Nuhija Byty\u00e7ija i Abaza Zeku - Predsednik Republike Kosovo - DR. VJOSA OSMANI - SADRIU -","og_url":"https:\/\/president-ksgov.net\/sr\/predednik-thaci-odlikovao-ratne-reportere-nuhija-bytycija-i-abaza-zeku\/","og_site_name":"Predsednik Republike Kosovo - DR. VJOSA OSMANI - SADRIU","article_published_time":"2018-06-21T14:44:57+00:00","og_image":[{"width":2560,"height":1709,"url":"https:\/\/president-ksgov.net\/wp-content\/uploads\/21_06_2018_5560410_21_06_2018_Presidenti_Thaci_2-scaled.jpg","type":"image\/jpeg"}],"author":"admin","twitter_card":"summary_large_image","twitter_misc":{"\u041d\u0430\u043f\u0438\u0441\u0430\u043d\u043e \u043e\u0434":"admin","\u041f\u0440\u043e\u0446\u0435\u045a\u0435\u043d\u043e \u0432\u0440\u0435\u043c\u0435 \u0447\u0438\u0442\u0430\u045a\u0430":"1 \u043c\u0438\u043d\u0443\u0442"},"schema":{"@context":"https:\/\/schema.org","@graph":[{"@type":"WebPage","@id":"https:\/\/president-ksgov.net\/sr\/predednik-thaci-odlikovao-ratne-reportere-nuhija-bytycija-i-abaza-zeku\/","url":"https:\/\/president-ksgov.net\/sr\/predednik-thaci-odlikovao-ratne-reportere-nuhija-bytycija-i-abaza-zeku\/","name":"Predednik Tha\u00e7i odlikovao ratne reportere Nuhija Byty\u00e7ija i Abaza Zeku - Predsednik Republike Kosovo - DR. VJOSA OSMANI - SADRIU","isPartOf":{"@id":"https:\/\/president-ksgov.net\/#website"},"primaryImageOfPage":{"@id":"https:\/\/president-ksgov.net\/sr\/predednik-thaci-odlikovao-ratne-reportere-nuhija-bytycija-i-abaza-zeku\/#primaryimage"},"image":{"@id":"https:\/\/president-ksgov.net\/sr\/predednik-thaci-odlikovao-ratne-reportere-nuhija-bytycija-i-abaza-zeku\/#primaryimage"},"thumbnailUrl":"https:\/\/president-ksgov.net\/wp-content\/uploads\/21_06_2018_5560410_21_06_2018_Presidenti_Thaci_2-scaled.jpg","datePublished":"2018-06-21T14:44:57+00:00","dateModified":"2018-06-21T14:44:57+00:00","author":{"@id":"https:\/\/president-ksgov.net\/#\/schema\/person\/bb4337a5fb147cb2046d80548172cbee"},"description":"Predednik Tha\u00e7i odlikovao ratne reportere Nuhija Byty\u00e7ija i Abaza Zeku - Predsednik Republike Kosovo - DR. VJOSA OSMANI - SADRIU -","breadcrumb":{"@id":"https:\/\/president-ksgov.net\/sr\/predednik-thaci-odlikovao-ratne-reportere-nuhija-bytycija-i-abaza-zeku\/#breadcrumb"},"inLanguage":"sr-RS","potentialAction":[{"@type":"ReadAction","target":["https:\/\/president-ksgov.net\/sr\/predednik-thaci-odlikovao-ratne-reportere-nuhija-bytycija-i-abaza-zeku\/"]}]},{"@type":"ImageObject","inLanguage":"sr-RS","@id":"https:\/\/president-ksgov.net\/sr\/predednik-thaci-odlikovao-ratne-reportere-nuhija-bytycija-i-abaza-zeku\/#primaryimage","url":"https:\/\/president-ksgov.net\/wp-content\/uploads\/21_06_2018_5560410_21_06_2018_Presidenti_Thaci_2-scaled.jpg","contentUrl":"https:\/\/president-ksgov.net\/wp-content\/uploads\/21_06_2018_5560410_21_06_2018_Presidenti_Thaci_2-scaled.jpg","width":2560,"height":1709},{"@type":"BreadcrumbList","@id":"https:\/\/president-ksgov.net\/sr\/predednik-thaci-odlikovao-ratne-reportere-nuhija-bytycija-i-abaza-zeku\/#breadcrumb","itemListElement":[{"@type":"ListItem","position":1,"name":"Home","item":"https:\/\/president-ksgov.net\/sr\/"},{"@type":"ListItem","position":2,"name":"Predednik Tha\u00e7i odlikovao ratne reportere Nuhija Byty\u00e7ija i Abaza Zeku"}]},{"@type":"WebSite","@id":"https:\/\/president-ksgov.net\/#website","url":"https:\/\/president-ksgov.net\/","name":"Presidente e Republik\u00ebs s\u00eb Kosov\u00ebs","description":"Presidente e Republik\u00ebs s\u00eb Kosov\u00ebs","alternateName":"DR. VJOSA OSMANI - SADRIU","potentialAction":[{"@type":"SearchAction","target":{"@type":"EntryPoint","urlTemplate":"https:\/\/president-ksgov.net\/?s={search_term_string}"},"query-input":{"@type":"PropertyValueSpecification","valueRequired":true,"valueName":"search_term_string"}}],"inLanguage":"sr-RS"},{"@type":"Person","@id":"https:\/\/president-ksgov.net\/#\/schema\/person\/bb4337a5fb147cb2046d80548172cbee","name":"admin","image":{"@type":"ImageObject","inLanguage":"sr-RS","@id":"https:\/\/president-ksgov.net\/#\/schema\/person\/image\/","url":"https:\/\/secure.gravatar.com\/avatar\/36156ca0fa3b8d9d25174f146e16beea0cf28f37adf1b9e19b6c9c279a7c9dd3?s=96&d=mm&r=g","contentUrl":"https:\/\/secure.gravatar.com\/avatar\/36156ca0fa3b8d9d25174f146e16beea0cf28f37adf1b9e19b6c9c279a7c9dd3?s=96&d=mm&r=g","caption":"admin"},"sameAs":["https:\/\/president-ksgov.net"]}]}},"_links":{"self":[{"href":"https:\/\/president-ksgov.net\/sr\/wp-json\/wp\/v2\/posts\/75810","targetHints":{"allow":["GET"]}}],"collection":[{"href":"https:\/\/president-ksgov.net\/sr\/wp-json\/wp\/v2\/posts"}],"about":[{"href":"https:\/\/president-ksgov.net\/sr\/wp-json\/wp\/v2\/types\/post"}],"author":[{"embeddable":true,"href":"https:\/\/president-ksgov.net\/sr\/wp-json\/wp\/v2\/users\/1"}],"replies":[{"embeddable":true,"href":"https:\/\/president-ksgov.net\/sr\/wp-json\/wp\/v2\/comments?post=75810"}],"version-history":[{"count":0,"href":"https:\/\/president-ksgov.net\/sr\/wp-json\/wp\/v2\/posts\/75810\/revisions"}],"wp:featuredmedia":[{"embeddable":true,"href":"https:\/\/president-ksgov.net\/sr\/wp-json\/wp\/v2\/media\/26974"}],"wp:attachment":[{"href":"https:\/\/president-ksgov.net\/sr\/wp-json\/wp\/v2\/media?parent=75810"}],"wp:term":[{"taxonomy":"category","embeddable":true,"href":"https:\/\/president-ksgov.net\/sr\/wp-json\/wp\/v2\/categories?post=75810"},{"taxonomy":"post_tag","embeddable":true,"href":"https:\/\/president-ksgov.net\/sr\/wp-json\/wp\/v2\/tags?post=75810"}],"curies":[{"name":"wp","href":"https:\/\/api.w.org\/{rel}","templated":true}]}}