{"id":75766,"date":"2018-09-06T10:21:14","date_gmt":"2018-09-06T10:21:14","guid":{"rendered":"https:\/\/dev.president-ksgov.net\/predsednik-zakljuivanje-dijaloga-sa-srbijom-otvara-put-novoj-fazi-kosovske-diplomatije\/"},"modified":"2018-09-06T10:21:14","modified_gmt":"2018-09-06T10:21:14","slug":"predsednik-zakljuivanje-dijaloga-sa-srbijom-otvara-put-novoj-fazi-kosovske-diplomatije","status":"publish","type":"post","link":"https:\/\/president-ksgov.net\/sr\/predsednik-zakljuivanje-dijaloga-sa-srbijom-otvara-put-novoj-fazi-kosovske-diplomatije\/","title":{"rendered":"Predsednik: Zaklju&ccaron;ivanje dijaloga sa Srbijom otvara put novoj fazi kosovske diplomatije"},"content":{"rendered":"<p>Pri\u0161tina, 6. septembar 2018. godine- Predsednik Republike Kosovo Hashim Tha\u00e7i u&ccaron;estvovao je danas na Petoj konferenciji ambasadora Kosova, koju je organizovalo Ministarstvo spoljnih poslova.<\/p>\n<p>Predsednik Tha\u00e7i je rekao da su kosovski ambasadori najbitnija veza na\u0161e dr&#382;ave i kosovskog dru\u0161tva sa drugim dr&#382;avama i me&dstrok;unarodnim organizacijama.<\/p>\n<p>\u201eVi ste lice Kosova, ali i odgovor na pitanja koja svi imaju o Kosovu\u201c, rekao je predsednik Tha\u00e7i.<\/p>\n<p>\u0160ef dr&#382;ave je sa kosovskim ambasadorima podelio i poglede u vezi sa nekim bitnim pitanjima koja su sada pred Kosovom.<\/p>\n<p>\u201eKao prvo, Kosovo je napravilo velike korake u konsolidovanju njegove dr&#382;avnosti. Sama va\u0161a slu&#382;ba, koja je stara tek jednu deceniju, jeste potvrda ove konsolidacije. Ali, da bismo nastavili dalje, treba da zaklju&ccaron;imo neka od otvorenih pitanja, koja kao rane povre&dstrok;uju i usporavaju dalju konsolidaciju. Kao prvo, govorim o dijalogu sa Srbijom i o potrebi da zaklju&ccaron;imo to otvoreno pitanje. Na Samitu u Sofiji, EU je jasno rekla da &cacute;e dr&#382;ave Zapadnog Balkana u&cacute;i u EU samo kada re\u0161e otvorena pitanja me&dstrok;u sobom. Kao Kosovo, izgradili smo sjajne odnose sa na\u0161im susedima. &Zcaron;elimo da izgradimo dobre susedske odnose i sa Srbijom i da zagarantujemo na\u0161 put prema NATO-u i EU\u201c, rekao je predsednik Tha\u00e7i.<\/p>\n<p>Prvi &ccaron;ovek dr&#382;ave je rekao da je stvoren novi me&dstrok;unarodni momenat u korist kona&ccaron;nog, pravno obavezuju&cacute;eg sporazuma o potpunoj normalizaciji odnosa izme&dstrok;u Kosova i Srbije.<\/p>\n<p>\u201eTreba da iskoristimo ovaj momenat i da zaklju&ccaron;imo poglavlje rata izme&dstrok;u Kosova i Srbije. Stabilan mir izme&dstrok;u Kosova i Srbije zna&ccaron;i i stabilan mir u &ccaron;itavom regionu Jugoisto&ccaron;ne Evrope. Postizanje sporazuma ne&cacute;e biti lako, ali je jedino re\u0161enje. Alternativa tome je samo produ&#382;enje neprijateljstava i potonu&cacute;e Kosova u zale&dstrok;eni sukob. Vi najbolje znate koliko je danas te\u0161ko da se otvore vrata me&dstrok;unarodne zajednice. S toga je izuzetno bitno da se pomerimo iz statusa \u201equo\u201c i da kora&ccaron;amo prema re\u0161enju koje &cacute;e Kosovu otvoriti vrata me&dstrok;unarodne zajednice\u201c, dodao je on.<\/p>\n<p>Predsednik je rekao da nikada nismo dozvolili da se u Briselu potegne pitanje podele ili razmene teritorija, i da ni u budu&cacute;e ne&cacute;emo prihvatati otvaranje takvih pitanja.<\/p>\n<p>Ali, prema njegovom mi\u0161ljenju, Kosovo je spremno da u okviru definisanja granice izme&dstrok;u Kosova i Srbije, koriguje grani&ccaron;nu liniju.<\/p>\n<p>\u201eTreba imati u vidu me&dstrok;unarodni trenutak koji je stvoren, sada je trenutak da otvorimo temu pripajanja Pre\u0161evske doline Kosovu. Ovo je davni zahtev Pre\u0161evske doline. Kao predsednik, ja sam prihvatio da ovaj zahtev lidera Pre\u0161evske doline podnesem u dijalogu u Briselu i pred me&dstrok;unarodnom zajednicom. Na kraju ovog procesa Kosovo vidimo kao dr&#382;avu koju je Srbija priznala, kao dr&#382;avu &ccaron;lanicu Ujedinjenih nacija i sa jasnom perspektivom u&ccaron;lanjenja u NATO, EU\u201c, rekao je predsednik Tha\u00e7i.<\/p>\n<p>On je dodao da ni\u0161ta ne&cacute;e promeniti multietni&ccaron;ki karakter na\u0161e dr&#382;ave i na\u0161eg dru\u0161tva, i da &cacute;e svaki na\u0161 korak biti koordinisan sa me&dstrok;unarodnom zajednicom, posebno sa Va\u0161ingtonom i Briselom.<\/p>\n<p>\u201eZaklju&ccaron;ivanje procesa dijaloga sa Srbijom &cacute;e otvoriti put novoj fazi kosovske diplomatije\u201c, potvrdio je predsednik Tha\u00e7i.<\/p>\n<p>On je istakao da &cacute;emo na\u0161u pa&#382;nju i energiju mo&cacute;i da usredsredimo i na druge klju&ccaron;ne i bitne teme za gra&dstrok;ane Kosova.<\/p>\n<p>\u201eUsredsredi&cacute;emo se na privredni razvoj zemlje, na ja&ccaron;anje vladavine zakona i realizovanje reformi koje smo zapo&ccaron;eli\u201c, rekao je Tha\u00e7i.<\/p>\n<p>\u0160ef dr&#382;ave je rekao ambasadorima da je ova decenija bila decenija izazova, ali i velikih dostignu&cacute;a.<\/p>\n<p>\u201eIzgradili smo diplomatsku slu&#382;bu od nule. Mnogi od vas su po prvi put otvorili ambasade Kosova u svetu. Danas smo prisutni na svim kontinentima,\u00a0 svuda u svetu i na\u0161 glas se &ccaron;uje u celom svetu. Ovo je va\u0161a zasluga, zasluga va\u0161eg rada i va\u0161e posve&cacute;enosti\u201c, rekao je Tha\u00e7i.<\/p>\n<p>Predsednik zemlje je istakao da dr&#382;avne institucije veoma cene rad, anga&#382;ovanje i &#382;rtvu svih kosovskih ambasadora.\u00a0<\/p>\n","protected":false},"excerpt":{"rendered":"<p>Pri\u0161tina, 6. septembar 2018. godine- Predsednik Republike Kosovo Hashim Tha\u00e7i u&ccaron;estvovao je danas na Petoj konferenciji ambasadora Kosova, koju je organizovalo Ministarstvo spoljnih poslova.<\/p>\n","protected":false},"author":1,"featured_media":26627,"comment_status":"open","ping_status":"closed","sticky":false,"template":"","format":"standard","meta":{"_eb_attr":"","footnotes":""},"categories":[101],"tags":[],"class_list":["post-75766","post","type-post","status-publish","format-standard","has-post-thumbnail","hentry","category-vesti"],"yoast_head":"<!-- This site is optimized with the Yoast SEO plugin v23.5 - https:\/\/yoast.com\/wordpress\/plugins\/seo\/ -->\n<title>Predsednik: Zaklju&amp;ccaron;ivanje dijaloga sa Srbijom otvara put novoj fazi kosovske diplomatije - Predsednik Republike Kosovo - DR. VJOSA OSMANI - SADRIU<\/title>\n<meta name=\"description\" content=\"Predsednik: Zaklju&amp;ccaron;ivanje dijaloga sa Srbijom otvara put novoj fazi kosovske diplomatije - Predsednik Republike Kosovo - DR. VJOSA OSMANI - SADRIU -\" \/>\n<meta name=\"robots\" content=\"index, follow, max-snippet:-1, max-image-preview:large, max-video-preview:-1\" \/>\n<link rel=\"canonical\" href=\"https:\/\/president-ksgov.net\/sr\/predsednik-zakljuivanje-dijaloga-sa-srbijom-otvara-put-novoj-fazi-kosovske-diplomatije\/\" \/>\n<meta property=\"og:locale\" content=\"sr_RS\" \/>\n<meta property=\"og:type\" content=\"article\" \/>\n<meta property=\"og:title\" content=\"Predsednik: Zaklju&amp;ccaron;ivanje dijaloga sa Srbijom otvara put novoj fazi kosovske diplomatije - Predsednik Republike Kosovo - DR. VJOSA OSMANI - SADRIU\" \/>\n<meta property=\"og:description\" content=\"Predsednik: Zaklju&amp;ccaron;ivanje dijaloga sa Srbijom otvara put novoj fazi kosovske diplomatije - Predsednik Republike Kosovo - DR. VJOSA OSMANI - SADRIU -\" \/>\n<meta property=\"og:url\" content=\"https:\/\/president-ksgov.net\/sr\/predsednik-zakljuivanje-dijaloga-sa-srbijom-otvara-put-novoj-fazi-kosovske-diplomatije\/\" \/>\n<meta property=\"og:site_name\" content=\"Predsednik Republike Kosovo - DR. VJOSA OSMANI - SADRIU\" \/>\n<meta property=\"article:published_time\" content=\"2018-09-06T10:21:14+00:00\" \/>\n<meta property=\"og:image\" content=\"https:\/\/president-ksgov.net\/wp-content\/uploads\/06_09_2018_9318304_2Q6A2240.jpg\" \/>\n\t<meta property=\"og:image:width\" content=\"2000\" \/>\n\t<meta property=\"og:image:height\" content=\"1363\" \/>\n\t<meta property=\"og:image:type\" content=\"image\/jpeg\" \/>\n<meta name=\"author\" content=\"admin\" \/>\n<meta name=\"twitter:card\" content=\"summary_large_image\" \/>\n<meta name=\"twitter:label1\" content=\"\u041d\u0430\u043f\u0438\u0441\u0430\u043d\u043e \u043e\u0434\" \/>\n\t<meta name=\"twitter:data1\" content=\"admin\" \/>\n\t<meta name=\"twitter:label2\" content=\"\u041f\u0440\u043e\u0446\u0435\u045a\u0435\u043d\u043e \u0432\u0440\u0435\u043c\u0435 \u0447\u0438\u0442\u0430\u045a\u0430\" \/>\n\t<meta name=\"twitter:data2\" content=\"4 \u043c\u0438\u043d\u0443\u0442\u0430\" \/>\n<script type=\"application\/ld+json\" class=\"yoast-schema-graph\">{\"@context\":\"https:\/\/schema.org\",\"@graph\":[{\"@type\":\"WebPage\",\"@id\":\"https:\/\/president-ksgov.net\/sr\/predsednik-zakljuivanje-dijaloga-sa-srbijom-otvara-put-novoj-fazi-kosovske-diplomatije\/\",\"url\":\"https:\/\/president-ksgov.net\/sr\/predsednik-zakljuivanje-dijaloga-sa-srbijom-otvara-put-novoj-fazi-kosovske-diplomatije\/\",\"name\":\"Predsednik: Zaklju&ccaron;ivanje dijaloga sa Srbijom otvara put novoj fazi kosovske diplomatije - Predsednik Republike Kosovo - DR. VJOSA OSMANI - SADRIU\",\"isPartOf\":{\"@id\":\"https:\/\/president-ksgov.net\/#website\"},\"primaryImageOfPage\":{\"@id\":\"https:\/\/president-ksgov.net\/sr\/predsednik-zakljuivanje-dijaloga-sa-srbijom-otvara-put-novoj-fazi-kosovske-diplomatije\/#primaryimage\"},\"image\":{\"@id\":\"https:\/\/president-ksgov.net\/sr\/predsednik-zakljuivanje-dijaloga-sa-srbijom-otvara-put-novoj-fazi-kosovske-diplomatije\/#primaryimage\"},\"thumbnailUrl\":\"https:\/\/president-ksgov.net\/wp-content\/uploads\/06_09_2018_9318304_2Q6A2240.jpg\",\"datePublished\":\"2018-09-06T10:21:14+00:00\",\"dateModified\":\"2018-09-06T10:21:14+00:00\",\"author\":{\"@id\":\"https:\/\/president-ksgov.net\/#\/schema\/person\/bb4337a5fb147cb2046d80548172cbee\"},\"description\":\"Predsednik: Zaklju&ccaron;ivanje dijaloga sa Srbijom otvara put novoj fazi kosovske diplomatije - Predsednik Republike Kosovo - DR. VJOSA OSMANI - SADRIU -\",\"breadcrumb\":{\"@id\":\"https:\/\/president-ksgov.net\/sr\/predsednik-zakljuivanje-dijaloga-sa-srbijom-otvara-put-novoj-fazi-kosovske-diplomatije\/#breadcrumb\"},\"inLanguage\":\"sr-RS\",\"potentialAction\":[{\"@type\":\"ReadAction\",\"target\":[\"https:\/\/president-ksgov.net\/sr\/predsednik-zakljuivanje-dijaloga-sa-srbijom-otvara-put-novoj-fazi-kosovske-diplomatije\/\"]}]},{\"@type\":\"ImageObject\",\"inLanguage\":\"sr-RS\",\"@id\":\"https:\/\/president-ksgov.net\/sr\/predsednik-zakljuivanje-dijaloga-sa-srbijom-otvara-put-novoj-fazi-kosovske-diplomatije\/#primaryimage\",\"url\":\"https:\/\/president-ksgov.net\/wp-content\/uploads\/06_09_2018_9318304_2Q6A2240.jpg\",\"contentUrl\":\"https:\/\/president-ksgov.net\/wp-content\/uploads\/06_09_2018_9318304_2Q6A2240.jpg\",\"width\":2000,\"height\":1363},{\"@type\":\"BreadcrumbList\",\"@id\":\"https:\/\/president-ksgov.net\/sr\/predsednik-zakljuivanje-dijaloga-sa-srbijom-otvara-put-novoj-fazi-kosovske-diplomatije\/#breadcrumb\",\"itemListElement\":[{\"@type\":\"ListItem\",\"position\":1,\"name\":\"Home\",\"item\":\"https:\/\/president-ksgov.net\/sr\/\"},{\"@type\":\"ListItem\",\"position\":2,\"name\":\"Predsednik: Zaklju&ccaron;ivanje dijaloga sa Srbijom otvara put novoj fazi kosovske diplomatije\"}]},{\"@type\":\"WebSite\",\"@id\":\"https:\/\/president-ksgov.net\/#website\",\"url\":\"https:\/\/president-ksgov.net\/\",\"name\":\"Presidente e Republik\u00ebs s\u00eb Kosov\u00ebs\",\"description\":\"Presidente e Republik\u00ebs s\u00eb Kosov\u00ebs\",\"alternateName\":\"DR. VJOSA OSMANI - SADRIU\",\"potentialAction\":[{\"@type\":\"SearchAction\",\"target\":{\"@type\":\"EntryPoint\",\"urlTemplate\":\"https:\/\/president-ksgov.net\/?s={search_term_string}\"},\"query-input\":{\"@type\":\"PropertyValueSpecification\",\"valueRequired\":true,\"valueName\":\"search_term_string\"}}],\"inLanguage\":\"sr-RS\"},{\"@type\":\"Person\",\"@id\":\"https:\/\/president-ksgov.net\/#\/schema\/person\/bb4337a5fb147cb2046d80548172cbee\",\"name\":\"admin\",\"image\":{\"@type\":\"ImageObject\",\"inLanguage\":\"sr-RS\",\"@id\":\"https:\/\/president-ksgov.net\/#\/schema\/person\/image\/\",\"url\":\"https:\/\/secure.gravatar.com\/avatar\/36156ca0fa3b8d9d25174f146e16beea0cf28f37adf1b9e19b6c9c279a7c9dd3?s=96&d=mm&r=g\",\"contentUrl\":\"https:\/\/secure.gravatar.com\/avatar\/36156ca0fa3b8d9d25174f146e16beea0cf28f37adf1b9e19b6c9c279a7c9dd3?s=96&d=mm&r=g\",\"caption\":\"admin\"},\"sameAs\":[\"https:\/\/president-ksgov.net\"]}]}<\/script>\n<!-- \/ Yoast SEO plugin. -->","yoast_head_json":{"title":"Predsednik: Zaklju&ccaron;ivanje dijaloga sa Srbijom otvara put novoj fazi kosovske diplomatije - Predsednik Republike Kosovo - DR. VJOSA OSMANI - SADRIU","description":"Predsednik: Zaklju&ccaron;ivanje dijaloga sa Srbijom otvara put novoj fazi kosovske diplomatije - Predsednik Republike Kosovo - DR. VJOSA OSMANI - SADRIU -","robots":{"index":"index","follow":"follow","max-snippet":"max-snippet:-1","max-image-preview":"max-image-preview:large","max-video-preview":"max-video-preview:-1"},"canonical":"https:\/\/president-ksgov.net\/sr\/predsednik-zakljuivanje-dijaloga-sa-srbijom-otvara-put-novoj-fazi-kosovske-diplomatije\/","og_locale":"sr_RS","og_type":"article","og_title":"Predsednik: Zaklju&ccaron;ivanje dijaloga sa Srbijom otvara put novoj fazi kosovske diplomatije - Predsednik Republike Kosovo - DR. VJOSA OSMANI - SADRIU","og_description":"Predsednik: Zaklju&ccaron;ivanje dijaloga sa Srbijom otvara put novoj fazi kosovske diplomatije - Predsednik Republike Kosovo - DR. VJOSA OSMANI - SADRIU -","og_url":"https:\/\/president-ksgov.net\/sr\/predsednik-zakljuivanje-dijaloga-sa-srbijom-otvara-put-novoj-fazi-kosovske-diplomatije\/","og_site_name":"Predsednik Republike Kosovo - DR. VJOSA OSMANI - SADRIU","article_published_time":"2018-09-06T10:21:14+00:00","og_image":[{"width":2000,"height":1363,"url":"https:\/\/president-ksgov.net\/wp-content\/uploads\/06_09_2018_9318304_2Q6A2240.jpg","type":"image\/jpeg"}],"author":"admin","twitter_card":"summary_large_image","twitter_misc":{"\u041d\u0430\u043f\u0438\u0441\u0430\u043d\u043e \u043e\u0434":"admin","\u041f\u0440\u043e\u0446\u0435\u045a\u0435\u043d\u043e \u0432\u0440\u0435\u043c\u0435 \u0447\u0438\u0442\u0430\u045a\u0430":"4 \u043c\u0438\u043d\u0443\u0442\u0430"},"schema":{"@context":"https:\/\/schema.org","@graph":[{"@type":"WebPage","@id":"https:\/\/president-ksgov.net\/sr\/predsednik-zakljuivanje-dijaloga-sa-srbijom-otvara-put-novoj-fazi-kosovske-diplomatije\/","url":"https:\/\/president-ksgov.net\/sr\/predsednik-zakljuivanje-dijaloga-sa-srbijom-otvara-put-novoj-fazi-kosovske-diplomatije\/","name":"Predsednik: Zaklju&ccaron;ivanje dijaloga sa Srbijom otvara put novoj fazi kosovske diplomatije - Predsednik Republike Kosovo - DR. VJOSA OSMANI - SADRIU","isPartOf":{"@id":"https:\/\/president-ksgov.net\/#website"},"primaryImageOfPage":{"@id":"https:\/\/president-ksgov.net\/sr\/predsednik-zakljuivanje-dijaloga-sa-srbijom-otvara-put-novoj-fazi-kosovske-diplomatije\/#primaryimage"},"image":{"@id":"https:\/\/president-ksgov.net\/sr\/predsednik-zakljuivanje-dijaloga-sa-srbijom-otvara-put-novoj-fazi-kosovske-diplomatije\/#primaryimage"},"thumbnailUrl":"https:\/\/president-ksgov.net\/wp-content\/uploads\/06_09_2018_9318304_2Q6A2240.jpg","datePublished":"2018-09-06T10:21:14+00:00","dateModified":"2018-09-06T10:21:14+00:00","author":{"@id":"https:\/\/president-ksgov.net\/#\/schema\/person\/bb4337a5fb147cb2046d80548172cbee"},"description":"Predsednik: Zaklju&ccaron;ivanje dijaloga sa Srbijom otvara put novoj fazi kosovske diplomatije - Predsednik Republike Kosovo - DR. VJOSA OSMANI - SADRIU -","breadcrumb":{"@id":"https:\/\/president-ksgov.net\/sr\/predsednik-zakljuivanje-dijaloga-sa-srbijom-otvara-put-novoj-fazi-kosovske-diplomatije\/#breadcrumb"},"inLanguage":"sr-RS","potentialAction":[{"@type":"ReadAction","target":["https:\/\/president-ksgov.net\/sr\/predsednik-zakljuivanje-dijaloga-sa-srbijom-otvara-put-novoj-fazi-kosovske-diplomatije\/"]}]},{"@type":"ImageObject","inLanguage":"sr-RS","@id":"https:\/\/president-ksgov.net\/sr\/predsednik-zakljuivanje-dijaloga-sa-srbijom-otvara-put-novoj-fazi-kosovske-diplomatije\/#primaryimage","url":"https:\/\/president-ksgov.net\/wp-content\/uploads\/06_09_2018_9318304_2Q6A2240.jpg","contentUrl":"https:\/\/president-ksgov.net\/wp-content\/uploads\/06_09_2018_9318304_2Q6A2240.jpg","width":2000,"height":1363},{"@type":"BreadcrumbList","@id":"https:\/\/president-ksgov.net\/sr\/predsednik-zakljuivanje-dijaloga-sa-srbijom-otvara-put-novoj-fazi-kosovske-diplomatije\/#breadcrumb","itemListElement":[{"@type":"ListItem","position":1,"name":"Home","item":"https:\/\/president-ksgov.net\/sr\/"},{"@type":"ListItem","position":2,"name":"Predsednik: Zaklju&ccaron;ivanje dijaloga sa Srbijom otvara put novoj fazi kosovske diplomatije"}]},{"@type":"WebSite","@id":"https:\/\/president-ksgov.net\/#website","url":"https:\/\/president-ksgov.net\/","name":"Presidente e Republik\u00ebs s\u00eb Kosov\u00ebs","description":"Presidente e Republik\u00ebs s\u00eb Kosov\u00ebs","alternateName":"DR. VJOSA OSMANI - SADRIU","potentialAction":[{"@type":"SearchAction","target":{"@type":"EntryPoint","urlTemplate":"https:\/\/president-ksgov.net\/?s={search_term_string}"},"query-input":{"@type":"PropertyValueSpecification","valueRequired":true,"valueName":"search_term_string"}}],"inLanguage":"sr-RS"},{"@type":"Person","@id":"https:\/\/president-ksgov.net\/#\/schema\/person\/bb4337a5fb147cb2046d80548172cbee","name":"admin","image":{"@type":"ImageObject","inLanguage":"sr-RS","@id":"https:\/\/president-ksgov.net\/#\/schema\/person\/image\/","url":"https:\/\/secure.gravatar.com\/avatar\/36156ca0fa3b8d9d25174f146e16beea0cf28f37adf1b9e19b6c9c279a7c9dd3?s=96&d=mm&r=g","contentUrl":"https:\/\/secure.gravatar.com\/avatar\/36156ca0fa3b8d9d25174f146e16beea0cf28f37adf1b9e19b6c9c279a7c9dd3?s=96&d=mm&r=g","caption":"admin"},"sameAs":["https:\/\/president-ksgov.net"]}]}},"_links":{"self":[{"href":"https:\/\/president-ksgov.net\/sr\/wp-json\/wp\/v2\/posts\/75766","targetHints":{"allow":["GET"]}}],"collection":[{"href":"https:\/\/president-ksgov.net\/sr\/wp-json\/wp\/v2\/posts"}],"about":[{"href":"https:\/\/president-ksgov.net\/sr\/wp-json\/wp\/v2\/types\/post"}],"author":[{"embeddable":true,"href":"https:\/\/president-ksgov.net\/sr\/wp-json\/wp\/v2\/users\/1"}],"replies":[{"embeddable":true,"href":"https:\/\/president-ksgov.net\/sr\/wp-json\/wp\/v2\/comments?post=75766"}],"version-history":[{"count":0,"href":"https:\/\/president-ksgov.net\/sr\/wp-json\/wp\/v2\/posts\/75766\/revisions"}],"wp:featuredmedia":[{"embeddable":true,"href":"https:\/\/president-ksgov.net\/sr\/wp-json\/wp\/v2\/media\/26627"}],"wp:attachment":[{"href":"https:\/\/president-ksgov.net\/sr\/wp-json\/wp\/v2\/media?parent=75766"}],"wp:term":[{"taxonomy":"category","embeddable":true,"href":"https:\/\/president-ksgov.net\/sr\/wp-json\/wp\/v2\/categories?post=75766"},{"taxonomy":"post_tag","embeddable":true,"href":"https:\/\/president-ksgov.net\/sr\/wp-json\/wp\/v2\/tags?post=75766"}],"curies":[{"name":"wp","href":"https:\/\/api.w.org\/{rel}","templated":true}]}}