{"id":75668,"date":"2018-12-26T15:28:37","date_gmt":"2018-12-26T15:28:37","guid":{"rendered":"https:\/\/dev.president-ksgov.net\/godisnji-govor-predsednika-thacija-pred-poslanicima-skupstine-kosova\/"},"modified":"2023-03-08T09:01:14","modified_gmt":"2023-03-08T09:01:14","slug":"godisnji-govor-predsednika-thacija-pred-poslanicima-skupstine-kosova","status":"publish","type":"post","link":"https:\/\/president-ksgov.net\/sr\/godisnji-govor-predsednika-thacija-pred-poslanicima-skupstine-kosova\/","title":{"rendered":"Godi\u0161nji govor predsednika Tha\u00e7ija pred poslanicima Skup\u0161tine Kosova"},"content":{"rendered":"<p>Po\u0161tovani predsedni&ccaron;e Skup\u0161tine, Kadri Veseli,<\/p>\n<p>Po\u0161tovano Predsedni\u0161tvo Skup\u0161tine,<\/p>\n<p>Po\u0161tovani &ccaron;lanovi Vlade Republike Kosovo,<\/p>\n<p>Po\u0161tovani poslanici Skup\u0161tine Republike Kosovo,<\/p>\n<p>Po\u0161tovani gra&dstrok;ani Republike Kosovo,<\/p>\n<p>Veoma sam sre&cacute;an i ponosan \u0161to &cacute;u predstaviti postignu&cacute;a Kosova ove jubilarne godine koja je za nama.<\/p>\n<p>Ali i da uka&#382;em na put koji je pred nama i na mogu&cacute;nosti koje donosi za jo\u0161 ve&cacute;i razvoj na\u0161e republike.<\/p>\n<p>2018. godina je bila jubilarna godina u kojoj smo obele&#382;ili prvu deceniju postojanja dr&#382;ave Kosovo.<\/p>\n<p>Tokom deset dana slavlja u februaru, iznesena su dostignu&cacute;a Kosova tokom prvih deset godina postovanja u svakoj oblasti &#382;ivota.<\/p>\n<p>Bave&cacute;i se svakodnevnim pitanjem, ponekada zaboravljamo da vidimo koliko smo daleko stigli.<\/p>\n<p>S toga je deset dana slavlja bila dobra prilika da se prisetimo gde smo bili i gde smo danas.<\/p>\n<p>Od zemlje koja je razorena genocidom vr\u0161enim od dr&#382;ave Srbije, uzdigli smo se u nezavisnu i suverenu dr&#382;avu.<\/p>\n<p>&#8211; Sa najbr&#382;im privrednim razvojem u regionu;<\/p>\n<p>&#8211; Sa najnaprednijim zakonodavstvom u regionu;<\/p>\n<p>&#8211; Sa stabilnim i demokratskim institucijama;<\/p>\n<p>&#8211; Uz uspehe u zdravstvu i obrazovanju, nauci i umetnosti, sportu i kulturi.<\/p>\n<p>Prisetili smo se &#382;rtve i anga&#382;ovanja za slobodu.<\/p>\n<p>Zauvek &cacute;emo biti zahvalni onima koji su sve dali za slobodu u kojoj danas u&#382;ivamo.<\/p>\n<p>Palim borcima i njihovim porodicama.<\/p>\n<p>Trudi&cacute;emo se da uradimo sve kako se patnje ni za koga ne bi ponovile.<\/p>\n<p>To radimo za generacije koje dolaze.<\/p>\n<p>Ali, to radimo i za dana\u0161nje gra&dstrok;ane Kosova, istinske heroje uspeha Kosova. Dozvolite mi da pomenem &ccaron;injenicu, koja se bila izgubila u vrtlogu vesti o 10. godi\u0161njici nezavisnosti.<\/p>\n<p>Skoro pola miliona gra&dstrok;ana iz &ccaron;itavog Kosova i iz na\u0161e velike dijaspore, slavili su 17. februara prvu deceniju kosovske dr&#382;ave.<\/p>\n<p>I tokom slavlja koja su trajala ceo dan, nije zabele&#382;en nijedan incident.<\/p>\n<p>To govori o posve&cacute;enosti gra&dstrok;ana Kosova redu, miru i sigurnostu.<\/p>\n<p>Po\u0161tovani poslanici,<\/p>\n<p>Po\u0161tovane dame i gospodo,<\/p>\n<p>Kao predsednik zemlje i 2018. godine sam predstavljao zemlju, u njoj i u inostranstvu.<\/p>\n<p>Na Kosovu sam do&ccaron;ekao predsednika Slovenije gospodina Pahora i predsednika EU gospodina Junkera, kancelara Austrije gospodina Kurza i ministra spoljnih poslova Gr&ccaron;ke.<\/p>\n<p>Bio sam u bilateralnim posetama Sjedinjenim Ameri&ccaron;kim Dr&#382;avama, Nema&ccaron;koj, Velikoj Britaniji, ali u zemljama na\u0161eg regiona u Bugarskoj, Albaniji, Crnoj Gori i Makedoniji.\u00a0 <\/p>\n<p>Zastupao sam Kosovo na bitnim me&dstrok;unarodnim forumima, kao \u0161to je Svetski ekonomski forum u Davosu i na ostalim sastancima u okviru ovog foruma u Montrealu u Kanadi i u &Zcaron;enevi u \u0160vajcarskoj.<\/p>\n<p>Tako&dstrok;e sam predstavljao Kosovo i u Generalnoj skup\u0161tini Ujedinjenih nacija i na Mirovnom forumu u Parizu.<\/p>\n<p>Predstavljao sam Kosovo i na Samitu EU i zemalja Zapadnog Balkana u Sofiji, na Samitu u Alpbachu u Austriji, na Minhenskoj sigurnosnoj konferenciji.<\/p>\n<p>Ali i na otvaranju Zimskih olimpijskih igara u Koreji.<\/p>\n<p>U Jerevanu u Jermeniji, na samitu zemalja Organizacije frankofonije unapredili smo na\u0161u poziciju, iz dr&#382;ave posmatra&ccaron;a u pridru&#382;enog &ccaron;lana.<\/p>\n<p>Na svim ovim forumima, u&ccaron;inili smo jasnim da je Kosovo opredeljeno za stabilan mir u regionu, a i \u0161ire.<\/p>\n<p>Da je Kosovo opredeljeno za dijalog i mir.<\/p>\n<p>Da se Kosovo svim snagama anga&#382;uje da \u0161to pre postane &ccaron;lanica NATO-a i EU.<\/p>\n<p>Po\u0161tovani poslanici,<\/p>\n<p>Po\u0161tovani gra&dstrok;ani Kosova,<\/p>\n<p>I 2018. godina je imala trenutke kada je postajalo te\u0161ko i kada smo do&#382;iveli poraze.<\/p>\n<p>Ove godine smo izgubili Adema\u00a0 Dema\u00e7ija i Fadila Vokrrija.<\/p>\n<p>Nema re&ccaron;i koje mogu opisati ovaj gubitak.<\/p>\n<p>&Ccaron;uva&cacute;emo i ceni&cacute;emo se&cacute;anje tako \u0161to &cacute;emo nastaviti da radimo na onome \u0161to su oni sanjali.<\/p>\n<p>Bol smo do&#382;iveli i kada se Kosovo nije u&ccaron;lanilo u INTERPOL, ali i zbog glasanja o odluci za liberalizaciju viza za na\u0161e gra&dstrok;ane od strane EU.<\/p>\n<p>Ponosan sam \u0161to smo kao dr&#382;ava i kao dru\u0161tvo u&ccaron;inili sve \u0161to je od nas zatra&#382;eno. Ispunili smo svaki kriterijum, i za u&ccaron;lanjenje u INTERPOL i za liberalizaciju viza.<\/p>\n<p>Nedostatak pravi&ccaron;ne odluke u ova dva slu&ccaron;aja nije gubitak za nas.<\/p>\n<p>A nije ni obeshrabrenje da nastavimo sa ja&ccaron;anjem na\u0161e dr&#382;ave.<\/p>\n<p>To &ccaron;inimo jer je to iznad svega u na\u0161em interesu i na\u0161a korist.<\/p>\n<p>Suo&ccaron;ili smo se sa otvorenim ranama iz bolne pro\u0161losti.<\/p>\n<p>Imenovao sam Pripremni tim za osnivanje Komisije za istinu i pomirenje.<\/p>\n<p>Odlikovao sam gospo&dstrok;u Vasfije Krasniqi \u2013 Goodman zbog hrabrosti koju je imala da otvoreno govori i da tra&#382;i pravdu za sebe i za hiljade drugih &#382;rtava seksualnog nasilja koje su vr\u0161ile policijske i vojne snage srpske dr&#382;ave tokom rata na Kosovu.<\/p>\n<p>Ose&cacute;ao sam se ponosim pogotovu postignu&cacute;ima na\u0161ih umetnika i sportista.<\/p>\n<p>Kao i svaki drugi gra&dstrok;anin, ponosan sam na postignu&cacute;a na\u0161ih peva&ccaron;a u svetu, sa postignu&cacute;ima slikara i arhitekata\u00a0 <\/p>\n<p>Ponosan sam na postignu&cacute;a d&#382;udistkinja i d&#382;udista.<\/p>\n<p>Sa postignu&cacute;ima na\u0161ih fudbalera.<\/p>\n<p>Spisak je postao dug da ih pomenem sve, jednog po jednog.<\/p>\n<p>Kao predsednika usre&cacute;ila me je &ccaron;injenica da sam dekretirao paket zakona o reformi pravosudnog sistema.<\/p>\n<p>Ovaj paket obuhvata izmene u Krivi&ccaron;nom zakoniku, Zakon o sudovima, o disciplinskoj odgovornosti sudova i tu&#382;ilaca, Zakon o pro\u0161irenim nadle&#382;nostima za konfiskovanje imovine i druge zakone, koji &cacute;e jo\u0161 vi\u0161e oja&ccaron;ati na\u0161 pravosudni sistem.<\/p>\n<p>Ali, dame i gospodo,<\/p>\n<p>Posebno sam bio sretan i ponosan \u0161to su kod mene na dekretiranje stigla tri zakona, kojima se otvara put da Bezbednosne snage Kosova postanu Vojska Kosova.<\/p>\n<p>&Ccaron;esto sam se ose&cacute;ao usamljenim u mojim anga&#382;ovanjima za osnivanje Vojske Kosova.<\/p>\n<p>Ali, sretan sam \u0161to se na kraju &ccaron;itav politi&ccaron;ki spektar Kosova ujedinio oko ove te&#382;nje za transformisanjem BSK-a.<\/p>\n<p>Vojnicima Bezbednosnih snaga Kosova ka&#382;em da da su odavno ovo zaslu&#382;ili.<\/p>\n<p>Njihovim radom, profesionalno\u0161&cacute;u, oni su odavno postali vojnici Kosova.<\/p>\n<p>Bezbednosne snage Kosova &cacute;e i dalje biti stru&ccaron;ne snage po NATO standardima, multietni&ccaron;ke snage u slu&#382;bi svih gra&dstrok;ana i u slu&#382;bi mira na Kosovu, u regionu i \u0161ire.<\/p>\n<p>Pozdravljam i &ccaron;injenicu da je kosovski politi&ccaron;ki spektar po&ccaron;eo da se ujedinjuje oko izazova i trenutnih mogu&cacute;nosti za na\u0161u dr&#382;avu.<\/p>\n<p>U prvom redu govorim o izazovu postizanja mirovnog sporazuma sa Srbijom.<\/p>\n<p>Sa Srbijom imamo vekovno neprijateljstvo.<\/p>\n<p>Pobedili smo u ratu, iako po visokoj ceni.<\/p>\n<p>Sada je vreme da steknemo i mir sa Srbijom.<\/p>\n<p>Zbog nas samih i zbog generacija koje dolaze.<\/p>\n<p>S toga, pozdravljam osnivanje Pregovara&ccaron;kog tima od strane Skup\u0161tine Kosova i po&ccaron;etak rada za postizanje sporazuma sa Srbijom.<\/p>\n<p>Ovaj sporazum treba da bude kona&ccaron;an, sveobuhvatan, da se postigne u mirovnom procesu uz posredovanje Evropske unije i potpunu podr\u0161ku od strane SAD-a.<\/p>\n<p>Ovaj sporazum Kosovu treba da donese priznanje od Srbije i u&ccaron;lanjenje u Ujedinjene nacije.<\/p>\n<p>A regionu i Evropi &cacute;e doneti stabilan mir i stabilnost.<\/p>\n<p>Po\u0161tovani poslanici,<\/p>\n<p>Dva pisma koja su ovog meseca pristigla u moju kancelariju, pokazuju da smo na pravom putu.<\/p>\n<p>Pismo predsednika Francuske gospodina Macrona hvali na\u0161e anga&#382;ovanje za mir i stabilnost.<\/p>\n<p>Ali, jo\u0161 je sna&#382;nije pismo predsednika Trumpa, na\u0161e najbli&#382;e dr&#382;ave.<\/p>\n<p>Zahvalni smo \u0161to je u svom pismu predsednik Trump istakao Kosovo kao odlu&ccaron;uju&cacute;eg partnera za mir i razvoj na &ccaron;itavom evropskom kontinentu.<\/p>\n<p>Treba veoma ozbiljno da shvatimo poziv predsednika Trumpa kada ka&#382;e: \u201epodsti&ccaron;em vas i kosovske lidere na iskoristite ovaj jedinstven trenutak\u201c i \u201eda govorite jednoglasno tokom pregovora za mir.\u201c<\/p>\n<p>Imamo podr\u0161ku na\u0161eg najve&cacute;eg prijatelja i najsna&#382;nije dr&#382;ave, SAD-a.<\/p>\n<p>Imamo podr\u0161ku EU i njenih dr&#382;ava &ccaron;lanica.<\/p>\n<p>Imamo podr\u0161ku sveta da postignemo mirovni, kona&ccaron;ni i sveobuhvatni sporazum sa Srbijom.<\/p>\n<p>Ukoliko izgubimo ovu priliku, kako ka&#382;e i predsednik Trump u svom pismu, to &cacute;e biti tragi&ccaron;no vra&cacute;anje unazad i izgubi&cacute;emo mogu&cacute;nost koja se dugo ne&cacute;e ponoviti.<\/p>\n<p>S toga, danas, kao predsednik Kosova, sa govornice Skup\u0161tine Republike Kosovo, u ime naroda i kosovskog lider\u0161ipa, potvr&dstrok;ujem da je Kosovo spremno za dijalog.<\/p>\n<p>Kosovo obe&cacute;ava da &cacute;e posti&cacute;i kona&ccaron;ni sporazum sa Srbijom.<\/p>\n<p>Lider\u0161ip i gra&dstrok;ani Kosova s nestrpljenjem o&ccaron;ekuju blagoslov ovog sporazuma u Beloj ku&cacute;i, pod va\u0161im rukovodstvom predsedni&ccaron;e Trump.<\/p>\n<p>Po\u0161tovani poslanici,<\/p>\n<p>Po\u0161tovani gra&dstrok;ani Kosova<\/p>\n<p>Sre&cacute;ni novogodi\u0161nji praznici, Bo&#382;i&cacute; i Nova godina.<\/p>\n<p>&Zcaron;iveli!<\/p>\n","protected":false},"excerpt":{"rendered":"<p>Po\u0161tovani predsedni&ccaron;e Skup\u0161tine, Kadri Veseli, Po\u0161tovano Predsedni\u0161tvo Skup\u0161tine, Po\u0161tovani &ccaron;lanovi Vlade Republike Kosovo, Po\u0161tovani poslanici Skup\u0161tine Republike Kosovo, Po\u0161tovani gra&dstrok;ani Republike Kosovo, Veoma sam sre&cacute;an i ponosan \u0161to &cacute;u predstaviti postignu&cacute;a Kosova ove jubilarne godine koja je za nama. Ali i da uka&#382;em na put koji je pred nama i na mogu&cacute;nosti koje donosi za jo\u0161 ve&cacute;i razvoj na\u0161e republike. 2018. godina je bila jubilarna godina u kojoj smo obele&#382;ili prvu deceniju postojanja dr&#382;ave Kosovo. Tokom deset dana slavlja u februaru, iznesena su dostignu&cacute;a Kosova tokom prvih deset godina postovanja u svakoj oblasti &#382;ivota. Bave&cacute;i se svakodnevnim pitanjem, ponekada zaboravljamo da vidimo koliko smo daleko stigli. S toga je deset dana slavlja bila dobra prilika da se prisetimo gde smo bili i gde smo danas. Od zemlje koja je razorena genocidom vr\u0161enim od dr&#382;ave Srbije, uzdigli smo se u nezavisnu i suverenu dr&#382;avu. &#8211; Sa najbr&#382;im privrednim razvojem u regionu; &#8211; Sa najnaprednijim zakonodavstvom u regionu; &#8211; Sa stabilnim i demokratskim institucijama; &#8211; Uz uspehe u zdravstvu i obrazovanju, nauci i umetnosti, sportu i kulturi. Prisetili smo se &#382;rtve i anga&#382;ovanja za slobodu. Zauvek &cacute;emo biti zahvalni onima koji su sve dali za slobodu u kojoj danas u&#382;ivamo. Palim borcima i njihovim porodicama. Trudi&cacute;emo se da uradimo sve kako se patnje ni za koga ne bi ponovile. To radimo za generacije koje dolaze. Ali, to radimo i za dana\u0161nje gra&dstrok;ane Kosova, istinske heroje uspeha Kosova. Dozvolite mi da pomenem &ccaron;injenicu, koja se bila izgubila u vrtlogu vesti o 10. godi\u0161njici nezavisnosti. Skoro pola miliona gra&dstrok;ana iz &ccaron;itavog Kosova i iz na\u0161e velike dijaspore, slavili su 17. februara prvu deceniju kosovske dr&#382;ave. I tokom slavlja koja su trajala ceo dan, nije zabele&#382;en nijedan incident. To govori o posve&cacute;enosti gra&dstrok;ana Kosova redu, miru i sigurnostu. Po\u0161tovani poslanici, Po\u0161tovane dame i gospodo, Kao predsednik zemlje i 2018. godine sam predstavljao zemlju, u njoj i u inostranstvu. Na Kosovu sam do&ccaron;ekao predsednika Slovenije gospodina Pahora i predsednika EU gospodina Junkera, kancelara Austrije gospodina Kurza i ministra spoljnih poslova Gr&ccaron;ke. Bio sam u bilateralnim posetama Sjedinjenim Ameri&ccaron;kim Dr&#382;avama, Nema&ccaron;koj, Velikoj Britaniji, ali u zemljama na\u0161eg regiona u Bugarskoj, Albaniji, Crnoj Gori i Makedoniji.\u00a0 Zastupao sam Kosovo na bitnim me&dstrok;unarodnim forumima, kao \u0161to je Svetski ekonomski forum u Davosu i na ostalim sastancima u okviru ovog foruma u Montrealu u Kanadi i u &Zcaron;enevi u \u0160vajcarskoj. Tako&dstrok;e sam predstavljao Kosovo i u Generalnoj skup\u0161tini Ujedinjenih nacija i na Mirovnom forumu u Parizu. Predstavljao sam Kosovo i na Samitu EU i zemalja Zapadnog Balkana u Sofiji, na Samitu u Alpbachu u Austriji, na Minhenskoj sigurnosnoj konferenciji. Ali i na otvaranju Zimskih olimpijskih igara u Koreji. U Jerevanu u Jermeniji, na samitu zemalja Organizacije frankofonije unapredili smo na\u0161u poziciju, iz dr&#382;ave posmatra&ccaron;a u pridru&#382;enog &ccaron;lana. Na svim ovim forumima, u&ccaron;inili smo jasnim da je Kosovo opredeljeno za stabilan mir u regionu, a i \u0161ire. Da je Kosovo opredeljeno za dijalog i mir. Da se Kosovo svim snagama anga&#382;uje da \u0161to pre postane &ccaron;lanica NATO-a i EU. Po\u0161tovani poslanici, Po\u0161tovani gra&dstrok;ani Kosova, I 2018. godina je imala trenutke kada je postajalo te\u0161ko i kada smo do&#382;iveli poraze. Ove godine smo izgubili Adema\u00a0 Dema\u00e7ija i Fadila Vokrrija. Nema re&ccaron;i koje mogu opisati ovaj gubitak. &Ccaron;uva&cacute;emo i ceni&cacute;emo se&cacute;anje tako \u0161to &cacute;emo nastaviti da radimo na onome \u0161to su oni sanjali. Bol smo do&#382;iveli i kada se Kosovo nije u&ccaron;lanilo u INTERPOL, ali i zbog glasanja o odluci za liberalizaciju viza za na\u0161e gra&dstrok;ane od strane EU. Ponosan sam \u0161to smo kao dr&#382;ava i kao dru\u0161tvo u&ccaron;inili sve \u0161to je od nas zatra&#382;eno. Ispunili smo svaki kriterijum, i za u&ccaron;lanjenje u INTERPOL i za liberalizaciju viza. Nedostatak pravi&ccaron;ne odluke u ova dva slu&ccaron;aja nije gubitak za nas. A nije ni obeshrabrenje da nastavimo sa ja&ccaron;anjem na\u0161e dr&#382;ave. To &ccaron;inimo jer je to iznad svega u na\u0161em interesu i na\u0161a korist. Suo&ccaron;ili smo se sa otvorenim ranama iz bolne pro\u0161losti. Imenovao sam Pripremni tim za osnivanje Komisije za istinu i pomirenje. Odlikovao sam gospo&dstrok;u Vasfije Krasniqi \u2013 Goodman zbog hrabrosti koju je imala da otvoreno govori i da tra&#382;i pravdu za sebe i za hiljade drugih &#382;rtava seksualnog nasilja koje su vr\u0161ile policijske i vojne snage srpske dr&#382;ave tokom rata na Kosovu. Ose&cacute;ao sam se ponosim pogotovu postignu&cacute;ima na\u0161ih umetnika i sportista. Kao i svaki drugi gra&dstrok;anin, ponosan sam na postignu&cacute;a na\u0161ih peva&ccaron;a u svetu, sa postignu&cacute;ima slikara i arhitekata\u00a0 Ponosan sam na postignu&cacute;a d&#382;udistkinja i d&#382;udista. Sa postignu&cacute;ima na\u0161ih fudbalera. Spisak je postao dug da ih pomenem sve, jednog po jednog. Kao predsednika usre&cacute;ila me je &ccaron;injenica da sam dekretirao paket zakona o reformi pravosudnog sistema. Ovaj paket obuhvata izmene u Krivi&ccaron;nom zakoniku, Zakon o sudovima, o disciplinskoj odgovornosti sudova i tu&#382;ilaca, Zakon o pro\u0161irenim nadle&#382;nostima za konfiskovanje imovine i druge zakone, koji &cacute;e jo\u0161 vi\u0161e oja&ccaron;ati na\u0161 pravosudni sistem. Ali, dame i gospodo, Posebno sam bio sretan i ponosan \u0161to su kod mene na dekretiranje stigla tri zakona, kojima se otvara put da Bezbednosne snage Kosova postanu Vojska Kosova. &Ccaron;esto sam se ose&cacute;ao usamljenim u mojim anga&#382;ovanjima za osnivanje Vojske Kosova. Ali, sretan sam \u0161to se na kraju &ccaron;itav politi&ccaron;ki spektar Kosova ujedinio oko ove te&#382;nje za transformisanjem BSK-a. Vojnicima Bezbednosnih snaga Kosova ka&#382;em da da su odavno ovo zaslu&#382;ili. Njihovim radom, profesionalno\u0161&cacute;u, oni su odavno postali vojnici Kosova. Bezbednosne snage Kosova &cacute;e i dalje biti stru&ccaron;ne snage po NATO standardima, multietni&ccaron;ke snage u slu&#382;bi svih gra&dstrok;ana i u slu&#382;bi mira na Kosovu, u regionu i \u0161ire. Pozdravljam i &ccaron;injenicu da je kosovski politi&ccaron;ki spektar po&ccaron;eo da se ujedinjuje oko izazova i trenutnih mogu&cacute;nosti za na\u0161u dr&#382;avu. U prvom redu govorim o izazovu postizanja mirovnog sporazuma sa Srbijom. Sa Srbijom imamo vekovno neprijateljstvo. Pobedili smo u ratu, iako po visokoj ceni. Sada je vreme da steknemo i mir sa Srbijom. Zbog nas samih i zbog generacija koje dolaze. S toga, pozdravljam osnivanje Pregovara&ccaron;kog tima od strane Skup\u0161tine Kosova i po&ccaron;etak rada za postizanje sporazuma sa Srbijom. Ovaj sporazum treba da bude kona&ccaron;an, sveobuhvatan, da se postigne u mirovnom procesu<\/p>\n","protected":false},"author":1,"featured_media":25794,"comment_status":"open","ping_status":"closed","sticky":false,"template":"","format":"standard","meta":{"_eb_attr":"","footnotes":""},"categories":[106],"tags":[],"class_list":["post-75668","post","type-post","status-publish","format-standard","has-post-thumbnail","hentry","category-govori"],"yoast_head":"<!-- This site is optimized with the Yoast SEO plugin v23.5 - https:\/\/yoast.com\/wordpress\/plugins\/seo\/ -->\n<title>Godi\u0161nji govor predsednika Tha\u00e7ija pred poslanicima Skup\u0161tine Kosova - Predsednik Republike Kosovo - DR. VJOSA OSMANI - SADRIU<\/title>\n<meta name=\"description\" content=\"Godi\u0161nji govor predsednika Tha\u00e7ija pred poslanicima Skup\u0161tine Kosova - Predsednik Republike Kosovo - DR. VJOSA OSMANI - SADRIU -\" \/>\n<meta name=\"robots\" content=\"index, follow, max-snippet:-1, max-image-preview:large, max-video-preview:-1\" \/>\n<link rel=\"canonical\" href=\"https:\/\/president-ksgov.net\/sr\/godisnji-govor-predsednika-thacija-pred-poslanicima-skupstine-kosova\/\" \/>\n<meta property=\"og:locale\" content=\"sr_RS\" \/>\n<meta property=\"og:type\" content=\"article\" \/>\n<meta property=\"og:title\" content=\"Godi\u0161nji govor predsednika Tha\u00e7ija pred poslanicima Skup\u0161tine Kosova - Predsednik Republike Kosovo - DR. VJOSA OSMANI - SADRIU\" \/>\n<meta property=\"og:description\" content=\"Godi\u0161nji govor predsednika Tha\u00e7ija pred poslanicima Skup\u0161tine Kosova - Predsednik Republike Kosovo - DR. VJOSA OSMANI - SADRIU -\" \/>\n<meta property=\"og:url\" content=\"https:\/\/president-ksgov.net\/sr\/godisnji-govor-predsednika-thacija-pred-poslanicima-skupstine-kosova\/\" \/>\n<meta property=\"og:site_name\" content=\"Predsednik Republike Kosovo - DR. VJOSA OSMANI - SADRIU\" \/>\n<meta property=\"article:published_time\" content=\"2018-12-26T15:28:37+00:00\" \/>\n<meta property=\"article:modified_time\" content=\"2023-03-08T09:01:14+00:00\" \/>\n<meta property=\"og:image\" content=\"https:\/\/president-ksgov.net\/wp-content\/uploads\/26_12_2018_1834595_PresidentiThaci_Kuvend_1.jpg\" \/>\n\t<meta property=\"og:image:width\" content=\"2000\" \/>\n\t<meta property=\"og:image:height\" content=\"1238\" \/>\n\t<meta property=\"og:image:type\" content=\"image\/jpeg\" \/>\n<meta name=\"author\" content=\"admin\" \/>\n<meta name=\"twitter:card\" content=\"summary_large_image\" \/>\n<meta name=\"twitter:label1\" content=\"\u041d\u0430\u043f\u0438\u0441\u0430\u043d\u043e \u043e\u0434\" \/>\n\t<meta name=\"twitter:data1\" content=\"admin\" \/>\n\t<meta name=\"twitter:label2\" content=\"\u041f\u0440\u043e\u0446\u0435\u045a\u0435\u043d\u043e \u0432\u0440\u0435\u043c\u0435 \u0447\u0438\u0442\u0430\u045a\u0430\" \/>\n\t<meta name=\"twitter:data2\" content=\"8 \u043c\u0438\u043d\u0443\u0442\u0430\" \/>\n<script type=\"application\/ld+json\" class=\"yoast-schema-graph\">{\"@context\":\"https:\/\/schema.org\",\"@graph\":[{\"@type\":\"WebPage\",\"@id\":\"https:\/\/president-ksgov.net\/sr\/godisnji-govor-predsednika-thacija-pred-poslanicima-skupstine-kosova\/\",\"url\":\"https:\/\/president-ksgov.net\/sr\/godisnji-govor-predsednika-thacija-pred-poslanicima-skupstine-kosova\/\",\"name\":\"Godi\u0161nji govor predsednika Tha\u00e7ija pred poslanicima Skup\u0161tine Kosova - Predsednik Republike Kosovo - DR. VJOSA OSMANI - SADRIU\",\"isPartOf\":{\"@id\":\"https:\/\/president-ksgov.net\/#website\"},\"primaryImageOfPage\":{\"@id\":\"https:\/\/president-ksgov.net\/sr\/godisnji-govor-predsednika-thacija-pred-poslanicima-skupstine-kosova\/#primaryimage\"},\"image\":{\"@id\":\"https:\/\/president-ksgov.net\/sr\/godisnji-govor-predsednika-thacija-pred-poslanicima-skupstine-kosova\/#primaryimage\"},\"thumbnailUrl\":\"https:\/\/president-ksgov.net\/wp-content\/uploads\/26_12_2018_1834595_PresidentiThaci_Kuvend_1.jpg\",\"datePublished\":\"2018-12-26T15:28:37+00:00\",\"dateModified\":\"2023-03-08T09:01:14+00:00\",\"author\":{\"@id\":\"https:\/\/president-ksgov.net\/#\/schema\/person\/bb4337a5fb147cb2046d80548172cbee\"},\"description\":\"Godi\u0161nji govor predsednika Tha\u00e7ija pred poslanicima Skup\u0161tine Kosova - Predsednik Republike Kosovo - DR. VJOSA OSMANI - SADRIU -\",\"breadcrumb\":{\"@id\":\"https:\/\/president-ksgov.net\/sr\/godisnji-govor-predsednika-thacija-pred-poslanicima-skupstine-kosova\/#breadcrumb\"},\"inLanguage\":\"sr-RS\",\"potentialAction\":[{\"@type\":\"ReadAction\",\"target\":[\"https:\/\/president-ksgov.net\/sr\/godisnji-govor-predsednika-thacija-pred-poslanicima-skupstine-kosova\/\"]}]},{\"@type\":\"ImageObject\",\"inLanguage\":\"sr-RS\",\"@id\":\"https:\/\/president-ksgov.net\/sr\/godisnji-govor-predsednika-thacija-pred-poslanicima-skupstine-kosova\/#primaryimage\",\"url\":\"https:\/\/president-ksgov.net\/wp-content\/uploads\/26_12_2018_1834595_PresidentiThaci_Kuvend_1.jpg\",\"contentUrl\":\"https:\/\/president-ksgov.net\/wp-content\/uploads\/26_12_2018_1834595_PresidentiThaci_Kuvend_1.jpg\",\"width\":2000,\"height\":1238},{\"@type\":\"BreadcrumbList\",\"@id\":\"https:\/\/president-ksgov.net\/sr\/godisnji-govor-predsednika-thacija-pred-poslanicima-skupstine-kosova\/#breadcrumb\",\"itemListElement\":[{\"@type\":\"ListItem\",\"position\":1,\"name\":\"Home\",\"item\":\"https:\/\/president-ksgov.net\/sr\/\"},{\"@type\":\"ListItem\",\"position\":2,\"name\":\"Godi\u0161nji govor predsednika Tha\u00e7ija pred poslanicima Skup\u0161tine Kosova\"}]},{\"@type\":\"WebSite\",\"@id\":\"https:\/\/president-ksgov.net\/#website\",\"url\":\"https:\/\/president-ksgov.net\/\",\"name\":\"Presidente e Republik\u00ebs s\u00eb Kosov\u00ebs\",\"description\":\"Presidente e Republik\u00ebs s\u00eb Kosov\u00ebs\",\"alternateName\":\"DR. VJOSA OSMANI - SADRIU\",\"potentialAction\":[{\"@type\":\"SearchAction\",\"target\":{\"@type\":\"EntryPoint\",\"urlTemplate\":\"https:\/\/president-ksgov.net\/?s={search_term_string}\"},\"query-input\":{\"@type\":\"PropertyValueSpecification\",\"valueRequired\":true,\"valueName\":\"search_term_string\"}}],\"inLanguage\":\"sr-RS\"},{\"@type\":\"Person\",\"@id\":\"https:\/\/president-ksgov.net\/#\/schema\/person\/bb4337a5fb147cb2046d80548172cbee\",\"name\":\"admin\",\"image\":{\"@type\":\"ImageObject\",\"inLanguage\":\"sr-RS\",\"@id\":\"https:\/\/president-ksgov.net\/#\/schema\/person\/image\/\",\"url\":\"https:\/\/secure.gravatar.com\/avatar\/36156ca0fa3b8d9d25174f146e16beea0cf28f37adf1b9e19b6c9c279a7c9dd3?s=96&d=mm&r=g\",\"contentUrl\":\"https:\/\/secure.gravatar.com\/avatar\/36156ca0fa3b8d9d25174f146e16beea0cf28f37adf1b9e19b6c9c279a7c9dd3?s=96&d=mm&r=g\",\"caption\":\"admin\"},\"sameAs\":[\"https:\/\/president-ksgov.net\"]}]}<\/script>\n<!-- \/ Yoast SEO plugin. -->","yoast_head_json":{"title":"Godi\u0161nji govor predsednika Tha\u00e7ija pred poslanicima Skup\u0161tine Kosova - Predsednik Republike Kosovo - DR. VJOSA OSMANI - SADRIU","description":"Godi\u0161nji govor predsednika Tha\u00e7ija pred poslanicima Skup\u0161tine Kosova - Predsednik Republike Kosovo - DR. VJOSA OSMANI - SADRIU -","robots":{"index":"index","follow":"follow","max-snippet":"max-snippet:-1","max-image-preview":"max-image-preview:large","max-video-preview":"max-video-preview:-1"},"canonical":"https:\/\/president-ksgov.net\/sr\/godisnji-govor-predsednika-thacija-pred-poslanicima-skupstine-kosova\/","og_locale":"sr_RS","og_type":"article","og_title":"Godi\u0161nji govor predsednika Tha\u00e7ija pred poslanicima Skup\u0161tine Kosova - Predsednik Republike Kosovo - DR. VJOSA OSMANI - SADRIU","og_description":"Godi\u0161nji govor predsednika Tha\u00e7ija pred poslanicima Skup\u0161tine Kosova - Predsednik Republike Kosovo - DR. VJOSA OSMANI - SADRIU -","og_url":"https:\/\/president-ksgov.net\/sr\/godisnji-govor-predsednika-thacija-pred-poslanicima-skupstine-kosova\/","og_site_name":"Predsednik Republike Kosovo - DR. VJOSA OSMANI - SADRIU","article_published_time":"2018-12-26T15:28:37+00:00","article_modified_time":"2023-03-08T09:01:14+00:00","og_image":[{"width":2000,"height":1238,"url":"https:\/\/president-ksgov.net\/wp-content\/uploads\/26_12_2018_1834595_PresidentiThaci_Kuvend_1.jpg","type":"image\/jpeg"}],"author":"admin","twitter_card":"summary_large_image","twitter_misc":{"\u041d\u0430\u043f\u0438\u0441\u0430\u043d\u043e \u043e\u0434":"admin","\u041f\u0440\u043e\u0446\u0435\u045a\u0435\u043d\u043e \u0432\u0440\u0435\u043c\u0435 \u0447\u0438\u0442\u0430\u045a\u0430":"8 \u043c\u0438\u043d\u0443\u0442\u0430"},"schema":{"@context":"https:\/\/schema.org","@graph":[{"@type":"WebPage","@id":"https:\/\/president-ksgov.net\/sr\/godisnji-govor-predsednika-thacija-pred-poslanicima-skupstine-kosova\/","url":"https:\/\/president-ksgov.net\/sr\/godisnji-govor-predsednika-thacija-pred-poslanicima-skupstine-kosova\/","name":"Godi\u0161nji govor predsednika Tha\u00e7ija pred poslanicima Skup\u0161tine Kosova - Predsednik Republike Kosovo - DR. VJOSA OSMANI - SADRIU","isPartOf":{"@id":"https:\/\/president-ksgov.net\/#website"},"primaryImageOfPage":{"@id":"https:\/\/president-ksgov.net\/sr\/godisnji-govor-predsednika-thacija-pred-poslanicima-skupstine-kosova\/#primaryimage"},"image":{"@id":"https:\/\/president-ksgov.net\/sr\/godisnji-govor-predsednika-thacija-pred-poslanicima-skupstine-kosova\/#primaryimage"},"thumbnailUrl":"https:\/\/president-ksgov.net\/wp-content\/uploads\/26_12_2018_1834595_PresidentiThaci_Kuvend_1.jpg","datePublished":"2018-12-26T15:28:37+00:00","dateModified":"2023-03-08T09:01:14+00:00","author":{"@id":"https:\/\/president-ksgov.net\/#\/schema\/person\/bb4337a5fb147cb2046d80548172cbee"},"description":"Godi\u0161nji govor predsednika Tha\u00e7ija pred poslanicima Skup\u0161tine Kosova - Predsednik Republike Kosovo - DR. VJOSA OSMANI - SADRIU -","breadcrumb":{"@id":"https:\/\/president-ksgov.net\/sr\/godisnji-govor-predsednika-thacija-pred-poslanicima-skupstine-kosova\/#breadcrumb"},"inLanguage":"sr-RS","potentialAction":[{"@type":"ReadAction","target":["https:\/\/president-ksgov.net\/sr\/godisnji-govor-predsednika-thacija-pred-poslanicima-skupstine-kosova\/"]}]},{"@type":"ImageObject","inLanguage":"sr-RS","@id":"https:\/\/president-ksgov.net\/sr\/godisnji-govor-predsednika-thacija-pred-poslanicima-skupstine-kosova\/#primaryimage","url":"https:\/\/president-ksgov.net\/wp-content\/uploads\/26_12_2018_1834595_PresidentiThaci_Kuvend_1.jpg","contentUrl":"https:\/\/president-ksgov.net\/wp-content\/uploads\/26_12_2018_1834595_PresidentiThaci_Kuvend_1.jpg","width":2000,"height":1238},{"@type":"BreadcrumbList","@id":"https:\/\/president-ksgov.net\/sr\/godisnji-govor-predsednika-thacija-pred-poslanicima-skupstine-kosova\/#breadcrumb","itemListElement":[{"@type":"ListItem","position":1,"name":"Home","item":"https:\/\/president-ksgov.net\/sr\/"},{"@type":"ListItem","position":2,"name":"Godi\u0161nji govor predsednika Tha\u00e7ija pred poslanicima Skup\u0161tine Kosova"}]},{"@type":"WebSite","@id":"https:\/\/president-ksgov.net\/#website","url":"https:\/\/president-ksgov.net\/","name":"Presidente e Republik\u00ebs s\u00eb Kosov\u00ebs","description":"Presidente e Republik\u00ebs s\u00eb Kosov\u00ebs","alternateName":"DR. VJOSA OSMANI - SADRIU","potentialAction":[{"@type":"SearchAction","target":{"@type":"EntryPoint","urlTemplate":"https:\/\/president-ksgov.net\/?s={search_term_string}"},"query-input":{"@type":"PropertyValueSpecification","valueRequired":true,"valueName":"search_term_string"}}],"inLanguage":"sr-RS"},{"@type":"Person","@id":"https:\/\/president-ksgov.net\/#\/schema\/person\/bb4337a5fb147cb2046d80548172cbee","name":"admin","image":{"@type":"ImageObject","inLanguage":"sr-RS","@id":"https:\/\/president-ksgov.net\/#\/schema\/person\/image\/","url":"https:\/\/secure.gravatar.com\/avatar\/36156ca0fa3b8d9d25174f146e16beea0cf28f37adf1b9e19b6c9c279a7c9dd3?s=96&d=mm&r=g","contentUrl":"https:\/\/secure.gravatar.com\/avatar\/36156ca0fa3b8d9d25174f146e16beea0cf28f37adf1b9e19b6c9c279a7c9dd3?s=96&d=mm&r=g","caption":"admin"},"sameAs":["https:\/\/president-ksgov.net"]}]}},"_links":{"self":[{"href":"https:\/\/president-ksgov.net\/sr\/wp-json\/wp\/v2\/posts\/75668","targetHints":{"allow":["GET"]}}],"collection":[{"href":"https:\/\/president-ksgov.net\/sr\/wp-json\/wp\/v2\/posts"}],"about":[{"href":"https:\/\/president-ksgov.net\/sr\/wp-json\/wp\/v2\/types\/post"}],"author":[{"embeddable":true,"href":"https:\/\/president-ksgov.net\/sr\/wp-json\/wp\/v2\/users\/1"}],"replies":[{"embeddable":true,"href":"https:\/\/president-ksgov.net\/sr\/wp-json\/wp\/v2\/comments?post=75668"}],"version-history":[{"count":1,"href":"https:\/\/president-ksgov.net\/sr\/wp-json\/wp\/v2\/posts\/75668\/revisions"}],"predecessor-version":[{"id":81533,"href":"https:\/\/president-ksgov.net\/sr\/wp-json\/wp\/v2\/posts\/75668\/revisions\/81533"}],"wp:featuredmedia":[{"embeddable":true,"href":"https:\/\/president-ksgov.net\/sr\/wp-json\/wp\/v2\/media\/25794"}],"wp:attachment":[{"href":"https:\/\/president-ksgov.net\/sr\/wp-json\/wp\/v2\/media?parent=75668"}],"wp:term":[{"taxonomy":"category","embeddable":true,"href":"https:\/\/president-ksgov.net\/sr\/wp-json\/wp\/v2\/categories?post=75668"},{"taxonomy":"post_tag","embeddable":true,"href":"https:\/\/president-ksgov.net\/sr\/wp-json\/wp\/v2\/tags?post=75668"}],"curies":[{"name":"wp","href":"https:\/\/api.w.org\/{rel}","templated":true}]}}