{"id":75632,"date":"2019-02-27T19:30:53","date_gmt":"2019-02-27T19:30:53","guid":{"rendered":"https:\/\/dev.president-ksgov.net\/predsednik-thaci-po-svaku-cenu-emo-ouvati-odnose-sa-sad-om\/"},"modified":"2019-02-27T19:30:53","modified_gmt":"2019-02-27T19:30:53","slug":"predsednik-thaci-po-svaku-cenu-emo-ouvati-odnose-sa-sad-om","status":"publish","type":"post","link":"https:\/\/president-ksgov.net\/sr\/predsednik-thaci-po-svaku-cenu-emo-ouvati-odnose-sa-sad-om\/","title":{"rendered":"Predsednik Tha\u00e7i: Po svaku cenu &cacute;emo o&ccaron;uvati odnose sa SAD-om"},"content":{"rendered":"<p>Pri\u0161tina, 27. februar 2019. godine  \u2013 Predsednik Republike Kosovo Hashim Tha\u00e7i je zajedno sa premijerom Kosova Ramushom Haradinajem odr&#382;ao sastanak sa glavnim direktorom za Evropske poslove u Nacionalnog saveta bezbednosti SAD-a Johnom Erathom, kao i sa direktorom za Balkan Nacionalnog saveta bezbednosti SAD-a Bradom Berkley.<\/p>\n<p>Predsednik Tha\u00e7i i premijer Haradnaj su sa visokim zvani&ccaron;nicima Bele ku&cacute;e Johnom Erathom i Bradom Berkley razgovarali o bilateralnim odnosima izme&dstrok;u Kosova i Sjedinjenih Ameri&ccaron;kih Dr&#382;ava, o politi&ccaron;koj situaciji na Kosovu i u regionu, kao i o dijalogu izme&dstrok;u Kosova i Srbije.<\/p>\n<p>Visoki zvani&ccaron;nici Nacionalnog saveta bezbednosti SAD-a John Erath i Brad Berkley su ponovo istakli jasan stav ameri&ccaron;ke administracije da se taksa mora suspendovati u cilju nastavljanja dijaloga i napora za postizanje sveobuhvatnog sporazuma izme&dstrok;u Kosova i Srbije.<\/p>\n<p>Predsednik Tha\u00e7i je uverio visoke ameri&ccaron;ke zvani&ccaron;nike da ni pod kojim uslovom i ni pod kojom okolno\u0161&cacute;u Republika Kosovo ne&cacute;e dovesti u rizik me&dstrok;udr&#382;avne odnose i prijateljstvo sa SAD-om.<\/p>\n<p>\u201eDr&#382;avne institucije \u0161to pre treba da preduzmu konkretne korake u skladu sa prijateljskim savetima SAD-a. Ove odluke moraju biti u funkciji o&ccaron;uvanja i ja&ccaron;anja strate\u0161ke saradnje sa SAD-om i na\u0161e dr&#382;avne posve&cacute;enosti dijalogu i mirovnom sporazumu\u201c, rekao je predsednik Tha\u00e7i.<\/p>\n","protected":false},"excerpt":{"rendered":"<p>Pri\u0161tina, 27. februar 2019. godine  \u2013 Predsednik Republike Kosovo Hashim Tha\u00e7i je zajedno sa premijerom Kosova Ramushom Haradinajem odr&#382;ao sastanak sa glavnim direktorom za Evropske poslove u Nacionalnog saveta bezbednosti SAD-a Johnom Erathom, kao i sa direktorom za Balkan Nacionalnog saveta bezbednosti SAD-a Bradom Berkley.<\/p>\n","protected":false},"author":1,"featured_media":25545,"comment_status":"open","ping_status":"closed","sticky":false,"template":"","format":"standard","meta":{"_eb_attr":"","footnotes":""},"categories":[101],"tags":[],"class_list":["post-75632","post","type-post","status-publish","format-standard","has-post-thumbnail","hentry","category-vesti"],"yoast_head":"<!-- This site is optimized with the Yoast SEO plugin v23.5 - https:\/\/yoast.com\/wordpress\/plugins\/seo\/ -->\n<title>Predsednik Tha\u00e7i: Po svaku cenu &amp;cacute;emo o&amp;ccaron;uvati odnose sa SAD-om - Predsednik Republike Kosovo - DR. VJOSA OSMANI - SADRIU<\/title>\n<meta name=\"description\" content=\"Predsednik Tha\u00e7i: Po svaku cenu &amp;cacute;emo o&amp;ccaron;uvati odnose sa SAD-om - Predsednik Republike Kosovo - DR. VJOSA OSMANI - SADRIU -\" \/>\n<meta name=\"robots\" content=\"index, follow, max-snippet:-1, max-image-preview:large, max-video-preview:-1\" \/>\n<link rel=\"canonical\" href=\"https:\/\/president-ksgov.net\/sr\/predsednik-thaci-po-svaku-cenu-emo-ouvati-odnose-sa-sad-om\/\" \/>\n<meta property=\"og:locale\" content=\"sr_RS\" \/>\n<meta property=\"og:type\" content=\"article\" \/>\n<meta property=\"og:title\" content=\"Predsednik Tha\u00e7i: Po svaku cenu &amp;cacute;emo o&amp;ccaron;uvati odnose sa SAD-om - Predsednik Republike Kosovo - DR. VJOSA OSMANI - SADRIU\" \/>\n<meta property=\"og:description\" content=\"Predsednik Tha\u00e7i: Po svaku cenu &amp;cacute;emo o&amp;ccaron;uvati odnose sa SAD-om - Predsednik Republike Kosovo - DR. VJOSA OSMANI - SADRIU -\" \/>\n<meta property=\"og:url\" content=\"https:\/\/president-ksgov.net\/sr\/predsednik-thaci-po-svaku-cenu-emo-ouvati-odnose-sa-sad-om\/\" \/>\n<meta property=\"og:site_name\" content=\"Predsednik Republike Kosovo - DR. VJOSA OSMANI - SADRIU\" \/>\n<meta property=\"article:published_time\" content=\"2019-02-27T19:30:53+00:00\" \/>\n<meta property=\"og:image\" content=\"https:\/\/president-ksgov.net\/wp-content\/uploads\/27_02_2019_4036909_US_01.jpg\" \/>\n\t<meta property=\"og:image:width\" content=\"2400\" \/>\n\t<meta property=\"og:image:height\" content=\"1600\" \/>\n\t<meta property=\"og:image:type\" content=\"image\/jpeg\" \/>\n<meta name=\"author\" content=\"admin\" \/>\n<meta name=\"twitter:card\" content=\"summary_large_image\" \/>\n<meta name=\"twitter:label1\" content=\"\u041d\u0430\u043f\u0438\u0441\u0430\u043d\u043e \u043e\u0434\" \/>\n\t<meta name=\"twitter:data1\" content=\"admin\" \/>\n\t<meta name=\"twitter:label2\" content=\"\u041f\u0440\u043e\u0446\u0435\u045a\u0435\u043d\u043e \u0432\u0440\u0435\u043c\u0435 \u0447\u0438\u0442\u0430\u045a\u0430\" \/>\n\t<meta name=\"twitter:data2\" content=\"1 \u043c\u0438\u043d\u0443\u0442\" \/>\n<script type=\"application\/ld+json\" class=\"yoast-schema-graph\">{\"@context\":\"https:\/\/schema.org\",\"@graph\":[{\"@type\":\"WebPage\",\"@id\":\"https:\/\/president-ksgov.net\/sr\/predsednik-thaci-po-svaku-cenu-emo-ouvati-odnose-sa-sad-om\/\",\"url\":\"https:\/\/president-ksgov.net\/sr\/predsednik-thaci-po-svaku-cenu-emo-ouvati-odnose-sa-sad-om\/\",\"name\":\"Predsednik Tha\u00e7i: Po svaku cenu &cacute;emo o&ccaron;uvati odnose sa SAD-om - Predsednik Republike Kosovo - DR. VJOSA OSMANI - SADRIU\",\"isPartOf\":{\"@id\":\"https:\/\/president-ksgov.net\/#website\"},\"primaryImageOfPage\":{\"@id\":\"https:\/\/president-ksgov.net\/sr\/predsednik-thaci-po-svaku-cenu-emo-ouvati-odnose-sa-sad-om\/#primaryimage\"},\"image\":{\"@id\":\"https:\/\/president-ksgov.net\/sr\/predsednik-thaci-po-svaku-cenu-emo-ouvati-odnose-sa-sad-om\/#primaryimage\"},\"thumbnailUrl\":\"https:\/\/president-ksgov.net\/wp-content\/uploads\/27_02_2019_4036909_US_01.jpg\",\"datePublished\":\"2019-02-27T19:30:53+00:00\",\"dateModified\":\"2019-02-27T19:30:53+00:00\",\"author\":{\"@id\":\"https:\/\/president-ksgov.net\/#\/schema\/person\/bb4337a5fb147cb2046d80548172cbee\"},\"description\":\"Predsednik Tha\u00e7i: Po svaku cenu &cacute;emo o&ccaron;uvati odnose sa SAD-om - Predsednik Republike Kosovo - DR. VJOSA OSMANI - SADRIU -\",\"breadcrumb\":{\"@id\":\"https:\/\/president-ksgov.net\/sr\/predsednik-thaci-po-svaku-cenu-emo-ouvati-odnose-sa-sad-om\/#breadcrumb\"},\"inLanguage\":\"sr-RS\",\"potentialAction\":[{\"@type\":\"ReadAction\",\"target\":[\"https:\/\/president-ksgov.net\/sr\/predsednik-thaci-po-svaku-cenu-emo-ouvati-odnose-sa-sad-om\/\"]}]},{\"@type\":\"ImageObject\",\"inLanguage\":\"sr-RS\",\"@id\":\"https:\/\/president-ksgov.net\/sr\/predsednik-thaci-po-svaku-cenu-emo-ouvati-odnose-sa-sad-om\/#primaryimage\",\"url\":\"https:\/\/president-ksgov.net\/wp-content\/uploads\/27_02_2019_4036909_US_01.jpg\",\"contentUrl\":\"https:\/\/president-ksgov.net\/wp-content\/uploads\/27_02_2019_4036909_US_01.jpg\",\"width\":2400,\"height\":1600},{\"@type\":\"BreadcrumbList\",\"@id\":\"https:\/\/president-ksgov.net\/sr\/predsednik-thaci-po-svaku-cenu-emo-ouvati-odnose-sa-sad-om\/#breadcrumb\",\"itemListElement\":[{\"@type\":\"ListItem\",\"position\":1,\"name\":\"Home\",\"item\":\"https:\/\/president-ksgov.net\/sr\/\"},{\"@type\":\"ListItem\",\"position\":2,\"name\":\"Predsednik Tha\u00e7i: Po svaku cenu &cacute;emo o&ccaron;uvati odnose sa SAD-om\"}]},{\"@type\":\"WebSite\",\"@id\":\"https:\/\/president-ksgov.net\/#website\",\"url\":\"https:\/\/president-ksgov.net\/\",\"name\":\"Presidente e Republik\u00ebs s\u00eb Kosov\u00ebs\",\"description\":\"Presidente e Republik\u00ebs s\u00eb Kosov\u00ebs\",\"alternateName\":\"DR. VJOSA OSMANI - SADRIU\",\"potentialAction\":[{\"@type\":\"SearchAction\",\"target\":{\"@type\":\"EntryPoint\",\"urlTemplate\":\"https:\/\/president-ksgov.net\/?s={search_term_string}\"},\"query-input\":{\"@type\":\"PropertyValueSpecification\",\"valueRequired\":true,\"valueName\":\"search_term_string\"}}],\"inLanguage\":\"sr-RS\"},{\"@type\":\"Person\",\"@id\":\"https:\/\/president-ksgov.net\/#\/schema\/person\/bb4337a5fb147cb2046d80548172cbee\",\"name\":\"admin\",\"image\":{\"@type\":\"ImageObject\",\"inLanguage\":\"sr-RS\",\"@id\":\"https:\/\/president-ksgov.net\/#\/schema\/person\/image\/\",\"url\":\"https:\/\/secure.gravatar.com\/avatar\/36156ca0fa3b8d9d25174f146e16beea0cf28f37adf1b9e19b6c9c279a7c9dd3?s=96&d=mm&r=g\",\"contentUrl\":\"https:\/\/secure.gravatar.com\/avatar\/36156ca0fa3b8d9d25174f146e16beea0cf28f37adf1b9e19b6c9c279a7c9dd3?s=96&d=mm&r=g\",\"caption\":\"admin\"},\"sameAs\":[\"https:\/\/president-ksgov.net\"]}]}<\/script>\n<!-- \/ Yoast SEO plugin. -->","yoast_head_json":{"title":"Predsednik Tha\u00e7i: Po svaku cenu &cacute;emo o&ccaron;uvati odnose sa SAD-om - Predsednik Republike Kosovo - DR. VJOSA OSMANI - SADRIU","description":"Predsednik Tha\u00e7i: Po svaku cenu &cacute;emo o&ccaron;uvati odnose sa SAD-om - Predsednik Republike Kosovo - DR. VJOSA OSMANI - SADRIU -","robots":{"index":"index","follow":"follow","max-snippet":"max-snippet:-1","max-image-preview":"max-image-preview:large","max-video-preview":"max-video-preview:-1"},"canonical":"https:\/\/president-ksgov.net\/sr\/predsednik-thaci-po-svaku-cenu-emo-ouvati-odnose-sa-sad-om\/","og_locale":"sr_RS","og_type":"article","og_title":"Predsednik Tha\u00e7i: Po svaku cenu &cacute;emo o&ccaron;uvati odnose sa SAD-om - Predsednik Republike Kosovo - DR. VJOSA OSMANI - SADRIU","og_description":"Predsednik Tha\u00e7i: Po svaku cenu &cacute;emo o&ccaron;uvati odnose sa SAD-om - Predsednik Republike Kosovo - DR. VJOSA OSMANI - SADRIU -","og_url":"https:\/\/president-ksgov.net\/sr\/predsednik-thaci-po-svaku-cenu-emo-ouvati-odnose-sa-sad-om\/","og_site_name":"Predsednik Republike Kosovo - DR. VJOSA OSMANI - SADRIU","article_published_time":"2019-02-27T19:30:53+00:00","og_image":[{"width":2400,"height":1600,"url":"https:\/\/president-ksgov.net\/wp-content\/uploads\/27_02_2019_4036909_US_01.jpg","type":"image\/jpeg"}],"author":"admin","twitter_card":"summary_large_image","twitter_misc":{"\u041d\u0430\u043f\u0438\u0441\u0430\u043d\u043e \u043e\u0434":"admin","\u041f\u0440\u043e\u0446\u0435\u045a\u0435\u043d\u043e \u0432\u0440\u0435\u043c\u0435 \u0447\u0438\u0442\u0430\u045a\u0430":"1 \u043c\u0438\u043d\u0443\u0442"},"schema":{"@context":"https:\/\/schema.org","@graph":[{"@type":"WebPage","@id":"https:\/\/president-ksgov.net\/sr\/predsednik-thaci-po-svaku-cenu-emo-ouvati-odnose-sa-sad-om\/","url":"https:\/\/president-ksgov.net\/sr\/predsednik-thaci-po-svaku-cenu-emo-ouvati-odnose-sa-sad-om\/","name":"Predsednik Tha\u00e7i: Po svaku cenu &cacute;emo o&ccaron;uvati odnose sa SAD-om - Predsednik Republike Kosovo - DR. VJOSA OSMANI - SADRIU","isPartOf":{"@id":"https:\/\/president-ksgov.net\/#website"},"primaryImageOfPage":{"@id":"https:\/\/president-ksgov.net\/sr\/predsednik-thaci-po-svaku-cenu-emo-ouvati-odnose-sa-sad-om\/#primaryimage"},"image":{"@id":"https:\/\/president-ksgov.net\/sr\/predsednik-thaci-po-svaku-cenu-emo-ouvati-odnose-sa-sad-om\/#primaryimage"},"thumbnailUrl":"https:\/\/president-ksgov.net\/wp-content\/uploads\/27_02_2019_4036909_US_01.jpg","datePublished":"2019-02-27T19:30:53+00:00","dateModified":"2019-02-27T19:30:53+00:00","author":{"@id":"https:\/\/president-ksgov.net\/#\/schema\/person\/bb4337a5fb147cb2046d80548172cbee"},"description":"Predsednik Tha\u00e7i: Po svaku cenu &cacute;emo o&ccaron;uvati odnose sa SAD-om - Predsednik Republike Kosovo - DR. VJOSA OSMANI - SADRIU -","breadcrumb":{"@id":"https:\/\/president-ksgov.net\/sr\/predsednik-thaci-po-svaku-cenu-emo-ouvati-odnose-sa-sad-om\/#breadcrumb"},"inLanguage":"sr-RS","potentialAction":[{"@type":"ReadAction","target":["https:\/\/president-ksgov.net\/sr\/predsednik-thaci-po-svaku-cenu-emo-ouvati-odnose-sa-sad-om\/"]}]},{"@type":"ImageObject","inLanguage":"sr-RS","@id":"https:\/\/president-ksgov.net\/sr\/predsednik-thaci-po-svaku-cenu-emo-ouvati-odnose-sa-sad-om\/#primaryimage","url":"https:\/\/president-ksgov.net\/wp-content\/uploads\/27_02_2019_4036909_US_01.jpg","contentUrl":"https:\/\/president-ksgov.net\/wp-content\/uploads\/27_02_2019_4036909_US_01.jpg","width":2400,"height":1600},{"@type":"BreadcrumbList","@id":"https:\/\/president-ksgov.net\/sr\/predsednik-thaci-po-svaku-cenu-emo-ouvati-odnose-sa-sad-om\/#breadcrumb","itemListElement":[{"@type":"ListItem","position":1,"name":"Home","item":"https:\/\/president-ksgov.net\/sr\/"},{"@type":"ListItem","position":2,"name":"Predsednik Tha\u00e7i: Po svaku cenu &cacute;emo o&ccaron;uvati odnose sa SAD-om"}]},{"@type":"WebSite","@id":"https:\/\/president-ksgov.net\/#website","url":"https:\/\/president-ksgov.net\/","name":"Presidente e Republik\u00ebs s\u00eb Kosov\u00ebs","description":"Presidente e Republik\u00ebs s\u00eb Kosov\u00ebs","alternateName":"DR. VJOSA OSMANI - SADRIU","potentialAction":[{"@type":"SearchAction","target":{"@type":"EntryPoint","urlTemplate":"https:\/\/president-ksgov.net\/?s={search_term_string}"},"query-input":{"@type":"PropertyValueSpecification","valueRequired":true,"valueName":"search_term_string"}}],"inLanguage":"sr-RS"},{"@type":"Person","@id":"https:\/\/president-ksgov.net\/#\/schema\/person\/bb4337a5fb147cb2046d80548172cbee","name":"admin","image":{"@type":"ImageObject","inLanguage":"sr-RS","@id":"https:\/\/president-ksgov.net\/#\/schema\/person\/image\/","url":"https:\/\/secure.gravatar.com\/avatar\/36156ca0fa3b8d9d25174f146e16beea0cf28f37adf1b9e19b6c9c279a7c9dd3?s=96&d=mm&r=g","contentUrl":"https:\/\/secure.gravatar.com\/avatar\/36156ca0fa3b8d9d25174f146e16beea0cf28f37adf1b9e19b6c9c279a7c9dd3?s=96&d=mm&r=g","caption":"admin"},"sameAs":["https:\/\/president-ksgov.net"]}]}},"_links":{"self":[{"href":"https:\/\/president-ksgov.net\/sr\/wp-json\/wp\/v2\/posts\/75632","targetHints":{"allow":["GET"]}}],"collection":[{"href":"https:\/\/president-ksgov.net\/sr\/wp-json\/wp\/v2\/posts"}],"about":[{"href":"https:\/\/president-ksgov.net\/sr\/wp-json\/wp\/v2\/types\/post"}],"author":[{"embeddable":true,"href":"https:\/\/president-ksgov.net\/sr\/wp-json\/wp\/v2\/users\/1"}],"replies":[{"embeddable":true,"href":"https:\/\/president-ksgov.net\/sr\/wp-json\/wp\/v2\/comments?post=75632"}],"version-history":[{"count":0,"href":"https:\/\/president-ksgov.net\/sr\/wp-json\/wp\/v2\/posts\/75632\/revisions"}],"wp:featuredmedia":[{"embeddable":true,"href":"https:\/\/president-ksgov.net\/sr\/wp-json\/wp\/v2\/media\/25545"}],"wp:attachment":[{"href":"https:\/\/president-ksgov.net\/sr\/wp-json\/wp\/v2\/media?parent=75632"}],"wp:term":[{"taxonomy":"category","embeddable":true,"href":"https:\/\/president-ksgov.net\/sr\/wp-json\/wp\/v2\/categories?post=75632"},{"taxonomy":"post_tag","embeddable":true,"href":"https:\/\/president-ksgov.net\/sr\/wp-json\/wp\/v2\/tags?post=75632"}],"curies":[{"name":"wp","href":"https:\/\/api.w.org\/{rel}","templated":true}]}}