{"id":75630,"date":"2019-03-01T14:12:17","date_gmt":"2019-03-01T14:12:17","guid":{"rendered":"https:\/\/dev.president-ksgov.net\/predsednik-thaci-visoko-ocenio-doprinos-dijaspore-u-jaanju-dve-albanske-drave\/"},"modified":"2019-03-01T14:12:17","modified_gmt":"2019-03-01T14:12:17","slug":"predsednik-thaci-visoko-ocenio-doprinos-dijaspore-u-jaanju-dve-albanske-drave","status":"publish","type":"post","link":"https:\/\/president-ksgov.net\/sr\/predsednik-thaci-visoko-ocenio-doprinos-dijaspore-u-jaanju-dve-albanske-drave\/","title":{"rendered":"Predsednik Tha\u00e7i visoko ocenio doprinos dijaspore u ja&ccaron;anju dve albanske dr&#158;ave"},"content":{"rendered":"<p>Predsednik Republike Kosovo Hashim Tha\u00e7i danas je u&ccaron;estvovao na Drugom samitu dijaspore, koji je okupio mnogobrojne sunarodnike ovih dana u Tirani.<\/p>\n<p>Predsednik Tha\u00e7i je rekao da je doprinos albanske dijaspore bio izvanredan, kako u demokratizaciji Albanije, tako i za slobodu i nezavisnost Kosova, ali i u unapre&dstrok;enju prava Albanaca u Makedoniji, Crnoj Gori, Pre\u0161evu, Medve&dstrok;i i Bujanovcu. <\/p>\n<p>\u0160ef dr&#382;ave je rekao da na\u0161a dr&#382;ava samo \u0161to je obele&#382;ila 11. godi\u0161njicu nezavisnosti i ima ukupno 116 me&dstrok;unarodnih priznanja, a u&ccaron;lanjena je u oko 200 me&dstrok;unarodnih organizacija, ali da treba brzo da kora&ccaron;amo napred. <\/p>\n<p>\u201cKosovo nema samo prijatelje i partnere poput Sjedinjenih Ameri&ccaron;kih Dr&#382;ava, NATO-a i Evropske unije, ve&cacute; ima i protivnike nezavisnosti koji usporavaju napredovanje konsolidacije, a posebno spoljne konsolidacije kosovske dr&#382;ave. Ono \u0161to mogu da ka&#382;em jeste da je Kosovo izvr\u0161ilo izvanredne reforme, bilo u oblasti politike, ekonomije ili zakonodavstva. Ali, taj napredak je va\u0161 doprinos i doprinos svih gra&dstrok;ana Kosova\u201d, rekao je predsednik Tha\u00e7i. <\/p>\n<p>Prvi &ccaron;ovek dr&#382;ave je dodao da smo sada u novoj okolnosti, u povoljnom trenutku u kojem se Kosovo, uz potpunu podr\u0161ku Sjedinjenih Ameri&ccaron;kih Dr&#382;ava uz rukovo&dstrok;enje Evropske unije i u potpunoj koordinaciji sa svojim prijateljima, priprema da stupi u kona&ccaron;ni dijalog sa Srbijom za postizanje sveobuhvatnog sporazuma. <\/p>\n<p>\u201cTe&#382;nja kosovskih institucija je da se postigne sveobuhvatni sporazum o normalizaciji odnosa izme&dstrok;u dr&#382;ava Kosovo i Srbije. Taj sporazum &cacute;e garantovati recipro&ccaron;no priznavanje izme&dstrok;u dr&#382;ava Kosovo i Srbija, kao i u&ccaron;lanjenje Kosova u Organizaciju Ujedinjenih nacija. Mi svi znamo \u0161ta je Srbija radila na Kosovu. Ovde vidim i moje saborce, sa kojima smo bili u ratnim rovovima u borbama protiv srpske vojske i policije. U isto vreme, mi smo znali i tada, da budemo mudri i odgovorni, kao o veoma odlu&ccaron;ni u postizanju bitnih sporazuma, kao \u0161to ke bio onaj u Rambujeu gde je otvoren put za bombardovanje Srbije, ali i sporazum u Be&ccaron;u gde je otvoren proces nezavisnosti Kosova\u201d, istakao je on. <\/p>\n<p>Predsednik Tha\u00e7i je rekao da je prirodno da ima razli&ccaron;itih ideja, ali da ne&cacute;e dozvoliti ni pod kojom okolno\u0161&cacute;u organizovanje me&dstrok;unarodne konferencije na kojoj u&ccaron;estvuje Rusija. <\/p>\n<p>On je dodao da &cacute;e se Kosovo anga&#382;ovati samo u procesu kojim rukovodi Evropska unija i u kojem je podr\u0161ka Sjedinjenih Ameri&ccaron;kih Dr&#382;ava potpuna. <\/p>\n<p>\u201cNi pod kojom okolno\u0161&cacute;u i ni po kojoj ceni ne&cacute;u dozvoliti, ni da se dalje pro\u0161iri kao ideja, iako sam voljan za diskusiju o idejama, ideja o nekom Balkanskom savezu. Ponovo isti&ccaron;em da je ideja o nekom Balkanskom savezu ugro&#382;avanje na\u0161e nacije. Ona je ugro&#382;avanje evroatlantskih vrednosti na\u0161e orijentacije. Ideja o Balkanskom savezu je vra&cacute;anje unazad za na\u0161 narod. Savez Kosova, ali i albanske nacije je Savez Evropske unije, NATO i do&#382;ivotno prijateljstvo sa Sjedinjenim Ameri&ccaron;kim Dr&#382;avama\u201d, rekao je predsednik Tha\u00e7i.<\/p>\n<p>Na ovom\u00a0 samitu, \u0161ef dr&#382;ave je govorio i o idejama koje kru&#382;e o razmeni teritorija. <\/p>\n<p>Podela Kosova, mo&#382;e da se desi samo preko mene mrtvog. Niko ne mo&#382;e da ugrozi ni jedan milimetar teritorije Republike Kosovo. Niko ne mo&#382;e ugroziti Trep&ccaron;u, Mitrovicu i Gazivode, kao ni bilo koji drugi deo teritorije Republike Kosovo\u201d, rekao je on.<\/p>\n<p>S druge strane, predsednik Tha\u00e7i je rekao da je za korekciju granice i za ujedinjenje Pre\u0161evske doline sa Kosovom. <\/p>\n<p>\u201cNema &ccaron;oveka na svetu koji mi negira anga&#382;ovanje u ostvarivanju te&#382;nje ka legitimnim pravima Pre\u0161eva, Medve&dstrok;e i Bujanovca o pripajanju sa teritorijom Republike Kosovo, a bez ugro&#382;avanja teritorije Republike Kosovo. Naravno da se nalazimo u statusu kvo i u zamrznutom konfliktu koje treba da prevazi&dstrok;emo. Mi sada treba zajedno sa Sjedinjenim Ameri&ccaron;kim Dr&#382;avama, zajedno sa Evropskom unijom i NATO-om br&#382;e da kora&ccaron;amo prema evroatlantskoj perspektivi, kako bi Kosovo postalo deo NATO-a i Evropske unije. Mi zajedno sa na\u0161im prijateljima treba da idemo prema re\u0161enju koje garantuje priznanje i od strane pet dr&#382;ava Evropske unije, Gr&ccaron;ke, Rumunije, Slova&ccaron;ke, Kipra i \u0160panije. Dakle, jo\u0161 jednom isti&ccaron;em da ne&cacute;emo ni pod kojom okolno\u0161&cacute;u ni po kojoj ceni dozvoliti da igre dnevne izborne politike ugroze poseban i do&#382;ivotan odnos sa akterima slobode i nezavisnosti Kosova, Sjedinjenim Ameri&ccaron;kim Dr&#382;avama\u201d, rekao je predsednik Tha\u00e7i. <\/p>\n<p>Na Samitu dijaspore u Tirani, predsednik Tha\u00e7i je visoko ocenio veliki doprinos na\u0161ih sunarodnika koji &#382;ive i deluju svuda i svetu, za ja&ccaron;anje dve albanske dr&#382;ave.\u00a0<\/p>\n","protected":false},"excerpt":{"rendered":"<p>Predsednik Republike Kosovo Hashim Tha\u00e7i danas je u&ccaron;estvovao na Drugom samitu dijaspore, koji je okupio mnogobrojne sunarodnike ovih dana u Tirani.<\/p>\n","protected":false},"author":1,"featured_media":25534,"comment_status":"open","ping_status":"closed","sticky":false,"template":"","format":"standard","meta":{"_eb_attr":"","footnotes":""},"categories":[101],"tags":[],"class_list":["post-75630","post","type-post","status-publish","format-standard","has-post-thumbnail","hentry","category-vesti"],"yoast_head":"<!-- This site is optimized with the Yoast SEO plugin v23.5 - https:\/\/yoast.com\/wordpress\/plugins\/seo\/ -->\n<title>Predsednik Tha\u00e7i visoko ocenio doprinos dijaspore u ja&amp;ccaron;anju dve albanske dr&#158;ave - Predsednik Republike Kosovo - DR. VJOSA OSMANI - SADRIU<\/title>\n<meta name=\"description\" content=\"Predsednik Tha\u00e7i visoko ocenio doprinos dijaspore u ja&amp;ccaron;anju dve albanske dr&#158;ave - Predsednik Republike Kosovo - DR. VJOSA OSMANI - SADRIU -\" \/>\n<meta name=\"robots\" content=\"index, follow, max-snippet:-1, max-image-preview:large, max-video-preview:-1\" \/>\n<link rel=\"canonical\" href=\"https:\/\/president-ksgov.net\/sr\/predsednik-thaci-visoko-ocenio-doprinos-dijaspore-u-jaanju-dve-albanske-drave\/\" \/>\n<meta property=\"og:locale\" content=\"sr_RS\" \/>\n<meta property=\"og:type\" content=\"article\" \/>\n<meta property=\"og:title\" content=\"Predsednik Tha\u00e7i visoko ocenio doprinos dijaspore u ja&amp;ccaron;anju dve albanske dr&#158;ave - Predsednik Republike Kosovo - DR. VJOSA OSMANI - SADRIU\" \/>\n<meta property=\"og:description\" content=\"Predsednik Tha\u00e7i visoko ocenio doprinos dijaspore u ja&amp;ccaron;anju dve albanske dr&#158;ave - Predsednik Republike Kosovo - DR. VJOSA OSMANI - SADRIU -\" \/>\n<meta property=\"og:url\" content=\"https:\/\/president-ksgov.net\/sr\/predsednik-thaci-visoko-ocenio-doprinos-dijaspore-u-jaanju-dve-albanske-drave\/\" \/>\n<meta property=\"og:site_name\" content=\"Predsednik Republike Kosovo - DR. VJOSA OSMANI - SADRIU\" \/>\n<meta property=\"article:published_time\" content=\"2019-03-01T14:12:17+00:00\" \/>\n<meta property=\"og:image\" content=\"https:\/\/president-ksgov.net\/wp-content\/uploads\/01_03_2019_5049042_samiti_i_diapores_1.jpg\" \/>\n\t<meta property=\"og:image:width\" content=\"1280\" \/>\n\t<meta property=\"og:image:height\" content=\"960\" \/>\n\t<meta property=\"og:image:type\" content=\"image\/jpeg\" \/>\n<meta name=\"author\" content=\"admin\" \/>\n<meta name=\"twitter:card\" content=\"summary_large_image\" \/>\n<meta name=\"twitter:label1\" content=\"\u041d\u0430\u043f\u0438\u0441\u0430\u043d\u043e \u043e\u0434\" \/>\n\t<meta name=\"twitter:data1\" content=\"admin\" \/>\n\t<meta name=\"twitter:label2\" content=\"\u041f\u0440\u043e\u0446\u0435\u045a\u0435\u043d\u043e \u0432\u0440\u0435\u043c\u0435 \u0447\u0438\u0442\u0430\u045a\u0430\" \/>\n\t<meta name=\"twitter:data2\" content=\"4 \u043c\u0438\u043d\u0443\u0442\u0430\" \/>\n<script type=\"application\/ld+json\" class=\"yoast-schema-graph\">{\"@context\":\"https:\/\/schema.org\",\"@graph\":[{\"@type\":\"WebPage\",\"@id\":\"https:\/\/president-ksgov.net\/sr\/predsednik-thaci-visoko-ocenio-doprinos-dijaspore-u-jaanju-dve-albanske-drave\/\",\"url\":\"https:\/\/president-ksgov.net\/sr\/predsednik-thaci-visoko-ocenio-doprinos-dijaspore-u-jaanju-dve-albanske-drave\/\",\"name\":\"Predsednik Tha\u00e7i visoko ocenio doprinos dijaspore u ja&ccaron;anju dve albanske dr&#158;ave - Predsednik Republike Kosovo - DR. VJOSA OSMANI - SADRIU\",\"isPartOf\":{\"@id\":\"https:\/\/president-ksgov.net\/#website\"},\"primaryImageOfPage\":{\"@id\":\"https:\/\/president-ksgov.net\/sr\/predsednik-thaci-visoko-ocenio-doprinos-dijaspore-u-jaanju-dve-albanske-drave\/#primaryimage\"},\"image\":{\"@id\":\"https:\/\/president-ksgov.net\/sr\/predsednik-thaci-visoko-ocenio-doprinos-dijaspore-u-jaanju-dve-albanske-drave\/#primaryimage\"},\"thumbnailUrl\":\"https:\/\/president-ksgov.net\/wp-content\/uploads\/01_03_2019_5049042_samiti_i_diapores_1.jpg\",\"datePublished\":\"2019-03-01T14:12:17+00:00\",\"dateModified\":\"2019-03-01T14:12:17+00:00\",\"author\":{\"@id\":\"https:\/\/president-ksgov.net\/#\/schema\/person\/bb4337a5fb147cb2046d80548172cbee\"},\"description\":\"Predsednik Tha\u00e7i visoko ocenio doprinos dijaspore u ja&ccaron;anju dve albanske dr&#158;ave - Predsednik Republike Kosovo - DR. VJOSA OSMANI - SADRIU -\",\"breadcrumb\":{\"@id\":\"https:\/\/president-ksgov.net\/sr\/predsednik-thaci-visoko-ocenio-doprinos-dijaspore-u-jaanju-dve-albanske-drave\/#breadcrumb\"},\"inLanguage\":\"sr-RS\",\"potentialAction\":[{\"@type\":\"ReadAction\",\"target\":[\"https:\/\/president-ksgov.net\/sr\/predsednik-thaci-visoko-ocenio-doprinos-dijaspore-u-jaanju-dve-albanske-drave\/\"]}]},{\"@type\":\"ImageObject\",\"inLanguage\":\"sr-RS\",\"@id\":\"https:\/\/president-ksgov.net\/sr\/predsednik-thaci-visoko-ocenio-doprinos-dijaspore-u-jaanju-dve-albanske-drave\/#primaryimage\",\"url\":\"https:\/\/president-ksgov.net\/wp-content\/uploads\/01_03_2019_5049042_samiti_i_diapores_1.jpg\",\"contentUrl\":\"https:\/\/president-ksgov.net\/wp-content\/uploads\/01_03_2019_5049042_samiti_i_diapores_1.jpg\",\"width\":1280,\"height\":960},{\"@type\":\"BreadcrumbList\",\"@id\":\"https:\/\/president-ksgov.net\/sr\/predsednik-thaci-visoko-ocenio-doprinos-dijaspore-u-jaanju-dve-albanske-drave\/#breadcrumb\",\"itemListElement\":[{\"@type\":\"ListItem\",\"position\":1,\"name\":\"Home\",\"item\":\"https:\/\/president-ksgov.net\/sr\/\"},{\"@type\":\"ListItem\",\"position\":2,\"name\":\"Predsednik Tha\u00e7i visoko ocenio doprinos dijaspore u ja&ccaron;anju dve albanske dr&#158;ave\"}]},{\"@type\":\"WebSite\",\"@id\":\"https:\/\/president-ksgov.net\/#website\",\"url\":\"https:\/\/president-ksgov.net\/\",\"name\":\"Presidente e Republik\u00ebs s\u00eb Kosov\u00ebs\",\"description\":\"Presidente e Republik\u00ebs s\u00eb Kosov\u00ebs\",\"alternateName\":\"DR. VJOSA OSMANI - SADRIU\",\"potentialAction\":[{\"@type\":\"SearchAction\",\"target\":{\"@type\":\"EntryPoint\",\"urlTemplate\":\"https:\/\/president-ksgov.net\/?s={search_term_string}\"},\"query-input\":{\"@type\":\"PropertyValueSpecification\",\"valueRequired\":true,\"valueName\":\"search_term_string\"}}],\"inLanguage\":\"sr-RS\"},{\"@type\":\"Person\",\"@id\":\"https:\/\/president-ksgov.net\/#\/schema\/person\/bb4337a5fb147cb2046d80548172cbee\",\"name\":\"admin\",\"image\":{\"@type\":\"ImageObject\",\"inLanguage\":\"sr-RS\",\"@id\":\"https:\/\/president-ksgov.net\/#\/schema\/person\/image\/\",\"url\":\"https:\/\/secure.gravatar.com\/avatar\/36156ca0fa3b8d9d25174f146e16beea0cf28f37adf1b9e19b6c9c279a7c9dd3?s=96&d=mm&r=g\",\"contentUrl\":\"https:\/\/secure.gravatar.com\/avatar\/36156ca0fa3b8d9d25174f146e16beea0cf28f37adf1b9e19b6c9c279a7c9dd3?s=96&d=mm&r=g\",\"caption\":\"admin\"},\"sameAs\":[\"https:\/\/president-ksgov.net\"]}]}<\/script>\n<!-- \/ Yoast SEO plugin. -->","yoast_head_json":{"title":"Predsednik Tha\u00e7i visoko ocenio doprinos dijaspore u ja&ccaron;anju dve albanske dr&#158;ave - Predsednik Republike Kosovo - DR. VJOSA OSMANI - SADRIU","description":"Predsednik Tha\u00e7i visoko ocenio doprinos dijaspore u ja&ccaron;anju dve albanske dr&#158;ave - Predsednik Republike Kosovo - DR. VJOSA OSMANI - SADRIU -","robots":{"index":"index","follow":"follow","max-snippet":"max-snippet:-1","max-image-preview":"max-image-preview:large","max-video-preview":"max-video-preview:-1"},"canonical":"https:\/\/president-ksgov.net\/sr\/predsednik-thaci-visoko-ocenio-doprinos-dijaspore-u-jaanju-dve-albanske-drave\/","og_locale":"sr_RS","og_type":"article","og_title":"Predsednik Tha\u00e7i visoko ocenio doprinos dijaspore u ja&ccaron;anju dve albanske dr&#158;ave - Predsednik Republike Kosovo - DR. VJOSA OSMANI - SADRIU","og_description":"Predsednik Tha\u00e7i visoko ocenio doprinos dijaspore u ja&ccaron;anju dve albanske dr&#158;ave - Predsednik Republike Kosovo - DR. VJOSA OSMANI - SADRIU -","og_url":"https:\/\/president-ksgov.net\/sr\/predsednik-thaci-visoko-ocenio-doprinos-dijaspore-u-jaanju-dve-albanske-drave\/","og_site_name":"Predsednik Republike Kosovo - DR. VJOSA OSMANI - SADRIU","article_published_time":"2019-03-01T14:12:17+00:00","og_image":[{"width":1280,"height":960,"url":"https:\/\/president-ksgov.net\/wp-content\/uploads\/01_03_2019_5049042_samiti_i_diapores_1.jpg","type":"image\/jpeg"}],"author":"admin","twitter_card":"summary_large_image","twitter_misc":{"\u041d\u0430\u043f\u0438\u0441\u0430\u043d\u043e \u043e\u0434":"admin","\u041f\u0440\u043e\u0446\u0435\u045a\u0435\u043d\u043e \u0432\u0440\u0435\u043c\u0435 \u0447\u0438\u0442\u0430\u045a\u0430":"4 \u043c\u0438\u043d\u0443\u0442\u0430"},"schema":{"@context":"https:\/\/schema.org","@graph":[{"@type":"WebPage","@id":"https:\/\/president-ksgov.net\/sr\/predsednik-thaci-visoko-ocenio-doprinos-dijaspore-u-jaanju-dve-albanske-drave\/","url":"https:\/\/president-ksgov.net\/sr\/predsednik-thaci-visoko-ocenio-doprinos-dijaspore-u-jaanju-dve-albanske-drave\/","name":"Predsednik Tha\u00e7i visoko ocenio doprinos dijaspore u ja&ccaron;anju dve albanske dr&#158;ave - Predsednik Republike Kosovo - DR. VJOSA OSMANI - SADRIU","isPartOf":{"@id":"https:\/\/president-ksgov.net\/#website"},"primaryImageOfPage":{"@id":"https:\/\/president-ksgov.net\/sr\/predsednik-thaci-visoko-ocenio-doprinos-dijaspore-u-jaanju-dve-albanske-drave\/#primaryimage"},"image":{"@id":"https:\/\/president-ksgov.net\/sr\/predsednik-thaci-visoko-ocenio-doprinos-dijaspore-u-jaanju-dve-albanske-drave\/#primaryimage"},"thumbnailUrl":"https:\/\/president-ksgov.net\/wp-content\/uploads\/01_03_2019_5049042_samiti_i_diapores_1.jpg","datePublished":"2019-03-01T14:12:17+00:00","dateModified":"2019-03-01T14:12:17+00:00","author":{"@id":"https:\/\/president-ksgov.net\/#\/schema\/person\/bb4337a5fb147cb2046d80548172cbee"},"description":"Predsednik Tha\u00e7i visoko ocenio doprinos dijaspore u ja&ccaron;anju dve albanske dr&#158;ave - Predsednik Republike Kosovo - DR. VJOSA OSMANI - SADRIU -","breadcrumb":{"@id":"https:\/\/president-ksgov.net\/sr\/predsednik-thaci-visoko-ocenio-doprinos-dijaspore-u-jaanju-dve-albanske-drave\/#breadcrumb"},"inLanguage":"sr-RS","potentialAction":[{"@type":"ReadAction","target":["https:\/\/president-ksgov.net\/sr\/predsednik-thaci-visoko-ocenio-doprinos-dijaspore-u-jaanju-dve-albanske-drave\/"]}]},{"@type":"ImageObject","inLanguage":"sr-RS","@id":"https:\/\/president-ksgov.net\/sr\/predsednik-thaci-visoko-ocenio-doprinos-dijaspore-u-jaanju-dve-albanske-drave\/#primaryimage","url":"https:\/\/president-ksgov.net\/wp-content\/uploads\/01_03_2019_5049042_samiti_i_diapores_1.jpg","contentUrl":"https:\/\/president-ksgov.net\/wp-content\/uploads\/01_03_2019_5049042_samiti_i_diapores_1.jpg","width":1280,"height":960},{"@type":"BreadcrumbList","@id":"https:\/\/president-ksgov.net\/sr\/predsednik-thaci-visoko-ocenio-doprinos-dijaspore-u-jaanju-dve-albanske-drave\/#breadcrumb","itemListElement":[{"@type":"ListItem","position":1,"name":"Home","item":"https:\/\/president-ksgov.net\/sr\/"},{"@type":"ListItem","position":2,"name":"Predsednik Tha\u00e7i visoko ocenio doprinos dijaspore u ja&ccaron;anju dve albanske dr&#158;ave"}]},{"@type":"WebSite","@id":"https:\/\/president-ksgov.net\/#website","url":"https:\/\/president-ksgov.net\/","name":"Presidente e Republik\u00ebs s\u00eb Kosov\u00ebs","description":"Presidente e Republik\u00ebs s\u00eb Kosov\u00ebs","alternateName":"DR. VJOSA OSMANI - SADRIU","potentialAction":[{"@type":"SearchAction","target":{"@type":"EntryPoint","urlTemplate":"https:\/\/president-ksgov.net\/?s={search_term_string}"},"query-input":{"@type":"PropertyValueSpecification","valueRequired":true,"valueName":"search_term_string"}}],"inLanguage":"sr-RS"},{"@type":"Person","@id":"https:\/\/president-ksgov.net\/#\/schema\/person\/bb4337a5fb147cb2046d80548172cbee","name":"admin","image":{"@type":"ImageObject","inLanguage":"sr-RS","@id":"https:\/\/president-ksgov.net\/#\/schema\/person\/image\/","url":"https:\/\/secure.gravatar.com\/avatar\/36156ca0fa3b8d9d25174f146e16beea0cf28f37adf1b9e19b6c9c279a7c9dd3?s=96&d=mm&r=g","contentUrl":"https:\/\/secure.gravatar.com\/avatar\/36156ca0fa3b8d9d25174f146e16beea0cf28f37adf1b9e19b6c9c279a7c9dd3?s=96&d=mm&r=g","caption":"admin"},"sameAs":["https:\/\/president-ksgov.net"]}]}},"_links":{"self":[{"href":"https:\/\/president-ksgov.net\/sr\/wp-json\/wp\/v2\/posts\/75630","targetHints":{"allow":["GET"]}}],"collection":[{"href":"https:\/\/president-ksgov.net\/sr\/wp-json\/wp\/v2\/posts"}],"about":[{"href":"https:\/\/president-ksgov.net\/sr\/wp-json\/wp\/v2\/types\/post"}],"author":[{"embeddable":true,"href":"https:\/\/president-ksgov.net\/sr\/wp-json\/wp\/v2\/users\/1"}],"replies":[{"embeddable":true,"href":"https:\/\/president-ksgov.net\/sr\/wp-json\/wp\/v2\/comments?post=75630"}],"version-history":[{"count":0,"href":"https:\/\/president-ksgov.net\/sr\/wp-json\/wp\/v2\/posts\/75630\/revisions"}],"wp:featuredmedia":[{"embeddable":true,"href":"https:\/\/president-ksgov.net\/sr\/wp-json\/wp\/v2\/media\/25534"}],"wp:attachment":[{"href":"https:\/\/president-ksgov.net\/sr\/wp-json\/wp\/v2\/media?parent=75630"}],"wp:term":[{"taxonomy":"category","embeddable":true,"href":"https:\/\/president-ksgov.net\/sr\/wp-json\/wp\/v2\/categories?post=75630"},{"taxonomy":"post_tag","embeddable":true,"href":"https:\/\/president-ksgov.net\/sr\/wp-json\/wp\/v2\/tags?post=75630"}],"curies":[{"name":"wp","href":"https:\/\/api.w.org\/{rel}","templated":true}]}}