{"id":75627,"date":"2019-03-05T12:24:33","date_gmt":"2019-03-05T12:24:33","guid":{"rendered":"https:\/\/dev.president-ksgov.net\/predsednik-thaci-na-21-godisnjicu-epopeje-ovk-a-ujedinjeni-pravimo-ogromne-korake\/"},"modified":"2019-03-05T12:24:33","modified_gmt":"2019-03-05T12:24:33","slug":"predsednik-thaci-na-21-godisnjicu-epopeje-ovk-a-ujedinjeni-pravimo-ogromne-korake","status":"publish","type":"post","link":"https:\/\/president-ksgov.net\/sr\/predsednik-thaci-na-21-godisnjicu-epopeje-ovk-a-ujedinjeni-pravimo-ogromne-korake\/","title":{"rendered":"Predsednik Tha\u00e7i na 21. godi\u0161njicu Epopeje OVK-a: Ujedinjeni pravimo ogromne korake"},"content":{"rendered":"<p>Pri\u0161tina, 5. mart 2019. godine \u2013 Predsednik Republike Kosovo Hashim Tha\u00e7i danas je u&ccaron;estvovao na ceremoniji obele&#382;avanja 21. godi\u0161njice slavne epopeje Oslobodila&ccaron;ke vojske Kosova.<\/p>\n<p>Predsednik Tha\u00e7i je rekao da se uz najvi\u0161e dr&#382;avne po&ccaron;asti danas se&cacute;amo &#382;rtve bez presedana porodice Jashari, na &ccaron;elu sa legendarnim komandantom Ademom Jasharijem.<\/p>\n<p>Ova uzvi\u0161ena &#382;rtva, prema njegovom mi\u0161ljenju, je napravila izuzetan obrt na nacionalnom i me&dstrok;unarodnom nivou po pitanju Kosova.<\/p>\n<p>\u201eSvet je po&ccaron;eo pravi&ccaron;no da shvata Kosovo. Epopeja OVK-a je dokazala da nije bilo vra&cacute;anja nazad u na\u0161oj borbi za slobodu i oslobo&dstrok;enje. OVK-a je postala najve&cacute;i nacionalni projekat u istoriji albanske nacije\u201c, dodao je on.<\/p>\n<p>\u0160ef dr&#382;ave je rekao da danas odajemo po&ccaron;ast i da &cacute;emo zauvek odavati po&ccaron;ast svim palima za slobodu, invalidima i veteranima, kao i svim gra&dstrok;anima koji su se &#382;rtvovali za oslobo&dstrok;enje Kosova.<\/p>\n<p>\u201ePo\u0161tujemo dijasporu koja je sve dala za slobodu. Se&cacute;amo se 13,500 ubijenih albanskih civila, oko 400 masakra protiv Albanaca, oko 20,000 silovanih albanskih &#382;ena\u201c, rekao je predsednik Tha\u00e7i pred stotinama vojnika postrojenih u &ccaron;ast 21. godi\u0161njice Epopeje Oslobodila&ccaron;ke vojske Kosova.<\/p>\n<p>Prvi &ccaron;ovek dr&#382;ave je rekao da ove godi\u0161njice, po prvi put Epopeju OVK-a obele&#382;avamo sa Vojskom Kosova, koje su me&dstrok;unarodno priznata kao modrene, profesionalne i multietni&ccaron;ke snage.<\/p>\n<p>\u201eNapredovanje Kosova je nezaustavljivo. Konsolidujemo se na unutra\u0161njem i me&dstrok;unarodnom nivou. Ujedinjeni kao narod i institucije, imamo energiju da pravimo ogromne korake. Ujedinjene &cacute;e nas podr&#382;ati jo\u0161 vi\u0161e prijatelji\u201c, rekao je on.<\/p>\n<p>Predsednik Tha\u00e7i je istakao da &cacute;e Kosovo u bliskoj budu&cacute;nosti postati deo NATO-a, Evropske unije i OUN-a i da &cacute;e oja&ccaron;ati posebne odnose sa Sjedinjenim Ameri&ccaron;kim Dr&#382;avama.\u00a0<\/p>\n","protected":false},"excerpt":{"rendered":"<p>Pri\u0161tina, 5. mart 2019. godine \u2013 Predsednik Republike Kosovo Hashim Tha\u00e7i danas je u&ccaron;estvovao na ceremoniji obele&#382;avanja 21. godi\u0161njice slavne epopeje Oslobodila&ccaron;ke vojske Kosova.<\/p>\n","protected":false},"author":1,"featured_media":25513,"comment_status":"open","ping_status":"closed","sticky":false,"template":"","format":"standard","meta":{"_eb_attr":"","footnotes":""},"categories":[101],"tags":[],"class_list":["post-75627","post","type-post","status-publish","format-standard","has-post-thumbnail","hentry","category-vesti"],"yoast_head":"<!-- This site is optimized with the Yoast SEO plugin v23.5 - https:\/\/yoast.com\/wordpress\/plugins\/seo\/ -->\n<title>Predsednik Tha\u00e7i na 21. godi\u0161njicu Epopeje OVK-a: Ujedinjeni pravimo ogromne korake - Predsednik Republike Kosovo - DR. VJOSA OSMANI - SADRIU<\/title>\n<meta name=\"description\" content=\"Predsednik Tha\u00e7i na 21. godi\u0161njicu Epopeje OVK-a: Ujedinjeni pravimo ogromne korake - Predsednik Republike Kosovo - DR. VJOSA OSMANI - SADRIU -\" \/>\n<meta name=\"robots\" content=\"index, follow, max-snippet:-1, max-image-preview:large, max-video-preview:-1\" \/>\n<link rel=\"canonical\" href=\"https:\/\/president-ksgov.net\/sr\/predsednik-thaci-na-21-godisnjicu-epopeje-ovk-a-ujedinjeni-pravimo-ogromne-korake\/\" \/>\n<meta property=\"og:locale\" content=\"sr_RS\" \/>\n<meta property=\"og:type\" content=\"article\" \/>\n<meta property=\"og:title\" content=\"Predsednik Tha\u00e7i na 21. godi\u0161njicu Epopeje OVK-a: Ujedinjeni pravimo ogromne korake - Predsednik Republike Kosovo - DR. VJOSA OSMANI - SADRIU\" \/>\n<meta property=\"og:description\" content=\"Predsednik Tha\u00e7i na 21. godi\u0161njicu Epopeje OVK-a: Ujedinjeni pravimo ogromne korake - Predsednik Republike Kosovo - DR. VJOSA OSMANI - SADRIU -\" \/>\n<meta property=\"og:url\" content=\"https:\/\/president-ksgov.net\/sr\/predsednik-thaci-na-21-godisnjicu-epopeje-ovk-a-ujedinjeni-pravimo-ogromne-korake\/\" \/>\n<meta property=\"og:site_name\" content=\"Predsednik Republike Kosovo - DR. VJOSA OSMANI - SADRIU\" \/>\n<meta property=\"article:published_time\" content=\"2019-03-05T12:24:33+00:00\" \/>\n<meta property=\"og:image\" content=\"https:\/\/president-ksgov.net\/wp-content\/uploads\/05_03_2019_6018627_fsk_1.jpg\" \/>\n\t<meta property=\"og:image:width\" content=\"2000\" \/>\n\t<meta property=\"og:image:height\" content=\"1333\" \/>\n\t<meta property=\"og:image:type\" content=\"image\/jpeg\" \/>\n<meta name=\"author\" content=\"admin\" \/>\n<meta name=\"twitter:card\" content=\"summary_large_image\" \/>\n<meta name=\"twitter:label1\" content=\"\u041d\u0430\u043f\u0438\u0441\u0430\u043d\u043e \u043e\u0434\" \/>\n\t<meta name=\"twitter:data1\" content=\"admin\" \/>\n\t<meta name=\"twitter:label2\" content=\"\u041f\u0440\u043e\u0446\u0435\u045a\u0435\u043d\u043e \u0432\u0440\u0435\u043c\u0435 \u0447\u0438\u0442\u0430\u045a\u0430\" \/>\n\t<meta name=\"twitter:data2\" content=\"2 \u043c\u0438\u043d\u0443\u0442\u0430\" \/>\n<script type=\"application\/ld+json\" class=\"yoast-schema-graph\">{\"@context\":\"https:\/\/schema.org\",\"@graph\":[{\"@type\":\"WebPage\",\"@id\":\"https:\/\/president-ksgov.net\/sr\/predsednik-thaci-na-21-godisnjicu-epopeje-ovk-a-ujedinjeni-pravimo-ogromne-korake\/\",\"url\":\"https:\/\/president-ksgov.net\/sr\/predsednik-thaci-na-21-godisnjicu-epopeje-ovk-a-ujedinjeni-pravimo-ogromne-korake\/\",\"name\":\"Predsednik Tha\u00e7i na 21. godi\u0161njicu Epopeje OVK-a: Ujedinjeni pravimo ogromne korake - Predsednik Republike Kosovo - DR. VJOSA OSMANI - SADRIU\",\"isPartOf\":{\"@id\":\"https:\/\/president-ksgov.net\/#website\"},\"primaryImageOfPage\":{\"@id\":\"https:\/\/president-ksgov.net\/sr\/predsednik-thaci-na-21-godisnjicu-epopeje-ovk-a-ujedinjeni-pravimo-ogromne-korake\/#primaryimage\"},\"image\":{\"@id\":\"https:\/\/president-ksgov.net\/sr\/predsednik-thaci-na-21-godisnjicu-epopeje-ovk-a-ujedinjeni-pravimo-ogromne-korake\/#primaryimage\"},\"thumbnailUrl\":\"https:\/\/president-ksgov.net\/wp-content\/uploads\/05_03_2019_6018627_fsk_1.jpg\",\"datePublished\":\"2019-03-05T12:24:33+00:00\",\"dateModified\":\"2019-03-05T12:24:33+00:00\",\"author\":{\"@id\":\"https:\/\/president-ksgov.net\/#\/schema\/person\/bb4337a5fb147cb2046d80548172cbee\"},\"description\":\"Predsednik Tha\u00e7i na 21. godi\u0161njicu Epopeje OVK-a: Ujedinjeni pravimo ogromne korake - Predsednik Republike Kosovo - DR. VJOSA OSMANI - SADRIU -\",\"breadcrumb\":{\"@id\":\"https:\/\/president-ksgov.net\/sr\/predsednik-thaci-na-21-godisnjicu-epopeje-ovk-a-ujedinjeni-pravimo-ogromne-korake\/#breadcrumb\"},\"inLanguage\":\"sr-RS\",\"potentialAction\":[{\"@type\":\"ReadAction\",\"target\":[\"https:\/\/president-ksgov.net\/sr\/predsednik-thaci-na-21-godisnjicu-epopeje-ovk-a-ujedinjeni-pravimo-ogromne-korake\/\"]}]},{\"@type\":\"ImageObject\",\"inLanguage\":\"sr-RS\",\"@id\":\"https:\/\/president-ksgov.net\/sr\/predsednik-thaci-na-21-godisnjicu-epopeje-ovk-a-ujedinjeni-pravimo-ogromne-korake\/#primaryimage\",\"url\":\"https:\/\/president-ksgov.net\/wp-content\/uploads\/05_03_2019_6018627_fsk_1.jpg\",\"contentUrl\":\"https:\/\/president-ksgov.net\/wp-content\/uploads\/05_03_2019_6018627_fsk_1.jpg\",\"width\":2000,\"height\":1333},{\"@type\":\"BreadcrumbList\",\"@id\":\"https:\/\/president-ksgov.net\/sr\/predsednik-thaci-na-21-godisnjicu-epopeje-ovk-a-ujedinjeni-pravimo-ogromne-korake\/#breadcrumb\",\"itemListElement\":[{\"@type\":\"ListItem\",\"position\":1,\"name\":\"Home\",\"item\":\"https:\/\/president-ksgov.net\/sr\/\"},{\"@type\":\"ListItem\",\"position\":2,\"name\":\"Predsednik Tha\u00e7i na 21. godi\u0161njicu Epopeje OVK-a: Ujedinjeni pravimo ogromne korake\"}]},{\"@type\":\"WebSite\",\"@id\":\"https:\/\/president-ksgov.net\/#website\",\"url\":\"https:\/\/president-ksgov.net\/\",\"name\":\"Presidente e Republik\u00ebs s\u00eb Kosov\u00ebs\",\"description\":\"Presidente e Republik\u00ebs s\u00eb Kosov\u00ebs\",\"alternateName\":\"DR. VJOSA OSMANI - SADRIU\",\"potentialAction\":[{\"@type\":\"SearchAction\",\"target\":{\"@type\":\"EntryPoint\",\"urlTemplate\":\"https:\/\/president-ksgov.net\/?s={search_term_string}\"},\"query-input\":{\"@type\":\"PropertyValueSpecification\",\"valueRequired\":true,\"valueName\":\"search_term_string\"}}],\"inLanguage\":\"sr-RS\"},{\"@type\":\"Person\",\"@id\":\"https:\/\/president-ksgov.net\/#\/schema\/person\/bb4337a5fb147cb2046d80548172cbee\",\"name\":\"admin\",\"image\":{\"@type\":\"ImageObject\",\"inLanguage\":\"sr-RS\",\"@id\":\"https:\/\/president-ksgov.net\/#\/schema\/person\/image\/\",\"url\":\"https:\/\/secure.gravatar.com\/avatar\/36156ca0fa3b8d9d25174f146e16beea0cf28f37adf1b9e19b6c9c279a7c9dd3?s=96&d=mm&r=g\",\"contentUrl\":\"https:\/\/secure.gravatar.com\/avatar\/36156ca0fa3b8d9d25174f146e16beea0cf28f37adf1b9e19b6c9c279a7c9dd3?s=96&d=mm&r=g\",\"caption\":\"admin\"},\"sameAs\":[\"https:\/\/president-ksgov.net\"]}]}<\/script>\n<!-- \/ Yoast SEO plugin. -->","yoast_head_json":{"title":"Predsednik Tha\u00e7i na 21. godi\u0161njicu Epopeje OVK-a: Ujedinjeni pravimo ogromne korake - Predsednik Republike Kosovo - DR. VJOSA OSMANI - SADRIU","description":"Predsednik Tha\u00e7i na 21. godi\u0161njicu Epopeje OVK-a: Ujedinjeni pravimo ogromne korake - Predsednik Republike Kosovo - DR. VJOSA OSMANI - SADRIU -","robots":{"index":"index","follow":"follow","max-snippet":"max-snippet:-1","max-image-preview":"max-image-preview:large","max-video-preview":"max-video-preview:-1"},"canonical":"https:\/\/president-ksgov.net\/sr\/predsednik-thaci-na-21-godisnjicu-epopeje-ovk-a-ujedinjeni-pravimo-ogromne-korake\/","og_locale":"sr_RS","og_type":"article","og_title":"Predsednik Tha\u00e7i na 21. godi\u0161njicu Epopeje OVK-a: Ujedinjeni pravimo ogromne korake - Predsednik Republike Kosovo - DR. VJOSA OSMANI - SADRIU","og_description":"Predsednik Tha\u00e7i na 21. godi\u0161njicu Epopeje OVK-a: Ujedinjeni pravimo ogromne korake - Predsednik Republike Kosovo - DR. VJOSA OSMANI - SADRIU -","og_url":"https:\/\/president-ksgov.net\/sr\/predsednik-thaci-na-21-godisnjicu-epopeje-ovk-a-ujedinjeni-pravimo-ogromne-korake\/","og_site_name":"Predsednik Republike Kosovo - DR. VJOSA OSMANI - SADRIU","article_published_time":"2019-03-05T12:24:33+00:00","og_image":[{"width":2000,"height":1333,"url":"https:\/\/president-ksgov.net\/wp-content\/uploads\/05_03_2019_6018627_fsk_1.jpg","type":"image\/jpeg"}],"author":"admin","twitter_card":"summary_large_image","twitter_misc":{"\u041d\u0430\u043f\u0438\u0441\u0430\u043d\u043e \u043e\u0434":"admin","\u041f\u0440\u043e\u0446\u0435\u045a\u0435\u043d\u043e \u0432\u0440\u0435\u043c\u0435 \u0447\u0438\u0442\u0430\u045a\u0430":"2 \u043c\u0438\u043d\u0443\u0442\u0430"},"schema":{"@context":"https:\/\/schema.org","@graph":[{"@type":"WebPage","@id":"https:\/\/president-ksgov.net\/sr\/predsednik-thaci-na-21-godisnjicu-epopeje-ovk-a-ujedinjeni-pravimo-ogromne-korake\/","url":"https:\/\/president-ksgov.net\/sr\/predsednik-thaci-na-21-godisnjicu-epopeje-ovk-a-ujedinjeni-pravimo-ogromne-korake\/","name":"Predsednik Tha\u00e7i na 21. godi\u0161njicu Epopeje OVK-a: Ujedinjeni pravimo ogromne korake - Predsednik Republike Kosovo - DR. VJOSA OSMANI - SADRIU","isPartOf":{"@id":"https:\/\/president-ksgov.net\/#website"},"primaryImageOfPage":{"@id":"https:\/\/president-ksgov.net\/sr\/predsednik-thaci-na-21-godisnjicu-epopeje-ovk-a-ujedinjeni-pravimo-ogromne-korake\/#primaryimage"},"image":{"@id":"https:\/\/president-ksgov.net\/sr\/predsednik-thaci-na-21-godisnjicu-epopeje-ovk-a-ujedinjeni-pravimo-ogromne-korake\/#primaryimage"},"thumbnailUrl":"https:\/\/president-ksgov.net\/wp-content\/uploads\/05_03_2019_6018627_fsk_1.jpg","datePublished":"2019-03-05T12:24:33+00:00","dateModified":"2019-03-05T12:24:33+00:00","author":{"@id":"https:\/\/president-ksgov.net\/#\/schema\/person\/bb4337a5fb147cb2046d80548172cbee"},"description":"Predsednik Tha\u00e7i na 21. godi\u0161njicu Epopeje OVK-a: Ujedinjeni pravimo ogromne korake - Predsednik Republike Kosovo - DR. VJOSA OSMANI - SADRIU -","breadcrumb":{"@id":"https:\/\/president-ksgov.net\/sr\/predsednik-thaci-na-21-godisnjicu-epopeje-ovk-a-ujedinjeni-pravimo-ogromne-korake\/#breadcrumb"},"inLanguage":"sr-RS","potentialAction":[{"@type":"ReadAction","target":["https:\/\/president-ksgov.net\/sr\/predsednik-thaci-na-21-godisnjicu-epopeje-ovk-a-ujedinjeni-pravimo-ogromne-korake\/"]}]},{"@type":"ImageObject","inLanguage":"sr-RS","@id":"https:\/\/president-ksgov.net\/sr\/predsednik-thaci-na-21-godisnjicu-epopeje-ovk-a-ujedinjeni-pravimo-ogromne-korake\/#primaryimage","url":"https:\/\/president-ksgov.net\/wp-content\/uploads\/05_03_2019_6018627_fsk_1.jpg","contentUrl":"https:\/\/president-ksgov.net\/wp-content\/uploads\/05_03_2019_6018627_fsk_1.jpg","width":2000,"height":1333},{"@type":"BreadcrumbList","@id":"https:\/\/president-ksgov.net\/sr\/predsednik-thaci-na-21-godisnjicu-epopeje-ovk-a-ujedinjeni-pravimo-ogromne-korake\/#breadcrumb","itemListElement":[{"@type":"ListItem","position":1,"name":"Home","item":"https:\/\/president-ksgov.net\/sr\/"},{"@type":"ListItem","position":2,"name":"Predsednik Tha\u00e7i na 21. godi\u0161njicu Epopeje OVK-a: Ujedinjeni pravimo ogromne korake"}]},{"@type":"WebSite","@id":"https:\/\/president-ksgov.net\/#website","url":"https:\/\/president-ksgov.net\/","name":"Presidente e Republik\u00ebs s\u00eb Kosov\u00ebs","description":"Presidente e Republik\u00ebs s\u00eb Kosov\u00ebs","alternateName":"DR. VJOSA OSMANI - SADRIU","potentialAction":[{"@type":"SearchAction","target":{"@type":"EntryPoint","urlTemplate":"https:\/\/president-ksgov.net\/?s={search_term_string}"},"query-input":{"@type":"PropertyValueSpecification","valueRequired":true,"valueName":"search_term_string"}}],"inLanguage":"sr-RS"},{"@type":"Person","@id":"https:\/\/president-ksgov.net\/#\/schema\/person\/bb4337a5fb147cb2046d80548172cbee","name":"admin","image":{"@type":"ImageObject","inLanguage":"sr-RS","@id":"https:\/\/president-ksgov.net\/#\/schema\/person\/image\/","url":"https:\/\/secure.gravatar.com\/avatar\/36156ca0fa3b8d9d25174f146e16beea0cf28f37adf1b9e19b6c9c279a7c9dd3?s=96&d=mm&r=g","contentUrl":"https:\/\/secure.gravatar.com\/avatar\/36156ca0fa3b8d9d25174f146e16beea0cf28f37adf1b9e19b6c9c279a7c9dd3?s=96&d=mm&r=g","caption":"admin"},"sameAs":["https:\/\/president-ksgov.net"]}]}},"_links":{"self":[{"href":"https:\/\/president-ksgov.net\/sr\/wp-json\/wp\/v2\/posts\/75627","targetHints":{"allow":["GET"]}}],"collection":[{"href":"https:\/\/president-ksgov.net\/sr\/wp-json\/wp\/v2\/posts"}],"about":[{"href":"https:\/\/president-ksgov.net\/sr\/wp-json\/wp\/v2\/types\/post"}],"author":[{"embeddable":true,"href":"https:\/\/president-ksgov.net\/sr\/wp-json\/wp\/v2\/users\/1"}],"replies":[{"embeddable":true,"href":"https:\/\/president-ksgov.net\/sr\/wp-json\/wp\/v2\/comments?post=75627"}],"version-history":[{"count":0,"href":"https:\/\/president-ksgov.net\/sr\/wp-json\/wp\/v2\/posts\/75627\/revisions"}],"wp:featuredmedia":[{"embeddable":true,"href":"https:\/\/president-ksgov.net\/sr\/wp-json\/wp\/v2\/media\/25513"}],"wp:attachment":[{"href":"https:\/\/president-ksgov.net\/sr\/wp-json\/wp\/v2\/media?parent=75627"}],"wp:term":[{"taxonomy":"category","embeddable":true,"href":"https:\/\/president-ksgov.net\/sr\/wp-json\/wp\/v2\/categories?post=75627"},{"taxonomy":"post_tag","embeddable":true,"href":"https:\/\/president-ksgov.net\/sr\/wp-json\/wp\/v2\/tags?post=75627"}],"curies":[{"name":"wp","href":"https:\/\/api.w.org\/{rel}","templated":true}]}}