{"id":75613,"date":"2019-03-28T13:38:03","date_gmt":"2019-03-28T13:38:03","guid":{"rendered":"https:\/\/dev.president-ksgov.net\/predsednik-na-20-godisnjicu-masakra-u-izbici-srbija-je-izvrsila-genocid-i-etniko-isenje-na-kosovu\/"},"modified":"2019-03-28T13:38:03","modified_gmt":"2019-03-28T13:38:03","slug":"predsednik-na-20-godisnjicu-masakra-u-izbici-srbija-je-izvrsila-genocid-i-etniko-isenje-na-kosovu","status":"publish","type":"post","link":"https:\/\/president-ksgov.net\/sr\/predsednik-na-20-godisnjicu-masakra-u-izbici-srbija-je-izvrsila-genocid-i-etniko-isenje-na-kosovu\/","title":{"rendered":"Predsednik na 20. godi\u0161njicu masakra u Izbici: Srbija je izvr\u0161ila genocid i etni&ccaron;ko &ccaron;i\u0161&cacute;enje na Kosovu"},"content":{"rendered":"<p>Pri\u0161tina, 28. mart 2019. godine \u2013 Pod patronatom predsednika Republike Kosovo, danas je odr&#382;ana Spomen akademija povodom 20. godi\u0161njice masakra u Izbici.<\/p>\n<p>Na 20. godi\u0161njicu zlo&ccaron;ina srpske policije i vojske u Izbici, predsednik Tha\u00e7i se prisetio 147 palih u Izbici i iz okolnih naselja.<\/p>\n<p>\u201ePrise&cacute;amo se svih mu&ccaron;enika i &#382;rtava terora srpske dr&#382;ave, tokom 1998. i 1999. godine. Prise&cacute;amo se onih koji su ubijeni i masakrirani samo zato \u0161to su bili Albanci. Nenaoru&#382;ani ljudi, starci, &#382;ene, mu\u0161karci, deca, mladi, ubijani su na svom ognji\u0161tu i na svojoj zemlji, svuda po Kosovu\u201c, rekao je predsednik Tha\u00e7i.<\/p>\n<p>On je dodao da Kosovo nikada ne&cacute;e zaboraviti tragedije u Liko\u0161anu, &Cacute;irezu, Abriji, Ra&ccaron;ku, Celini, Kru\u0161i, Rezali, &Cacute;u\u0161ku, Pokleku, Studimlju, Meji i mnogim drugim naseljima.<\/p>\n<p>\u201eSrpska dr&#382;ava je izvr\u0161ila genocid i etni&ccaron;ko &ccaron;i\u0161&cacute;enje na Kosovu. Proterala je na hiljade Albanaca van Kosova i oplja&ccaron;kala je imovinu na\u0161ih gra&dstrok;ana. Nikada se ne&cacute;e zaboraviti mere sprskih zlo&ccaron;inaca nad kosovskim stanovni\u0161tvom\u201c, rekao je predsednik Tha\u00e7i.<\/p>\n<p>\u0160ef dr&#382;ave je istakao da Kosovo ove godine obele&#382;ava dvadesetogodi\u0161njicu oslobo&dstrok;enja.<\/p>\n<p>Ovaj dan, prema njegovom mi\u0161ljenju, ne bi do\u0161ao bez pravi&ccaron;ne borbe Oslobodila&ccaron;ke vojske Kosova.<\/p>\n<p>\u201eNe bi do\u0161ao bez &#382;rtve i krvi dve hiljade palih boraca i na hiljade mu&ccaron;enika. Pravi&ccaron;nu borbu na\u0161eg naroda podr&#382;ale su dr&#382;ave demokratskog sveta, od Sjedinjenih Ameri&ccaron;kih Dr&#382;ava, do dr&#382;ava &ccaron;lanica NATO-a i EU. Temelji slobode i nezavisnosti Kosova su u &#382;rtvi palih boraca i mu&ccaron;enika\u201c, rekao je on.<\/p>\n<p>Na ovoj Spomen akademiji, predsednik Tha\u00e7i je istakao da &cacute;emo o&ccaron;uvati i gajiti odnose sa dr&#382;avama zapadnog sveta, na &ccaron;elu sa Sjedinjenim Ameri&ccaron;kim Dr&#382;avama.<\/p>\n<p>On je istakao da je Kosovo sigurno na putu evroatlantskih integracija i da &cacute;e postati deo EU, NATO-a i OUN-a.\u00a0<\/p>\n","protected":false},"excerpt":{"rendered":"<p>Pri\u0161tina, 28. mart 2019. godine \u2013 Pod patronatom predsednika Republike Kosovo, danas je odr&#382;ana Spomen akademija povodom 20. godi\u0161njice masakra u Izbici.<\/p>\n","protected":false},"author":1,"featured_media":25376,"comment_status":"open","ping_status":"closed","sticky":false,"template":"","format":"standard","meta":{"_eb_attr":"","footnotes":""},"categories":[101],"tags":[],"class_list":["post-75613","post","type-post","status-publish","format-standard","has-post-thumbnail","hentry","category-vesti"],"yoast_head":"<!-- This site is optimized with the Yoast SEO plugin v23.5 - https:\/\/yoast.com\/wordpress\/plugins\/seo\/ -->\n<title>Predsednik na 20. godi\u0161njicu masakra u Izbici: Srbija je izvr\u0161ila genocid i etni&amp;ccaron;ko &amp;ccaron;i\u0161&amp;cacute;enje na Kosovu - Predsednik Republike Kosovo - DR. VJOSA OSMANI - SADRIU<\/title>\n<meta name=\"description\" content=\"Predsednik na 20. godi\u0161njicu masakra u Izbici: Srbija je izvr\u0161ila genocid i etni&amp;ccaron;ko &amp;ccaron;i\u0161&amp;cacute;enje na Kosovu - Predsednik Republike Kosovo - DR. VJOSA OSMANI - SADRIU -\" \/>\n<meta name=\"robots\" content=\"index, follow, max-snippet:-1, max-image-preview:large, max-video-preview:-1\" \/>\n<link rel=\"canonical\" href=\"https:\/\/president-ksgov.net\/sr\/predsednik-na-20-godisnjicu-masakra-u-izbici-srbija-je-izvrsila-genocid-i-etniko-isenje-na-kosovu\/\" \/>\n<meta property=\"og:locale\" content=\"sr_RS\" \/>\n<meta property=\"og:type\" content=\"article\" \/>\n<meta property=\"og:title\" content=\"Predsednik na 20. godi\u0161njicu masakra u Izbici: Srbija je izvr\u0161ila genocid i etni&amp;ccaron;ko &amp;ccaron;i\u0161&amp;cacute;enje na Kosovu - Predsednik Republike Kosovo - DR. VJOSA OSMANI - SADRIU\" \/>\n<meta property=\"og:description\" content=\"Predsednik na 20. godi\u0161njicu masakra u Izbici: Srbija je izvr\u0161ila genocid i etni&amp;ccaron;ko &amp;ccaron;i\u0161&amp;cacute;enje na Kosovu - Predsednik Republike Kosovo - DR. VJOSA OSMANI - SADRIU -\" \/>\n<meta property=\"og:url\" content=\"https:\/\/president-ksgov.net\/sr\/predsednik-na-20-godisnjicu-masakra-u-izbici-srbija-je-izvrsila-genocid-i-etniko-isenje-na-kosovu\/\" \/>\n<meta property=\"og:site_name\" content=\"Predsednik Republike Kosovo - DR. VJOSA OSMANI - SADRIU\" \/>\n<meta property=\"article:published_time\" content=\"2019-03-28T13:38:03+00:00\" \/>\n<meta property=\"og:image\" content=\"https:\/\/president-ksgov.net\/wp-content\/uploads\/28_03_2019_1284676_foto_0.jpg\" \/>\n\t<meta property=\"og:image:width\" content=\"2000\" \/>\n\t<meta property=\"og:image:height\" content=\"1333\" \/>\n\t<meta property=\"og:image:type\" content=\"image\/jpeg\" \/>\n<meta name=\"author\" content=\"admin\" \/>\n<meta name=\"twitter:card\" content=\"summary_large_image\" \/>\n<meta name=\"twitter:label1\" content=\"\u041d\u0430\u043f\u0438\u0441\u0430\u043d\u043e \u043e\u0434\" \/>\n\t<meta name=\"twitter:data1\" content=\"admin\" \/>\n\t<meta name=\"twitter:label2\" content=\"\u041f\u0440\u043e\u0446\u0435\u045a\u0435\u043d\u043e \u0432\u0440\u0435\u043c\u0435 \u0447\u0438\u0442\u0430\u045a\u0430\" \/>\n\t<meta name=\"twitter:data2\" content=\"2 \u043c\u0438\u043d\u0443\u0442\u0430\" \/>\n<script type=\"application\/ld+json\" class=\"yoast-schema-graph\">{\"@context\":\"https:\/\/schema.org\",\"@graph\":[{\"@type\":\"WebPage\",\"@id\":\"https:\/\/president-ksgov.net\/sr\/predsednik-na-20-godisnjicu-masakra-u-izbici-srbija-je-izvrsila-genocid-i-etniko-isenje-na-kosovu\/\",\"url\":\"https:\/\/president-ksgov.net\/sr\/predsednik-na-20-godisnjicu-masakra-u-izbici-srbija-je-izvrsila-genocid-i-etniko-isenje-na-kosovu\/\",\"name\":\"Predsednik na 20. godi\u0161njicu masakra u Izbici: Srbija je izvr\u0161ila genocid i etni&ccaron;ko &ccaron;i\u0161&cacute;enje na Kosovu - Predsednik Republike Kosovo - DR. VJOSA OSMANI - SADRIU\",\"isPartOf\":{\"@id\":\"https:\/\/president-ksgov.net\/#website\"},\"primaryImageOfPage\":{\"@id\":\"https:\/\/president-ksgov.net\/sr\/predsednik-na-20-godisnjicu-masakra-u-izbici-srbija-je-izvrsila-genocid-i-etniko-isenje-na-kosovu\/#primaryimage\"},\"image\":{\"@id\":\"https:\/\/president-ksgov.net\/sr\/predsednik-na-20-godisnjicu-masakra-u-izbici-srbija-je-izvrsila-genocid-i-etniko-isenje-na-kosovu\/#primaryimage\"},\"thumbnailUrl\":\"https:\/\/president-ksgov.net\/wp-content\/uploads\/28_03_2019_1284676_foto_0.jpg\",\"datePublished\":\"2019-03-28T13:38:03+00:00\",\"dateModified\":\"2019-03-28T13:38:03+00:00\",\"author\":{\"@id\":\"https:\/\/president-ksgov.net\/#\/schema\/person\/bb4337a5fb147cb2046d80548172cbee\"},\"description\":\"Predsednik na 20. godi\u0161njicu masakra u Izbici: Srbija je izvr\u0161ila genocid i etni&ccaron;ko &ccaron;i\u0161&cacute;enje na Kosovu - Predsednik Republike Kosovo - DR. VJOSA OSMANI - SADRIU -\",\"breadcrumb\":{\"@id\":\"https:\/\/president-ksgov.net\/sr\/predsednik-na-20-godisnjicu-masakra-u-izbici-srbija-je-izvrsila-genocid-i-etniko-isenje-na-kosovu\/#breadcrumb\"},\"inLanguage\":\"sr-RS\",\"potentialAction\":[{\"@type\":\"ReadAction\",\"target\":[\"https:\/\/president-ksgov.net\/sr\/predsednik-na-20-godisnjicu-masakra-u-izbici-srbija-je-izvrsila-genocid-i-etniko-isenje-na-kosovu\/\"]}]},{\"@type\":\"ImageObject\",\"inLanguage\":\"sr-RS\",\"@id\":\"https:\/\/president-ksgov.net\/sr\/predsednik-na-20-godisnjicu-masakra-u-izbici-srbija-je-izvrsila-genocid-i-etniko-isenje-na-kosovu\/#primaryimage\",\"url\":\"https:\/\/president-ksgov.net\/wp-content\/uploads\/28_03_2019_1284676_foto_0.jpg\",\"contentUrl\":\"https:\/\/president-ksgov.net\/wp-content\/uploads\/28_03_2019_1284676_foto_0.jpg\",\"width\":2000,\"height\":1333},{\"@type\":\"BreadcrumbList\",\"@id\":\"https:\/\/president-ksgov.net\/sr\/predsednik-na-20-godisnjicu-masakra-u-izbici-srbija-je-izvrsila-genocid-i-etniko-isenje-na-kosovu\/#breadcrumb\",\"itemListElement\":[{\"@type\":\"ListItem\",\"position\":1,\"name\":\"Home\",\"item\":\"https:\/\/president-ksgov.net\/sr\/\"},{\"@type\":\"ListItem\",\"position\":2,\"name\":\"Predsednik na 20. godi\u0161njicu masakra u Izbici: Srbija je izvr\u0161ila genocid i etni&ccaron;ko &ccaron;i\u0161&cacute;enje na Kosovu\"}]},{\"@type\":\"WebSite\",\"@id\":\"https:\/\/president-ksgov.net\/#website\",\"url\":\"https:\/\/president-ksgov.net\/\",\"name\":\"Presidente e Republik\u00ebs s\u00eb Kosov\u00ebs\",\"description\":\"Presidente e Republik\u00ebs s\u00eb Kosov\u00ebs\",\"alternateName\":\"DR. VJOSA OSMANI - SADRIU\",\"potentialAction\":[{\"@type\":\"SearchAction\",\"target\":{\"@type\":\"EntryPoint\",\"urlTemplate\":\"https:\/\/president-ksgov.net\/?s={search_term_string}\"},\"query-input\":{\"@type\":\"PropertyValueSpecification\",\"valueRequired\":true,\"valueName\":\"search_term_string\"}}],\"inLanguage\":\"sr-RS\"},{\"@type\":\"Person\",\"@id\":\"https:\/\/president-ksgov.net\/#\/schema\/person\/bb4337a5fb147cb2046d80548172cbee\",\"name\":\"admin\",\"image\":{\"@type\":\"ImageObject\",\"inLanguage\":\"sr-RS\",\"@id\":\"https:\/\/president-ksgov.net\/#\/schema\/person\/image\/\",\"url\":\"https:\/\/secure.gravatar.com\/avatar\/36156ca0fa3b8d9d25174f146e16beea0cf28f37adf1b9e19b6c9c279a7c9dd3?s=96&d=mm&r=g\",\"contentUrl\":\"https:\/\/secure.gravatar.com\/avatar\/36156ca0fa3b8d9d25174f146e16beea0cf28f37adf1b9e19b6c9c279a7c9dd3?s=96&d=mm&r=g\",\"caption\":\"admin\"},\"sameAs\":[\"https:\/\/president-ksgov.net\"]}]}<\/script>\n<!-- \/ Yoast SEO plugin. -->","yoast_head_json":{"title":"Predsednik na 20. godi\u0161njicu masakra u Izbici: Srbija je izvr\u0161ila genocid i etni&ccaron;ko &ccaron;i\u0161&cacute;enje na Kosovu - Predsednik Republike Kosovo - DR. VJOSA OSMANI - SADRIU","description":"Predsednik na 20. godi\u0161njicu masakra u Izbici: Srbija je izvr\u0161ila genocid i etni&ccaron;ko &ccaron;i\u0161&cacute;enje na Kosovu - Predsednik Republike Kosovo - DR. VJOSA OSMANI - SADRIU -","robots":{"index":"index","follow":"follow","max-snippet":"max-snippet:-1","max-image-preview":"max-image-preview:large","max-video-preview":"max-video-preview:-1"},"canonical":"https:\/\/president-ksgov.net\/sr\/predsednik-na-20-godisnjicu-masakra-u-izbici-srbija-je-izvrsila-genocid-i-etniko-isenje-na-kosovu\/","og_locale":"sr_RS","og_type":"article","og_title":"Predsednik na 20. godi\u0161njicu masakra u Izbici: Srbija je izvr\u0161ila genocid i etni&ccaron;ko &ccaron;i\u0161&cacute;enje na Kosovu - Predsednik Republike Kosovo - DR. VJOSA OSMANI - SADRIU","og_description":"Predsednik na 20. godi\u0161njicu masakra u Izbici: Srbija je izvr\u0161ila genocid i etni&ccaron;ko &ccaron;i\u0161&cacute;enje na Kosovu - Predsednik Republike Kosovo - DR. VJOSA OSMANI - SADRIU -","og_url":"https:\/\/president-ksgov.net\/sr\/predsednik-na-20-godisnjicu-masakra-u-izbici-srbija-je-izvrsila-genocid-i-etniko-isenje-na-kosovu\/","og_site_name":"Predsednik Republike Kosovo - DR. VJOSA OSMANI - SADRIU","article_published_time":"2019-03-28T13:38:03+00:00","og_image":[{"width":2000,"height":1333,"url":"https:\/\/president-ksgov.net\/wp-content\/uploads\/28_03_2019_1284676_foto_0.jpg","type":"image\/jpeg"}],"author":"admin","twitter_card":"summary_large_image","twitter_misc":{"\u041d\u0430\u043f\u0438\u0441\u0430\u043d\u043e \u043e\u0434":"admin","\u041f\u0440\u043e\u0446\u0435\u045a\u0435\u043d\u043e \u0432\u0440\u0435\u043c\u0435 \u0447\u0438\u0442\u0430\u045a\u0430":"2 \u043c\u0438\u043d\u0443\u0442\u0430"},"schema":{"@context":"https:\/\/schema.org","@graph":[{"@type":"WebPage","@id":"https:\/\/president-ksgov.net\/sr\/predsednik-na-20-godisnjicu-masakra-u-izbici-srbija-je-izvrsila-genocid-i-etniko-isenje-na-kosovu\/","url":"https:\/\/president-ksgov.net\/sr\/predsednik-na-20-godisnjicu-masakra-u-izbici-srbija-je-izvrsila-genocid-i-etniko-isenje-na-kosovu\/","name":"Predsednik na 20. godi\u0161njicu masakra u Izbici: Srbija je izvr\u0161ila genocid i etni&ccaron;ko &ccaron;i\u0161&cacute;enje na Kosovu - Predsednik Republike Kosovo - DR. VJOSA OSMANI - SADRIU","isPartOf":{"@id":"https:\/\/president-ksgov.net\/#website"},"primaryImageOfPage":{"@id":"https:\/\/president-ksgov.net\/sr\/predsednik-na-20-godisnjicu-masakra-u-izbici-srbija-je-izvrsila-genocid-i-etniko-isenje-na-kosovu\/#primaryimage"},"image":{"@id":"https:\/\/president-ksgov.net\/sr\/predsednik-na-20-godisnjicu-masakra-u-izbici-srbija-je-izvrsila-genocid-i-etniko-isenje-na-kosovu\/#primaryimage"},"thumbnailUrl":"https:\/\/president-ksgov.net\/wp-content\/uploads\/28_03_2019_1284676_foto_0.jpg","datePublished":"2019-03-28T13:38:03+00:00","dateModified":"2019-03-28T13:38:03+00:00","author":{"@id":"https:\/\/president-ksgov.net\/#\/schema\/person\/bb4337a5fb147cb2046d80548172cbee"},"description":"Predsednik na 20. godi\u0161njicu masakra u Izbici: Srbija je izvr\u0161ila genocid i etni&ccaron;ko &ccaron;i\u0161&cacute;enje na Kosovu - Predsednik Republike Kosovo - DR. VJOSA OSMANI - SADRIU -","breadcrumb":{"@id":"https:\/\/president-ksgov.net\/sr\/predsednik-na-20-godisnjicu-masakra-u-izbici-srbija-je-izvrsila-genocid-i-etniko-isenje-na-kosovu\/#breadcrumb"},"inLanguage":"sr-RS","potentialAction":[{"@type":"ReadAction","target":["https:\/\/president-ksgov.net\/sr\/predsednik-na-20-godisnjicu-masakra-u-izbici-srbija-je-izvrsila-genocid-i-etniko-isenje-na-kosovu\/"]}]},{"@type":"ImageObject","inLanguage":"sr-RS","@id":"https:\/\/president-ksgov.net\/sr\/predsednik-na-20-godisnjicu-masakra-u-izbici-srbija-je-izvrsila-genocid-i-etniko-isenje-na-kosovu\/#primaryimage","url":"https:\/\/president-ksgov.net\/wp-content\/uploads\/28_03_2019_1284676_foto_0.jpg","contentUrl":"https:\/\/president-ksgov.net\/wp-content\/uploads\/28_03_2019_1284676_foto_0.jpg","width":2000,"height":1333},{"@type":"BreadcrumbList","@id":"https:\/\/president-ksgov.net\/sr\/predsednik-na-20-godisnjicu-masakra-u-izbici-srbija-je-izvrsila-genocid-i-etniko-isenje-na-kosovu\/#breadcrumb","itemListElement":[{"@type":"ListItem","position":1,"name":"Home","item":"https:\/\/president-ksgov.net\/sr\/"},{"@type":"ListItem","position":2,"name":"Predsednik na 20. godi\u0161njicu masakra u Izbici: Srbija je izvr\u0161ila genocid i etni&ccaron;ko &ccaron;i\u0161&cacute;enje na Kosovu"}]},{"@type":"WebSite","@id":"https:\/\/president-ksgov.net\/#website","url":"https:\/\/president-ksgov.net\/","name":"Presidente e Republik\u00ebs s\u00eb Kosov\u00ebs","description":"Presidente e Republik\u00ebs s\u00eb Kosov\u00ebs","alternateName":"DR. VJOSA OSMANI - SADRIU","potentialAction":[{"@type":"SearchAction","target":{"@type":"EntryPoint","urlTemplate":"https:\/\/president-ksgov.net\/?s={search_term_string}"},"query-input":{"@type":"PropertyValueSpecification","valueRequired":true,"valueName":"search_term_string"}}],"inLanguage":"sr-RS"},{"@type":"Person","@id":"https:\/\/president-ksgov.net\/#\/schema\/person\/bb4337a5fb147cb2046d80548172cbee","name":"admin","image":{"@type":"ImageObject","inLanguage":"sr-RS","@id":"https:\/\/president-ksgov.net\/#\/schema\/person\/image\/","url":"https:\/\/secure.gravatar.com\/avatar\/36156ca0fa3b8d9d25174f146e16beea0cf28f37adf1b9e19b6c9c279a7c9dd3?s=96&d=mm&r=g","contentUrl":"https:\/\/secure.gravatar.com\/avatar\/36156ca0fa3b8d9d25174f146e16beea0cf28f37adf1b9e19b6c9c279a7c9dd3?s=96&d=mm&r=g","caption":"admin"},"sameAs":["https:\/\/president-ksgov.net"]}]}},"_links":{"self":[{"href":"https:\/\/president-ksgov.net\/sr\/wp-json\/wp\/v2\/posts\/75613","targetHints":{"allow":["GET"]}}],"collection":[{"href":"https:\/\/president-ksgov.net\/sr\/wp-json\/wp\/v2\/posts"}],"about":[{"href":"https:\/\/president-ksgov.net\/sr\/wp-json\/wp\/v2\/types\/post"}],"author":[{"embeddable":true,"href":"https:\/\/president-ksgov.net\/sr\/wp-json\/wp\/v2\/users\/1"}],"replies":[{"embeddable":true,"href":"https:\/\/president-ksgov.net\/sr\/wp-json\/wp\/v2\/comments?post=75613"}],"version-history":[{"count":0,"href":"https:\/\/president-ksgov.net\/sr\/wp-json\/wp\/v2\/posts\/75613\/revisions"}],"wp:featuredmedia":[{"embeddable":true,"href":"https:\/\/president-ksgov.net\/sr\/wp-json\/wp\/v2\/media\/25376"}],"wp:attachment":[{"href":"https:\/\/president-ksgov.net\/sr\/wp-json\/wp\/v2\/media?parent=75613"}],"wp:term":[{"taxonomy":"category","embeddable":true,"href":"https:\/\/president-ksgov.net\/sr\/wp-json\/wp\/v2\/categories?post=75613"},{"taxonomy":"post_tag","embeddable":true,"href":"https:\/\/president-ksgov.net\/sr\/wp-json\/wp\/v2\/tags?post=75613"}],"curies":[{"name":"wp","href":"https:\/\/api.w.org\/{rel}","templated":true}]}}