{"id":75599,"date":"2019-04-12T19:01:59","date_gmt":"2019-04-12T19:01:59","guid":{"rendered":"https:\/\/dev.president-ksgov.net\/pripremni-tim-se-konsultovao-sa-albanskim-istoriarima\/"},"modified":"2019-04-12T19:01:59","modified_gmt":"2019-04-12T19:01:59","slug":"pripremni-tim-se-konsultovao-sa-albanskim-istoriarima","status":"publish","type":"post","link":"https:\/\/president-ksgov.net\/sr\/pripremni-tim-se-konsultovao-sa-albanskim-istoriarima\/","title":{"rendered":"Pripremni tim se konsultovao sa albanskim istori&ccaron;arima"},"content":{"rendered":"<p>Pri\u0161tina, 12. april 2019. godine \u2013 Pripremni tim za osnivanje Komisije za istinu i pomirenje odr&#382;ao je konsultaciju sa istori&ccaron;arima iz centralnih javnih institucija kao \u0161to su Albanolo\u0161ki institut, Istorijski institut i Fakultet istorije.<\/p>\n<p>Stav istori&ccaron;ara je bio vi\u0161edimenzionalan, po\u0161to su se oni bavili razli&ccaron;itim istorijskim okolnostima i razdobljima, daju&cacute;i konkretne sugestije o na&ccaron;inu funkcionisanja Komisije.<\/p>\n<p>Panel iz Pripremnog tima za osnivanje Komisije za istinu i pomirenje bio je sastavljen od Bakija Svirca, Nore Ahmetaj i Kushtrima Koliqija, koji su na samom po&ccaron;etku pojasnili osnovne koncepte tranzicione pravde, zatim su u&ccaron;esnici obave\u0161teni o iskustvima drugih, a tako&dstrok;e su govorili i o inicijativi predsednika za osnivanje Komisije za istinu i pomirenje na Kosovu i za\u0161to nam je takva komisija potrebna.<\/p>\n<p>Fatmir Arifi sa Istorijskog instituta je rekao da izvinjenje treba da tra&#382;i srpska vlada i da preda Milo\u0161evi&cacute;evu dokumentaciju, pa &cacute;e se nakon toga pomirenje dogoditi samo po sebi, bez problema, jer istinu znaju kosovski istori&ccaron;ari i gra&dstrok;ani.<\/p>\n<p>A prema re&ccaron;ima Hakije Kusumija formiranje takve Komisije je potrebno i neophodno, ali i kasnimo.<\/p>\n<p>Re&ccaron; pomirenje treba izbegavati u ovoj fazi, a me&dstrok;unarodne konvencije treba da budu osnov osnivanja ove Komisije, rekao je profesor Ibrahim Gashi, tra&#382;e&cacute;i da period istrage bude od 1981. godine do 1999. godine.<\/p>\n<p>Nakon diskusije i analize koju su dali istori&ccaron;ari, u principu oni vide za razlo&#382;nu i kao neophodnu inicijativu za osnivanje ovakve Komisije, evidentiraju&cacute;i sve podatke za razli&ccaron;ite periode o povredama ljudskih prava i\u00a0 o sudbini &#382;rtava.<\/p>\n","protected":false},"excerpt":{"rendered":"<p>Pri\u0161tina, 12. april 2019. godine \u2013 Pripremni tim za osnivanje Komisije za istinu i pomirenje odr&#382;ao je konsultaciju sa istori&ccaron;arima iz centralnih javnih institucija kao \u0161to su Albanolo\u0161ki institut, Istorijski institut i Fakultet istorije.<\/p>\n","protected":false},"author":1,"featured_media":25260,"comment_status":"open","ping_status":"closed","sticky":false,"template":"","format":"standard","meta":{"_eb_attr":"","footnotes":""},"categories":[11],"tags":[],"class_list":["post-75599","post","type-post","status-publish","format-standard","has-post-thumbnail","hentry","category-uncategorized-sr"],"yoast_head":"<!-- This site is optimized with the Yoast SEO plugin v23.5 - https:\/\/yoast.com\/wordpress\/plugins\/seo\/ -->\n<title>Pripremni tim se konsultovao sa albanskim istori&amp;ccaron;arima - Predsednik Republike Kosovo - DR. VJOSA OSMANI - SADRIU<\/title>\n<meta name=\"description\" content=\"Pripremni tim se konsultovao sa albanskim istori&amp;ccaron;arima - Predsednik Republike Kosovo - DR. VJOSA OSMANI - SADRIU -\" \/>\n<meta name=\"robots\" content=\"index, follow, max-snippet:-1, max-image-preview:large, max-video-preview:-1\" \/>\n<link rel=\"canonical\" href=\"https:\/\/president-ksgov.net\/sr\/pripremni-tim-se-konsultovao-sa-albanskim-istoriarima\/\" \/>\n<meta property=\"og:locale\" content=\"sr_RS\" \/>\n<meta property=\"og:type\" content=\"article\" \/>\n<meta property=\"og:title\" content=\"Pripremni tim se konsultovao sa albanskim istori&amp;ccaron;arima - Predsednik Republike Kosovo - DR. VJOSA OSMANI - SADRIU\" \/>\n<meta property=\"og:description\" content=\"Pripremni tim se konsultovao sa albanskim istori&amp;ccaron;arima - Predsednik Republike Kosovo - DR. VJOSA OSMANI - SADRIU -\" \/>\n<meta property=\"og:url\" content=\"https:\/\/president-ksgov.net\/sr\/pripremni-tim-se-konsultovao-sa-albanskim-istoriarima\/\" \/>\n<meta property=\"og:site_name\" content=\"Predsednik Republike Kosovo - DR. VJOSA OSMANI - SADRIU\" \/>\n<meta property=\"article:published_time\" content=\"2019-04-12T19:01:59+00:00\" \/>\n<meta property=\"og:image\" content=\"https:\/\/president-ksgov.net\/wp-content\/uploads\/15_04_2019_8307084_12Prill_konsultim_me_historianet-scaled.jpg\" \/>\n\t<meta property=\"og:image:width\" content=\"2560\" \/>\n\t<meta property=\"og:image:height\" content=\"651\" \/>\n\t<meta property=\"og:image:type\" content=\"image\/jpeg\" \/>\n<meta name=\"author\" content=\"admin\" \/>\n<meta name=\"twitter:card\" content=\"summary_large_image\" \/>\n<meta name=\"twitter:label1\" content=\"\u041d\u0430\u043f\u0438\u0441\u0430\u043d\u043e \u043e\u0434\" \/>\n\t<meta name=\"twitter:data1\" content=\"admin\" \/>\n\t<meta name=\"twitter:label2\" content=\"\u041f\u0440\u043e\u0446\u0435\u045a\u0435\u043d\u043e \u0432\u0440\u0435\u043c\u0435 \u0447\u0438\u0442\u0430\u045a\u0430\" \/>\n\t<meta name=\"twitter:data2\" content=\"1 \u043c\u0438\u043d\u0443\u0442\" \/>\n<script type=\"application\/ld+json\" class=\"yoast-schema-graph\">{\"@context\":\"https:\/\/schema.org\",\"@graph\":[{\"@type\":\"WebPage\",\"@id\":\"https:\/\/president-ksgov.net\/sr\/pripremni-tim-se-konsultovao-sa-albanskim-istoriarima\/\",\"url\":\"https:\/\/president-ksgov.net\/sr\/pripremni-tim-se-konsultovao-sa-albanskim-istoriarima\/\",\"name\":\"Pripremni tim se konsultovao sa albanskim istori&ccaron;arima - Predsednik Republike Kosovo - DR. VJOSA OSMANI - SADRIU\",\"isPartOf\":{\"@id\":\"https:\/\/president-ksgov.net\/#website\"},\"primaryImageOfPage\":{\"@id\":\"https:\/\/president-ksgov.net\/sr\/pripremni-tim-se-konsultovao-sa-albanskim-istoriarima\/#primaryimage\"},\"image\":{\"@id\":\"https:\/\/president-ksgov.net\/sr\/pripremni-tim-se-konsultovao-sa-albanskim-istoriarima\/#primaryimage\"},\"thumbnailUrl\":\"https:\/\/president-ksgov.net\/wp-content\/uploads\/15_04_2019_8307084_12Prill_konsultim_me_historianet-scaled.jpg\",\"datePublished\":\"2019-04-12T19:01:59+00:00\",\"dateModified\":\"2019-04-12T19:01:59+00:00\",\"author\":{\"@id\":\"https:\/\/president-ksgov.net\/#\/schema\/person\/bb4337a5fb147cb2046d80548172cbee\"},\"description\":\"Pripremni tim se konsultovao sa albanskim istori&ccaron;arima - Predsednik Republike Kosovo - DR. VJOSA OSMANI - SADRIU -\",\"breadcrumb\":{\"@id\":\"https:\/\/president-ksgov.net\/sr\/pripremni-tim-se-konsultovao-sa-albanskim-istoriarima\/#breadcrumb\"},\"inLanguage\":\"sr-RS\",\"potentialAction\":[{\"@type\":\"ReadAction\",\"target\":[\"https:\/\/president-ksgov.net\/sr\/pripremni-tim-se-konsultovao-sa-albanskim-istoriarima\/\"]}]},{\"@type\":\"ImageObject\",\"inLanguage\":\"sr-RS\",\"@id\":\"https:\/\/president-ksgov.net\/sr\/pripremni-tim-se-konsultovao-sa-albanskim-istoriarima\/#primaryimage\",\"url\":\"https:\/\/president-ksgov.net\/wp-content\/uploads\/15_04_2019_8307084_12Prill_konsultim_me_historianet-scaled.jpg\",\"contentUrl\":\"https:\/\/president-ksgov.net\/wp-content\/uploads\/15_04_2019_8307084_12Prill_konsultim_me_historianet-scaled.jpg\",\"width\":2560,\"height\":651},{\"@type\":\"BreadcrumbList\",\"@id\":\"https:\/\/president-ksgov.net\/sr\/pripremni-tim-se-konsultovao-sa-albanskim-istoriarima\/#breadcrumb\",\"itemListElement\":[{\"@type\":\"ListItem\",\"position\":1,\"name\":\"Home\",\"item\":\"https:\/\/president-ksgov.net\/sr\/\"},{\"@type\":\"ListItem\",\"position\":2,\"name\":\"Pripremni tim se konsultovao sa albanskim istori&ccaron;arima\"}]},{\"@type\":\"WebSite\",\"@id\":\"https:\/\/president-ksgov.net\/#website\",\"url\":\"https:\/\/president-ksgov.net\/\",\"name\":\"Presidente e Republik\u00ebs s\u00eb Kosov\u00ebs\",\"description\":\"Presidente e Republik\u00ebs s\u00eb Kosov\u00ebs\",\"alternateName\":\"DR. VJOSA OSMANI - SADRIU\",\"potentialAction\":[{\"@type\":\"SearchAction\",\"target\":{\"@type\":\"EntryPoint\",\"urlTemplate\":\"https:\/\/president-ksgov.net\/?s={search_term_string}\"},\"query-input\":{\"@type\":\"PropertyValueSpecification\",\"valueRequired\":true,\"valueName\":\"search_term_string\"}}],\"inLanguage\":\"sr-RS\"},{\"@type\":\"Person\",\"@id\":\"https:\/\/president-ksgov.net\/#\/schema\/person\/bb4337a5fb147cb2046d80548172cbee\",\"name\":\"admin\",\"image\":{\"@type\":\"ImageObject\",\"inLanguage\":\"sr-RS\",\"@id\":\"https:\/\/president-ksgov.net\/#\/schema\/person\/image\/\",\"url\":\"https:\/\/secure.gravatar.com\/avatar\/36156ca0fa3b8d9d25174f146e16beea0cf28f37adf1b9e19b6c9c279a7c9dd3?s=96&d=mm&r=g\",\"contentUrl\":\"https:\/\/secure.gravatar.com\/avatar\/36156ca0fa3b8d9d25174f146e16beea0cf28f37adf1b9e19b6c9c279a7c9dd3?s=96&d=mm&r=g\",\"caption\":\"admin\"},\"sameAs\":[\"https:\/\/president-ksgov.net\"]}]}<\/script>\n<!-- \/ Yoast SEO plugin. -->","yoast_head_json":{"title":"Pripremni tim se konsultovao sa albanskim istori&ccaron;arima - Predsednik Republike Kosovo - DR. VJOSA OSMANI - SADRIU","description":"Pripremni tim se konsultovao sa albanskim istori&ccaron;arima - Predsednik Republike Kosovo - DR. VJOSA OSMANI - SADRIU -","robots":{"index":"index","follow":"follow","max-snippet":"max-snippet:-1","max-image-preview":"max-image-preview:large","max-video-preview":"max-video-preview:-1"},"canonical":"https:\/\/president-ksgov.net\/sr\/pripremni-tim-se-konsultovao-sa-albanskim-istoriarima\/","og_locale":"sr_RS","og_type":"article","og_title":"Pripremni tim se konsultovao sa albanskim istori&ccaron;arima - Predsednik Republike Kosovo - DR. VJOSA OSMANI - SADRIU","og_description":"Pripremni tim se konsultovao sa albanskim istori&ccaron;arima - Predsednik Republike Kosovo - DR. VJOSA OSMANI - SADRIU -","og_url":"https:\/\/president-ksgov.net\/sr\/pripremni-tim-se-konsultovao-sa-albanskim-istoriarima\/","og_site_name":"Predsednik Republike Kosovo - DR. VJOSA OSMANI - SADRIU","article_published_time":"2019-04-12T19:01:59+00:00","og_image":[{"width":2560,"height":651,"url":"https:\/\/president-ksgov.net\/wp-content\/uploads\/15_04_2019_8307084_12Prill_konsultim_me_historianet-scaled.jpg","type":"image\/jpeg"}],"author":"admin","twitter_card":"summary_large_image","twitter_misc":{"\u041d\u0430\u043f\u0438\u0441\u0430\u043d\u043e \u043e\u0434":"admin","\u041f\u0440\u043e\u0446\u0435\u045a\u0435\u043d\u043e \u0432\u0440\u0435\u043c\u0435 \u0447\u0438\u0442\u0430\u045a\u0430":"1 \u043c\u0438\u043d\u0443\u0442"},"schema":{"@context":"https:\/\/schema.org","@graph":[{"@type":"WebPage","@id":"https:\/\/president-ksgov.net\/sr\/pripremni-tim-se-konsultovao-sa-albanskim-istoriarima\/","url":"https:\/\/president-ksgov.net\/sr\/pripremni-tim-se-konsultovao-sa-albanskim-istoriarima\/","name":"Pripremni tim se konsultovao sa albanskim istori&ccaron;arima - Predsednik Republike Kosovo - DR. VJOSA OSMANI - SADRIU","isPartOf":{"@id":"https:\/\/president-ksgov.net\/#website"},"primaryImageOfPage":{"@id":"https:\/\/president-ksgov.net\/sr\/pripremni-tim-se-konsultovao-sa-albanskim-istoriarima\/#primaryimage"},"image":{"@id":"https:\/\/president-ksgov.net\/sr\/pripremni-tim-se-konsultovao-sa-albanskim-istoriarima\/#primaryimage"},"thumbnailUrl":"https:\/\/president-ksgov.net\/wp-content\/uploads\/15_04_2019_8307084_12Prill_konsultim_me_historianet-scaled.jpg","datePublished":"2019-04-12T19:01:59+00:00","dateModified":"2019-04-12T19:01:59+00:00","author":{"@id":"https:\/\/president-ksgov.net\/#\/schema\/person\/bb4337a5fb147cb2046d80548172cbee"},"description":"Pripremni tim se konsultovao sa albanskim istori&ccaron;arima - Predsednik Republike Kosovo - DR. VJOSA OSMANI - SADRIU -","breadcrumb":{"@id":"https:\/\/president-ksgov.net\/sr\/pripremni-tim-se-konsultovao-sa-albanskim-istoriarima\/#breadcrumb"},"inLanguage":"sr-RS","potentialAction":[{"@type":"ReadAction","target":["https:\/\/president-ksgov.net\/sr\/pripremni-tim-se-konsultovao-sa-albanskim-istoriarima\/"]}]},{"@type":"ImageObject","inLanguage":"sr-RS","@id":"https:\/\/president-ksgov.net\/sr\/pripremni-tim-se-konsultovao-sa-albanskim-istoriarima\/#primaryimage","url":"https:\/\/president-ksgov.net\/wp-content\/uploads\/15_04_2019_8307084_12Prill_konsultim_me_historianet-scaled.jpg","contentUrl":"https:\/\/president-ksgov.net\/wp-content\/uploads\/15_04_2019_8307084_12Prill_konsultim_me_historianet-scaled.jpg","width":2560,"height":651},{"@type":"BreadcrumbList","@id":"https:\/\/president-ksgov.net\/sr\/pripremni-tim-se-konsultovao-sa-albanskim-istoriarima\/#breadcrumb","itemListElement":[{"@type":"ListItem","position":1,"name":"Home","item":"https:\/\/president-ksgov.net\/sr\/"},{"@type":"ListItem","position":2,"name":"Pripremni tim se konsultovao sa albanskim istori&ccaron;arima"}]},{"@type":"WebSite","@id":"https:\/\/president-ksgov.net\/#website","url":"https:\/\/president-ksgov.net\/","name":"Presidente e Republik\u00ebs s\u00eb Kosov\u00ebs","description":"Presidente e Republik\u00ebs s\u00eb Kosov\u00ebs","alternateName":"DR. VJOSA OSMANI - SADRIU","potentialAction":[{"@type":"SearchAction","target":{"@type":"EntryPoint","urlTemplate":"https:\/\/president-ksgov.net\/?s={search_term_string}"},"query-input":{"@type":"PropertyValueSpecification","valueRequired":true,"valueName":"search_term_string"}}],"inLanguage":"sr-RS"},{"@type":"Person","@id":"https:\/\/president-ksgov.net\/#\/schema\/person\/bb4337a5fb147cb2046d80548172cbee","name":"admin","image":{"@type":"ImageObject","inLanguage":"sr-RS","@id":"https:\/\/president-ksgov.net\/#\/schema\/person\/image\/","url":"https:\/\/secure.gravatar.com\/avatar\/36156ca0fa3b8d9d25174f146e16beea0cf28f37adf1b9e19b6c9c279a7c9dd3?s=96&d=mm&r=g","contentUrl":"https:\/\/secure.gravatar.com\/avatar\/36156ca0fa3b8d9d25174f146e16beea0cf28f37adf1b9e19b6c9c279a7c9dd3?s=96&d=mm&r=g","caption":"admin"},"sameAs":["https:\/\/president-ksgov.net"]}]}},"_links":{"self":[{"href":"https:\/\/president-ksgov.net\/sr\/wp-json\/wp\/v2\/posts\/75599","targetHints":{"allow":["GET"]}}],"collection":[{"href":"https:\/\/president-ksgov.net\/sr\/wp-json\/wp\/v2\/posts"}],"about":[{"href":"https:\/\/president-ksgov.net\/sr\/wp-json\/wp\/v2\/types\/post"}],"author":[{"embeddable":true,"href":"https:\/\/president-ksgov.net\/sr\/wp-json\/wp\/v2\/users\/1"}],"replies":[{"embeddable":true,"href":"https:\/\/president-ksgov.net\/sr\/wp-json\/wp\/v2\/comments?post=75599"}],"version-history":[{"count":0,"href":"https:\/\/president-ksgov.net\/sr\/wp-json\/wp\/v2\/posts\/75599\/revisions"}],"wp:featuredmedia":[{"embeddable":true,"href":"https:\/\/president-ksgov.net\/sr\/wp-json\/wp\/v2\/media\/25260"}],"wp:attachment":[{"href":"https:\/\/president-ksgov.net\/sr\/wp-json\/wp\/v2\/media?parent=75599"}],"wp:term":[{"taxonomy":"category","embeddable":true,"href":"https:\/\/president-ksgov.net\/sr\/wp-json\/wp\/v2\/categories?post=75599"},{"taxonomy":"post_tag","embeddable":true,"href":"https:\/\/president-ksgov.net\/sr\/wp-json\/wp\/v2\/tags?post=75599"}],"curies":[{"name":"wp","href":"https:\/\/api.w.org\/{rel}","templated":true}]}}