{"id":75426,"date":"2019-12-06T14:58:47","date_gmt":"2019-12-06T13:58:47","guid":{"rendered":"https:\/\/dev.president-ksgov.net\/predsednik-thaci-u-berlinu-eu-sa-dvostrukim-standardima-blokira-drave-saradnice-a-drave-ucenjivae-nagrauje\/"},"modified":"2019-12-06T14:58:47","modified_gmt":"2019-12-06T14:58:47","slug":"predsednik-thaci-u-berlinu-eu-sa-dvostrukim-standardima-blokira-drave-saradnice-a-drave-ucenjivae-nagrauje","status":"publish","type":"post","link":"https:\/\/president-ksgov.net\/sr\/predsednik-thaci-u-berlinu-eu-sa-dvostrukim-standardima-blokira-drave-saradnice-a-drave-ucenjivae-nagrauje\/","title":{"rendered":"Predsednik Tha\u00e7i u Berlinu: EU sa dvostrukim standardima, blokira dr&#158;ave saradnice, a dr&#158;ave ucenjiva&ccaron;e nagra&dstrok;uje"},"content":{"rendered":"<p>Berlin, 6. decembar 2019. godine \u2013 Predsednik Republike Kosovo Hashim Tha\u00e7i je na konferenciji koju je organizovao Institut \u201eIstok-Zapad\u201c, kao glavni panelista govorio o procesu dijaloga izme&dstrok;u Kosova i Srbije.<\/p>\n<p>Predsednik Tha\u00e7i je rekao da je upravo kada se odr&#382;ava Samit NATO-a u Londonu, predsednik Srbije otputovao u Rusiju i da je to poruka njihove orijentacije.<\/p>\n<p>\u201eOvo je poruka o orijentaciji Srbije. Tako&dstrok;e smo tokom ju&ccaron;era\u0161njeg dana &ccaron;uli izjave srpskih lidera koji negiraju zlo&ccaron;ine i genocid na Kosovu\u201c, rekao je predsednik Tha\u00e7i.<\/p>\n<p>\u0160ef dr&#382;ave je rekao u Berlinu da odnosi Kosova sa Srbijom ne uti&ccaron;u samo na bilateralni nivo, nego i na stabilnost regiona i EU.<\/p>\n<p>Govore&cacute;i o evroatlantskoj perspektivi dr&#382;ava Zapadnog Balkana, predsednik Tha\u00e7i je istakao da Kosovo treba da dobije liberalizaciju viza \u0161to je pre mogu&cacute;e.<\/p>\n<p>\u201eTo ne vidimo kao poklon, to je ne\u0161to \u0161to Kosovo zaslu&#382;uje i ispunilo je kriterijume da to i dobije. Kao drugo,\u00a0 otvaranje pregovora sa Severnom Makedonijom i Albanijom, mora se desiti u bliskoj budu&cacute;nosti. Blokiranje pregovora je bila lo\u0161a poruka &ccaron;itavom Zapadnom Balkanu\u201c, rekao je predsednik Tha\u00e7i.<\/p>\n<p>Pred mnogim dr&#382;avnim predstavnicima SAD-a, EU i predstavnicima civilnog dru\u0161tva, predsednik Tha\u00e7i je rekao da vidimo da EU ima dvostruke standarde.<\/p>\n<p>\u201eDok se Kosovo blokira liberalizacijom, a Makedonija i Albanija otvaranjem pregovora, Srbiji se obe&cacute;ava otvaranje novih poglavlja. Dakle, vidimo da se nagra&dstrok;uju oni koji ucenjuju EU odnosima sa Rusijom\u201c, rekao je on<\/p>\n<p>Prema mi\u0161ljenju predsednika Tha\u00e7ija kada su zapo&ccaron;eti razgovori 2012. godine, jedno od nepisanih pravila je bilo da ne&cacute;emo uslovljavati proces, a sada se taksa koristi za uslovljavanje dijaloga.<\/p>\n<p>\u201eKako da napredujemo? Iz iskustva u dosada\u0161njim procesima, &#382;elim da pomenem dve stvari. Kao prvo, jedinstvo dr&#382;ava Kvinte, koje je klju&ccaron;no za dalji nastavak ovog procesa. I drugo, potpuna koordinacija SAD-a sa EU, iako ni ta koordinacija ne zna&ccaron;i ni\u0161ta, kada zemlje Evropske unije nije briga \u0161ta je EU odlu&ccaron;ila. Neke od njih jo\u0161 uvek izazivaju mnogo konfuzija u na\u0161im dr&#382;avama, kako kod politi&ccaron;ara, tako i kod gra&dstrok;ana\u201c, istakao je predsednik Tha\u00e7i.<\/p>\n<p>On je dodao da su to uslovi za ponovno zapo&ccaron;injanje proces i za postizanje kona&ccaron;nog sporazuma, a po njegovom mi\u0161ljenju dijalog i kona&ccaron;ni sporazum nemaju alternativu \u0161to se ti&ccaron;e stabilnosti Balkana.<\/p>\n<p>Predsednik Tha\u00e7i je govorio i o izbornom procesu na Kosovu i o naporima u stvaranju nove vlade.<\/p>\n<p>On je rekao da je Kosovo uspe\u0161no polo&#382;ilo test demokratije, bez obzira na izborni rezultat.<\/p>\n<p>\u201ePartija koja je pobedila treba da otpo&ccaron;ne formiranje vlade. &Zcaron;elim da istaknem da &cacute;e se svaki proces sa Srbijom tretirati na nivou dve suverene dr&#382;ave uz politi&ccaron;ki konsenzus na Kosovu. Ja sam predsednik i ulo&#382;i&cacute;u napore u postizanje unutra\u0161njeg konsenzusa na Kosovu. Polarizacije ne prestaju u pluralisti&ccaron;kom sistemu, ali do\u0161lo je vreme da imamo paket prioriteta izme&dstrok;u pozicije i opozicije, kako po tim pitanjima ne bi bilo razlika\u201c; rekao je on.<\/p>\n<p>\u0160ef dr&#382;ave je obe&cacute;ao da &cacute;e kao predsednik zemlje odigrati svoju ulogu u ujedinjavanju politi&ccaron;ke scene.\u00a0<\/p>\n","protected":false},"excerpt":{"rendered":"<p>Berlin, 6. decembar 2019. godine \u2013 Predsednik Republike Kosovo Hashim Tha\u00e7i je na konferenciji koju je organizovao Institut \u201eIstok-Zapad\u201c, kao glavni panelista govorio o procesu dijaloga izme&dstrok;u Kosova i Srbije.<\/p>\n","protected":false},"author":1,"featured_media":23833,"comment_status":"open","ping_status":"closed","sticky":false,"template":"","format":"standard","meta":{"_eb_attr":"","footnotes":""},"categories":[114,101],"tags":[],"class_list":["post-75426","post","type-post","status-publish","format-standard","has-post-thumbnail","hentry","category-medunarodne-posete","category-vesti"],"yoast_head":"<!-- This site is optimized with the Yoast SEO plugin v23.5 - https:\/\/yoast.com\/wordpress\/plugins\/seo\/ -->\n<title>Predsednik Tha\u00e7i u Berlinu: EU sa dvostrukim standardima, blokira dr&#158;ave saradnice, a dr&#158;ave ucenjiva&amp;ccaron;e nagra&amp;dstrok;uje - Predsednik Republike Kosovo - DR. VJOSA OSMANI - SADRIU<\/title>\n<meta name=\"description\" content=\"Predsednik Tha\u00e7i u Berlinu: EU sa dvostrukim standardima, blokira dr&#158;ave saradnice, a dr&#158;ave ucenjiva&amp;ccaron;e nagra&amp;dstrok;uje - Predsednik Republike Kosovo - DR. VJOSA OSMANI - SADRIU -\" \/>\n<meta name=\"robots\" content=\"index, follow, max-snippet:-1, max-image-preview:large, max-video-preview:-1\" \/>\n<link rel=\"canonical\" href=\"https:\/\/president-ksgov.net\/sr\/predsednik-thaci-u-berlinu-eu-sa-dvostrukim-standardima-blokira-drave-saradnice-a-drave-ucenjivae-nagrauje\/\" \/>\n<meta property=\"og:locale\" content=\"sr_RS\" \/>\n<meta property=\"og:type\" content=\"article\" \/>\n<meta property=\"og:title\" content=\"Predsednik Tha\u00e7i u Berlinu: EU sa dvostrukim standardima, blokira dr&#158;ave saradnice, a dr&#158;ave ucenjiva&amp;ccaron;e nagra&amp;dstrok;uje - Predsednik Republike Kosovo - DR. VJOSA OSMANI - SADRIU\" \/>\n<meta property=\"og:description\" content=\"Predsednik Tha\u00e7i u Berlinu: EU sa dvostrukim standardima, blokira dr&#158;ave saradnice, a dr&#158;ave ucenjiva&amp;ccaron;e nagra&amp;dstrok;uje - Predsednik Republike Kosovo - DR. VJOSA OSMANI - SADRIU -\" \/>\n<meta property=\"og:url\" content=\"https:\/\/president-ksgov.net\/sr\/predsednik-thaci-u-berlinu-eu-sa-dvostrukim-standardima-blokira-drave-saradnice-a-drave-ucenjivae-nagrauje\/\" \/>\n<meta property=\"og:site_name\" content=\"Predsednik Republike Kosovo - DR. VJOSA OSMANI - SADRIU\" \/>\n<meta property=\"article:published_time\" content=\"2019-12-06T13:58:47+00:00\" \/>\n<meta property=\"article:modified_time\" content=\"2019-12-06T14:58:47+00:00\" \/>\n<meta property=\"og:image\" content=\"https:\/\/president-ksgov.net\/wp-content\/uploads\/06_12_2019_936478_Presidenti_Thaci_ne_Berlin_2.jpg\" \/>\n\t<meta property=\"og:image:width\" content=\"1600\" \/>\n\t<meta property=\"og:image:height\" content=\"1200\" \/>\n\t<meta property=\"og:image:type\" content=\"image\/jpeg\" \/>\n<meta name=\"author\" content=\"admin\" \/>\n<meta name=\"twitter:card\" content=\"summary_large_image\" \/>\n<meta name=\"twitter:label1\" content=\"\u041d\u0430\u043f\u0438\u0441\u0430\u043d\u043e \u043e\u0434\" \/>\n\t<meta name=\"twitter:data1\" content=\"admin\" \/>\n\t<meta name=\"twitter:label2\" content=\"\u041f\u0440\u043e\u0446\u0435\u045a\u0435\u043d\u043e \u0432\u0440\u0435\u043c\u0435 \u0447\u0438\u0442\u0430\u045a\u0430\" \/>\n\t<meta name=\"twitter:data2\" content=\"3 \u043c\u0438\u043d\u0443\u0442\u0430\" \/>\n<script type=\"application\/ld+json\" class=\"yoast-schema-graph\">{\"@context\":\"https:\/\/schema.org\",\"@graph\":[{\"@type\":\"WebPage\",\"@id\":\"https:\/\/president-ksgov.net\/sr\/predsednik-thaci-u-berlinu-eu-sa-dvostrukim-standardima-blokira-drave-saradnice-a-drave-ucenjivae-nagrauje\/\",\"url\":\"https:\/\/president-ksgov.net\/sr\/predsednik-thaci-u-berlinu-eu-sa-dvostrukim-standardima-blokira-drave-saradnice-a-drave-ucenjivae-nagrauje\/\",\"name\":\"Predsednik Tha\u00e7i u Berlinu: EU sa dvostrukim standardima, blokira dr&#158;ave saradnice, a dr&#158;ave ucenjiva&ccaron;e nagra&dstrok;uje - Predsednik Republike Kosovo - DR. VJOSA OSMANI - SADRIU\",\"isPartOf\":{\"@id\":\"https:\/\/president-ksgov.net\/#website\"},\"primaryImageOfPage\":{\"@id\":\"https:\/\/president-ksgov.net\/sr\/predsednik-thaci-u-berlinu-eu-sa-dvostrukim-standardima-blokira-drave-saradnice-a-drave-ucenjivae-nagrauje\/#primaryimage\"},\"image\":{\"@id\":\"https:\/\/president-ksgov.net\/sr\/predsednik-thaci-u-berlinu-eu-sa-dvostrukim-standardima-blokira-drave-saradnice-a-drave-ucenjivae-nagrauje\/#primaryimage\"},\"thumbnailUrl\":\"https:\/\/president-ksgov.net\/wp-content\/uploads\/06_12_2019_936478_Presidenti_Thaci_ne_Berlin_2.jpg\",\"datePublished\":\"2019-12-06T13:58:47+00:00\",\"dateModified\":\"2019-12-06T14:58:47+00:00\",\"author\":{\"@id\":\"https:\/\/president-ksgov.net\/#\/schema\/person\/bb4337a5fb147cb2046d80548172cbee\"},\"description\":\"Predsednik Tha\u00e7i u Berlinu: EU sa dvostrukim standardima, blokira dr&#158;ave saradnice, a dr&#158;ave ucenjiva&ccaron;e nagra&dstrok;uje - Predsednik Republike Kosovo - DR. VJOSA OSMANI - SADRIU -\",\"breadcrumb\":{\"@id\":\"https:\/\/president-ksgov.net\/sr\/predsednik-thaci-u-berlinu-eu-sa-dvostrukim-standardima-blokira-drave-saradnice-a-drave-ucenjivae-nagrauje\/#breadcrumb\"},\"inLanguage\":\"sr-RS\",\"potentialAction\":[{\"@type\":\"ReadAction\",\"target\":[\"https:\/\/president-ksgov.net\/sr\/predsednik-thaci-u-berlinu-eu-sa-dvostrukim-standardima-blokira-drave-saradnice-a-drave-ucenjivae-nagrauje\/\"]}]},{\"@type\":\"ImageObject\",\"inLanguage\":\"sr-RS\",\"@id\":\"https:\/\/president-ksgov.net\/sr\/predsednik-thaci-u-berlinu-eu-sa-dvostrukim-standardima-blokira-drave-saradnice-a-drave-ucenjivae-nagrauje\/#primaryimage\",\"url\":\"https:\/\/president-ksgov.net\/wp-content\/uploads\/06_12_2019_936478_Presidenti_Thaci_ne_Berlin_2.jpg\",\"contentUrl\":\"https:\/\/president-ksgov.net\/wp-content\/uploads\/06_12_2019_936478_Presidenti_Thaci_ne_Berlin_2.jpg\",\"width\":1600,\"height\":1200},{\"@type\":\"BreadcrumbList\",\"@id\":\"https:\/\/president-ksgov.net\/sr\/predsednik-thaci-u-berlinu-eu-sa-dvostrukim-standardima-blokira-drave-saradnice-a-drave-ucenjivae-nagrauje\/#breadcrumb\",\"itemListElement\":[{\"@type\":\"ListItem\",\"position\":1,\"name\":\"Home\",\"item\":\"https:\/\/president-ksgov.net\/sr\/\"},{\"@type\":\"ListItem\",\"position\":2,\"name\":\"Predsednik Tha\u00e7i u Berlinu: EU sa dvostrukim standardima, blokira dr&#158;ave saradnice, a dr&#158;ave ucenjiva&ccaron;e nagra&dstrok;uje\"}]},{\"@type\":\"WebSite\",\"@id\":\"https:\/\/president-ksgov.net\/#website\",\"url\":\"https:\/\/president-ksgov.net\/\",\"name\":\"Presidente e Republik\u00ebs s\u00eb Kosov\u00ebs\",\"description\":\"Presidente e Republik\u00ebs s\u00eb Kosov\u00ebs\",\"alternateName\":\"DR. VJOSA OSMANI - SADRIU\",\"potentialAction\":[{\"@type\":\"SearchAction\",\"target\":{\"@type\":\"EntryPoint\",\"urlTemplate\":\"https:\/\/president-ksgov.net\/?s={search_term_string}\"},\"query-input\":{\"@type\":\"PropertyValueSpecification\",\"valueRequired\":true,\"valueName\":\"search_term_string\"}}],\"inLanguage\":\"sr-RS\"},{\"@type\":\"Person\",\"@id\":\"https:\/\/president-ksgov.net\/#\/schema\/person\/bb4337a5fb147cb2046d80548172cbee\",\"name\":\"admin\",\"image\":{\"@type\":\"ImageObject\",\"inLanguage\":\"sr-RS\",\"@id\":\"https:\/\/president-ksgov.net\/#\/schema\/person\/image\/\",\"url\":\"https:\/\/secure.gravatar.com\/avatar\/36156ca0fa3b8d9d25174f146e16beea0cf28f37adf1b9e19b6c9c279a7c9dd3?s=96&d=mm&r=g\",\"contentUrl\":\"https:\/\/secure.gravatar.com\/avatar\/36156ca0fa3b8d9d25174f146e16beea0cf28f37adf1b9e19b6c9c279a7c9dd3?s=96&d=mm&r=g\",\"caption\":\"admin\"},\"sameAs\":[\"https:\/\/president-ksgov.net\"]}]}<\/script>\n<!-- \/ Yoast SEO plugin. -->","yoast_head_json":{"title":"Predsednik Tha\u00e7i u Berlinu: EU sa dvostrukim standardima, blokira dr&#158;ave saradnice, a dr&#158;ave ucenjiva&ccaron;e nagra&dstrok;uje - Predsednik Republike Kosovo - DR. VJOSA OSMANI - SADRIU","description":"Predsednik Tha\u00e7i u Berlinu: EU sa dvostrukim standardima, blokira dr&#158;ave saradnice, a dr&#158;ave ucenjiva&ccaron;e nagra&dstrok;uje - Predsednik Republike Kosovo - DR. VJOSA OSMANI - SADRIU -","robots":{"index":"index","follow":"follow","max-snippet":"max-snippet:-1","max-image-preview":"max-image-preview:large","max-video-preview":"max-video-preview:-1"},"canonical":"https:\/\/president-ksgov.net\/sr\/predsednik-thaci-u-berlinu-eu-sa-dvostrukim-standardima-blokira-drave-saradnice-a-drave-ucenjivae-nagrauje\/","og_locale":"sr_RS","og_type":"article","og_title":"Predsednik Tha\u00e7i u Berlinu: EU sa dvostrukim standardima, blokira dr&#158;ave saradnice, a dr&#158;ave ucenjiva&ccaron;e nagra&dstrok;uje - Predsednik Republike Kosovo - DR. VJOSA OSMANI - SADRIU","og_description":"Predsednik Tha\u00e7i u Berlinu: EU sa dvostrukim standardima, blokira dr&#158;ave saradnice, a dr&#158;ave ucenjiva&ccaron;e nagra&dstrok;uje - Predsednik Republike Kosovo - DR. VJOSA OSMANI - SADRIU -","og_url":"https:\/\/president-ksgov.net\/sr\/predsednik-thaci-u-berlinu-eu-sa-dvostrukim-standardima-blokira-drave-saradnice-a-drave-ucenjivae-nagrauje\/","og_site_name":"Predsednik Republike Kosovo - DR. VJOSA OSMANI - SADRIU","article_published_time":"2019-12-06T13:58:47+00:00","article_modified_time":"2019-12-06T14:58:47+00:00","og_image":[{"width":1600,"height":1200,"url":"https:\/\/president-ksgov.net\/wp-content\/uploads\/06_12_2019_936478_Presidenti_Thaci_ne_Berlin_2.jpg","type":"image\/jpeg"}],"author":"admin","twitter_card":"summary_large_image","twitter_misc":{"\u041d\u0430\u043f\u0438\u0441\u0430\u043d\u043e \u043e\u0434":"admin","\u041f\u0440\u043e\u0446\u0435\u045a\u0435\u043d\u043e \u0432\u0440\u0435\u043c\u0435 \u0447\u0438\u0442\u0430\u045a\u0430":"3 \u043c\u0438\u043d\u0443\u0442\u0430"},"schema":{"@context":"https:\/\/schema.org","@graph":[{"@type":"WebPage","@id":"https:\/\/president-ksgov.net\/sr\/predsednik-thaci-u-berlinu-eu-sa-dvostrukim-standardima-blokira-drave-saradnice-a-drave-ucenjivae-nagrauje\/","url":"https:\/\/president-ksgov.net\/sr\/predsednik-thaci-u-berlinu-eu-sa-dvostrukim-standardima-blokira-drave-saradnice-a-drave-ucenjivae-nagrauje\/","name":"Predsednik Tha\u00e7i u Berlinu: EU sa dvostrukim standardima, blokira dr&#158;ave saradnice, a dr&#158;ave ucenjiva&ccaron;e nagra&dstrok;uje - Predsednik Republike Kosovo - DR. VJOSA OSMANI - SADRIU","isPartOf":{"@id":"https:\/\/president-ksgov.net\/#website"},"primaryImageOfPage":{"@id":"https:\/\/president-ksgov.net\/sr\/predsednik-thaci-u-berlinu-eu-sa-dvostrukim-standardima-blokira-drave-saradnice-a-drave-ucenjivae-nagrauje\/#primaryimage"},"image":{"@id":"https:\/\/president-ksgov.net\/sr\/predsednik-thaci-u-berlinu-eu-sa-dvostrukim-standardima-blokira-drave-saradnice-a-drave-ucenjivae-nagrauje\/#primaryimage"},"thumbnailUrl":"https:\/\/president-ksgov.net\/wp-content\/uploads\/06_12_2019_936478_Presidenti_Thaci_ne_Berlin_2.jpg","datePublished":"2019-12-06T13:58:47+00:00","dateModified":"2019-12-06T14:58:47+00:00","author":{"@id":"https:\/\/president-ksgov.net\/#\/schema\/person\/bb4337a5fb147cb2046d80548172cbee"},"description":"Predsednik Tha\u00e7i u Berlinu: EU sa dvostrukim standardima, blokira dr&#158;ave saradnice, a dr&#158;ave ucenjiva&ccaron;e nagra&dstrok;uje - Predsednik Republike Kosovo - DR. VJOSA OSMANI - SADRIU -","breadcrumb":{"@id":"https:\/\/president-ksgov.net\/sr\/predsednik-thaci-u-berlinu-eu-sa-dvostrukim-standardima-blokira-drave-saradnice-a-drave-ucenjivae-nagrauje\/#breadcrumb"},"inLanguage":"sr-RS","potentialAction":[{"@type":"ReadAction","target":["https:\/\/president-ksgov.net\/sr\/predsednik-thaci-u-berlinu-eu-sa-dvostrukim-standardima-blokira-drave-saradnice-a-drave-ucenjivae-nagrauje\/"]}]},{"@type":"ImageObject","inLanguage":"sr-RS","@id":"https:\/\/president-ksgov.net\/sr\/predsednik-thaci-u-berlinu-eu-sa-dvostrukim-standardima-blokira-drave-saradnice-a-drave-ucenjivae-nagrauje\/#primaryimage","url":"https:\/\/president-ksgov.net\/wp-content\/uploads\/06_12_2019_936478_Presidenti_Thaci_ne_Berlin_2.jpg","contentUrl":"https:\/\/president-ksgov.net\/wp-content\/uploads\/06_12_2019_936478_Presidenti_Thaci_ne_Berlin_2.jpg","width":1600,"height":1200},{"@type":"BreadcrumbList","@id":"https:\/\/president-ksgov.net\/sr\/predsednik-thaci-u-berlinu-eu-sa-dvostrukim-standardima-blokira-drave-saradnice-a-drave-ucenjivae-nagrauje\/#breadcrumb","itemListElement":[{"@type":"ListItem","position":1,"name":"Home","item":"https:\/\/president-ksgov.net\/sr\/"},{"@type":"ListItem","position":2,"name":"Predsednik Tha\u00e7i u Berlinu: EU sa dvostrukim standardima, blokira dr&#158;ave saradnice, a dr&#158;ave ucenjiva&ccaron;e nagra&dstrok;uje"}]},{"@type":"WebSite","@id":"https:\/\/president-ksgov.net\/#website","url":"https:\/\/president-ksgov.net\/","name":"Presidente e Republik\u00ebs s\u00eb Kosov\u00ebs","description":"Presidente e Republik\u00ebs s\u00eb Kosov\u00ebs","alternateName":"DR. VJOSA OSMANI - SADRIU","potentialAction":[{"@type":"SearchAction","target":{"@type":"EntryPoint","urlTemplate":"https:\/\/president-ksgov.net\/?s={search_term_string}"},"query-input":{"@type":"PropertyValueSpecification","valueRequired":true,"valueName":"search_term_string"}}],"inLanguage":"sr-RS"},{"@type":"Person","@id":"https:\/\/president-ksgov.net\/#\/schema\/person\/bb4337a5fb147cb2046d80548172cbee","name":"admin","image":{"@type":"ImageObject","inLanguage":"sr-RS","@id":"https:\/\/president-ksgov.net\/#\/schema\/person\/image\/","url":"https:\/\/secure.gravatar.com\/avatar\/36156ca0fa3b8d9d25174f146e16beea0cf28f37adf1b9e19b6c9c279a7c9dd3?s=96&d=mm&r=g","contentUrl":"https:\/\/secure.gravatar.com\/avatar\/36156ca0fa3b8d9d25174f146e16beea0cf28f37adf1b9e19b6c9c279a7c9dd3?s=96&d=mm&r=g","caption":"admin"},"sameAs":["https:\/\/president-ksgov.net"]}]}},"_links":{"self":[{"href":"https:\/\/president-ksgov.net\/sr\/wp-json\/wp\/v2\/posts\/75426","targetHints":{"allow":["GET"]}}],"collection":[{"href":"https:\/\/president-ksgov.net\/sr\/wp-json\/wp\/v2\/posts"}],"about":[{"href":"https:\/\/president-ksgov.net\/sr\/wp-json\/wp\/v2\/types\/post"}],"author":[{"embeddable":true,"href":"https:\/\/president-ksgov.net\/sr\/wp-json\/wp\/v2\/users\/1"}],"replies":[{"embeddable":true,"href":"https:\/\/president-ksgov.net\/sr\/wp-json\/wp\/v2\/comments?post=75426"}],"version-history":[{"count":0,"href":"https:\/\/president-ksgov.net\/sr\/wp-json\/wp\/v2\/posts\/75426\/revisions"}],"wp:featuredmedia":[{"embeddable":true,"href":"https:\/\/president-ksgov.net\/sr\/wp-json\/wp\/v2\/media\/23833"}],"wp:attachment":[{"href":"https:\/\/president-ksgov.net\/sr\/wp-json\/wp\/v2\/media?parent=75426"}],"wp:term":[{"taxonomy":"category","embeddable":true,"href":"https:\/\/president-ksgov.net\/sr\/wp-json\/wp\/v2\/categories?post=75426"},{"taxonomy":"post_tag","embeddable":true,"href":"https:\/\/president-ksgov.net\/sr\/wp-json\/wp\/v2\/tags?post=75426"}],"curies":[{"name":"wp","href":"https:\/\/api.w.org\/{rel}","templated":true}]}}