{"id":75393,"date":"2020-02-16T13:42:31","date_gmt":"2020-02-16T13:42:31","guid":{"rendered":"https:\/\/dev.president-ksgov.net\/predsednik-mattarella-estitao-predsedniku-thaciju-12-godisnjicu-nezavisnosti\/"},"modified":"2020-02-16T13:42:31","modified_gmt":"2020-02-16T13:42:31","slug":"predsednik-mattarella-estitao-predsedniku-thaciju-12-godisnjicu-nezavisnosti","status":"publish","type":"post","link":"https:\/\/president-ksgov.net\/sr\/predsednik-mattarella-estitao-predsedniku-thaciju-12-godisnjicu-nezavisnosti\/","title":{"rendered":"Predsednik Mattarella &ccaron;estitao predsedniku  Tha\u00e7iju 12. godi\u0161njicu nezavisnosti"},"content":{"rendered":"<p>Pri\u0161tina, 16. februar \u2013 Predsednik Republike Kosovo Hashim Tha\u00e7i primio je &ccaron;estitku povodom 12. godi\u0161njice Nezavisnosti od predsednika Italije Sergia Mattarelle.<\/p>\n<p>U svojoj &ccaron;estici predsednik Mattarella je napisao da Kosovo zna da mo&#382;e ra&ccaron;unati na Italiju, prijateljsku zemlju koja je konkretno anga&#382;ovana na blisko pra&cacute;enje institucionalnog ja&ccaron;anja i sprovo&dstrok;enje reformi kako bi se ubrzano pribli&#382;ili Evropskoj uniji.<\/p>\n<p>\u201eNa\u0161a potpuna podr\u0161ka takvom procesu dokazana je i konstantnim u&ccaron;e\u0161&cacute;em u misiji KFOR-a, gde Italija i dalje ima komandu\u201c, napisao je on.<\/p>\n<p>Ovo je celo pismo predsednika Mattarelle:<\/p>\n<p>Na sre&cacute;nu godi\u0161njicu nacionalnog praznika, &ccaron;ast mi je da u ime italijanskog naroda i u moje li&ccaron;no ime izrazim najsrda&ccaron;nije &ccaron;estitke.<\/p>\n<p>Kosovo zna da mo&#382;e ra&ccaron;unati na Italiju, prijateljsku zemlju koja je konkretno anga&#382;ovana na blisko pra&cacute;enje institucionalnog ja&ccaron;anja i sprovo&dstrok;enje reformi kako bi se ubrzano pribli&#382;ili Evropskoj uniji. Na\u0161a potpuna podr\u0161ka takvom procesu dokazana je i konstantnim u&ccaron;e\u0161&cacute;em u misiji KFOR-a, gde Italija i dalje ima komandu.<\/p>\n<p>U takvom kontekstu, klju&ccaron;an je \u2013 i u okviru regionalne stabilnosti- proces dijaloga izme&dstrok;u Pri\u0161tine i Beograda, koji olak\u0161ava EU, koji Italija ubedljivo podr&#382;ava.<\/p>\n<p>U tom duhu, jo\u0161 jednom vam najiskrenije &#382;elim blagostanje, a prijateljskom kosovskom narodu prosperitet.<\/p>\n<p>Sergio Mattarella<\/p>\n","protected":false},"excerpt":{"rendered":"<p>Pri\u0161tina, 16. februar \u2013 Predsednik Republike Kosovo Hashim Tha\u00e7i primio je &ccaron;estitku povodom 12. godi\u0161njice Nezavisnosti od predsednika Italije Sergia Mattarelle.<\/p>\n","protected":false},"author":1,"featured_media":23596,"comment_status":"open","ping_status":"closed","sticky":false,"template":"","format":"standard","meta":{"_eb_attr":"","footnotes":""},"categories":[101],"tags":[],"class_list":["post-75393","post","type-post","status-publish","format-standard","has-post-thumbnail","hentry","category-vesti"],"yoast_head":"<!-- This site is optimized with the Yoast SEO plugin v23.5 - https:\/\/yoast.com\/wordpress\/plugins\/seo\/ -->\n<title>Predsednik Mattarella &amp;ccaron;estitao predsedniku Tha\u00e7iju 12. godi\u0161njicu nezavisnosti - Predsednik Republike Kosovo - DR. VJOSA OSMANI - SADRIU<\/title>\n<meta name=\"description\" content=\"Predsednik Mattarella &amp;ccaron;estitao predsedniku Tha\u00e7iju 12. godi\u0161njicu nezavisnosti - Predsednik Republike Kosovo - DR. VJOSA OSMANI - SADRIU -\" \/>\n<meta name=\"robots\" content=\"index, follow, max-snippet:-1, max-image-preview:large, max-video-preview:-1\" \/>\n<link rel=\"canonical\" href=\"https:\/\/president-ksgov.net\/presidenti-mattarella-uron-presidentin-thaci-ne-12-vjetorin-e-pavaresise\/\" \/>\n<meta property=\"og:locale\" content=\"sr_RS\" \/>\n<meta property=\"og:type\" content=\"article\" \/>\n<meta property=\"og:title\" content=\"Predsednik Mattarella &amp;ccaron;estitao predsedniku Tha\u00e7iju 12. godi\u0161njicu nezavisnosti - Predsednik Republike Kosovo - DR. VJOSA OSMANI - SADRIU\" \/>\n<meta property=\"og:description\" content=\"Predsednik Mattarella &amp;ccaron;estitao predsedniku Tha\u00e7iju 12. godi\u0161njicu nezavisnosti - Predsednik Republike Kosovo - DR. VJOSA OSMANI - SADRIU -\" \/>\n<meta property=\"og:url\" content=\"https:\/\/president-ksgov.net\/presidenti-mattarella-uron-presidentin-thaci-ne-12-vjetorin-e-pavaresise\/\" \/>\n<meta property=\"og:site_name\" content=\"Predsednik Republike Kosovo - DR. VJOSA OSMANI - SADRIU\" \/>\n<meta property=\"article:published_time\" content=\"2020-02-16T13:42:31+00:00\" \/>\n<meta property=\"og:image\" content=\"https:\/\/president-ksgov.net\/wp-content\/uploads\/16_02_2020_3570948_27_11_2019_1328142_27_11_2019_1.jpg\" \/>\n\t<meta property=\"og:image:width\" content=\"2000\" \/>\n\t<meta property=\"og:image:height\" content=\"1528\" \/>\n\t<meta property=\"og:image:type\" content=\"image\/jpeg\" \/>\n<meta name=\"author\" content=\"admin\" \/>\n<meta name=\"twitter:card\" content=\"summary_large_image\" \/>\n<meta name=\"twitter:label1\" content=\"\u041d\u0430\u043f\u0438\u0441\u0430\u043d\u043e \u043e\u0434\" \/>\n\t<meta name=\"twitter:data1\" content=\"admin\" \/>\n\t<meta name=\"twitter:label2\" content=\"\u041f\u0440\u043e\u0446\u0435\u045a\u0435\u043d\u043e \u0432\u0440\u0435\u043c\u0435 \u0447\u0438\u0442\u0430\u045a\u0430\" \/>\n\t<meta name=\"twitter:data2\" content=\"1 \u043c\u0438\u043d\u0443\u0442\" \/>\n<script type=\"application\/ld+json\" class=\"yoast-schema-graph\">{\"@context\":\"https:\/\/schema.org\",\"@graph\":[{\"@type\":\"WebPage\",\"@id\":\"https:\/\/president-ksgov.net\/presidenti-mattarella-uron-presidentin-thaci-ne-12-vjetorin-e-pavaresise\/\",\"url\":\"https:\/\/president-ksgov.net\/presidenti-mattarella-uron-presidentin-thaci-ne-12-vjetorin-e-pavaresise\/\",\"name\":\"Predsednik Mattarella &ccaron;estitao predsedniku Tha\u00e7iju 12. godi\u0161njicu nezavisnosti - Predsednik Republike Kosovo - DR. VJOSA OSMANI - SADRIU\",\"isPartOf\":{\"@id\":\"https:\/\/president-ksgov.net\/#website\"},\"primaryImageOfPage\":{\"@id\":\"https:\/\/president-ksgov.net\/presidenti-mattarella-uron-presidentin-thaci-ne-12-vjetorin-e-pavaresise\/#primaryimage\"},\"image\":{\"@id\":\"https:\/\/president-ksgov.net\/presidenti-mattarella-uron-presidentin-thaci-ne-12-vjetorin-e-pavaresise\/#primaryimage\"},\"thumbnailUrl\":\"https:\/\/president-ksgov.net\/wp-content\/uploads\/16_02_2020_3570948_27_11_2019_1328142_27_11_2019_1.jpg\",\"datePublished\":\"2020-02-16T13:42:31+00:00\",\"dateModified\":\"2020-02-16T13:42:31+00:00\",\"author\":{\"@id\":\"https:\/\/president-ksgov.net\/#\/schema\/person\/bb4337a5fb147cb2046d80548172cbee\"},\"description\":\"Predsednik Mattarella &ccaron;estitao predsedniku Tha\u00e7iju 12. godi\u0161njicu nezavisnosti - Predsednik Republike Kosovo - DR. VJOSA OSMANI - SADRIU -\",\"breadcrumb\":{\"@id\":\"https:\/\/president-ksgov.net\/presidenti-mattarella-uron-presidentin-thaci-ne-12-vjetorin-e-pavaresise\/#breadcrumb\"},\"inLanguage\":\"sr-RS\",\"potentialAction\":[{\"@type\":\"ReadAction\",\"target\":[\"https:\/\/president-ksgov.net\/presidenti-mattarella-uron-presidentin-thaci-ne-12-vjetorin-e-pavaresise\/\"]}]},{\"@type\":\"ImageObject\",\"inLanguage\":\"sr-RS\",\"@id\":\"https:\/\/president-ksgov.net\/presidenti-mattarella-uron-presidentin-thaci-ne-12-vjetorin-e-pavaresise\/#primaryimage\",\"url\":\"https:\/\/president-ksgov.net\/wp-content\/uploads\/16_02_2020_3570948_27_11_2019_1328142_27_11_2019_1.jpg\",\"contentUrl\":\"https:\/\/president-ksgov.net\/wp-content\/uploads\/16_02_2020_3570948_27_11_2019_1328142_27_11_2019_1.jpg\",\"width\":2000,\"height\":1528},{\"@type\":\"BreadcrumbList\",\"@id\":\"https:\/\/president-ksgov.net\/presidenti-mattarella-uron-presidentin-thaci-ne-12-vjetorin-e-pavaresise\/#breadcrumb\",\"itemListElement\":[{\"@type\":\"ListItem\",\"position\":1,\"name\":\"Home\",\"item\":\"https:\/\/president-ksgov.net\/sr\/\"},{\"@type\":\"ListItem\",\"position\":2,\"name\":\"Predsednik Mattarella &ccaron;estitao predsedniku Tha\u00e7iju 12. godi\u0161njicu nezavisnosti\"}]},{\"@type\":\"WebSite\",\"@id\":\"https:\/\/president-ksgov.net\/#website\",\"url\":\"https:\/\/president-ksgov.net\/\",\"name\":\"Presidente e Republik\u00ebs s\u00eb Kosov\u00ebs\",\"description\":\"Presidente e Republik\u00ebs s\u00eb Kosov\u00ebs\",\"alternateName\":\"DR. VJOSA OSMANI - SADRIU\",\"potentialAction\":[{\"@type\":\"SearchAction\",\"target\":{\"@type\":\"EntryPoint\",\"urlTemplate\":\"https:\/\/president-ksgov.net\/?s={search_term_string}\"},\"query-input\":{\"@type\":\"PropertyValueSpecification\",\"valueRequired\":true,\"valueName\":\"search_term_string\"}}],\"inLanguage\":\"sr-RS\"},{\"@type\":\"Person\",\"@id\":\"https:\/\/president-ksgov.net\/#\/schema\/person\/bb4337a5fb147cb2046d80548172cbee\",\"name\":\"admin\",\"image\":{\"@type\":\"ImageObject\",\"inLanguage\":\"sr-RS\",\"@id\":\"https:\/\/president-ksgov.net\/#\/schema\/person\/image\/\",\"url\":\"https:\/\/secure.gravatar.com\/avatar\/36156ca0fa3b8d9d25174f146e16beea0cf28f37adf1b9e19b6c9c279a7c9dd3?s=96&d=mm&r=g\",\"contentUrl\":\"https:\/\/secure.gravatar.com\/avatar\/36156ca0fa3b8d9d25174f146e16beea0cf28f37adf1b9e19b6c9c279a7c9dd3?s=96&d=mm&r=g\",\"caption\":\"admin\"},\"sameAs\":[\"https:\/\/president-ksgov.net\"]}]}<\/script>\n<!-- \/ Yoast SEO plugin. -->","yoast_head_json":{"title":"Predsednik Mattarella &ccaron;estitao predsedniku Tha\u00e7iju 12. godi\u0161njicu nezavisnosti - Predsednik Republike Kosovo - DR. VJOSA OSMANI - SADRIU","description":"Predsednik Mattarella &ccaron;estitao predsedniku Tha\u00e7iju 12. godi\u0161njicu nezavisnosti - Predsednik Republike Kosovo - DR. VJOSA OSMANI - SADRIU -","robots":{"index":"index","follow":"follow","max-snippet":"max-snippet:-1","max-image-preview":"max-image-preview:large","max-video-preview":"max-video-preview:-1"},"canonical":"https:\/\/president-ksgov.net\/presidenti-mattarella-uron-presidentin-thaci-ne-12-vjetorin-e-pavaresise\/","og_locale":"sr_RS","og_type":"article","og_title":"Predsednik Mattarella &ccaron;estitao predsedniku Tha\u00e7iju 12. godi\u0161njicu nezavisnosti - Predsednik Republike Kosovo - DR. VJOSA OSMANI - SADRIU","og_description":"Predsednik Mattarella &ccaron;estitao predsedniku Tha\u00e7iju 12. godi\u0161njicu nezavisnosti - Predsednik Republike Kosovo - DR. VJOSA OSMANI - SADRIU -","og_url":"https:\/\/president-ksgov.net\/presidenti-mattarella-uron-presidentin-thaci-ne-12-vjetorin-e-pavaresise\/","og_site_name":"Predsednik Republike Kosovo - DR. VJOSA OSMANI - SADRIU","article_published_time":"2020-02-16T13:42:31+00:00","og_image":[{"width":2000,"height":1528,"url":"https:\/\/president-ksgov.net\/wp-content\/uploads\/16_02_2020_3570948_27_11_2019_1328142_27_11_2019_1.jpg","type":"image\/jpeg"}],"author":"admin","twitter_card":"summary_large_image","twitter_misc":{"\u041d\u0430\u043f\u0438\u0441\u0430\u043d\u043e \u043e\u0434":"admin","\u041f\u0440\u043e\u0446\u0435\u045a\u0435\u043d\u043e \u0432\u0440\u0435\u043c\u0435 \u0447\u0438\u0442\u0430\u045a\u0430":"1 \u043c\u0438\u043d\u0443\u0442"},"schema":{"@context":"https:\/\/schema.org","@graph":[{"@type":"WebPage","@id":"https:\/\/president-ksgov.net\/presidenti-mattarella-uron-presidentin-thaci-ne-12-vjetorin-e-pavaresise\/","url":"https:\/\/president-ksgov.net\/presidenti-mattarella-uron-presidentin-thaci-ne-12-vjetorin-e-pavaresise\/","name":"Predsednik Mattarella &ccaron;estitao predsedniku Tha\u00e7iju 12. godi\u0161njicu nezavisnosti - Predsednik Republike Kosovo - DR. VJOSA OSMANI - SADRIU","isPartOf":{"@id":"https:\/\/president-ksgov.net\/#website"},"primaryImageOfPage":{"@id":"https:\/\/president-ksgov.net\/presidenti-mattarella-uron-presidentin-thaci-ne-12-vjetorin-e-pavaresise\/#primaryimage"},"image":{"@id":"https:\/\/president-ksgov.net\/presidenti-mattarella-uron-presidentin-thaci-ne-12-vjetorin-e-pavaresise\/#primaryimage"},"thumbnailUrl":"https:\/\/president-ksgov.net\/wp-content\/uploads\/16_02_2020_3570948_27_11_2019_1328142_27_11_2019_1.jpg","datePublished":"2020-02-16T13:42:31+00:00","dateModified":"2020-02-16T13:42:31+00:00","author":{"@id":"https:\/\/president-ksgov.net\/#\/schema\/person\/bb4337a5fb147cb2046d80548172cbee"},"description":"Predsednik Mattarella &ccaron;estitao predsedniku Tha\u00e7iju 12. godi\u0161njicu nezavisnosti - Predsednik Republike Kosovo - DR. VJOSA OSMANI - SADRIU -","breadcrumb":{"@id":"https:\/\/president-ksgov.net\/presidenti-mattarella-uron-presidentin-thaci-ne-12-vjetorin-e-pavaresise\/#breadcrumb"},"inLanguage":"sr-RS","potentialAction":[{"@type":"ReadAction","target":["https:\/\/president-ksgov.net\/presidenti-mattarella-uron-presidentin-thaci-ne-12-vjetorin-e-pavaresise\/"]}]},{"@type":"ImageObject","inLanguage":"sr-RS","@id":"https:\/\/president-ksgov.net\/presidenti-mattarella-uron-presidentin-thaci-ne-12-vjetorin-e-pavaresise\/#primaryimage","url":"https:\/\/president-ksgov.net\/wp-content\/uploads\/16_02_2020_3570948_27_11_2019_1328142_27_11_2019_1.jpg","contentUrl":"https:\/\/president-ksgov.net\/wp-content\/uploads\/16_02_2020_3570948_27_11_2019_1328142_27_11_2019_1.jpg","width":2000,"height":1528},{"@type":"BreadcrumbList","@id":"https:\/\/president-ksgov.net\/presidenti-mattarella-uron-presidentin-thaci-ne-12-vjetorin-e-pavaresise\/#breadcrumb","itemListElement":[{"@type":"ListItem","position":1,"name":"Home","item":"https:\/\/president-ksgov.net\/sr\/"},{"@type":"ListItem","position":2,"name":"Predsednik Mattarella &ccaron;estitao predsedniku Tha\u00e7iju 12. godi\u0161njicu nezavisnosti"}]},{"@type":"WebSite","@id":"https:\/\/president-ksgov.net\/#website","url":"https:\/\/president-ksgov.net\/","name":"Presidente e Republik\u00ebs s\u00eb Kosov\u00ebs","description":"Presidente e Republik\u00ebs s\u00eb Kosov\u00ebs","alternateName":"DR. VJOSA OSMANI - SADRIU","potentialAction":[{"@type":"SearchAction","target":{"@type":"EntryPoint","urlTemplate":"https:\/\/president-ksgov.net\/?s={search_term_string}"},"query-input":{"@type":"PropertyValueSpecification","valueRequired":true,"valueName":"search_term_string"}}],"inLanguage":"sr-RS"},{"@type":"Person","@id":"https:\/\/president-ksgov.net\/#\/schema\/person\/bb4337a5fb147cb2046d80548172cbee","name":"admin","image":{"@type":"ImageObject","inLanguage":"sr-RS","@id":"https:\/\/president-ksgov.net\/#\/schema\/person\/image\/","url":"https:\/\/secure.gravatar.com\/avatar\/36156ca0fa3b8d9d25174f146e16beea0cf28f37adf1b9e19b6c9c279a7c9dd3?s=96&d=mm&r=g","contentUrl":"https:\/\/secure.gravatar.com\/avatar\/36156ca0fa3b8d9d25174f146e16beea0cf28f37adf1b9e19b6c9c279a7c9dd3?s=96&d=mm&r=g","caption":"admin"},"sameAs":["https:\/\/president-ksgov.net"]}]}},"_links":{"self":[{"href":"https:\/\/president-ksgov.net\/sr\/wp-json\/wp\/v2\/posts\/75393","targetHints":{"allow":["GET"]}}],"collection":[{"href":"https:\/\/president-ksgov.net\/sr\/wp-json\/wp\/v2\/posts"}],"about":[{"href":"https:\/\/president-ksgov.net\/sr\/wp-json\/wp\/v2\/types\/post"}],"author":[{"embeddable":true,"href":"https:\/\/president-ksgov.net\/sr\/wp-json\/wp\/v2\/users\/1"}],"replies":[{"embeddable":true,"href":"https:\/\/president-ksgov.net\/sr\/wp-json\/wp\/v2\/comments?post=75393"}],"version-history":[{"count":0,"href":"https:\/\/president-ksgov.net\/sr\/wp-json\/wp\/v2\/posts\/75393\/revisions"}],"wp:featuredmedia":[{"embeddable":true,"href":"https:\/\/president-ksgov.net\/sr\/wp-json\/wp\/v2\/media\/23596"}],"wp:attachment":[{"href":"https:\/\/president-ksgov.net\/sr\/wp-json\/wp\/v2\/media?parent=75393"}],"wp:term":[{"taxonomy":"category","embeddable":true,"href":"https:\/\/president-ksgov.net\/sr\/wp-json\/wp\/v2\/categories?post=75393"},{"taxonomy":"post_tag","embeddable":true,"href":"https:\/\/president-ksgov.net\/sr\/wp-json\/wp\/v2\/tags?post=75393"}],"curies":[{"name":"wp","href":"https:\/\/api.w.org\/{rel}","templated":true}]}}