{"id":75333,"date":"2020-07-18T20:01:07","date_gmt":"2020-07-18T20:01:07","guid":{"rendered":"https:\/\/dev.president-ksgov.net\/obraanje-predsednika-thacija-nakon-povratka-iz-haga\/"},"modified":"2020-07-18T20:01:07","modified_gmt":"2020-07-18T20:01:07","slug":"obraanje-predsednika-thacija-nakon-povratka-iz-haga","status":"publish","type":"post","link":"https:\/\/president-ksgov.net\/sr\/obraanje-predsednika-thacija-nakon-povratka-iz-haga\/","title":{"rendered":"Obra&cacute;anje predsednika Tha\u00e7ija nakon povratka iz Haga"},"content":{"rendered":"<p>Dragi moji sunarodnici i sugra&dstrok;ani, <\/p>\n<p>Sestre i bra&cacute;o, istog jezika, gde god da ste, bilo kog jezika i etni&ccaron;ke pripadnosti ovde na Kosovu, <\/p>\n<p>Po\u0161tovani prijatelji, vi koji slu&#382;ite prijateljskim dr&#382;avama u Pri\u0161tini, <\/p>\n<p>I po\u0161tovani i cenjeni me&dstrok;unarodni partneri, <\/p>\n<p>Tokom ove nedelje, &ccaron;etiri dana zaredom, sam vr\u0161io svoju gra&dstrok;ansku i institucionalnu du&#382;nost da se pojavim pred tu&#382;iocima Specijalizovanih komora u Hagu. <\/p>\n<p>Zavr\u0161io sam oko 30 sati suo&ccaron;avanja sa organima gonjenja, gde sam upoznat sa svim njihovim navodima i gde sam odgovarao na njihova pitanja. <\/p>\n<p>U potpunosti po\u0161tujem proces rasvetljavanja istine do samog kraja i moje uloge u oslobodila&ccaron;koj borbi za slobodu i nezavisnost. <\/p>\n<p>Iz eti&ccaron;kih razloga i zakonskih ograni&ccaron;enja, ne mogu da zalazim u konkretne detalje ovog suo&ccaron;avanja. Ali, s druge strane ne mogu da ni\u0161ta ne podelim sa vama. <\/p>\n<p>Svestan sam da svi vi, koji ste uz bratsku pa&#382;nju stajali uz mene, mo&#382;ete imati pitanja o navodima Specijalnog tu&#382;ila\u0161tva protiv mene. <\/p>\n<p>Po\u0161tovani gra&dstrok;ani, <\/p>\n<p>&Zcaron;elim da vam ka&#382;em tri stvari, tra&#382;e&cacute;i va\u0161e ljudsko razumevanje da ne zalazim u detalje ovih suo&ccaron;avanja. <\/p>\n<p>Prvo: kao \u0161to sam i ranije govorio pre nego \u0161to sam pre\u0161ao preko praga suda, slavnu istoriju oslobodila&ccaron;ke borbe i stvaranje nezavisne, demokratske i evropske dr&#382;ave Kosovo, ne mo&#382;e niko ponovo pisati! <\/p>\n<p>Danas vam uvereno ka&#382;em da ovaj proces ne samo da ne&cacute;e ponovo pisati ovu istoriju ispisanu krvlju i &#382;rtvom &ccaron;itavog naroda u borbi za slobodu, ve&cacute; nasuprot, od ovog procesa, koji god da je njegov tok i koliko god da on traje, slavna istorija otpora, pre&#382;ivljavanja i trijumfa nad osvaja&ccaron;em, koji je &#382;eleo da po&ccaron;isti albanski narod na Kosovu sa lica zemlje, potezima etni&ccaron;kog fa\u0161izma, jednom zauvek posta&cacute;e nedodirljiva!<\/p>\n<p>Drugo: ovaj proces je jo\u0161 jedan u nizu, tokom 21 godine optu&#382;bi, izmi\u0161ljotina i fabrikacija o Oslobodila&ccaron;koj vojsci Kosova i naporima kosovskog naroda za slobodu i dr&#382;avu. <\/p>\n<p>Ali, ovaj proces &cacute;e jednom zauvek zape&ccaron;atiti istorijsku ulogu OVK-a, kao nezamenjivu i neotu&dstrok;ivu ulogu za ste&ccaron;enu slobodu, za sve generacije koje &cacute;e naslediti Kosovo, kao nezavisnu i demokratsku dr&#382;avu. <\/p>\n<p>Taj etni&ccaron;ki prezir, maltretiranje Albanaca jo\u0161 u maj&ccaron;inoj utrobi, genocidno pona\u0161anje protiv naroda sa istorijskim pravom na ovu zemlju, represija koja je dostigla vrhunac etni&ccaron;kim &ccaron;i\u0161&cacute;enjem, do razmera genocida, bi&cacute;e jedno od najmra&ccaron;niji razdoblja pro\u0161losti, koje nikada vi\u0161e ne&cacute;e mo&cacute;i da se vrati. <\/p>\n<p>I tre&cacute;e: ja sam imao sre&cacute;u i &ccaron;ast mi je da sam imao ulogu u borbi i na putu prema nezavisnosti i formiranju dr&#382;ave Kosovo, danas sam jo\u0161 vi\u0161e ube&dstrok;en, i odlu&ccaron;niji sam nego ranije pred ovim suo&ccaron;avanjem, u veliku vrednost koje imaju li&ccaron;ni napori i &#382;rtva da do kraja rasvetlimo ovu istoriju staru 22 godine. <\/p>\n<p>Istoriju punu povreda izazvanih optu&#382;bama protiv mene i protiv na\u0161e zajedni&ccaron;ke borbe sa SAD-om, NATO-om, dr&#382;avama Evropske unije i ostalim dr&#382;avama prijateljima, za oslobo&dstrok;enje kosovskog naroda od fa\u0161isti&ccaron;ke diktature Slobodana Milo\u0161evi&cacute;a i dr&#382;ave Srbije. <\/p>\n<p>Dragi moji, <\/p>\n<p>Ve&ccaron;eras &#382;elim da ponovim, da je Kosovo za mene uvek na prvom mestu. <\/p>\n<p>Ako sam za Kosovo bio spreman da dam &#382;ivot kada sam bio mlad, danas, kada sam roditelj sede kose, uop\u0161te ne sumnjam da je moja du&#382;nost da branim Kosovo, ne dozvoljavaju&cacute;i da proces, u koji su upleli mene i moje saborce u potpunosti nepravedno, ometa velike poslove koji su pred Kosovom. <\/p>\n<p>S toga, zahvaljuju&cacute;i vam svim srcem na po\u0161tovanju i svenarodnoj solidarnosti, &#382;elim sve da vas zamolim, da Kosovo postavite iznad politi&ccaron;kih i partijskih razlika, iznad svakodnevnih ljutnji i nezadovoljstava. <\/p>\n<p>Kosovo je amanet od na\u0161ih predaka, on na\u0161ih osniva&ccaron;a, palih boraca, od na\u0161ih heroja od Hasana Prishtine, Shote i Azema, Adema Jasharija, Adema Dema\u00e7ija i Ibrahima Rugove, do stotine i hiljada drugih koji su an&dstrok;eli &ccaron;uvari ove zemlje. <\/p>\n<p>Kosovo je i vizija. Ono je dug koji imamo prema na\u0161oj deci i deci na\u0161e dece. <\/p>\n<p>Prema onima koji su odrasli u ovoj zemlji i onima koji &cacute;e se roditi i &#382;iveti na ovoj zemlji koju su &#382;eleli da nam negiraju, spaljenoj i okrvavljenoj zemlji, gde nam je svima zajedno du&#382;nost da izgradimo demokratski i multietnilki su&#382;ivot. <\/p>\n<p>Tako ja&ccaron;amo demokratiju, pove&cacute;avamo blagostanje i gradimo stabilne mostove mira izme&dstrok;u samih sebe i na\u0161ih suseda. <\/p>\n<p>Kosovu je danas nego ikad ranije potreban civilizovan dijalog me&dstrok;u politi&ccaron;kim snagama, o institucionalnoj stabilnosti, dobrom upravljanju i gra&dstrok;anskom i politi&ccaron;kom jedinstvu, posebno o dijalogu o kona&ccaron;nom priznanju od strane Srbije i &ccaron;itavog sveta. <\/p>\n<p>Kosovo danas treba gaji raznolikost mi\u0161ljenja i da &#382;ivi u zdravoj debati izme&dstrok;u Vlade i opozicije. <\/p>\n<p>Ali, ujedno treba da jednoglasno govorimo svetu i da vodimo dijalog sa Srbijom uz sjajno jedinstvo koje smo imali u Rambujeu, Be&ccaron;u i Briselu. <\/p>\n<p>Po\u0161tovani sugra&dstrok;ani, <\/p>\n<p>Ja sam ju&ccaron;e bio borac u slu&#382;bi Kosova, a vi ste mi dali sve. <\/p>\n<p>Poverili ste mi sve \u0161to se jednom &ccaron;oveku mo&#382;e dati za njegovu otad&#382;binu, od njegovog naroda!<\/p>\n<p>Za izgradnju novog Kosova, evropskog Kosova, otad&#382;bine svih njegovih gra&dstrok;ana. S po\u0161tovanjem se klanjam va\u0161em poverenju!<\/p>\n<p>Zauvek &cacute;u vam biti zahvalan!<\/p>\n<p>Nisam bio savr\u0161en, ali uvek sam se trudio da uradim ono \u0161to je dobro za moju otad&#382;binu i za vas. <\/p>\n<p>Svakome od vas &#382;elim da stegnem ruku, da vas sve zagrlim i da vas uverim da &cacute;u svim svojim bi&cacute;em, na kraju ovog putovanja, koje se nastavlja sa vama i za vas, iza&cacute;i &ccaron;ist kao suza. <\/p>\n<p>Hvala vam!<\/p>\n","protected":false},"excerpt":{"rendered":"<p>Dragi moji sunarodnici i sugra&dstrok;ani, Sestre i bra&cacute;o, istog jezika, gde god da ste, bilo kog jezika i etni&ccaron;ke pripadnosti ovde na Kosovu, Po\u0161tovani prijatelji, vi koji slu&#382;ite prijateljskim dr&#382;avama u Pri\u0161tini, I po\u0161tovani i cenjeni me&dstrok;unarodni partneri, Tokom ove nedelje, &ccaron;etiri dana zaredom, sam vr\u0161io svoju gra&dstrok;ansku i institucionalnu du&#382;nost da se pojavim pred tu&#382;iocima Specijalizovanih komora u Hagu. Zavr\u0161io sam oko 30 sati suo&ccaron;avanja sa organima gonjenja, gde sam upoznat sa svim njihovim navodima i gde sam odgovarao na njihova pitanja. U potpunosti po\u0161tujem proces rasvetljavanja istine do samog kraja i moje uloge u oslobodila&ccaron;koj borbi za slobodu i nezavisnost. Iz eti&ccaron;kih razloga i zakonskih ograni&ccaron;enja, ne mogu da zalazim u konkretne detalje ovog suo&ccaron;avanja. Ali, s druge strane ne mogu da ni\u0161ta ne podelim sa vama. Svestan sam da svi vi, koji ste uz bratsku pa&#382;nju stajali uz mene, mo&#382;ete imati pitanja o navodima Specijalnog tu&#382;ila\u0161tva protiv mene. Po\u0161tovani gra&dstrok;ani, &Zcaron;elim da vam ka&#382;em tri stvari, tra&#382;e&cacute;i va\u0161e ljudsko razumevanje da ne zalazim u detalje ovih suo&ccaron;avanja. Prvo: kao \u0161to sam i ranije govorio pre nego \u0161to sam pre\u0161ao preko praga suda, slavnu istoriju oslobodila&ccaron;ke borbe i stvaranje nezavisne, demokratske i evropske dr&#382;ave Kosovo, ne mo&#382;e niko ponovo pisati! Danas vam uvereno ka&#382;em da ovaj proces ne samo da ne&cacute;e ponovo pisati ovu istoriju ispisanu krvlju i &#382;rtvom &ccaron;itavog naroda u borbi za slobodu, ve&cacute; nasuprot, od ovog procesa, koji god da je njegov tok i koliko god da on traje, slavna istorija otpora, pre&#382;ivljavanja i trijumfa nad osvaja&ccaron;em, koji je &#382;eleo da po&ccaron;isti albanski narod na Kosovu sa lica zemlje, potezima etni&ccaron;kog fa\u0161izma, jednom zauvek posta&cacute;e nedodirljiva! Drugo: ovaj proces je jo\u0161 jedan u nizu, tokom 21 godine optu&#382;bi, izmi\u0161ljotina i fabrikacija o Oslobodila&ccaron;koj vojsci Kosova i naporima kosovskog naroda za slobodu i dr&#382;avu. Ali, ovaj proces &cacute;e jednom zauvek zape&ccaron;atiti istorijsku ulogu OVK-a, kao nezamenjivu i neotu&dstrok;ivu ulogu za ste&ccaron;enu slobodu, za sve generacije koje &cacute;e naslediti Kosovo, kao nezavisnu i demokratsku dr&#382;avu. Taj etni&ccaron;ki prezir, maltretiranje Albanaca jo\u0161 u maj&ccaron;inoj utrobi, genocidno pona\u0161anje protiv naroda sa istorijskim pravom na ovu zemlju, represija koja je dostigla vrhunac etni&ccaron;kim &ccaron;i\u0161&cacute;enjem, do razmera genocida, bi&cacute;e jedno od najmra&ccaron;niji razdoblja pro\u0161losti, koje nikada vi\u0161e ne&cacute;e mo&cacute;i da se vrati. I tre&cacute;e: ja sam imao sre&cacute;u i &ccaron;ast mi je da sam imao ulogu u borbi i na putu prema nezavisnosti i formiranju dr&#382;ave Kosovo, danas sam jo\u0161 vi\u0161e ube&dstrok;en, i odlu&ccaron;niji sam nego ranije pred ovim suo&ccaron;avanjem, u veliku vrednost koje imaju li&ccaron;ni napori i &#382;rtva da do kraja rasvetlimo ovu istoriju staru 22 godine. Istoriju punu povreda izazvanih optu&#382;bama protiv mene i protiv na\u0161e zajedni&ccaron;ke borbe sa SAD-om, NATO-om, dr&#382;avama Evropske unije i ostalim dr&#382;avama prijateljima, za oslobo&dstrok;enje kosovskog naroda od fa\u0161isti&ccaron;ke diktature Slobodana Milo\u0161evi&cacute;a i dr&#382;ave Srbije. Dragi moji, Ve&ccaron;eras &#382;elim da ponovim, da je Kosovo za mene uvek na prvom mestu. Ako sam za Kosovo bio spreman da dam &#382;ivot kada sam bio mlad, danas, kada sam roditelj sede kose, uop\u0161te ne sumnjam da je moja du&#382;nost da branim Kosovo, ne dozvoljavaju&cacute;i da proces, u koji su upleli mene i moje saborce u potpunosti nepravedno, ometa velike poslove koji su pred Kosovom. S toga, zahvaljuju&cacute;i vam svim srcem na po\u0161tovanju i svenarodnoj solidarnosti, &#382;elim sve da vas zamolim, da Kosovo postavite iznad politi&ccaron;kih i partijskih razlika, iznad svakodnevnih ljutnji i nezadovoljstava. Kosovo je amanet od na\u0161ih predaka, on na\u0161ih osniva&ccaron;a, palih boraca, od na\u0161ih heroja od Hasana Prishtine, Shote i Azema, Adema Jasharija, Adema Dema\u00e7ija i Ibrahima Rugove, do stotine i hiljada drugih koji su an&dstrok;eli &ccaron;uvari ove zemlje. Kosovo je i vizija. Ono je dug koji imamo prema na\u0161oj deci i deci na\u0161e dece. Prema onima koji su odrasli u ovoj zemlji i onima koji &cacute;e se roditi i &#382;iveti na ovoj zemlji koju su &#382;eleli da nam negiraju, spaljenoj i okrvavljenoj zemlji, gde nam je svima zajedno du&#382;nost da izgradimo demokratski i multietnilki su&#382;ivot. Tako ja&ccaron;amo demokratiju, pove&cacute;avamo blagostanje i gradimo stabilne mostove mira izme&dstrok;u samih sebe i na\u0161ih suseda. Kosovu je danas nego ikad ranije potreban civilizovan dijalog me&dstrok;u politi&ccaron;kim snagama, o institucionalnoj stabilnosti, dobrom upravljanju i gra&dstrok;anskom i politi&ccaron;kom jedinstvu, posebno o dijalogu o kona&ccaron;nom priznanju od strane Srbije i &ccaron;itavog sveta. Kosovo danas treba gaji raznolikost mi\u0161ljenja i da &#382;ivi u zdravoj debati izme&dstrok;u Vlade i opozicije. Ali, ujedno treba da jednoglasno govorimo svetu i da vodimo dijalog sa Srbijom uz sjajno jedinstvo koje smo imali u Rambujeu, Be&ccaron;u i Briselu. Po\u0161tovani sugra&dstrok;ani, Ja sam ju&ccaron;e bio borac u slu&#382;bi Kosova, a vi ste mi dali sve. Poverili ste mi sve \u0161to se jednom &ccaron;oveku mo&#382;e dati za njegovu otad&#382;binu, od njegovog naroda! Za izgradnju novog Kosova, evropskog Kosova, otad&#382;bine svih njegovih gra&dstrok;ana. S po\u0161tovanjem se klanjam va\u0161em poverenju! Zauvek &cacute;u vam biti zahvalan! Nisam bio savr\u0161en, ali uvek sam se trudio da uradim ono \u0161to je dobro za moju otad&#382;binu i za vas. Svakome od vas &#382;elim da stegnem ruku, da vas sve zagrlim i da vas uverim da &cacute;u svim svojim bi&cacute;em, na kraju ovog putovanja, koje se nastavlja sa vama i za vas, iza&cacute;i &ccaron;ist kao suza. Hvala vam!<\/p>\n","protected":false},"author":1,"featured_media":23002,"comment_status":"open","ping_status":"closed","sticky":false,"template":"","format":"standard","meta":{"_eb_attr":"","footnotes":""},"categories":[101],"tags":[],"class_list":["post-75333","post","type-post","status-publish","format-standard","has-post-thumbnail","hentry","category-vesti"],"yoast_head":"<!-- This site is optimized with the Yoast SEO plugin v23.5 - https:\/\/yoast.com\/wordpress\/plugins\/seo\/ -->\n<title>Obra&amp;cacute;anje predsednika Tha\u00e7ija nakon povratka iz Haga - Predsednik Republike Kosovo - DR. VJOSA OSMANI - SADRIU<\/title>\n<meta name=\"description\" content=\"Obra&amp;cacute;anje predsednika Tha\u00e7ija nakon povratka iz Haga - Predsednik Republike Kosovo - DR. VJOSA OSMANI - SADRIU -\" \/>\n<meta name=\"robots\" content=\"index, follow, max-snippet:-1, max-image-preview:large, max-video-preview:-1\" \/>\n<link rel=\"canonical\" href=\"https:\/\/president-ksgov.net\/sr\/obraanje-predsednika-thacija-nakon-povratka-iz-haga\/\" \/>\n<meta property=\"og:locale\" content=\"sr_RS\" \/>\n<meta property=\"og:type\" content=\"article\" \/>\n<meta property=\"og:title\" content=\"Obra&amp;cacute;anje predsednika Tha\u00e7ija nakon povratka iz Haga - Predsednik Republike Kosovo - DR. VJOSA OSMANI - SADRIU\" \/>\n<meta property=\"og:description\" content=\"Obra&amp;cacute;anje predsednika Tha\u00e7ija nakon povratka iz Haga - Predsednik Republike Kosovo - DR. VJOSA OSMANI - SADRIU -\" \/>\n<meta property=\"og:url\" content=\"https:\/\/president-ksgov.net\/sr\/obraanje-predsednika-thacija-nakon-povratka-iz-haga\/\" \/>\n<meta property=\"og:site_name\" content=\"Predsednik Republike Kosovo - DR. VJOSA OSMANI - SADRIU\" \/>\n<meta property=\"article:published_time\" content=\"2020-07-18T20:01:07+00:00\" \/>\n<meta property=\"og:image\" content=\"https:\/\/president-ksgov.net\/wp-content\/uploads\/18_07_2020_8795431_Presidenti_Thaci.jpg\" \/>\n\t<meta property=\"og:image:width\" content=\"2400\" \/>\n\t<meta property=\"og:image:height\" content=\"1600\" \/>\n\t<meta property=\"og:image:type\" content=\"image\/jpeg\" \/>\n<meta name=\"author\" content=\"admin\" \/>\n<meta name=\"twitter:card\" content=\"summary_large_image\" \/>\n<meta name=\"twitter:label1\" content=\"\u041d\u0430\u043f\u0438\u0441\u0430\u043d\u043e \u043e\u0434\" \/>\n\t<meta name=\"twitter:data1\" content=\"admin\" \/>\n\t<meta name=\"twitter:label2\" content=\"\u041f\u0440\u043e\u0446\u0435\u045a\u0435\u043d\u043e \u0432\u0440\u0435\u043c\u0435 \u0447\u0438\u0442\u0430\u045a\u0430\" \/>\n\t<meta name=\"twitter:data2\" content=\"5 \u043c\u0438\u043d\u0443\u0442\u0430\" \/>\n<script type=\"application\/ld+json\" class=\"yoast-schema-graph\">{\"@context\":\"https:\/\/schema.org\",\"@graph\":[{\"@type\":\"WebPage\",\"@id\":\"https:\/\/president-ksgov.net\/sr\/obraanje-predsednika-thacija-nakon-povratka-iz-haga\/\",\"url\":\"https:\/\/president-ksgov.net\/sr\/obraanje-predsednika-thacija-nakon-povratka-iz-haga\/\",\"name\":\"Obra&cacute;anje predsednika Tha\u00e7ija nakon povratka iz Haga - Predsednik Republike Kosovo - DR. VJOSA OSMANI - SADRIU\",\"isPartOf\":{\"@id\":\"https:\/\/president-ksgov.net\/#website\"},\"primaryImageOfPage\":{\"@id\":\"https:\/\/president-ksgov.net\/sr\/obraanje-predsednika-thacija-nakon-povratka-iz-haga\/#primaryimage\"},\"image\":{\"@id\":\"https:\/\/president-ksgov.net\/sr\/obraanje-predsednika-thacija-nakon-povratka-iz-haga\/#primaryimage\"},\"thumbnailUrl\":\"https:\/\/president-ksgov.net\/wp-content\/uploads\/18_07_2020_8795431_Presidenti_Thaci.jpg\",\"datePublished\":\"2020-07-18T20:01:07+00:00\",\"dateModified\":\"2020-07-18T20:01:07+00:00\",\"author\":{\"@id\":\"https:\/\/president-ksgov.net\/#\/schema\/person\/bb4337a5fb147cb2046d80548172cbee\"},\"description\":\"Obra&cacute;anje predsednika Tha\u00e7ija nakon povratka iz Haga - Predsednik Republike Kosovo - DR. VJOSA OSMANI - SADRIU -\",\"breadcrumb\":{\"@id\":\"https:\/\/president-ksgov.net\/sr\/obraanje-predsednika-thacija-nakon-povratka-iz-haga\/#breadcrumb\"},\"inLanguage\":\"sr-RS\",\"potentialAction\":[{\"@type\":\"ReadAction\",\"target\":[\"https:\/\/president-ksgov.net\/sr\/obraanje-predsednika-thacija-nakon-povratka-iz-haga\/\"]}]},{\"@type\":\"ImageObject\",\"inLanguage\":\"sr-RS\",\"@id\":\"https:\/\/president-ksgov.net\/sr\/obraanje-predsednika-thacija-nakon-povratka-iz-haga\/#primaryimage\",\"url\":\"https:\/\/president-ksgov.net\/wp-content\/uploads\/18_07_2020_8795431_Presidenti_Thaci.jpg\",\"contentUrl\":\"https:\/\/president-ksgov.net\/wp-content\/uploads\/18_07_2020_8795431_Presidenti_Thaci.jpg\",\"width\":2400,\"height\":1600},{\"@type\":\"BreadcrumbList\",\"@id\":\"https:\/\/president-ksgov.net\/sr\/obraanje-predsednika-thacija-nakon-povratka-iz-haga\/#breadcrumb\",\"itemListElement\":[{\"@type\":\"ListItem\",\"position\":1,\"name\":\"Home\",\"item\":\"https:\/\/president-ksgov.net\/sr\/\"},{\"@type\":\"ListItem\",\"position\":2,\"name\":\"Obra&cacute;anje predsednika Tha\u00e7ija nakon povratka iz Haga\"}]},{\"@type\":\"WebSite\",\"@id\":\"https:\/\/president-ksgov.net\/#website\",\"url\":\"https:\/\/president-ksgov.net\/\",\"name\":\"Presidente e Republik\u00ebs s\u00eb Kosov\u00ebs\",\"description\":\"Presidente e Republik\u00ebs s\u00eb Kosov\u00ebs\",\"alternateName\":\"DR. VJOSA OSMANI - SADRIU\",\"potentialAction\":[{\"@type\":\"SearchAction\",\"target\":{\"@type\":\"EntryPoint\",\"urlTemplate\":\"https:\/\/president-ksgov.net\/?s={search_term_string}\"},\"query-input\":{\"@type\":\"PropertyValueSpecification\",\"valueRequired\":true,\"valueName\":\"search_term_string\"}}],\"inLanguage\":\"sr-RS\"},{\"@type\":\"Person\",\"@id\":\"https:\/\/president-ksgov.net\/#\/schema\/person\/bb4337a5fb147cb2046d80548172cbee\",\"name\":\"admin\",\"image\":{\"@type\":\"ImageObject\",\"inLanguage\":\"sr-RS\",\"@id\":\"https:\/\/president-ksgov.net\/#\/schema\/person\/image\/\",\"url\":\"https:\/\/secure.gravatar.com\/avatar\/36156ca0fa3b8d9d25174f146e16beea0cf28f37adf1b9e19b6c9c279a7c9dd3?s=96&d=mm&r=g\",\"contentUrl\":\"https:\/\/secure.gravatar.com\/avatar\/36156ca0fa3b8d9d25174f146e16beea0cf28f37adf1b9e19b6c9c279a7c9dd3?s=96&d=mm&r=g\",\"caption\":\"admin\"},\"sameAs\":[\"https:\/\/president-ksgov.net\"]}]}<\/script>\n<!-- \/ Yoast SEO plugin. -->","yoast_head_json":{"title":"Obra&cacute;anje predsednika Tha\u00e7ija nakon povratka iz Haga - Predsednik Republike Kosovo - DR. VJOSA OSMANI - SADRIU","description":"Obra&cacute;anje predsednika Tha\u00e7ija nakon povratka iz Haga - Predsednik Republike Kosovo - DR. VJOSA OSMANI - SADRIU -","robots":{"index":"index","follow":"follow","max-snippet":"max-snippet:-1","max-image-preview":"max-image-preview:large","max-video-preview":"max-video-preview:-1"},"canonical":"https:\/\/president-ksgov.net\/sr\/obraanje-predsednika-thacija-nakon-povratka-iz-haga\/","og_locale":"sr_RS","og_type":"article","og_title":"Obra&cacute;anje predsednika Tha\u00e7ija nakon povratka iz Haga - Predsednik Republike Kosovo - DR. VJOSA OSMANI - SADRIU","og_description":"Obra&cacute;anje predsednika Tha\u00e7ija nakon povratka iz Haga - Predsednik Republike Kosovo - DR. VJOSA OSMANI - SADRIU -","og_url":"https:\/\/president-ksgov.net\/sr\/obraanje-predsednika-thacija-nakon-povratka-iz-haga\/","og_site_name":"Predsednik Republike Kosovo - DR. VJOSA OSMANI - SADRIU","article_published_time":"2020-07-18T20:01:07+00:00","og_image":[{"width":2400,"height":1600,"url":"https:\/\/president-ksgov.net\/wp-content\/uploads\/18_07_2020_8795431_Presidenti_Thaci.jpg","type":"image\/jpeg"}],"author":"admin","twitter_card":"summary_large_image","twitter_misc":{"\u041d\u0430\u043f\u0438\u0441\u0430\u043d\u043e \u043e\u0434":"admin","\u041f\u0440\u043e\u0446\u0435\u045a\u0435\u043d\u043e \u0432\u0440\u0435\u043c\u0435 \u0447\u0438\u0442\u0430\u045a\u0430":"5 \u043c\u0438\u043d\u0443\u0442\u0430"},"schema":{"@context":"https:\/\/schema.org","@graph":[{"@type":"WebPage","@id":"https:\/\/president-ksgov.net\/sr\/obraanje-predsednika-thacija-nakon-povratka-iz-haga\/","url":"https:\/\/president-ksgov.net\/sr\/obraanje-predsednika-thacija-nakon-povratka-iz-haga\/","name":"Obra&cacute;anje predsednika Tha\u00e7ija nakon povratka iz Haga - Predsednik Republike Kosovo - DR. VJOSA OSMANI - SADRIU","isPartOf":{"@id":"https:\/\/president-ksgov.net\/#website"},"primaryImageOfPage":{"@id":"https:\/\/president-ksgov.net\/sr\/obraanje-predsednika-thacija-nakon-povratka-iz-haga\/#primaryimage"},"image":{"@id":"https:\/\/president-ksgov.net\/sr\/obraanje-predsednika-thacija-nakon-povratka-iz-haga\/#primaryimage"},"thumbnailUrl":"https:\/\/president-ksgov.net\/wp-content\/uploads\/18_07_2020_8795431_Presidenti_Thaci.jpg","datePublished":"2020-07-18T20:01:07+00:00","dateModified":"2020-07-18T20:01:07+00:00","author":{"@id":"https:\/\/president-ksgov.net\/#\/schema\/person\/bb4337a5fb147cb2046d80548172cbee"},"description":"Obra&cacute;anje predsednika Tha\u00e7ija nakon povratka iz Haga - Predsednik Republike Kosovo - DR. VJOSA OSMANI - SADRIU -","breadcrumb":{"@id":"https:\/\/president-ksgov.net\/sr\/obraanje-predsednika-thacija-nakon-povratka-iz-haga\/#breadcrumb"},"inLanguage":"sr-RS","potentialAction":[{"@type":"ReadAction","target":["https:\/\/president-ksgov.net\/sr\/obraanje-predsednika-thacija-nakon-povratka-iz-haga\/"]}]},{"@type":"ImageObject","inLanguage":"sr-RS","@id":"https:\/\/president-ksgov.net\/sr\/obraanje-predsednika-thacija-nakon-povratka-iz-haga\/#primaryimage","url":"https:\/\/president-ksgov.net\/wp-content\/uploads\/18_07_2020_8795431_Presidenti_Thaci.jpg","contentUrl":"https:\/\/president-ksgov.net\/wp-content\/uploads\/18_07_2020_8795431_Presidenti_Thaci.jpg","width":2400,"height":1600},{"@type":"BreadcrumbList","@id":"https:\/\/president-ksgov.net\/sr\/obraanje-predsednika-thacija-nakon-povratka-iz-haga\/#breadcrumb","itemListElement":[{"@type":"ListItem","position":1,"name":"Home","item":"https:\/\/president-ksgov.net\/sr\/"},{"@type":"ListItem","position":2,"name":"Obra&cacute;anje predsednika Tha\u00e7ija nakon povratka iz Haga"}]},{"@type":"WebSite","@id":"https:\/\/president-ksgov.net\/#website","url":"https:\/\/president-ksgov.net\/","name":"Presidente e Republik\u00ebs s\u00eb Kosov\u00ebs","description":"Presidente e Republik\u00ebs s\u00eb Kosov\u00ebs","alternateName":"DR. VJOSA OSMANI - SADRIU","potentialAction":[{"@type":"SearchAction","target":{"@type":"EntryPoint","urlTemplate":"https:\/\/president-ksgov.net\/?s={search_term_string}"},"query-input":{"@type":"PropertyValueSpecification","valueRequired":true,"valueName":"search_term_string"}}],"inLanguage":"sr-RS"},{"@type":"Person","@id":"https:\/\/president-ksgov.net\/#\/schema\/person\/bb4337a5fb147cb2046d80548172cbee","name":"admin","image":{"@type":"ImageObject","inLanguage":"sr-RS","@id":"https:\/\/president-ksgov.net\/#\/schema\/person\/image\/","url":"https:\/\/secure.gravatar.com\/avatar\/36156ca0fa3b8d9d25174f146e16beea0cf28f37adf1b9e19b6c9c279a7c9dd3?s=96&d=mm&r=g","contentUrl":"https:\/\/secure.gravatar.com\/avatar\/36156ca0fa3b8d9d25174f146e16beea0cf28f37adf1b9e19b6c9c279a7c9dd3?s=96&d=mm&r=g","caption":"admin"},"sameAs":["https:\/\/president-ksgov.net"]}]}},"_links":{"self":[{"href":"https:\/\/president-ksgov.net\/sr\/wp-json\/wp\/v2\/posts\/75333","targetHints":{"allow":["GET"]}}],"collection":[{"href":"https:\/\/president-ksgov.net\/sr\/wp-json\/wp\/v2\/posts"}],"about":[{"href":"https:\/\/president-ksgov.net\/sr\/wp-json\/wp\/v2\/types\/post"}],"author":[{"embeddable":true,"href":"https:\/\/president-ksgov.net\/sr\/wp-json\/wp\/v2\/users\/1"}],"replies":[{"embeddable":true,"href":"https:\/\/president-ksgov.net\/sr\/wp-json\/wp\/v2\/comments?post=75333"}],"version-history":[{"count":0,"href":"https:\/\/president-ksgov.net\/sr\/wp-json\/wp\/v2\/posts\/75333\/revisions"}],"wp:featuredmedia":[{"embeddable":true,"href":"https:\/\/president-ksgov.net\/sr\/wp-json\/wp\/v2\/media\/23002"}],"wp:attachment":[{"href":"https:\/\/president-ksgov.net\/sr\/wp-json\/wp\/v2\/media?parent=75333"}],"wp:term":[{"taxonomy":"category","embeddable":true,"href":"https:\/\/president-ksgov.net\/sr\/wp-json\/wp\/v2\/categories?post=75333"},{"taxonomy":"post_tag","embeddable":true,"href":"https:\/\/president-ksgov.net\/sr\/wp-json\/wp\/v2\/tags?post=75333"}],"curies":[{"name":"wp","href":"https:\/\/api.w.org\/{rel}","templated":true}]}}