{"id":75332,"date":"2020-07-20T15:04:51","date_gmt":"2020-07-20T15:04:51","guid":{"rendered":"https:\/\/dev.president-ksgov.net\/predsednik-thaci-doekao-predsednika-dp-a-lulzima-bashu-razgovarali-o-politikim-desavanjima-na-kosovu-i-u-albaniji\/"},"modified":"2020-07-20T15:04:51","modified_gmt":"2020-07-20T15:04:51","slug":"predsednik-thaci-doekao-predsednika-dp-a-lulzima-bashu-razgovarali-o-politikim-desavanjima-na-kosovu-i-u-albaniji","status":"publish","type":"post","link":"https:\/\/president-ksgov.net\/sr\/predsednik-thaci-doekao-predsednika-dp-a-lulzima-bashu-razgovarali-o-politikim-desavanjima-na-kosovu-i-u-albaniji\/","title":{"rendered":"Predsednik  Tha\u00e7i do&ccaron;ekao predsednika DP-a Lulzima Bashu, razgovarali o politi&ccaron;kim de\u0161avanjima na Kosovu i u Albaniji"},"content":{"rendered":"<p>Pri\u0161tina, 20. jul 2020. godine \u2013 Predsednik Republike Kosovo Hashim Tha\u00e7i do&ccaron;ekao je danas sa sastanku predsednika Demokratske partije Albanije Lulzima Bashu, sa kojim je diskutovao o doga&dstrok;ajima na Kosovu i u Albaniji, kao i o mogu&cacute;nostima bolje me&dstrok;u-albanske saradnje.<\/p>\n<p>Predsednik Tha\u00e7i je istakao da je te&#382;nja Kosova da \u0161to br&#382;e postane deo NATO-a i Evropske unije.<\/p>\n<p>\u201eSvako pozitivno iskustvo Albanije i li&ccaron;no iskustvo u ovom procesu, posebno u vezi sa liberalizacijom viza, bitno je za nas kao dr&#382;avne institucije\u201c, rekao je predsednik Tha\u00e7i.<\/p>\n<p>On je istakao da je bitno da se nastavi sa stvaranjem \u0161to \u0161ireg konsenzusa u vezi sa anga&#382;ovanjima na evropskoj perspektivi, u vezi konkretnih koraka, posebno o liberalizaciji viza i dijalogu sa Srbijom.<\/p>\n<p>\u201eZa nas je od izuzetne bitnosti da imamo koordinaciju me&dstrok;u politi&ccaron;kim spektrom na Kosovu, \u0161to \u0161iri i \u0161to sveobuhvatniji konsenzus, kako bi postojalo jedinstvo anga&#382;ovanja gra&dstrok;ana, civilnog dru\u0161tva, politike, partija, institucija. Uvek je doprinos Albanije bio dobrodo\u0161ao\u201c, istakao je predsednik Tha\u00e7i.<\/p>\n<p>Prvi &ccaron;ovek dr&#382;ave je rekao da je izuzetno bitno da me&dstrok;unarodni faktor bude koordinisan.<\/p>\n<p>\u201eTako&dstrok;e je za nas bitno da me&dstrok;unarodni faktor bude koordinisan, prvo da Evropska unija bude ujedinjena, ali i bliska koordinacija sa Va\u0161ingtonom i Briselom, kako bi to bio siguran, pouzdan, a zatim i prihvatljiv proces za gra&dstrok;ane Kosova, koji treba da se zavr\u0161i, ne u tehni&ccaron;kom smislu, jer smo o tehni&ccaron;kim aspektima razgovarali sada ve&cacute; 9 godina, od 2011. do 2019. godine, nego da se zaklju&ccaron;i recipro&ccaron;nim priznavanjem \u0161to je pre mogu&cacute;e\u201c, rekao je predsednik Tha\u00e7i.<\/p>\n<p>A predsednik Demokratske partije Albanije Lulzim Basha je izrazio svoju podr\u0161ku predsedniku Tha\u00e7iju i konsekventnim stavovima podr\u0161ke dijalogu i podr\u0161ke stvaranja jedinstva me&dstrok;u svim politi&ccaron;kim snagama na Kosovu.<\/p>\n<p>\u201eMoje je vi&dstrok;enje i vi&dstrok;enje Demokratske partije da koordinacija me&dstrok;u politi&ccaron;kim snagama Kosova i njihova saradnja samo ja&ccaron;aju Kosovo pred izazovima sa kojima se trenutno suo&ccaron;ava\u201c, rekao je Basha, nastavljaju&cacute;i daje da kao evroatlantski orijentisana partija isti&ccaron;e ube&dstrok;enje i uverenje da je bliska saradnja Sjedinjenih Ameri&ccaron;kih Dr&#382;ava i Evropske unije bila i jeste preduslov za uspeh svake inicijative u odnosu za kona&ccaron;no stabilizovanje i evropsku i evroatlantsku perspektivu svih zemalja na\u0161eg regiona.<\/p>\n<p>\u201eIzra&#382;avam ube&dstrok;enje da &cacute;e takva koordinacija oja&ccaron;ati i ubrzati proces dijaloga s ciljem recipro&ccaron;nog priznanja izme&dstrok;u Republike Kosovo i Srbije\u201c, rekao je Basha.<\/p>\n<p>Lider opozicije u Albaniji je izrazio svu svoju podr\u0161ku i podr\u0161ku Demokratske partije svim stavovima &ccaron;elnika kosovskih institucija i politike.<\/p>\n<p>\u201eIzrazio sam svoju potpunu podr\u0161ku i potpunu podr\u0161ku Demokratske partije, ujedinjene opozicije, svim stavovima institucija i politikama na Kosovu, posebno onim koji su &#382;rtvovali 22 godine za slobodu Kosova i vi koji treba da nastavite da se &#382;rtvujete na li&ccaron;nom planu kako biste obezbedili konstantnost plodova slobode, nezavisnosti i ljudskog dostojanstva za sve gra&dstrok;ane Kosova, a posebno predsedniku Tha\u00e7iju i njegovim saradnicima\u201c, dodao je Basha.<\/p>\n<p>Predsednik Tha\u00e7i se zahvalio predsedniku Bashi na njegovom doprinosu za slobodu i nezavisnost Kosova, ali i za doprinos tokom procesa konsolidovanja dr&#382;ave Kosovo i procesa me&dstrok;unarodnih priznanja i u&ccaron;lanjenja Kosova u razne me&dstrok;unarodne organizacije.\u00e2&#8364;&#8249;<\/p>\n","protected":false},"excerpt":{"rendered":"<p>Pri\u0161tina, 20. jul 2020. godine \u2013 Predsednik Republike Kosovo Hashim Tha\u00e7i do&ccaron;ekao je danas sa sastanku predsednika Demokratske partije Albanije Lulzima Bashu, sa kojim je diskutovao o doga&dstrok;ajima na Kosovu i u Albaniji, kao i o mogu&cacute;nostima bolje me&dstrok;u-albanske saradnje.<\/p>\n","protected":false},"author":1,"featured_media":22992,"comment_status":"open","ping_status":"closed","sticky":false,"template":"","format":"standard","meta":{"_eb_attr":"","footnotes":""},"categories":[101],"tags":[],"class_list":["post-75332","post","type-post","status-publish","format-standard","has-post-thumbnail","hentry","category-vesti"],"yoast_head":"<!-- This site is optimized with the Yoast SEO plugin v23.5 - https:\/\/yoast.com\/wordpress\/plugins\/seo\/ -->\n<title>Predsednik Tha\u00e7i do&amp;ccaron;ekao predsednika DP-a Lulzima Bashu, razgovarali o politi&amp;ccaron;kim de\u0161avanjima na Kosovu i u Albaniji - Predsednik Republike Kosovo - DR. VJOSA OSMANI - SADRIU<\/title>\n<meta name=\"description\" content=\"Predsednik Tha\u00e7i do&amp;ccaron;ekao predsednika DP-a Lulzima Bashu, razgovarali o politi&amp;ccaron;kim de\u0161avanjima na Kosovu i u Albaniji - Predsednik Republike Kosovo - DR. VJOSA OSMANI - SADRIU -\" \/>\n<meta name=\"robots\" content=\"index, follow, max-snippet:-1, max-image-preview:large, max-video-preview:-1\" \/>\n<link rel=\"canonical\" href=\"https:\/\/president-ksgov.net\/sr\/predsednik-thaci-doekao-predsednika-dp-a-lulzima-bashu-razgovarali-o-politikim-desavanjima-na-kosovu-i-u-albaniji\/\" \/>\n<meta property=\"og:locale\" content=\"sr_RS\" \/>\n<meta property=\"og:type\" content=\"article\" \/>\n<meta property=\"og:title\" content=\"Predsednik Tha\u00e7i do&amp;ccaron;ekao predsednika DP-a Lulzima Bashu, razgovarali o politi&amp;ccaron;kim de\u0161avanjima na Kosovu i u Albaniji - Predsednik Republike Kosovo - DR. VJOSA OSMANI - SADRIU\" \/>\n<meta property=\"og:description\" content=\"Predsednik Tha\u00e7i do&amp;ccaron;ekao predsednika DP-a Lulzima Bashu, razgovarali o politi&amp;ccaron;kim de\u0161avanjima na Kosovu i u Albaniji - Predsednik Republike Kosovo - DR. VJOSA OSMANI - SADRIU -\" \/>\n<meta property=\"og:url\" content=\"https:\/\/president-ksgov.net\/sr\/predsednik-thaci-doekao-predsednika-dp-a-lulzima-bashu-razgovarali-o-politikim-desavanjima-na-kosovu-i-u-albaniji\/\" \/>\n<meta property=\"og:site_name\" content=\"Predsednik Republike Kosovo - DR. VJOSA OSMANI - SADRIU\" \/>\n<meta property=\"article:published_time\" content=\"2020-07-20T15:04:51+00:00\" \/>\n<meta property=\"og:image\" content=\"https:\/\/president-ksgov.net\/wp-content\/uploads\/20_07_2020_1024596_l_01.jpg\" \/>\n\t<meta property=\"og:image:width\" content=\"2400\" \/>\n\t<meta property=\"og:image:height\" content=\"1600\" \/>\n\t<meta property=\"og:image:type\" content=\"image\/jpeg\" \/>\n<meta name=\"author\" content=\"admin\" \/>\n<meta name=\"twitter:card\" content=\"summary_large_image\" \/>\n<meta name=\"twitter:label1\" content=\"\u041d\u0430\u043f\u0438\u0441\u0430\u043d\u043e \u043e\u0434\" \/>\n\t<meta name=\"twitter:data1\" content=\"admin\" \/>\n\t<meta name=\"twitter:label2\" content=\"\u041f\u0440\u043e\u0446\u0435\u045a\u0435\u043d\u043e \u0432\u0440\u0435\u043c\u0435 \u0447\u0438\u0442\u0430\u045a\u0430\" \/>\n\t<meta name=\"twitter:data2\" content=\"3 \u043c\u0438\u043d\u0443\u0442\u0430\" \/>\n<script type=\"application\/ld+json\" class=\"yoast-schema-graph\">{\"@context\":\"https:\/\/schema.org\",\"@graph\":[{\"@type\":\"WebPage\",\"@id\":\"https:\/\/president-ksgov.net\/sr\/predsednik-thaci-doekao-predsednika-dp-a-lulzima-bashu-razgovarali-o-politikim-desavanjima-na-kosovu-i-u-albaniji\/\",\"url\":\"https:\/\/president-ksgov.net\/sr\/predsednik-thaci-doekao-predsednika-dp-a-lulzima-bashu-razgovarali-o-politikim-desavanjima-na-kosovu-i-u-albaniji\/\",\"name\":\"Predsednik Tha\u00e7i do&ccaron;ekao predsednika DP-a Lulzima Bashu, razgovarali o politi&ccaron;kim de\u0161avanjima na Kosovu i u Albaniji - Predsednik Republike Kosovo - DR. VJOSA OSMANI - SADRIU\",\"isPartOf\":{\"@id\":\"https:\/\/president-ksgov.net\/#website\"},\"primaryImageOfPage\":{\"@id\":\"https:\/\/president-ksgov.net\/sr\/predsednik-thaci-doekao-predsednika-dp-a-lulzima-bashu-razgovarali-o-politikim-desavanjima-na-kosovu-i-u-albaniji\/#primaryimage\"},\"image\":{\"@id\":\"https:\/\/president-ksgov.net\/sr\/predsednik-thaci-doekao-predsednika-dp-a-lulzima-bashu-razgovarali-o-politikim-desavanjima-na-kosovu-i-u-albaniji\/#primaryimage\"},\"thumbnailUrl\":\"https:\/\/president-ksgov.net\/wp-content\/uploads\/20_07_2020_1024596_l_01.jpg\",\"datePublished\":\"2020-07-20T15:04:51+00:00\",\"dateModified\":\"2020-07-20T15:04:51+00:00\",\"author\":{\"@id\":\"https:\/\/president-ksgov.net\/#\/schema\/person\/bb4337a5fb147cb2046d80548172cbee\"},\"description\":\"Predsednik Tha\u00e7i do&ccaron;ekao predsednika DP-a Lulzima Bashu, razgovarali o politi&ccaron;kim de\u0161avanjima na Kosovu i u Albaniji - Predsednik Republike Kosovo - DR. VJOSA OSMANI - SADRIU -\",\"breadcrumb\":{\"@id\":\"https:\/\/president-ksgov.net\/sr\/predsednik-thaci-doekao-predsednika-dp-a-lulzima-bashu-razgovarali-o-politikim-desavanjima-na-kosovu-i-u-albaniji\/#breadcrumb\"},\"inLanguage\":\"sr-RS\",\"potentialAction\":[{\"@type\":\"ReadAction\",\"target\":[\"https:\/\/president-ksgov.net\/sr\/predsednik-thaci-doekao-predsednika-dp-a-lulzima-bashu-razgovarali-o-politikim-desavanjima-na-kosovu-i-u-albaniji\/\"]}]},{\"@type\":\"ImageObject\",\"inLanguage\":\"sr-RS\",\"@id\":\"https:\/\/president-ksgov.net\/sr\/predsednik-thaci-doekao-predsednika-dp-a-lulzima-bashu-razgovarali-o-politikim-desavanjima-na-kosovu-i-u-albaniji\/#primaryimage\",\"url\":\"https:\/\/president-ksgov.net\/wp-content\/uploads\/20_07_2020_1024596_l_01.jpg\",\"contentUrl\":\"https:\/\/president-ksgov.net\/wp-content\/uploads\/20_07_2020_1024596_l_01.jpg\",\"width\":2400,\"height\":1600},{\"@type\":\"BreadcrumbList\",\"@id\":\"https:\/\/president-ksgov.net\/sr\/predsednik-thaci-doekao-predsednika-dp-a-lulzima-bashu-razgovarali-o-politikim-desavanjima-na-kosovu-i-u-albaniji\/#breadcrumb\",\"itemListElement\":[{\"@type\":\"ListItem\",\"position\":1,\"name\":\"Home\",\"item\":\"https:\/\/president-ksgov.net\/sr\/\"},{\"@type\":\"ListItem\",\"position\":2,\"name\":\"Predsednik Tha\u00e7i do&ccaron;ekao predsednika DP-a Lulzima Bashu, razgovarali o politi&ccaron;kim de\u0161avanjima na Kosovu i u Albaniji\"}]},{\"@type\":\"WebSite\",\"@id\":\"https:\/\/president-ksgov.net\/#website\",\"url\":\"https:\/\/president-ksgov.net\/\",\"name\":\"Presidente e Republik\u00ebs s\u00eb Kosov\u00ebs\",\"description\":\"Presidente e Republik\u00ebs s\u00eb Kosov\u00ebs\",\"alternateName\":\"DR. VJOSA OSMANI - SADRIU\",\"potentialAction\":[{\"@type\":\"SearchAction\",\"target\":{\"@type\":\"EntryPoint\",\"urlTemplate\":\"https:\/\/president-ksgov.net\/?s={search_term_string}\"},\"query-input\":{\"@type\":\"PropertyValueSpecification\",\"valueRequired\":true,\"valueName\":\"search_term_string\"}}],\"inLanguage\":\"sr-RS\"},{\"@type\":\"Person\",\"@id\":\"https:\/\/president-ksgov.net\/#\/schema\/person\/bb4337a5fb147cb2046d80548172cbee\",\"name\":\"admin\",\"image\":{\"@type\":\"ImageObject\",\"inLanguage\":\"sr-RS\",\"@id\":\"https:\/\/president-ksgov.net\/#\/schema\/person\/image\/\",\"url\":\"https:\/\/secure.gravatar.com\/avatar\/36156ca0fa3b8d9d25174f146e16beea0cf28f37adf1b9e19b6c9c279a7c9dd3?s=96&d=mm&r=g\",\"contentUrl\":\"https:\/\/secure.gravatar.com\/avatar\/36156ca0fa3b8d9d25174f146e16beea0cf28f37adf1b9e19b6c9c279a7c9dd3?s=96&d=mm&r=g\",\"caption\":\"admin\"},\"sameAs\":[\"https:\/\/president-ksgov.net\"]}]}<\/script>\n<!-- \/ Yoast SEO plugin. -->","yoast_head_json":{"title":"Predsednik Tha\u00e7i do&ccaron;ekao predsednika DP-a Lulzima Bashu, razgovarali o politi&ccaron;kim de\u0161avanjima na Kosovu i u Albaniji - Predsednik Republike Kosovo - DR. VJOSA OSMANI - SADRIU","description":"Predsednik Tha\u00e7i do&ccaron;ekao predsednika DP-a Lulzima Bashu, razgovarali o politi&ccaron;kim de\u0161avanjima na Kosovu i u Albaniji - Predsednik Republike Kosovo - DR. VJOSA OSMANI - SADRIU -","robots":{"index":"index","follow":"follow","max-snippet":"max-snippet:-1","max-image-preview":"max-image-preview:large","max-video-preview":"max-video-preview:-1"},"canonical":"https:\/\/president-ksgov.net\/sr\/predsednik-thaci-doekao-predsednika-dp-a-lulzima-bashu-razgovarali-o-politikim-desavanjima-na-kosovu-i-u-albaniji\/","og_locale":"sr_RS","og_type":"article","og_title":"Predsednik Tha\u00e7i do&ccaron;ekao predsednika DP-a Lulzima Bashu, razgovarali o politi&ccaron;kim de\u0161avanjima na Kosovu i u Albaniji - Predsednik Republike Kosovo - DR. VJOSA OSMANI - SADRIU","og_description":"Predsednik Tha\u00e7i do&ccaron;ekao predsednika DP-a Lulzima Bashu, razgovarali o politi&ccaron;kim de\u0161avanjima na Kosovu i u Albaniji - Predsednik Republike Kosovo - DR. VJOSA OSMANI - SADRIU -","og_url":"https:\/\/president-ksgov.net\/sr\/predsednik-thaci-doekao-predsednika-dp-a-lulzima-bashu-razgovarali-o-politikim-desavanjima-na-kosovu-i-u-albaniji\/","og_site_name":"Predsednik Republike Kosovo - DR. VJOSA OSMANI - SADRIU","article_published_time":"2020-07-20T15:04:51+00:00","og_image":[{"width":2400,"height":1600,"url":"https:\/\/president-ksgov.net\/wp-content\/uploads\/20_07_2020_1024596_l_01.jpg","type":"image\/jpeg"}],"author":"admin","twitter_card":"summary_large_image","twitter_misc":{"\u041d\u0430\u043f\u0438\u0441\u0430\u043d\u043e \u043e\u0434":"admin","\u041f\u0440\u043e\u0446\u0435\u045a\u0435\u043d\u043e \u0432\u0440\u0435\u043c\u0435 \u0447\u0438\u0442\u0430\u045a\u0430":"3 \u043c\u0438\u043d\u0443\u0442\u0430"},"schema":{"@context":"https:\/\/schema.org","@graph":[{"@type":"WebPage","@id":"https:\/\/president-ksgov.net\/sr\/predsednik-thaci-doekao-predsednika-dp-a-lulzima-bashu-razgovarali-o-politikim-desavanjima-na-kosovu-i-u-albaniji\/","url":"https:\/\/president-ksgov.net\/sr\/predsednik-thaci-doekao-predsednika-dp-a-lulzima-bashu-razgovarali-o-politikim-desavanjima-na-kosovu-i-u-albaniji\/","name":"Predsednik Tha\u00e7i do&ccaron;ekao predsednika DP-a Lulzima Bashu, razgovarali o politi&ccaron;kim de\u0161avanjima na Kosovu i u Albaniji - Predsednik Republike Kosovo - DR. VJOSA OSMANI - SADRIU","isPartOf":{"@id":"https:\/\/president-ksgov.net\/#website"},"primaryImageOfPage":{"@id":"https:\/\/president-ksgov.net\/sr\/predsednik-thaci-doekao-predsednika-dp-a-lulzima-bashu-razgovarali-o-politikim-desavanjima-na-kosovu-i-u-albaniji\/#primaryimage"},"image":{"@id":"https:\/\/president-ksgov.net\/sr\/predsednik-thaci-doekao-predsednika-dp-a-lulzima-bashu-razgovarali-o-politikim-desavanjima-na-kosovu-i-u-albaniji\/#primaryimage"},"thumbnailUrl":"https:\/\/president-ksgov.net\/wp-content\/uploads\/20_07_2020_1024596_l_01.jpg","datePublished":"2020-07-20T15:04:51+00:00","dateModified":"2020-07-20T15:04:51+00:00","author":{"@id":"https:\/\/president-ksgov.net\/#\/schema\/person\/bb4337a5fb147cb2046d80548172cbee"},"description":"Predsednik Tha\u00e7i do&ccaron;ekao predsednika DP-a Lulzima Bashu, razgovarali o politi&ccaron;kim de\u0161avanjima na Kosovu i u Albaniji - Predsednik Republike Kosovo - DR. VJOSA OSMANI - SADRIU -","breadcrumb":{"@id":"https:\/\/president-ksgov.net\/sr\/predsednik-thaci-doekao-predsednika-dp-a-lulzima-bashu-razgovarali-o-politikim-desavanjima-na-kosovu-i-u-albaniji\/#breadcrumb"},"inLanguage":"sr-RS","potentialAction":[{"@type":"ReadAction","target":["https:\/\/president-ksgov.net\/sr\/predsednik-thaci-doekao-predsednika-dp-a-lulzima-bashu-razgovarali-o-politikim-desavanjima-na-kosovu-i-u-albaniji\/"]}]},{"@type":"ImageObject","inLanguage":"sr-RS","@id":"https:\/\/president-ksgov.net\/sr\/predsednik-thaci-doekao-predsednika-dp-a-lulzima-bashu-razgovarali-o-politikim-desavanjima-na-kosovu-i-u-albaniji\/#primaryimage","url":"https:\/\/president-ksgov.net\/wp-content\/uploads\/20_07_2020_1024596_l_01.jpg","contentUrl":"https:\/\/president-ksgov.net\/wp-content\/uploads\/20_07_2020_1024596_l_01.jpg","width":2400,"height":1600},{"@type":"BreadcrumbList","@id":"https:\/\/president-ksgov.net\/sr\/predsednik-thaci-doekao-predsednika-dp-a-lulzima-bashu-razgovarali-o-politikim-desavanjima-na-kosovu-i-u-albaniji\/#breadcrumb","itemListElement":[{"@type":"ListItem","position":1,"name":"Home","item":"https:\/\/president-ksgov.net\/sr\/"},{"@type":"ListItem","position":2,"name":"Predsednik Tha\u00e7i do&ccaron;ekao predsednika DP-a Lulzima Bashu, razgovarali o politi&ccaron;kim de\u0161avanjima na Kosovu i u Albaniji"}]},{"@type":"WebSite","@id":"https:\/\/president-ksgov.net\/#website","url":"https:\/\/president-ksgov.net\/","name":"Presidente e Republik\u00ebs s\u00eb Kosov\u00ebs","description":"Presidente e Republik\u00ebs s\u00eb Kosov\u00ebs","alternateName":"DR. VJOSA OSMANI - SADRIU","potentialAction":[{"@type":"SearchAction","target":{"@type":"EntryPoint","urlTemplate":"https:\/\/president-ksgov.net\/?s={search_term_string}"},"query-input":{"@type":"PropertyValueSpecification","valueRequired":true,"valueName":"search_term_string"}}],"inLanguage":"sr-RS"},{"@type":"Person","@id":"https:\/\/president-ksgov.net\/#\/schema\/person\/bb4337a5fb147cb2046d80548172cbee","name":"admin","image":{"@type":"ImageObject","inLanguage":"sr-RS","@id":"https:\/\/president-ksgov.net\/#\/schema\/person\/image\/","url":"https:\/\/secure.gravatar.com\/avatar\/36156ca0fa3b8d9d25174f146e16beea0cf28f37adf1b9e19b6c9c279a7c9dd3?s=96&d=mm&r=g","contentUrl":"https:\/\/secure.gravatar.com\/avatar\/36156ca0fa3b8d9d25174f146e16beea0cf28f37adf1b9e19b6c9c279a7c9dd3?s=96&d=mm&r=g","caption":"admin"},"sameAs":["https:\/\/president-ksgov.net"]}]}},"_links":{"self":[{"href":"https:\/\/president-ksgov.net\/sr\/wp-json\/wp\/v2\/posts\/75332","targetHints":{"allow":["GET"]}}],"collection":[{"href":"https:\/\/president-ksgov.net\/sr\/wp-json\/wp\/v2\/posts"}],"about":[{"href":"https:\/\/president-ksgov.net\/sr\/wp-json\/wp\/v2\/types\/post"}],"author":[{"embeddable":true,"href":"https:\/\/president-ksgov.net\/sr\/wp-json\/wp\/v2\/users\/1"}],"replies":[{"embeddable":true,"href":"https:\/\/president-ksgov.net\/sr\/wp-json\/wp\/v2\/comments?post=75332"}],"version-history":[{"count":0,"href":"https:\/\/president-ksgov.net\/sr\/wp-json\/wp\/v2\/posts\/75332\/revisions"}],"wp:featuredmedia":[{"embeddable":true,"href":"https:\/\/president-ksgov.net\/sr\/wp-json\/wp\/v2\/media\/22992"}],"wp:attachment":[{"href":"https:\/\/president-ksgov.net\/sr\/wp-json\/wp\/v2\/media?parent=75332"}],"wp:term":[{"taxonomy":"category","embeddable":true,"href":"https:\/\/president-ksgov.net\/sr\/wp-json\/wp\/v2\/categories?post=75332"},{"taxonomy":"post_tag","embeddable":true,"href":"https:\/\/president-ksgov.net\/sr\/wp-json\/wp\/v2\/tags?post=75332"}],"curies":[{"name":"wp","href":"https:\/\/api.w.org\/{rel}","templated":true}]}}