{"id":75291,"date":"2020-11-12T14:21:09","date_gmt":"2020-11-12T14:21:09","guid":{"rendered":"https:\/\/dev.president-ksgov.net\/osmani-nije-trenutak-da-se-nastavi-dijalog-sa-srbijom\/"},"modified":"2020-11-12T14:21:09","modified_gmt":"2020-11-12T14:21:09","slug":"osmani-nije-trenutak-da-se-nastavi-dijalog-sa-srbijom","status":"publish","type":"post","link":"https:\/\/president-ksgov.net\/sr\/osmani-nije-trenutak-da-se-nastavi-dijalog-sa-srbijom\/","title":{"rendered":"Osmani: Nije trenutak da se nastavi dijalog sa Srbijom"},"content":{"rendered":"<p>U ekskluzivnom intervjuu za DW vr\u0161ilac du&#382;nosti predsednice Kosova govorila je o procesu pred Specijalnim sudom, dijalogu sa Srbijom, ulozi Nema&ccaron;ke i izabranog ameri&ccaron;kog predsednika Bajdena (Biden) u ovom procesu.<\/p>\n<p>Doj&ccaron;e Ve&ccaron;e (Deutsche<br \/>\nWelle): Gospo&dstrok;o vr\u0161iocu du&#382;nosti predsednice i predsednice Skup\u0161tine, pre par<br \/>\ndana ste preuzeli du&#382;nosti predsednice Kosova, onako kako to predvi&dstrok;a Ustav,<br \/>\nnakon ostavke predsednika Hashima Tha\u00e7ija, jer su njega optu&#382;ile<br \/>\nSpecijalizovane komore za ratne zlo&ccaron;ine na Kosovu. Zajedno sa njim je optu&#382;en i<br \/>\npredsednik jedne velike partije na Kosovu i \u0161ef jedne parlamentarne grupe iz<br \/>\ntako&dstrok;e jedne velike partije u Skup\u0161tini Kosova. Da li se mo&#382;e re&cacute;i da na Kosovu<br \/>\npostoji institucionalna nestabilnost ili opasnost po funkcionalnost dr&#382;ave?<\/p>\n<p>Vjosa Osmani: Dozvolite<br \/>\nmi da pomenem na samom po&ccaron;etku da vreme nije lako, jo\u0161 manje uobi&ccaron;ajeno za<br \/>\nKosovo kao dr&#382;avu, za sve na\u0161e gra&dstrok;ane, ali i za na\u0161e institucije. Naravno da<br \/>\nnasuprot ovim de\u0161avanjima, mi ne treba nikako da oklevamo da konstantno<br \/>\nponavljamo istinu o onome \u0161to se dogodilo na Kosovu. Istina je da su se na<br \/>\nKosovu dogodili stravi&ccaron;ni zlo&ccaron;ini koje je izvr\u0161ila Srbija, po&ccaron;ev od poku\u0161aja<br \/>\ngenocida, pa do zlo&ccaron;ina protiv &ccaron;ove&ccaron;nosti i ratnih zlo&ccaron;ina, zlo&ccaron;ina koji su<br \/>\nbili nastavak re&#382;ima koji je bio sli&ccaron;an Aparthejdu, od 1989. godine do kraja<br \/>\nrata. To su dela, za koja, Srbija na&#382;alost jo\u0161 uvek nije izvedena pred pravdu,<br \/>\nnasuprot nekoliko slu&ccaron;ajeva u ICTY u Tribunalu u Hagu, koji sada, kao \u0161to<br \/>\nznate, ne funkcioni\u0161e. Me&dstrok;utim, velika ve&cacute;ima izvr\u0161ioca zlo&ccaron;ina jo\u0161 uvek nije<br \/>\nizvedena pred pravdu, \u0161to mi moramo glasno da govorimo u bilo koje vreme, svuda<br \/>\ni na Kosovu, i van zemlje, pred svakim forumom, u svakoj instituciji, jer<br \/>\ngovorimo istinu i kao Albanci nemamo nijednu potrebu da preterujemo sa istinom,<br \/>\njer je istina koju smo do&#382;iveli u&#382;asna i svakoga dana treba da budemo glasni u<br \/>\ntra&#382;enju pravde. Mi nikada nismo tra&#382;ili osvetu. Ve&cacute; samo pravdu za &#382;rtve,<br \/>\npravdu za ubijenu decu tokom rata, pravdu za silovane &#382;ene i mu\u0161karce tokom<br \/>\nrata, pravdu za sve ove &#382;rtve. Tako&dstrok;e i reparacije za \u0161tetu koju je nanela<br \/>\nSrbija na Kosovu. Me&dstrok;utim, s druge strane, Kosovo je dr&#382;ava ve&cacute; du&#382;e od 12<br \/>\ngodina i tokom ovih godina, nezavisno od mnogobrojnih oluja kroz koje smo<br \/>\nprolazili konstantno, odr&#382;ana je institucionalna stabilnost. Mi imamo Ustav, koji<br \/>\njasno odre&dstrok;uje da u slu&ccaron;aju odsustva predsednika, vr\u0161ilac te du&#382;nosti je<br \/>\npredsednica Skup\u0161tine, \u0161to je potvr&dstrok;eno i odlukom Ustavnog suda. Imamo Ustav<br \/>\nkoji odre&dstrok;uje ko menja premijera u slu&ccaron;aju njegovog odsustva, ko menja<br \/>\npredsednika Skup\u0161tine. Ja imam petoro drugih potpredsednika, koji mogu da me<br \/>\nzamene. Dakle, to su pitanja koja su izgra&dstrok;ena tako da obezbe&dstrok;uju<br \/>\ninstitucionalnu stabilnost. S toga, trenutno, na\u0161e institucije funkcioni\u0161u bez<br \/>\nikakvog problema. Ali to ne podrazumeva da situacija na Kosovu nije te\u0161ka, a<br \/>\niznad svega jer za gra&dstrok;ane, za civilne &#382;rtve poslednjeg rata na Kosovu jo\u0161 uvek<br \/>\nnije bilo pravde i to podrazumeva da mi kao institucije imamo vi\u0161estruko ve&cacute;u<br \/>\nobavezu sada da budemo glasni i da tra&#382;imo pravdu koja je nedostajala do sada.<\/p>\n<p>\u00a0<br \/>\nSpecijalni<br \/>\nsud &cacute;e suditi o navodima za ratne zlo&ccaron;ine biv\u0161im pripadnicima OVK. Na Kosovu<br \/>\nima mnogo glasova koji ka&#382;u da je sud jednostran i da sudi samo jednom<br \/>\netnicitetu. To je slu&ccaron;aj koji je presedan u pravdi. Interesuje me pogled jedne<br \/>\npravnice, vi ste veoma dobar poznavalac tih stvari, da li se sla&#382;ete sa tom<br \/>\nkonstatacijom?<\/p>\n<p>Vjosa Osmani: U vreme<br \/>\nkada se o Specijalizovanim komorama, ili kako se naziva Specijalnom sudu,<br \/>\ndiskutovalo u Skup\u0161tini Kosova, diskutovalo se o svemu tome \u0161to ste i vi<br \/>\npomenuli, dakle, bilo je argumenata da &cacute;e biti re&ccaron;i o samo jednom etnicitetu.<br \/>\nBilo je argumenata da se sudi samo jednoj strani, i dok, kao \u0161to sam malo pre<br \/>\nspomenula, nema pravde za zlo&ccaron;ine koje je izvr\u0161ila Srbija. Svi ti argumenti<br \/>\npomenuti su na sednicama Skup\u0161tine Kosova, ali na kraju je bilo insistiranje<br \/>\ntada\u0161nje Vlade koja se u to vreme sastojala od LDK-a (DSK) i PDK-a (DPK), ili<br \/>\njasnije to je bila koalicija izme&dstrok;u gospodina Tha\u00e7ija i gospodina Mustafe,<br \/>\nobojica su bili nosioci koalicije koja je insistirala po svaku cenu da se<br \/>\nformira Specijalni sud. Jer, kako je re&ccaron;eno nama, kao poslanicima u to vreme,<br \/>\ndruga opcija bi bila mnogo u&#382;asnija, a to je formiranje Specijalnog suda od<br \/>\nstrane Ujedinjenih nacija, gde se ne bi priznavali kosovski zakoni, gde bismo<br \/>\nse vratili nazad u UNMIK-ovo vreme i gde bismo dali dodatne nadle&#382;nosti<br \/>\nUjedinjenim nacijama i na polju pravde i spoljnje politike.<\/p>\n<p>Dakle, nadle&#382;nosti koje<br \/>\nsmo mi dobili nakon progla\u0161enja nezavisnosti. Na neki na&ccaron;in to bi bio atak na<br \/>\ndr&#382;avnost Kosova, ukoliko bismo i\u0161li u tom smeru. I to je manje-vi\u0161e bio<br \/>\nklju&ccaron;ni argument \u0161to je velika ve&cacute;ina poslanika odlu&ccaron;ila ili da makar govorim u<br \/>\nsvoje ime, da ne preterujem, da ga podr&#382;i u to vreme. Ali, kako sam ve&cacute; rekla,<br \/>\nto je bio teret koji je preuzela koalicija iz tog vremena, koja se sastojala od<br \/>\ndve tre&cacute;ine. I putem te politi&ccaron;ke podr\u0161ke koju je imala koalicija, uspela je da<br \/>\nprikupi i dve tre&cacute;ine u Skup\u0161tini Kosova radi izmene Ustava, &ccaron;ak i da se ubaci<br \/>\nSpecijalni sud kao deo na\u0161eg pravosudnog sistema. Nezavisno od argumenata koji<br \/>\nse sada pominju, ovaj sud je me&dstrok;unarodna obaveza koju je Kosovo preuzelo, putem<br \/>\nratifikacije me&dstrok;unarodnog sporazuma, u to vreme izme&dstrok;u predsednice Jahjaga i<br \/>\nEvropske unije.<\/p>\n<p>Drugo, taj sporazum je<br \/>\nizmenjen u ustavni amandman, koji su preuzeli u svoju odgovornost dvojica<br \/>\nrukovodioca tada\u0161njom koalicijom.<\/p>\n<p>I tre&cacute;e, izmenjen je u<br \/>\ndodatni zakon koji je zatim odredio postupke.\u00a0<br \/>\nOnda sam ja i na dan kada je usvojen Specijalni sud, ukazala na<br \/>\nargumente za i protiv, i na primedbe koje sam imala. Me verujem da je sada<br \/>\nvreme da se vra&cacute;amo tamo, ali &#382;elim da pomenem jednu &ccaron;injenicu o kojoj su se<br \/>\nsami slu&#382;benici Specijalnog suda nekoliko\u00a0<br \/>\nputa izjasnili, ili biv\u0161i tu&#382;ioci koji su u&ccaron;estvovali u istragama, oni<br \/>\nsu davali javne izjave da nigde u dokumentaciji,\u00a0 putem koje je stvoren Specijalni sud, se ne<br \/>\nka&#382;e da &cacute;e se baviti jednim ili drugim etnicitetom, ve&cacute; je samo odre&dstrok;en glavni<br \/>\nmandat, dakle da &cacute;e istra&#382;ivati zlo&ccaron;ine od jednog do drugog perioda, dakle<br \/>\nodre&dstrok;ena je vremenska jurisdikcija, teritorijalna i dr., ali ne i da &cacute;e se<br \/>\nbaviti samo jednim etnicitetom.<\/p>\n<p>Mi &cacute;emo sada sagledati<br \/>\n\u0161ta mo&#382;emo da o&ccaron;ekujemo ubudu&cacute;e od Specijalizovanih komora, me&dstrok;utim ne bih sada<br \/>\n&#382;elela da zalazim u i da komentari\u0161em putanja koja su okon&ccaron;ana u trenutku kada<br \/>\nje izglasan ovaj sud. Jer svojom voljom ga je Kosovo formiralo, svojom voljom<br \/>\nga je u&ccaron;inilo delom Ustava, svojom voljom ga je u&ccaron;inilo delom pravosudnog<br \/>\nsistema. Dakle, svi ovi detalji su bili poznati i onda.<\/p>\n<p>\u00a0<br \/>\nHajde da<br \/>\nrazgovaramo o doga&dstrok;ajima u unutra\u0161njoj politici. Izbor novog predsednika je<br \/>\ndu&#382;nost parlamentarnih politi&ccaron;kih partija, prema parlamentarnom izbornom<br \/>\nsistemu Kosova. Vi vr\u0161ite i du&#382;nost predsednice Skup\u0161tine. Da li ste spremni,<br \/>\nda ukoliko vam se tako ne\u0161to ponudi, u potpunosti vr\u0161ite petogodi\u0161nji mandat<br \/>\npredsednice?<\/p>\n<p>Vjosa Osmani: Ne, ne<br \/>\nverujem da bih ja sada bila me&dstrok;u licima koja &cacute;e postati deo politi&ccaron;kih ra&ccaron;unica<br \/>\nu trenutnom parlamentu. Ja ne &#382;elim da dajem procene oko toga gde se nalaze<br \/>\npoliti&ccaron;ke partije iz ove kancelarije, ali verujem da sada znate moj politi&ccaron;ki<br \/>\nstav koji sam i ranije izrazila kao predsednica Skup\u0161tine, kao izabrana<br \/>\npredstavnica gra&dstrok;ana Kosova, \u0161to imam i narodni legitimitet koji mi je dat 6.<br \/>\noktobra, a koji je naravno izabrao trenutnu Skup\u0161tinu. Me&dstrok;utim, ja li&ccaron;no ne&cacute;u<br \/>\npostati deo takvih kalkulacija.<\/p>\n<p>\u00a0<br \/>\nNalazimo se<br \/>\nu fazi kada se odvija dijalog. Vi ka&#382;ete da postoji institucionalna stabilnost<br \/>\nna Kosovu. Kako mislite da treba da se odvija dijalog? Postoje glasovi koji<br \/>\nka&#382;u da se dijalog mora prekinuti\u2026<\/p>\n<p>Vjosa Osmani: Mislim da<br \/>\nzbog trenutnih zbivanja, sada nije trenutak da se sada odmah nastavi dijalog. I<br \/>\ntreba dati malo vremena kosovskim institucijama, da sednemo, da se konsultujemo<br \/>\nme&dstrok;usobno, da stvorimo veoma jedinstven stav oko dijaloga, jer je neophodno da<br \/>\nko god pregovara u ime Kosova, o sudbini Kosova, ima mnogo jedinstveniji stav<br \/>\npoliti&ccaron;kog spektra, nego samo koalicije koju predstavlja. Ja &cacute;u dati svoj<br \/>\nmaksimalni doprinos u tom pravcu, da diskutujemo zajedno sa svima u vezi sa tim<br \/>\nkoji bi trebalo da budu stavovi Kosova.<\/p>\n<p>Ali sada ne verujem da je<br \/>\npravi trenutak da Kosovo nastavi kao da se ni\u0161ta nije dogodilo. Nije da nema<br \/>\ninstitucija. Institucije postoje. Ali, situacija nije ista kakva je bila pre<br \/>\npar dana. To se mora uzeti u obzir. Treba izvr\u0161iti ponovnu procenu dosada\u0161njeg<br \/>\nprocesa, o &ccaron;emu se pregovaralo, kako se pregovaralo, \u0161ta je postignuto, ma<br \/>\nkoliko malo bilo to dostignu&cacute;e. Ali, svi zajedno treba da izgradimo dalje<br \/>\nkorake. I da nemamo slu&ccaron;ajeve da kada se ne\u0161to postigne u Briselu, mi kao druge<br \/>\ninstitucije o tome saznamo kasnije, bilo preko Brisela ili slu&#382;benika tamo,<br \/>\nbilo putem medija. Ve&cacute; da postoje neke vrste prethodnih konsultacija,<br \/>\nprethodnog saop\u0161tavanja stava, kako bi nakon toga svakome ko vodi pregovore u<br \/>\nime Kosova bilo jasnije \u0161ta Kosovo o&ccaron;ekuje od njega ili od nje.<\/p>\n<p>S druge strane, kao Skup\u0161tina<br \/>\nKosova, sada govorim u svojstvu predsednice Skup\u0161tine, u jednom trenutku smo<br \/>\ndali na znanje svakoj vladi koje su to crvene linije, u vezi sa temama o kojima<br \/>\nne bi trebalo da se diskutuje i one imaju veze ne samo sa suvereno\u0161&cacute;u i teritorijalnim<br \/>\nintegritetom zemlje, nego i sa unutra\u0161njim ure&dstrok;enjem Kosova, dakle sa na&ccaron;inom<br \/>\nna koji funkcioni\u0161emo. Nije nikome dozvoljeno da pregovara o stvaranju tre&cacute;e<br \/>\nvlasti. I vlada mora biti izuzetno pa&#382;ljiva da ne upadne u takve zamke, koje<br \/>\nSrbija postavlja, otvaraju&cacute;i takve teme u Briselu, kao samo formalno, ali one<br \/>\nkasnije postaju novi kompromisi za Republiku Kosovo. Mi koji ve&cacute; dugo vremena<br \/>\npratimo dijalog, videli smo kako su stigli do ovde. Ali, gre\u0161ke ne treba<br \/>\nponavljati.<\/p>\n<p>\u00a0<br \/>\nVa\u0161i odnosi<br \/>\nsa premijerom izgleda da nisu veoma dobri. Imaju&cacute;i u vidu da niste glasali za<br \/>\nnjegovu vladu, iako dolazite iz iste partije. A, od nedavno niste vi\u0161e ni<br \/>\npotpredsednica LDK-a. Da li ste spremni da budete deo dijaloga na ovoj poziciji<br \/>\nsa koje govorite, kao vr\u0161ilac du&#382;nosti predsednice, ukoliko je eventualno<br \/>\npotrebno da potpi\u0161ete neki sveobuhvatni sporazum, ukoliko govorim o stvaranju<br \/>\nnacionalnog jedinstva?<\/p>\n<p>Vjosa Osmani: Rekla sam<br \/>\nda jedinstvo treba izgraditi kako bi se odredilo koji su stavovi Kosova i da<br \/>\npostoji prethodno jedinstvo. Me&dstrok;utim, nijedan racionalan &ccaron;ovek ne bi trebalo da<br \/>\nodlazi u Brisel samo radi potpisa i formalnosti. Ja bih bila deo procesa, u<br \/>\nkojem sam deo pregovora od samog po&ccaron;etka, a ne samo da mu dam poslednju<br \/>\nformalnost. I da budem deo procesa potpisivanja sporazuma o kojima nisam sama<br \/>\npregovarala. Jedinstvo jeste neophodno, ali mi treba da se vratimo korak nazad<br \/>\nu procesu dijaloga, pogotovu nakon poslednjih izjava gospodina Laj&ccaron;aka, koji je<br \/>\ntra&#382;io da Kosovo pogura izmenu Ustava po pitanju zajednice. Dakle, politi&ccaron;ki i<br \/>\ninstitucionalni lideri Kosova moraju da sednu kako bi ponovo potvrdili svoje<br \/>\nstavove u vezi sa ovim temama do detalja, a ne da se govori uop\u0161teno da je<br \/>\nvodi&ccaron; Ustav. Ustav je uvek bio vodi&ccaron;- ali imamo 33 potpisana sporazuma do sada,<br \/>\nve&cacute;ina njih su prevazi\u0161li okvire odre&dstrok;ene Ustavom, pogotovu dokument iz 2015.<br \/>\ngodine koji je potpisan u Briselu o zajednici. Dakle, nikome ne treba da bude<br \/>\ndovoljna &ccaron;injenica da se pominje Ustav Kosova, a s druge strane da se potpi\u0161e<br \/>\nsporazum koji prevazilazi okvire odre&dstrok;ene Ustavom. Mi treba da sednemo svi<br \/>\nzajedno, da ponovo odredimo stavove, da donesemo odluku o tome kako &cacute;emo<br \/>\nnapredovati i da zatim diskutujemo o formalnostima. Ali, da samo odem i da<br \/>\npotpi\u0161em sporazum o kojem je pregovarao neko drugi, to bi bio apsurd za svakog<br \/>\nnosioca institucije. Jer ne mo&#382;e\u0161 da preuzme\u0161 potpisivanje jednog sporazuma<br \/>\nkada nisi u&ccaron;estvovao u njegovom pregovaranju. Ja nisam tamo figura, ja<br \/>\npredstavljam, ja sam druga liderka za koju se najvi\u0161e glasalo u Republici<br \/>\nKosovo, dakle predstavljam gra&dstrok;ane Kosova i mogu da govorim u ime naroda<br \/>\nKosova, nisam tamo formalna figura, koja bi trebalo da stoji i &ccaron;eka na nogama<br \/>\ndok neko drugi potpisuje sporazum. Ali, da&cacute;u podr\u0161ku svakom dokumentu koji je<br \/>\nza dobrobit Kosova, svakom dokumentu koji unapre&dstrok;uje me&dstrok;unarodni subjektivitet<br \/>\nKosova, ali nikako dokumentima koji ometaju bilo na\u0161u dr&#382;avnost, bilo na\u0161e<br \/>\nunutra\u0161nje ure&dstrok;enje.<\/p>\n<p>Ukoliko pro&dstrok;emo kroz<br \/>\nspisak ustupaka je napravilo Kosovo do sada, od vremena Ahtisarija, pa do sada,<br \/>\nmorali bismo da diskutujemo o svakom, tako da ne&cacute;u da zalazim sada u to. A<br \/>\nustupci koje je napravila Srbija si veoma mali, da ne ka&#382;emo nepovoljni. Govorimo<br \/>\no onima koje smo mi napravili. Nije ni vreme ni\u00a0<br \/>\nmesto da pravimo dodatne ustupke koji na\u0161u dr&#382;avu &ccaron;ine jo\u0161<br \/>\nnefunkcionalnijom. Vreme je za Srbiju da napravi svoje ustuke. I da nakon toga<br \/>\nrazmotrimo da li mo&#382;emo da napredujemo. Ali mi da pravimo konstantno ustupke i<br \/>\nda se nadamo da &cacute;e nas kao priznati, a na kraju da se oni pona\u0161aju kao 2007.<br \/>\nili 2008. godine i sada u ovim poslednjim sporazumima, verujem da je pogre\u0161an<br \/>\npristup. Prosto, Srbiji se ne veruje. Ne mo&#382;e joj se verovati. Ko god je<br \/>\nistorijski pratio na&ccaron;in na koji se oni pona\u0161aju u spoljnoj politici, u<br \/>\npotpisivanju sporazuma, nezavisno sa kim ih potpisuju, treba da zna da je<br \/>\nglavna osobina Srbije neverstvo. Oni su neverni, ka&#382;em kao institucije, kao<br \/>\npoliti&ccaron;ki lideri ne dr&#382;e re&ccaron; i ne po\u0161tuju svoje potpise. Dakle, ne treba da<br \/>\no&ccaron;ekujemo ne\u0161to drugo od Srbije u ovom slu&ccaron;aju.<\/p>\n<p>\u00a0<br \/>\nU SAD-u<br \/>\nimamo novog predsednika, D&#382;oa Bajdena (Joe Biden), koji je tokom kampanje<br \/>\nnajavio da &cacute;e imati druga&ccaron;iji pristup od Donalda Trampa (Donald Trump) i<br \/>\nnjegovog izaslanika Grenela (Grenell) u vezi sa dijalogom sa Srbijom. Sa va\u0161eg<br \/>\ngledi\u0161ta, da li postoji nada u novu dinamiku u dijalogu?<\/p>\n<p>Vjosa Osmani: Mislim da<br \/>\nproblem nikada nije bila dinamika, nego stavovi. Na primer, na po&ccaron;etku Trampove<br \/>\nadministracije bio je savetnik za nacionalnu bezbednost gospodin Bolton, koji<br \/>\nje podr&#382;ao ideju izmenu granica, jednu od istorijski najopasnijih ideja za na\u0161<br \/>\nregion, a ne samo za Kosovo. I stvorio je situaciju u kojoj je celokupna<br \/>\npoliti&ccaron;ka scena imala nepoverenje u odnosu na dijalog. Ta ideja je &ccaron;ak potezana<br \/>\ndve godine, i stavila je Kosovo u veoma nezavidan polo&#382;aj, gde je biv\u0161i<br \/>\npremijer Haradinaj je bio primoran da uspostavi tarifu na robu iz Srbije,<br \/>\nupravo da bi stvorio dodatnu prepreku, da bi se ta tema spre&ccaron;ila. Zato ne<br \/>\nverujem da treba da budemo zadovoljni dinamikom, ukoliko ta dinamika ide u<br \/>\npogre\u0161nom pravcu. U tom slu&ccaron;aju moglo je biti dodatne dinamike, ali ta dinamika<br \/>\nje apsolutno oti\u0161la u pogre\u0161nom pravcu. Dakle, imali smo potpunu podr\u0161ku od<br \/>\nbiv\u0161eg savetnika za nacionalnu bezbednost po pitanju ideja koje su razorne za<br \/>\nKosovo, za njegovu nezavisnost, za njegove granice, kao konstitutivnog dr&#382;avnog<br \/>\nelementa i po drugim pitanjima, dakle, i mi treba da vidimo da li postoji<br \/>\ndinamika, ali i koji je pristup i koji je stav.<\/p>\n<p>U vreme kada je gospodin<br \/>\nBajden bio zamenik predsednika (potpredsednik), budu&cacute;i da smo veoma blisko<br \/>\nsara&dstrok;ivali u to vreme, na po&ccaron;etku sam bila savetnica i \u0161efica osoblja u<br \/>\nPredsedni\u0161tvu, zatim poslanik, kasnije sam bila predsednica Komisije za spoljne<br \/>\nposlove, mi smo videli pristup ameri&ccaron;ke administracije, u kojem je, i zato \u0161to<br \/>\nje gospo&dstrok;a Klinton (Clinton) u po&ccaron;etku bila dr&#382;avna sekretarka, ali pored toga<br \/>\n\u0161to je posve&cacute;ivala konstantnu pa&#382;nju odnosu sa Kosovom, ameri&ccaron;ki pristup je bio<br \/>\nveoma jasan i o granicama i o unutra\u0161njem ure&dstrok;enju Kosova, dakle nije nikada<br \/>\nbilo insistiranja od strane Amerike da mi diskutujemo o granicama za stolom. S<br \/>\ntoga, ponovo o&ccaron;ekujem od nove administracije, od Bajdenove administracije, da<br \/>\nkao prvo postupi, budu&cacute;i da gospodin Bajden veoma dobro poznaje pro\u0161lost<br \/>\nKosova, poznaje kontekst i nikada se ne mo&#382;e stvoriti ekvivalentnost ili<br \/>\nmoralna jednakost onoga \u0161to je uradila Srbija na Kosovu i \u0161to su mogli da urade<br \/>\nodre&dstrok;eni pojedinci. Zna vrlo dobro da je Srbija izvr\u0161ila stravi&ccaron;ne zlo&ccaron;ine<br \/>\nprotiv &ccaron;ove&ccaron;nosti u zemlji, obuhvataju&cacute;i i genocid, i on je bio jedan od ljudi<br \/>\nkoji su stajali uz Kosovo, kada su diplomate i politi&ccaron;ari koji su bili na\u0161<br \/>\nglas, bili malobrojni. On je zaista bio na\u0161 glas kada mi nismo imali glasa.<\/p>\n<p>\u00a0<br \/>\nKako vidite<br \/>\nulogu Nema&ccaron;ke u procesu dijaloga sa Srbijom. Prema mi\u0161ljenju nema&ccaron;kog<br \/>\nambasadora ovde na Kosovu, u jednom intervjuu za Doj&ccaron;e Vele (Deutsche Welle), on ka&#382;e da Nema&ccaron;ka &#382;eli<br \/>\nsporazum koji je pravno obavezuju&cacute;i, koji re\u0161ava sva pitanja, uklju&ccaron;uju&cacute;i i<br \/>\nme&dstrok;usobno priznanje?<\/p>\n<p>Vjosa<br \/>\nOsmani: Mislim da jasan jezik, kao \u0161to je slu&ccaron;aj sa Nema&ccaron;kom, ovo \u0161to ste<br \/>\nupravo citirali je veoma neophodan u ovom procesu, jer dok god je Nema&ccaron;ka<br \/>\njasna, postoje dr&#382;ave, odre&dstrok;eni zvani&ccaron;nici, koji to ne nazivaju pravim imenom,<br \/>\na to je recipro&ccaron;no priznanje, ve&cacute; to nazivaju normalizacijom. Naravno da je<br \/>\nKosovo u dijalogu radi recipro&ccaron;nog priznanja, ali ne samo zbog recipro&ccaron;nog<br \/>\npriznanja. Dakle, recipro&ccaron;no priznanje u trenutnim granicama i unutra\u0161nje<br \/>\ndr&#382;avno ure&dstrok;enje koje imamo trenutnim Ustavom Kosova bez nekih izmena. Dakle,<br \/>\nneophodno je da se uverimo da &cacute;e taj pristup Nema&ccaron;ke postati sveobuhvatniji, da<br \/>\n&cacute;e biti pristup koji &cacute;e prisvojiti i ostale dr&#382;ave, posebno Evropska unija, kao<br \/>\nmehanizam, dakle Brisel i pored toga &#382;elim da ka&#382;em, pored sada\u0161njeg pristupa,<br \/>\nNema&ccaron;ka je uvek imala krucijalnu, odlu&ccaron;uju&cacute;u ulogu u spre&ccaron;avanju opasnih ideja<br \/>\ni opasnih avantura o izmeni granica. Zbog toga smo mi kao Kosovo Nema&ccaron;koj<br \/>\ndo&#382;ivotno zahvalni i nadamo se da &cacute;e se saradnja sa Nema&ccaron;kom unaprediti u ovom<br \/>\nperiodu, jer ne samo da je to najja&ccaron;a dr&#382;ava u Evropskoj uniji, nego je i<br \/>\ndr&#382;ava koja je najvi\u0161e podr&#382;avala Kosovo po raznim osnovama pre i nakon rata, u<br \/>\nprocesu izgradnje dr&#382;avnosti. Dakle, tokom dijaloga sa Srbijom o&ccaron;ekujemo<br \/>\ndodatno anga&#382;ovanje Nema&ccaron;ke, ne samo u spre&ccaron;avanju takvih katastrofa, kao \u0161to<br \/>\nje bila ideja o izmeni granica, neko i da nas posavetuje o idejama i da nam<br \/>\npru&#382;a podr\u0161ku koja nam je potrebna kao Kosovu kako bi ovaj proces i\u0161ao napred i<br \/>\nkao \u0161to je i sam nema&ccaron;ki ambasador ovde na Kosovu rekao, kako bismo do\u0161li do<br \/>\nsporazuma koji tretira sva pitanja, obuhvataju&cacute;i i recipro&ccaron;no priznanje, kao<br \/>\nfinalno.<\/p>\n<p>\u00a0<br \/>\nIzabrani ste za predsednicu<br \/>\nSkup\u0161tine u regularnom procesu u koaliciji LDK- VV (DSK-SP). Ta koalicija vi\u0161e<br \/>\nne postoji, u me&dstrok;uvremenu ste Vi, kako ste nekoliko puta izjavili, izuzeti iz<br \/>\nLDK-a. Kakva je i gde je politi&ccaron;ka budu&cacute;nost Vjose Osmani?<\/p>\n<p>Vjosa<br \/>\nOsmani: Ono \u0161to sam izjavila nije samo moja izjava, ve&cacute; je pitanje koje je<br \/>\npotvr&dstrok;eno odlukama Generalnog saveta, dakle to je bio izbor LDK-a da nastavi<br \/>\nsvoj put bez mene.\u00a0 Dakle, to je bio<br \/>\nnjihov izbor, jer su mi zatvorili sva vrata kako ne bih mogla da funkcioni\u0161em<br \/>\ntamo. Me&dstrok;utim, ja sa pozicije predsednice Kosova ne &#382;elim da dublje zalazim u<br \/>\ndetalje. Kao \u0161to ste i sami rekli mene je Skup\u0161tina Kosova odabrala za<br \/>\npredsednicu Skup\u0161tine, nije prvi put da se ustavne funkcije nastavljaju<br \/>\nnezavisno od toga \u0161ta se de\u0161ava sa koalicijom, ne bih &#382;elela da zalazim u<br \/>\ndetalje u vezi sa mojim politi&ccaron;kim putem, ali ono \u0161to &#382;elim da ka&#382;em jeste da<br \/>\n&cacute;u nastaviti da budem prisutna na politi&ccaron;koj sceni, a gde &cacute;u ja biti, to &cacute;e<br \/>\nodrediti gra&dstrok;ani Kosova, kao \u0161to su uvek odre&dstrok;ivali.<\/p>\n<p>\u00a0<br \/>\nI upravo ti gra&dstrok;ani o<br \/>\nkojima govorite &#382;ele da &ccaron;uju od Vjose Osmani gde je njena politi&ccaron;ka budu&cacute;nost.<br \/>\nDa li ste razmi\u0161ljali o va\u0161em povratku u LDK i da vodite rat unutar partije?<\/p>\n<p>Vjosa<br \/>\nOsmani: Nekoliko puta sam se izja\u0161njavala po tom pitanju i ne &#382;elim da zalazim<br \/>\nu tu temu. Vrata koja se zakucaju, nije mogu&cacute;e otvoriti.<\/p>\n<p>\u00a0<br \/>\nZna&ccaron;i, preferirate druge<br \/>\npoliti&ccaron;ke alternative?<\/p>\n<p>Vjosa<br \/>\nOsmani: Ponovo ka&#382;em da to nije pitanje o kojem bih &#382;elela da govorim danas iz<br \/>\nKancelarije predsednice, iako jedna presuda Ustavnog suda poja\u0161njava da vr\u0161ilac<br \/>\ndu&#382;nosti mo&#382;e da se bavi politi&ccaron;kom aktivno\u0161&cacute;u, za razliku od predsednika kojeg<br \/>\nodabere Skup\u0161tina, me&dstrok;utim zbog situacije kroz koju prolazimo ne bih &#382;elela da<br \/>\ndanas zalazim u detalje po tom pitanju. <\/p>\n<p>\u00a0<br \/>\nSa gospo&dstrok;om Vjosom Osmani je razgovarao Bekim \u0160ehu<br \/>\n(Bekim Shehu).\u00a0<\/p>\n","protected":false},"excerpt":{"rendered":"<p>U ekskluzivnom intervjuu za DW vr\u0161ilac du&#382;nosti predsednice Kosova govorila je o procesu pred Specijalnim sudom, dijalogu sa Srbijom, ulozi Nema&ccaron;ke i izabranog ameri&ccaron;kog predsednika Bajdena (Biden) u ovom procesu.<\/p>\n","protected":false},"author":1,"featured_media":22720,"comment_status":"open","ping_status":"closed","sticky":false,"template":"","format":"standard","meta":{"_eb_attr":"","footnotes":""},"categories":[104],"tags":[],"class_list":["post-75291","post","type-post","status-publish","format-standard","has-post-thumbnail","hentry","category-intervjui"],"yoast_head":"<!-- This site is optimized with the Yoast SEO plugin v23.5 - https:\/\/yoast.com\/wordpress\/plugins\/seo\/ -->\n<title>Osmani: Nije trenutak da se nastavi dijalog sa Srbijom - Predsednik Republike Kosovo - DR. VJOSA OSMANI - SADRIU<\/title>\n<meta name=\"description\" content=\"Osmani: Nije trenutak da se nastavi dijalog sa Srbijom - Predsednik Republike Kosovo - DR. VJOSA OSMANI - SADRIU -\" \/>\n<meta name=\"robots\" content=\"index, follow, max-snippet:-1, max-image-preview:large, max-video-preview:-1\" \/>\n<link rel=\"canonical\" href=\"https:\/\/president-ksgov.net\/sr\/osmani-nije-trenutak-da-se-nastavi-dijalog-sa-srbijom\/\" \/>\n<meta property=\"og:locale\" content=\"sr_RS\" \/>\n<meta property=\"og:type\" content=\"article\" \/>\n<meta property=\"og:title\" content=\"Osmani: Nije trenutak da se nastavi dijalog sa Srbijom - Predsednik Republike Kosovo - DR. VJOSA OSMANI - SADRIU\" \/>\n<meta property=\"og:description\" content=\"Osmani: Nije trenutak da se nastavi dijalog sa Srbijom - Predsednik Republike Kosovo - DR. VJOSA OSMANI - SADRIU -\" \/>\n<meta property=\"og:url\" content=\"https:\/\/president-ksgov.net\/sr\/osmani-nije-trenutak-da-se-nastavi-dijalog-sa-srbijom\/\" \/>\n<meta property=\"og:site_name\" content=\"Predsednik Republike Kosovo - DR. VJOSA OSMANI - SADRIU\" \/>\n<meta property=\"article:published_time\" content=\"2020-11-12T14:21:09+00:00\" \/>\n<meta property=\"og:image\" content=\"https:\/\/president-ksgov.net\/wp-content\/uploads\/12_11_2020_7861945_55510726_403.jpg\" \/>\n\t<meta property=\"og:image:width\" content=\"940\" \/>\n\t<meta property=\"og:image:height\" content=\"529\" \/>\n\t<meta property=\"og:image:type\" content=\"image\/jpeg\" \/>\n<meta name=\"author\" content=\"admin\" \/>\n<meta name=\"twitter:card\" content=\"summary_large_image\" \/>\n<meta name=\"twitter:label1\" content=\"\u041d\u0430\u043f\u0438\u0441\u0430\u043d\u043e \u043e\u0434\" \/>\n\t<meta name=\"twitter:data1\" content=\"admin\" \/>\n\t<meta name=\"twitter:label2\" content=\"\u041f\u0440\u043e\u0446\u0435\u045a\u0435\u043d\u043e \u0432\u0440\u0435\u043c\u0435 \u0447\u0438\u0442\u0430\u045a\u0430\" \/>\n\t<meta name=\"twitter:data2\" content=\"19 \u043c\u0438\u043d\u0443\u0442\u0430\" \/>\n<script type=\"application\/ld+json\" class=\"yoast-schema-graph\">{\"@context\":\"https:\/\/schema.org\",\"@graph\":[{\"@type\":\"WebPage\",\"@id\":\"https:\/\/president-ksgov.net\/sr\/osmani-nije-trenutak-da-se-nastavi-dijalog-sa-srbijom\/\",\"url\":\"https:\/\/president-ksgov.net\/sr\/osmani-nije-trenutak-da-se-nastavi-dijalog-sa-srbijom\/\",\"name\":\"Osmani: Nije trenutak da se nastavi dijalog sa Srbijom - Predsednik Republike Kosovo - DR. VJOSA OSMANI - SADRIU\",\"isPartOf\":{\"@id\":\"https:\/\/president-ksgov.net\/#website\"},\"primaryImageOfPage\":{\"@id\":\"https:\/\/president-ksgov.net\/sr\/osmani-nije-trenutak-da-se-nastavi-dijalog-sa-srbijom\/#primaryimage\"},\"image\":{\"@id\":\"https:\/\/president-ksgov.net\/sr\/osmani-nije-trenutak-da-se-nastavi-dijalog-sa-srbijom\/#primaryimage\"},\"thumbnailUrl\":\"https:\/\/president-ksgov.net\/wp-content\/uploads\/12_11_2020_7861945_55510726_403.jpg\",\"datePublished\":\"2020-11-12T14:21:09+00:00\",\"dateModified\":\"2020-11-12T14:21:09+00:00\",\"author\":{\"@id\":\"https:\/\/president-ksgov.net\/#\/schema\/person\/bb4337a5fb147cb2046d80548172cbee\"},\"description\":\"Osmani: Nije trenutak da se nastavi dijalog sa Srbijom - Predsednik Republike Kosovo - DR. VJOSA OSMANI - SADRIU -\",\"breadcrumb\":{\"@id\":\"https:\/\/president-ksgov.net\/sr\/osmani-nije-trenutak-da-se-nastavi-dijalog-sa-srbijom\/#breadcrumb\"},\"inLanguage\":\"sr-RS\",\"potentialAction\":[{\"@type\":\"ReadAction\",\"target\":[\"https:\/\/president-ksgov.net\/sr\/osmani-nije-trenutak-da-se-nastavi-dijalog-sa-srbijom\/\"]}]},{\"@type\":\"ImageObject\",\"inLanguage\":\"sr-RS\",\"@id\":\"https:\/\/president-ksgov.net\/sr\/osmani-nije-trenutak-da-se-nastavi-dijalog-sa-srbijom\/#primaryimage\",\"url\":\"https:\/\/president-ksgov.net\/wp-content\/uploads\/12_11_2020_7861945_55510726_403.jpg\",\"contentUrl\":\"https:\/\/president-ksgov.net\/wp-content\/uploads\/12_11_2020_7861945_55510726_403.jpg\",\"width\":940,\"height\":529},{\"@type\":\"BreadcrumbList\",\"@id\":\"https:\/\/president-ksgov.net\/sr\/osmani-nije-trenutak-da-se-nastavi-dijalog-sa-srbijom\/#breadcrumb\",\"itemListElement\":[{\"@type\":\"ListItem\",\"position\":1,\"name\":\"Home\",\"item\":\"https:\/\/president-ksgov.net\/sr\/\"},{\"@type\":\"ListItem\",\"position\":2,\"name\":\"Osmani: Nije trenutak da se nastavi dijalog sa Srbijom\"}]},{\"@type\":\"WebSite\",\"@id\":\"https:\/\/president-ksgov.net\/#website\",\"url\":\"https:\/\/president-ksgov.net\/\",\"name\":\"Presidente e Republik\u00ebs s\u00eb Kosov\u00ebs\",\"description\":\"Presidente e Republik\u00ebs s\u00eb Kosov\u00ebs\",\"alternateName\":\"DR. VJOSA OSMANI - SADRIU\",\"potentialAction\":[{\"@type\":\"SearchAction\",\"target\":{\"@type\":\"EntryPoint\",\"urlTemplate\":\"https:\/\/president-ksgov.net\/?s={search_term_string}\"},\"query-input\":{\"@type\":\"PropertyValueSpecification\",\"valueRequired\":true,\"valueName\":\"search_term_string\"}}],\"inLanguage\":\"sr-RS\"},{\"@type\":\"Person\",\"@id\":\"https:\/\/president-ksgov.net\/#\/schema\/person\/bb4337a5fb147cb2046d80548172cbee\",\"name\":\"admin\",\"image\":{\"@type\":\"ImageObject\",\"inLanguage\":\"sr-RS\",\"@id\":\"https:\/\/president-ksgov.net\/#\/schema\/person\/image\/\",\"url\":\"https:\/\/secure.gravatar.com\/avatar\/36156ca0fa3b8d9d25174f146e16beea0cf28f37adf1b9e19b6c9c279a7c9dd3?s=96&d=mm&r=g\",\"contentUrl\":\"https:\/\/secure.gravatar.com\/avatar\/36156ca0fa3b8d9d25174f146e16beea0cf28f37adf1b9e19b6c9c279a7c9dd3?s=96&d=mm&r=g\",\"caption\":\"admin\"},\"sameAs\":[\"https:\/\/president-ksgov.net\"]}]}<\/script>\n<!-- \/ Yoast SEO plugin. -->","yoast_head_json":{"title":"Osmani: Nije trenutak da se nastavi dijalog sa Srbijom - Predsednik Republike Kosovo - DR. VJOSA OSMANI - SADRIU","description":"Osmani: Nije trenutak da se nastavi dijalog sa Srbijom - Predsednik Republike Kosovo - DR. VJOSA OSMANI - SADRIU -","robots":{"index":"index","follow":"follow","max-snippet":"max-snippet:-1","max-image-preview":"max-image-preview:large","max-video-preview":"max-video-preview:-1"},"canonical":"https:\/\/president-ksgov.net\/sr\/osmani-nije-trenutak-da-se-nastavi-dijalog-sa-srbijom\/","og_locale":"sr_RS","og_type":"article","og_title":"Osmani: Nije trenutak da se nastavi dijalog sa Srbijom - Predsednik Republike Kosovo - DR. VJOSA OSMANI - SADRIU","og_description":"Osmani: Nije trenutak da se nastavi dijalog sa Srbijom - Predsednik Republike Kosovo - DR. VJOSA OSMANI - SADRIU -","og_url":"https:\/\/president-ksgov.net\/sr\/osmani-nije-trenutak-da-se-nastavi-dijalog-sa-srbijom\/","og_site_name":"Predsednik Republike Kosovo - DR. VJOSA OSMANI - SADRIU","article_published_time":"2020-11-12T14:21:09+00:00","og_image":[{"width":940,"height":529,"url":"https:\/\/president-ksgov.net\/wp-content\/uploads\/12_11_2020_7861945_55510726_403.jpg","type":"image\/jpeg"}],"author":"admin","twitter_card":"summary_large_image","twitter_misc":{"\u041d\u0430\u043f\u0438\u0441\u0430\u043d\u043e \u043e\u0434":"admin","\u041f\u0440\u043e\u0446\u0435\u045a\u0435\u043d\u043e \u0432\u0440\u0435\u043c\u0435 \u0447\u0438\u0442\u0430\u045a\u0430":"19 \u043c\u0438\u043d\u0443\u0442\u0430"},"schema":{"@context":"https:\/\/schema.org","@graph":[{"@type":"WebPage","@id":"https:\/\/president-ksgov.net\/sr\/osmani-nije-trenutak-da-se-nastavi-dijalog-sa-srbijom\/","url":"https:\/\/president-ksgov.net\/sr\/osmani-nije-trenutak-da-se-nastavi-dijalog-sa-srbijom\/","name":"Osmani: Nije trenutak da se nastavi dijalog sa Srbijom - Predsednik Republike Kosovo - DR. VJOSA OSMANI - SADRIU","isPartOf":{"@id":"https:\/\/president-ksgov.net\/#website"},"primaryImageOfPage":{"@id":"https:\/\/president-ksgov.net\/sr\/osmani-nije-trenutak-da-se-nastavi-dijalog-sa-srbijom\/#primaryimage"},"image":{"@id":"https:\/\/president-ksgov.net\/sr\/osmani-nije-trenutak-da-se-nastavi-dijalog-sa-srbijom\/#primaryimage"},"thumbnailUrl":"https:\/\/president-ksgov.net\/wp-content\/uploads\/12_11_2020_7861945_55510726_403.jpg","datePublished":"2020-11-12T14:21:09+00:00","dateModified":"2020-11-12T14:21:09+00:00","author":{"@id":"https:\/\/president-ksgov.net\/#\/schema\/person\/bb4337a5fb147cb2046d80548172cbee"},"description":"Osmani: Nije trenutak da se nastavi dijalog sa Srbijom - Predsednik Republike Kosovo - DR. VJOSA OSMANI - SADRIU -","breadcrumb":{"@id":"https:\/\/president-ksgov.net\/sr\/osmani-nije-trenutak-da-se-nastavi-dijalog-sa-srbijom\/#breadcrumb"},"inLanguage":"sr-RS","potentialAction":[{"@type":"ReadAction","target":["https:\/\/president-ksgov.net\/sr\/osmani-nije-trenutak-da-se-nastavi-dijalog-sa-srbijom\/"]}]},{"@type":"ImageObject","inLanguage":"sr-RS","@id":"https:\/\/president-ksgov.net\/sr\/osmani-nije-trenutak-da-se-nastavi-dijalog-sa-srbijom\/#primaryimage","url":"https:\/\/president-ksgov.net\/wp-content\/uploads\/12_11_2020_7861945_55510726_403.jpg","contentUrl":"https:\/\/president-ksgov.net\/wp-content\/uploads\/12_11_2020_7861945_55510726_403.jpg","width":940,"height":529},{"@type":"BreadcrumbList","@id":"https:\/\/president-ksgov.net\/sr\/osmani-nije-trenutak-da-se-nastavi-dijalog-sa-srbijom\/#breadcrumb","itemListElement":[{"@type":"ListItem","position":1,"name":"Home","item":"https:\/\/president-ksgov.net\/sr\/"},{"@type":"ListItem","position":2,"name":"Osmani: Nije trenutak da se nastavi dijalog sa Srbijom"}]},{"@type":"WebSite","@id":"https:\/\/president-ksgov.net\/#website","url":"https:\/\/president-ksgov.net\/","name":"Presidente e Republik\u00ebs s\u00eb Kosov\u00ebs","description":"Presidente e Republik\u00ebs s\u00eb Kosov\u00ebs","alternateName":"DR. VJOSA OSMANI - SADRIU","potentialAction":[{"@type":"SearchAction","target":{"@type":"EntryPoint","urlTemplate":"https:\/\/president-ksgov.net\/?s={search_term_string}"},"query-input":{"@type":"PropertyValueSpecification","valueRequired":true,"valueName":"search_term_string"}}],"inLanguage":"sr-RS"},{"@type":"Person","@id":"https:\/\/president-ksgov.net\/#\/schema\/person\/bb4337a5fb147cb2046d80548172cbee","name":"admin","image":{"@type":"ImageObject","inLanguage":"sr-RS","@id":"https:\/\/president-ksgov.net\/#\/schema\/person\/image\/","url":"https:\/\/secure.gravatar.com\/avatar\/36156ca0fa3b8d9d25174f146e16beea0cf28f37adf1b9e19b6c9c279a7c9dd3?s=96&d=mm&r=g","contentUrl":"https:\/\/secure.gravatar.com\/avatar\/36156ca0fa3b8d9d25174f146e16beea0cf28f37adf1b9e19b6c9c279a7c9dd3?s=96&d=mm&r=g","caption":"admin"},"sameAs":["https:\/\/president-ksgov.net"]}]}},"_links":{"self":[{"href":"https:\/\/president-ksgov.net\/sr\/wp-json\/wp\/v2\/posts\/75291","targetHints":{"allow":["GET"]}}],"collection":[{"href":"https:\/\/president-ksgov.net\/sr\/wp-json\/wp\/v2\/posts"}],"about":[{"href":"https:\/\/president-ksgov.net\/sr\/wp-json\/wp\/v2\/types\/post"}],"author":[{"embeddable":true,"href":"https:\/\/president-ksgov.net\/sr\/wp-json\/wp\/v2\/users\/1"}],"replies":[{"embeddable":true,"href":"https:\/\/president-ksgov.net\/sr\/wp-json\/wp\/v2\/comments?post=75291"}],"version-history":[{"count":0,"href":"https:\/\/president-ksgov.net\/sr\/wp-json\/wp\/v2\/posts\/75291\/revisions"}],"wp:featuredmedia":[{"embeddable":true,"href":"https:\/\/president-ksgov.net\/sr\/wp-json\/wp\/v2\/media\/22720"}],"wp:attachment":[{"href":"https:\/\/president-ksgov.net\/sr\/wp-json\/wp\/v2\/media?parent=75291"}],"wp:term":[{"taxonomy":"category","embeddable":true,"href":"https:\/\/president-ksgov.net\/sr\/wp-json\/wp\/v2\/categories?post=75291"},{"taxonomy":"post_tag","embeddable":true,"href":"https:\/\/president-ksgov.net\/sr\/wp-json\/wp\/v2\/tags?post=75291"}],"curies":[{"name":"wp","href":"https:\/\/api.w.org\/{rel}","templated":true}]}}