{"id":75288,"date":"2020-11-16T13:01:40","date_gmt":"2020-11-16T13:01:40","guid":{"rendered":"https:\/\/dev.president-ksgov.net\/intervju-za-ap-kosovo-vidi-da-eu-favorizuje-razmaeno-dete-srbiju\/"},"modified":"2020-11-16T13:01:40","modified_gmt":"2020-11-16T13:01:40","slug":"intervju-za-ap-kosovo-vidi-da-eu-favorizuje-razmaeno-dete-srbiju","status":"publish","type":"post","link":"https:\/\/president-ksgov.net\/sr\/intervju-za-ap-kosovo-vidi-da-eu-favorizuje-razmaeno-dete-srbiju\/","title":{"rendered":"Intervju za AP: Kosovo vidi da EU favorizuje \u201erazma&#158;eno dete\u201c \u2013 Srbiju"},"content":{"rendered":"<p>Vr\u0161ilac du&#382;nosti predsednice Kosova optu&#382;ila je u petak Evropsku uniju da nije tretirala Kosovo kao \u201ejednako\u201c sa susednom Srbijom u pregovorima o normalizaciji odnosa izme&dstrok;u dva biv\u0161a ratna neprijatelja.<\/p>\n<p>Vjosa Osmani, druga predsednica posleratne kosovske dr&#382;ave rekla je u intervjuu za Aso\u0161ijejted pres da ona misli da Brisel nije nau&ccaron;io iz gre\u0161aka iz pro\u0161losti i da tretira Srbiju kao \u201erazma&#382;eno dete\u201c.<\/p>\n<p>\u201eMi treba da budemo smatrani jednakima tokom ovog dijaloga. Ukoliko se to dogodi, to otvara put uspe\u0161nom dijalogu ubudu&cacute;e\u201c, rekla je Osmani u intervjuu za Aso\u0161ijeted pres.<\/p>\n<p>EU je olak\u0161ala pregovore Kosovo \u2013 Srbija od 2011. godine, ali samo nekoliko, od vi\u0161e od 30 sporazuma koliko je potpisano, je sprovedeno.\u00a0<br \/>\nOsmani, 38, preuzela je du&#382;nost predsednice Kosova ovog meseca kada je biv\u0161i predsednik Hashim Tha\u00e7i (Ha\u0161im Ta&ccaron;i) dao ostavku kako bi se suo&ccaron;io sa ratnim zlo&ccaron;inima i zlo&ccaron;inima protiv &ccaron;ove&ccaron;nosti u specijalnom sudu &ccaron;ije je sedi\u0161te u Hagu u Holandiji. Osmani se o&ccaron;ekuje da slu&#382;i u svojstvu vr\u0161ioca du&#382;nosti najdu&#382;e \u0161est meseci.\u00a0<br \/>\nTha\u00e7iju, biv\u0161im predsednicima Skup\u0161tine Kadriju Veseliju i Jakupu Karsniqiju, kao i dvojici drugih visokih biv\u0161ih komandanata Oslobodila&ccaron;ke vojske Kosova koji su se borili za sticanje nezavisnosti od Srbije, se sudi. Niko od njih nije prihvatio nijednu od optu&#382;bi.\u00a0<br \/>\nOsmani je rekla da dok Kosovo stvara svetski presedan, imaju&cacute;i visoke zvani&ccaron;nike koji dobrovoljno odlaze u sud, Srbija \u201ere&#382;im koji je sponzorisala dr&#382;ava, a koji je ubijao civile, od kojih su mnogi bili deca, nije uredio istu stvar\u201c.\u00a0<br \/>\n\u201eOni negiraju sve u&#382;asne zlo&ccaron;ine koje su izvr\u0161ili u celoj Jugoslaviji, a posebno na Kosovu tokom 1990. godine\u201c, rekla je ona.\u00a0<br \/>\nRat 1998-1999. godine na Kosovu, koje je tad bilo srpska pokrajina, okon&ccaron;an je nakon vojne intervencije NATO-a koja je primorala Srbiju da povu&ccaron;e svoje snage. Ujedinjene nacije su upravljale teritorijom devet godina pre nego \u0161to je Kosovo 2008. godine proglasilo nezavisnost, postupak koji Srbija ne priznaje.\u00a0<br \/>\nVi\u0161e od 10.000 civila, uglavnom etni&ccaron;kih Albanaca je ubijeno, a vi\u0161e od 1.600 se i dalje vode kao nestali u ratu.\u00a0<br \/>\nOsmani je rekla da je Srbija izgubila Kosovo 1999. godine kada \u201eje zloupotrebila mo&cacute; teritorijalnog integriteta i princip suverenosti kako bi ubijala ljude koji su &#382;iveli na toj teritoriji\u201c.\u00a0<br \/>\n\u201e&Ccaron;im priznaju tu realnost, onda mi mo&#382;emo da imamo uspe\u0161an dijalog\u201c, rekla je ona.\u00a0<br \/>\n\u201eNadam se da &cacute;e me&dstrok;unarodna zajednica shvatiti da bez vr\u0161enja pritiska na Srbiju, oni se nikada ne&cacute;e promeniti\u201c, rekla je Osmani dodaju&cacute;i: \u201eJo\u0161 uvek nema pravde za &#382;rtve, du&#382;e od dve decenije nakon okon&ccaron;anja sukoba&#8230;\u00a0<\/p>\n","protected":false},"excerpt":{"rendered":"<p>Vr\u0161ilac du&#382;nosti predsednice Kosova optu&#382;ila je u petak Evropsku uniju da nije tretirala Kosovo kao \u201ejednako\u201c sa susednom Srbijom u pregovorima o normalizaciji odnosa izme&dstrok;u dva biv\u0161a ratna neprijatelja.<\/p>\n<p>Vjosa Osmani, druga predsednica posleratne kosovske dr&#382;ave rekla je u intervjuu za Aso\u0161ijejted pres da ona misli da Brisel nije nau&ccaron;io iz gre\u0161aka iz pro\u0161losti i da tretira Srbiju kao \u201erazma&#382;eno dete\u201c.<\/p>\n<p>\u201eMi treba da budemo smatrani jednakima tokom ovog dijaloga. Ukoliko se to dogodi, to otvara put uspe\u0161nom dijalogu ubudu&cacute;e\u201c, rekla je Osmani u intervjuu za Aso\u0161ijeted pres.<\/p>\n","protected":false},"author":1,"featured_media":22711,"comment_status":"open","ping_status":"closed","sticky":false,"template":"","format":"standard","meta":{"_eb_attr":"","footnotes":""},"categories":[104],"tags":[],"class_list":["post-75288","post","type-post","status-publish","format-standard","has-post-thumbnail","hentry","category-intervjui"],"yoast_head":"<!-- This site is optimized with the Yoast SEO plugin v23.5 - https:\/\/yoast.com\/wordpress\/plugins\/seo\/ -->\n<title>Intervju za AP: Kosovo vidi da EU favorizuje \u201erazma&#158;eno dete\u201c \u2013 Srbiju - Predsednik Republike Kosovo - DR. VJOSA OSMANI - SADRIU<\/title>\n<meta name=\"description\" content=\"Intervju za AP: Kosovo vidi da EU favorizuje \u201erazma&#158;eno dete\u201c \u2013 Srbiju - Predsednik Republike Kosovo - DR. VJOSA OSMANI - SADRIU -\" \/>\n<meta name=\"robots\" content=\"index, follow, max-snippet:-1, max-image-preview:large, max-video-preview:-1\" \/>\n<link rel=\"canonical\" href=\"https:\/\/president-ksgov.net\/sr\/intervju-za-ap-kosovo-vidi-da-eu-favorizuje-razmaeno-dete-srbiju\/\" \/>\n<meta property=\"og:locale\" content=\"sr_RS\" \/>\n<meta property=\"og:type\" content=\"article\" \/>\n<meta property=\"og:title\" content=\"Intervju za AP: Kosovo vidi da EU favorizuje \u201erazma&#158;eno dete\u201c \u2013 Srbiju - Predsednik Republike Kosovo - DR. VJOSA OSMANI - SADRIU\" \/>\n<meta property=\"og:description\" content=\"Intervju za AP: Kosovo vidi da EU favorizuje \u201erazma&#158;eno dete\u201c \u2013 Srbiju - Predsednik Republike Kosovo - DR. VJOSA OSMANI - SADRIU -\" \/>\n<meta property=\"og:url\" content=\"https:\/\/president-ksgov.net\/sr\/intervju-za-ap-kosovo-vidi-da-eu-favorizuje-razmaeno-dete-srbiju\/\" \/>\n<meta property=\"og:site_name\" content=\"Predsednik Republike Kosovo - DR. VJOSA OSMANI - SADRIU\" \/>\n<meta property=\"article:published_time\" content=\"2020-11-16T13:01:40+00:00\" \/>\n<meta property=\"og:image\" content=\"https:\/\/president-ksgov.net\/wp-content\/uploads\/16_11_2020_7690997_2000.jpeg\" \/>\n\t<meta property=\"og:image:width\" content=\"2000\" \/>\n\t<meta property=\"og:image:height\" content=\"1334\" \/>\n\t<meta property=\"og:image:type\" content=\"image\/jpeg\" \/>\n<meta name=\"author\" content=\"admin\" \/>\n<meta name=\"twitter:card\" content=\"summary_large_image\" \/>\n<meta name=\"twitter:label1\" content=\"\u041d\u0430\u043f\u0438\u0441\u0430\u043d\u043e \u043e\u0434\" \/>\n\t<meta name=\"twitter:data1\" content=\"admin\" \/>\n\t<meta name=\"twitter:label2\" content=\"\u041f\u0440\u043e\u0446\u0435\u045a\u0435\u043d\u043e \u0432\u0440\u0435\u043c\u0435 \u0447\u0438\u0442\u0430\u045a\u0430\" \/>\n\t<meta name=\"twitter:data2\" content=\"2 \u043c\u0438\u043d\u0443\u0442\u0430\" \/>\n<script type=\"application\/ld+json\" class=\"yoast-schema-graph\">{\"@context\":\"https:\/\/schema.org\",\"@graph\":[{\"@type\":\"WebPage\",\"@id\":\"https:\/\/president-ksgov.net\/sr\/intervju-za-ap-kosovo-vidi-da-eu-favorizuje-razmaeno-dete-srbiju\/\",\"url\":\"https:\/\/president-ksgov.net\/sr\/intervju-za-ap-kosovo-vidi-da-eu-favorizuje-razmaeno-dete-srbiju\/\",\"name\":\"Intervju za AP: Kosovo vidi da EU favorizuje \u201erazma&#158;eno dete\u201c \u2013 Srbiju - Predsednik Republike Kosovo - DR. VJOSA OSMANI - SADRIU\",\"isPartOf\":{\"@id\":\"https:\/\/president-ksgov.net\/#website\"},\"primaryImageOfPage\":{\"@id\":\"https:\/\/president-ksgov.net\/sr\/intervju-za-ap-kosovo-vidi-da-eu-favorizuje-razmaeno-dete-srbiju\/#primaryimage\"},\"image\":{\"@id\":\"https:\/\/president-ksgov.net\/sr\/intervju-za-ap-kosovo-vidi-da-eu-favorizuje-razmaeno-dete-srbiju\/#primaryimage\"},\"thumbnailUrl\":\"https:\/\/president-ksgov.net\/wp-content\/uploads\/16_11_2020_7690997_2000.jpeg\",\"datePublished\":\"2020-11-16T13:01:40+00:00\",\"dateModified\":\"2020-11-16T13:01:40+00:00\",\"author\":{\"@id\":\"https:\/\/president-ksgov.net\/#\/schema\/person\/bb4337a5fb147cb2046d80548172cbee\"},\"description\":\"Intervju za AP: Kosovo vidi da EU favorizuje \u201erazma&#158;eno dete\u201c \u2013 Srbiju - Predsednik Republike Kosovo - DR. VJOSA OSMANI - SADRIU -\",\"breadcrumb\":{\"@id\":\"https:\/\/president-ksgov.net\/sr\/intervju-za-ap-kosovo-vidi-da-eu-favorizuje-razmaeno-dete-srbiju\/#breadcrumb\"},\"inLanguage\":\"sr-RS\",\"potentialAction\":[{\"@type\":\"ReadAction\",\"target\":[\"https:\/\/president-ksgov.net\/sr\/intervju-za-ap-kosovo-vidi-da-eu-favorizuje-razmaeno-dete-srbiju\/\"]}]},{\"@type\":\"ImageObject\",\"inLanguage\":\"sr-RS\",\"@id\":\"https:\/\/president-ksgov.net\/sr\/intervju-za-ap-kosovo-vidi-da-eu-favorizuje-razmaeno-dete-srbiju\/#primaryimage\",\"url\":\"https:\/\/president-ksgov.net\/wp-content\/uploads\/16_11_2020_7690997_2000.jpeg\",\"contentUrl\":\"https:\/\/president-ksgov.net\/wp-content\/uploads\/16_11_2020_7690997_2000.jpeg\",\"width\":2000,\"height\":1334},{\"@type\":\"BreadcrumbList\",\"@id\":\"https:\/\/president-ksgov.net\/sr\/intervju-za-ap-kosovo-vidi-da-eu-favorizuje-razmaeno-dete-srbiju\/#breadcrumb\",\"itemListElement\":[{\"@type\":\"ListItem\",\"position\":1,\"name\":\"Home\",\"item\":\"https:\/\/president-ksgov.net\/sr\/\"},{\"@type\":\"ListItem\",\"position\":2,\"name\":\"Intervju za AP: Kosovo vidi da EU favorizuje \u201erazma&#158;eno dete\u201c \u2013 Srbiju\"}]},{\"@type\":\"WebSite\",\"@id\":\"https:\/\/president-ksgov.net\/#website\",\"url\":\"https:\/\/president-ksgov.net\/\",\"name\":\"Presidente e Republik\u00ebs s\u00eb Kosov\u00ebs\",\"description\":\"Presidente e Republik\u00ebs s\u00eb Kosov\u00ebs\",\"alternateName\":\"DR. VJOSA OSMANI - SADRIU\",\"potentialAction\":[{\"@type\":\"SearchAction\",\"target\":{\"@type\":\"EntryPoint\",\"urlTemplate\":\"https:\/\/president-ksgov.net\/?s={search_term_string}\"},\"query-input\":{\"@type\":\"PropertyValueSpecification\",\"valueRequired\":true,\"valueName\":\"search_term_string\"}}],\"inLanguage\":\"sr-RS\"},{\"@type\":\"Person\",\"@id\":\"https:\/\/president-ksgov.net\/#\/schema\/person\/bb4337a5fb147cb2046d80548172cbee\",\"name\":\"admin\",\"image\":{\"@type\":\"ImageObject\",\"inLanguage\":\"sr-RS\",\"@id\":\"https:\/\/president-ksgov.net\/#\/schema\/person\/image\/\",\"url\":\"https:\/\/secure.gravatar.com\/avatar\/36156ca0fa3b8d9d25174f146e16beea0cf28f37adf1b9e19b6c9c279a7c9dd3?s=96&d=mm&r=g\",\"contentUrl\":\"https:\/\/secure.gravatar.com\/avatar\/36156ca0fa3b8d9d25174f146e16beea0cf28f37adf1b9e19b6c9c279a7c9dd3?s=96&d=mm&r=g\",\"caption\":\"admin\"},\"sameAs\":[\"https:\/\/president-ksgov.net\"]}]}<\/script>\n<!-- \/ Yoast SEO plugin. -->","yoast_head_json":{"title":"Intervju za AP: Kosovo vidi da EU favorizuje \u201erazma&#158;eno dete\u201c \u2013 Srbiju - Predsednik Republike Kosovo - DR. VJOSA OSMANI - SADRIU","description":"Intervju za AP: Kosovo vidi da EU favorizuje \u201erazma&#158;eno dete\u201c \u2013 Srbiju - Predsednik Republike Kosovo - DR. VJOSA OSMANI - SADRIU -","robots":{"index":"index","follow":"follow","max-snippet":"max-snippet:-1","max-image-preview":"max-image-preview:large","max-video-preview":"max-video-preview:-1"},"canonical":"https:\/\/president-ksgov.net\/sr\/intervju-za-ap-kosovo-vidi-da-eu-favorizuje-razmaeno-dete-srbiju\/","og_locale":"sr_RS","og_type":"article","og_title":"Intervju za AP: Kosovo vidi da EU favorizuje \u201erazma&#158;eno dete\u201c \u2013 Srbiju - Predsednik Republike Kosovo - DR. VJOSA OSMANI - SADRIU","og_description":"Intervju za AP: Kosovo vidi da EU favorizuje \u201erazma&#158;eno dete\u201c \u2013 Srbiju - Predsednik Republike Kosovo - DR. VJOSA OSMANI - SADRIU -","og_url":"https:\/\/president-ksgov.net\/sr\/intervju-za-ap-kosovo-vidi-da-eu-favorizuje-razmaeno-dete-srbiju\/","og_site_name":"Predsednik Republike Kosovo - DR. VJOSA OSMANI - SADRIU","article_published_time":"2020-11-16T13:01:40+00:00","og_image":[{"width":2000,"height":1334,"url":"https:\/\/president-ksgov.net\/wp-content\/uploads\/16_11_2020_7690997_2000.jpeg","type":"image\/jpeg"}],"author":"admin","twitter_card":"summary_large_image","twitter_misc":{"\u041d\u0430\u043f\u0438\u0441\u0430\u043d\u043e \u043e\u0434":"admin","\u041f\u0440\u043e\u0446\u0435\u045a\u0435\u043d\u043e \u0432\u0440\u0435\u043c\u0435 \u0447\u0438\u0442\u0430\u045a\u0430":"2 \u043c\u0438\u043d\u0443\u0442\u0430"},"schema":{"@context":"https:\/\/schema.org","@graph":[{"@type":"WebPage","@id":"https:\/\/president-ksgov.net\/sr\/intervju-za-ap-kosovo-vidi-da-eu-favorizuje-razmaeno-dete-srbiju\/","url":"https:\/\/president-ksgov.net\/sr\/intervju-za-ap-kosovo-vidi-da-eu-favorizuje-razmaeno-dete-srbiju\/","name":"Intervju za AP: Kosovo vidi da EU favorizuje \u201erazma&#158;eno dete\u201c \u2013 Srbiju - Predsednik Republike Kosovo - DR. VJOSA OSMANI - SADRIU","isPartOf":{"@id":"https:\/\/president-ksgov.net\/#website"},"primaryImageOfPage":{"@id":"https:\/\/president-ksgov.net\/sr\/intervju-za-ap-kosovo-vidi-da-eu-favorizuje-razmaeno-dete-srbiju\/#primaryimage"},"image":{"@id":"https:\/\/president-ksgov.net\/sr\/intervju-za-ap-kosovo-vidi-da-eu-favorizuje-razmaeno-dete-srbiju\/#primaryimage"},"thumbnailUrl":"https:\/\/president-ksgov.net\/wp-content\/uploads\/16_11_2020_7690997_2000.jpeg","datePublished":"2020-11-16T13:01:40+00:00","dateModified":"2020-11-16T13:01:40+00:00","author":{"@id":"https:\/\/president-ksgov.net\/#\/schema\/person\/bb4337a5fb147cb2046d80548172cbee"},"description":"Intervju za AP: Kosovo vidi da EU favorizuje \u201erazma&#158;eno dete\u201c \u2013 Srbiju - Predsednik Republike Kosovo - DR. VJOSA OSMANI - SADRIU -","breadcrumb":{"@id":"https:\/\/president-ksgov.net\/sr\/intervju-za-ap-kosovo-vidi-da-eu-favorizuje-razmaeno-dete-srbiju\/#breadcrumb"},"inLanguage":"sr-RS","potentialAction":[{"@type":"ReadAction","target":["https:\/\/president-ksgov.net\/sr\/intervju-za-ap-kosovo-vidi-da-eu-favorizuje-razmaeno-dete-srbiju\/"]}]},{"@type":"ImageObject","inLanguage":"sr-RS","@id":"https:\/\/president-ksgov.net\/sr\/intervju-za-ap-kosovo-vidi-da-eu-favorizuje-razmaeno-dete-srbiju\/#primaryimage","url":"https:\/\/president-ksgov.net\/wp-content\/uploads\/16_11_2020_7690997_2000.jpeg","contentUrl":"https:\/\/president-ksgov.net\/wp-content\/uploads\/16_11_2020_7690997_2000.jpeg","width":2000,"height":1334},{"@type":"BreadcrumbList","@id":"https:\/\/president-ksgov.net\/sr\/intervju-za-ap-kosovo-vidi-da-eu-favorizuje-razmaeno-dete-srbiju\/#breadcrumb","itemListElement":[{"@type":"ListItem","position":1,"name":"Home","item":"https:\/\/president-ksgov.net\/sr\/"},{"@type":"ListItem","position":2,"name":"Intervju za AP: Kosovo vidi da EU favorizuje \u201erazma&#158;eno dete\u201c \u2013 Srbiju"}]},{"@type":"WebSite","@id":"https:\/\/president-ksgov.net\/#website","url":"https:\/\/president-ksgov.net\/","name":"Presidente e Republik\u00ebs s\u00eb Kosov\u00ebs","description":"Presidente e Republik\u00ebs s\u00eb Kosov\u00ebs","alternateName":"DR. VJOSA OSMANI - SADRIU","potentialAction":[{"@type":"SearchAction","target":{"@type":"EntryPoint","urlTemplate":"https:\/\/president-ksgov.net\/?s={search_term_string}"},"query-input":{"@type":"PropertyValueSpecification","valueRequired":true,"valueName":"search_term_string"}}],"inLanguage":"sr-RS"},{"@type":"Person","@id":"https:\/\/president-ksgov.net\/#\/schema\/person\/bb4337a5fb147cb2046d80548172cbee","name":"admin","image":{"@type":"ImageObject","inLanguage":"sr-RS","@id":"https:\/\/president-ksgov.net\/#\/schema\/person\/image\/","url":"https:\/\/secure.gravatar.com\/avatar\/36156ca0fa3b8d9d25174f146e16beea0cf28f37adf1b9e19b6c9c279a7c9dd3?s=96&d=mm&r=g","contentUrl":"https:\/\/secure.gravatar.com\/avatar\/36156ca0fa3b8d9d25174f146e16beea0cf28f37adf1b9e19b6c9c279a7c9dd3?s=96&d=mm&r=g","caption":"admin"},"sameAs":["https:\/\/president-ksgov.net"]}]}},"_links":{"self":[{"href":"https:\/\/president-ksgov.net\/sr\/wp-json\/wp\/v2\/posts\/75288","targetHints":{"allow":["GET"]}}],"collection":[{"href":"https:\/\/president-ksgov.net\/sr\/wp-json\/wp\/v2\/posts"}],"about":[{"href":"https:\/\/president-ksgov.net\/sr\/wp-json\/wp\/v2\/types\/post"}],"author":[{"embeddable":true,"href":"https:\/\/president-ksgov.net\/sr\/wp-json\/wp\/v2\/users\/1"}],"replies":[{"embeddable":true,"href":"https:\/\/president-ksgov.net\/sr\/wp-json\/wp\/v2\/comments?post=75288"}],"version-history":[{"count":0,"href":"https:\/\/president-ksgov.net\/sr\/wp-json\/wp\/v2\/posts\/75288\/revisions"}],"wp:featuredmedia":[{"embeddable":true,"href":"https:\/\/president-ksgov.net\/sr\/wp-json\/wp\/v2\/media\/22711"}],"wp:attachment":[{"href":"https:\/\/president-ksgov.net\/sr\/wp-json\/wp\/v2\/media?parent=75288"}],"wp:term":[{"taxonomy":"category","embeddable":true,"href":"https:\/\/president-ksgov.net\/sr\/wp-json\/wp\/v2\/categories?post=75288"},{"taxonomy":"post_tag","embeddable":true,"href":"https:\/\/president-ksgov.net\/sr\/wp-json\/wp\/v2\/tags?post=75288"}],"curies":[{"name":"wp","href":"https:\/\/api.w.org\/{rel}","templated":true}]}}