{"id":75287,"date":"2020-11-17T10:37:55","date_gmt":"2020-11-17T10:37:55","guid":{"rendered":"https:\/\/dev.president-ksgov.net\/predsednica-kosova-oekuje-dobre-odnose-sa-sad-om-pod-rukovodstvom-bajdena-biden\/"},"modified":"2020-11-17T10:37:55","modified_gmt":"2020-11-17T10:37:55","slug":"predsednica-kosova-oekuje-dobre-odnose-sa-sad-om-pod-rukovodstvom-bajdena-biden","status":"publish","type":"post","link":"https:\/\/president-ksgov.net\/sr\/predsednica-kosova-oekuje-dobre-odnose-sa-sad-om-pod-rukovodstvom-bajdena-biden\/","title":{"rendered":"Predsednica Kosova o&ccaron;ekuje dobre odnose sa SAD-om pod rukovodstvom Bajdena (Biden)"},"content":{"rendered":"<p>Tramp (Trump) se trudio da se bavi nesuglasicama izme&dstrok;u Pri\u0161tine i Beograda, ali videlo se da intervencije slu&#382;e ameri&ccaron;kim interesima<\/p>\n<p>Kosovo o&ccaron;ekuje da &cacute;e se njegovi odnosi sa SAD-om pobolj\u0161ati izborom D&#382;oa Bajdena (Joe Biden), po\u0161to su se decenije klju&ccaron;ne ameri&ccaron;ke podr\u0161ke stavile pod sumnju tokom Trampove uprave, rekla je vr\u0161ilac du&#382;nosti predsednice ove balkanske zemlje. \u201eSvi znaju da izabrani predsednik Bajden nije bilo kakav prijatelj Kosova\u201c, rekla je Vjosa Osmani u intervjuu za Fajnen\u0161l Tajm (Financial Times), aludiraju&cacute;i na dugu podr\u0161ku g. Bajdena intervenciji i dijalogu izme&dstrok;u Srbije i njene biv\u0161e odvojene pokrajine Kosova. \u201eOn poznaje veoma dobro na\u0161u bol\u201c. Gospo&dstrok;a Osmani je preuzela ulogu vr\u0161ioca du&#382;nosti predsednice po&ccaron;etkom novembra, po\u0161to je njen prethodnik Hashim Tha\u00e7i dao ostavku kako bi se suo&ccaron;io sa optu&#382;bama za ratne zlo&ccaron;ine koje su podignute u jednom od specijalnih sudova sme\u0161tenih u Hagu.<br \/>\n\u00a0<br \/>\nNakon brutalnog rata koji je za posledicu imao raspad biv\u0161e Jugoslavije, SAD ve&cacute; dugo vremena igraju klju&ccaron;nu ulogu u odnosima izme&dstrok;u Srbije i Kosova. Dok je g. Tramp tra&#382;io da se anga&#382;uje, neki su videli njegovo me\u0161anje kao u slu&#382;bi uskih privrednih i politi&ccaron;kih interesa SAD-a. \u201eD&#382;o Bajden zna istinu i istina je veoma jasna i prosta\u201c, rekla je gospo&dstrok;a Osmani. \u201eSrbija je izgubila Kosovo jer je zloupotrebila princip suverenosti i teritorijalnog integriteta da bi ubijala ljude koji su &#382;iveli na toj teritoriji, da bi izvr\u0161ila genocid u poku\u0161aju, ratne zlo&ccaron;ine i zlo&ccaron;ine protiv &ccaron;ove&ccaron;nosti. On zna istinu i ne&cacute;e se truditi da je promeni\u201c.<br \/>\n\u00a0<br \/>\nKao ameri&ccaron;ki senator g. Bajden se glasno zalagao za intervenciju Amerike u rat na Kosovu tokom 1998-1999. godine, u kojem je Oslobodila&ccaron;ka vojska Kosova vodila neku vrstu gerilskog ustanka protiv vernih snaga Slobodana Milo\u0161evi&cacute;a. Ali, dok su ve&cacute;inu zlo&ccaron;ina izvr\u0161ile srpske snage, optu&#382;be za ratne zlo&ccaron;ine gonile su i &ccaron;lanove OVK-a, od kojih su se mnogi priklju&ccaron;ili politici. O&ccaron;ekivani pristup budu&cacute;e Bajdenove uprave dolazi u sukob sa naporima Trampove uprave da ugovore brz sporazum me&dstrok;u liderima na Kosovu i u Srbiji. Bilo kako bilo, umesto da postave nesporazume izme&dstrok;u Beograda i Pri\u0161tine u centar delovanja, fokus sporazuma je bio na prioritetima spoljne politike SAD-a, kao \u0161to je priznanje Jerusalima kao glavnog grada Izraela i obe&cacute;anje da se ne&cacute;e dati 5G licenca \u201enepouzdanim\u201c kompanijama \u2013 na\u0161iroko se veruje da je to aludiranje na kinesku tehnolo\u0161ku kompaniju Huawei.\u00a0<br \/>\n\u00a0<br \/>\nNa prole&cacute;e je Va\u0161ington ohrabrio ru\u0161enje protiv-korupcione vlade na Kosovu jer njen premijer nije bio zainteresovan u pravcu pregovora sa Srbijom, koje je podsticala Trampova uprava. I u septembru, nakon izmene vlade u Pri\u0161tini, Donald Tramp je do&ccaron;ekao sprskog predsednika Aleksandra Vu&ccaron;i&cacute;a i premijera Kosova Avdullaha Hotija u Beloj ku&cacute;i, gde su se obe strane slo&#382;ile da pobolj\u0161aju ekonomske odnose. Taj sporazum, me&dstrok;utim, mo&#382;e i da se ne sprovede nikada. \u201eMi ne mo&#382;emo samo da napredujemo\u2026 a da ne sagledamo koji je novi stav nove uprave po tim ta&ccaron;kama\u201c, rekla je gospo&dstrok;a Osmani, aludiraju&cacute;i na anga&#382;ovanje da se podeli suverenost nad jezerom koje se nalazi sa dve strane granice i sporazum o \u201emini-Shengenu\u201c sa Srbijom. Kosovo je proglasilo svoju nezavisnost od Srbije 2008. godine, ali ju je Beograd jo\u0161 uvek nije priznao, kao ni klju&ccaron;ne sile, obuhvataju&cacute;i Rusiju i Kinu. Aludiraju&cacute;i na ostavku g. Tha\u00e7ija, gospo&dstrok;a Osmani je rekla da je njena zemlja pokazala \u201einstitucionalnu zrelost\u201c i \u201eizuzetnu volju da sara&dstrok;uje sa pravdom\u201c.\u00a0<\/p>\n<p>Tu&#382;ioci navode da su g. Tha\u00e7i kao komandant gerile OVK-a i drugi, odgovorni za takore&cacute;i 100 ubistava, obuhvataju&cacute;i i pripadnike srpske, katoli&ccaron;ke i romske manjine, kao i politi&ccaron;kih suparnika tokom i odmah nakon rata. Pro\u0161log ponedeljka g. Tha\u00e7i se izjasnio da je nedu&#382;an za 10 optu&#382;bi za ratne zlo&ccaron;ine i zlo&ccaron;ine protiv &ccaron;ove&ccaron;nosti. Predsednik Kosova dao je ostavku nakon potvr&dstrok;ivanja optu&#382;nica za ratne zlo&ccaron;ine protiv njega. G. Tha\u00e7i je etni&ccaron;ki Albanac. Sud sa sedi\u0161tem u Hagu, koji je deo sudskog sistema Kosova, ali sa u potpunosti me&dstrok;unarodnim osobljem, zbog straha u vezi sa za\u0161titom svedoka, vidi se kao sumnjiv u maloj balkanskoj zemlji sa oko 1.8 miliona stanovnika, jer je usredsre&dstrok;en samo na zlo&ccaron;ine koje su izvr\u0161ili etni&ccaron;ki Albanci, oko 90 posto stanovni\u0161tva. Me&dstrok;utim, ve&cacute;ina ljudi koji su umrli u ratu bili su etni&ccaron;ki Albanci. Optu&#382;nica je obelodanjena u junu, dok je g. Tha\u00e7i putovao na samit koji je planirano da se odr&#382;i u Beloj ku&cacute;i sa njegovim srpskim homologom g. Vu&ccaron;i&cacute;em i potvr&dstrok;ena je od strane suda u novembru. Gospo&dstrok;a Osmani je rekla da ne mo&#382;e biti \u201enikakve moralne ekvivalentnosti\u201c izme&dstrok;u navodnih zlo&ccaron;ina koje je izvr\u0161ilo nekoliko kosovskih pojedinaca i \u201edr&#382;avnog aparata Srbije\u201c. Ona je rekla da su prethodni pravosudni poku\u0161aji da se srpski vojni i politi&ccaron;ki lideri pozovu na odgovornost za ratove na teritoriji biv\u0161e Jugoslavije bili neuspe\u0161ni.\u00a0<\/p>\n","protected":false},"excerpt":{"rendered":"<p>Tramp (Trump) se trudio da se bavi nesuglasicama izme&dstrok;u Pri\u0161tine i Beograda, ali videlo se da intervencije slu&#382;e ameri&ccaron;kim interesima<\/p>\n","protected":false},"author":1,"featured_media":22707,"comment_status":"open","ping_status":"closed","sticky":false,"template":"","format":"standard","meta":{"_eb_attr":"","footnotes":""},"categories":[104],"tags":[],"class_list":["post-75287","post","type-post","status-publish","format-standard","has-post-thumbnail","hentry","category-intervjui"],"yoast_head":"<!-- This site is optimized with the Yoast SEO plugin v23.5 - https:\/\/yoast.com\/wordpress\/plugins\/seo\/ -->\n<title>Predsednica Kosova o&amp;ccaron;ekuje dobre odnose sa SAD-om pod rukovodstvom Bajdena (Biden) - Predsednik Republike Kosovo - DR. VJOSA OSMANI - SADRIU<\/title>\n<meta name=\"description\" content=\"Predsednica Kosova o&amp;ccaron;ekuje dobre odnose sa SAD-om pod rukovodstvom Bajdena (Biden) - Predsednik Republike Kosovo - DR. VJOSA OSMANI - SADRIU -\" \/>\n<meta name=\"robots\" content=\"index, follow, max-snippet:-1, max-image-preview:large, max-video-preview:-1\" \/>\n<link rel=\"canonical\" href=\"https:\/\/president-ksgov.net\/sr\/predsednica-kosova-oekuje-dobre-odnose-sa-sad-om-pod-rukovodstvom-bajdena-biden\/\" \/>\n<meta property=\"og:locale\" content=\"sr_RS\" \/>\n<meta property=\"og:type\" content=\"article\" \/>\n<meta property=\"og:title\" content=\"Predsednica Kosova o&amp;ccaron;ekuje dobre odnose sa SAD-om pod rukovodstvom Bajdena (Biden) - Predsednik Republike Kosovo - DR. VJOSA OSMANI - SADRIU\" \/>\n<meta property=\"og:description\" content=\"Predsednica Kosova o&amp;ccaron;ekuje dobre odnose sa SAD-om pod rukovodstvom Bajdena (Biden) - Predsednik Republike Kosovo - DR. VJOSA OSMANI - SADRIU -\" \/>\n<meta property=\"og:url\" content=\"https:\/\/president-ksgov.net\/sr\/predsednica-kosova-oekuje-dobre-odnose-sa-sad-om-pod-rukovodstvom-bajdena-biden\/\" \/>\n<meta property=\"og:site_name\" content=\"Predsednik Republike Kosovo - DR. VJOSA OSMANI - SADRIU\" \/>\n<meta property=\"article:published_time\" content=\"2020-11-17T10:37:55+00:00\" \/>\n<meta property=\"og:image\" content=\"https:\/\/president-ksgov.net\/wp-content\/uploads\/17_11_2020_609709_55510726_403.jpg\" \/>\n\t<meta property=\"og:image:width\" content=\"940\" \/>\n\t<meta property=\"og:image:height\" content=\"529\" \/>\n\t<meta property=\"og:image:type\" content=\"image\/jpeg\" \/>\n<meta name=\"author\" content=\"admin\" \/>\n<meta name=\"twitter:card\" content=\"summary_large_image\" \/>\n<meta name=\"twitter:label1\" content=\"\u041d\u0430\u043f\u0438\u0441\u0430\u043d\u043e \u043e\u0434\" \/>\n\t<meta name=\"twitter:data1\" content=\"admin\" \/>\n\t<meta name=\"twitter:label2\" content=\"\u041f\u0440\u043e\u0446\u0435\u045a\u0435\u043d\u043e \u0432\u0440\u0435\u043c\u0435 \u0447\u0438\u0442\u0430\u045a\u0430\" \/>\n\t<meta name=\"twitter:data2\" content=\"5 \u043c\u0438\u043d\u0443\u0442\u0430\" \/>\n<script type=\"application\/ld+json\" class=\"yoast-schema-graph\">{\"@context\":\"https:\/\/schema.org\",\"@graph\":[{\"@type\":\"WebPage\",\"@id\":\"https:\/\/president-ksgov.net\/sr\/predsednica-kosova-oekuje-dobre-odnose-sa-sad-om-pod-rukovodstvom-bajdena-biden\/\",\"url\":\"https:\/\/president-ksgov.net\/sr\/predsednica-kosova-oekuje-dobre-odnose-sa-sad-om-pod-rukovodstvom-bajdena-biden\/\",\"name\":\"Predsednica Kosova o&ccaron;ekuje dobre odnose sa SAD-om pod rukovodstvom Bajdena (Biden) - Predsednik Republike Kosovo - DR. VJOSA OSMANI - SADRIU\",\"isPartOf\":{\"@id\":\"https:\/\/president-ksgov.net\/#website\"},\"primaryImageOfPage\":{\"@id\":\"https:\/\/president-ksgov.net\/sr\/predsednica-kosova-oekuje-dobre-odnose-sa-sad-om-pod-rukovodstvom-bajdena-biden\/#primaryimage\"},\"image\":{\"@id\":\"https:\/\/president-ksgov.net\/sr\/predsednica-kosova-oekuje-dobre-odnose-sa-sad-om-pod-rukovodstvom-bajdena-biden\/#primaryimage\"},\"thumbnailUrl\":\"https:\/\/president-ksgov.net\/wp-content\/uploads\/17_11_2020_609709_55510726_403.jpg\",\"datePublished\":\"2020-11-17T10:37:55+00:00\",\"dateModified\":\"2020-11-17T10:37:55+00:00\",\"author\":{\"@id\":\"https:\/\/president-ksgov.net\/#\/schema\/person\/bb4337a5fb147cb2046d80548172cbee\"},\"description\":\"Predsednica Kosova o&ccaron;ekuje dobre odnose sa SAD-om pod rukovodstvom Bajdena (Biden) - Predsednik Republike Kosovo - DR. VJOSA OSMANI - SADRIU -\",\"breadcrumb\":{\"@id\":\"https:\/\/president-ksgov.net\/sr\/predsednica-kosova-oekuje-dobre-odnose-sa-sad-om-pod-rukovodstvom-bajdena-biden\/#breadcrumb\"},\"inLanguage\":\"sr-RS\",\"potentialAction\":[{\"@type\":\"ReadAction\",\"target\":[\"https:\/\/president-ksgov.net\/sr\/predsednica-kosova-oekuje-dobre-odnose-sa-sad-om-pod-rukovodstvom-bajdena-biden\/\"]}]},{\"@type\":\"ImageObject\",\"inLanguage\":\"sr-RS\",\"@id\":\"https:\/\/president-ksgov.net\/sr\/predsednica-kosova-oekuje-dobre-odnose-sa-sad-om-pod-rukovodstvom-bajdena-biden\/#primaryimage\",\"url\":\"https:\/\/president-ksgov.net\/wp-content\/uploads\/17_11_2020_609709_55510726_403.jpg\",\"contentUrl\":\"https:\/\/president-ksgov.net\/wp-content\/uploads\/17_11_2020_609709_55510726_403.jpg\",\"width\":940,\"height\":529},{\"@type\":\"BreadcrumbList\",\"@id\":\"https:\/\/president-ksgov.net\/sr\/predsednica-kosova-oekuje-dobre-odnose-sa-sad-om-pod-rukovodstvom-bajdena-biden\/#breadcrumb\",\"itemListElement\":[{\"@type\":\"ListItem\",\"position\":1,\"name\":\"Home\",\"item\":\"https:\/\/president-ksgov.net\/sr\/\"},{\"@type\":\"ListItem\",\"position\":2,\"name\":\"Predsednica Kosova o&ccaron;ekuje dobre odnose sa SAD-om pod rukovodstvom Bajdena (Biden)\"}]},{\"@type\":\"WebSite\",\"@id\":\"https:\/\/president-ksgov.net\/#website\",\"url\":\"https:\/\/president-ksgov.net\/\",\"name\":\"Presidente e Republik\u00ebs s\u00eb Kosov\u00ebs\",\"description\":\"Presidente e Republik\u00ebs s\u00eb Kosov\u00ebs\",\"alternateName\":\"DR. VJOSA OSMANI - SADRIU\",\"potentialAction\":[{\"@type\":\"SearchAction\",\"target\":{\"@type\":\"EntryPoint\",\"urlTemplate\":\"https:\/\/president-ksgov.net\/?s={search_term_string}\"},\"query-input\":{\"@type\":\"PropertyValueSpecification\",\"valueRequired\":true,\"valueName\":\"search_term_string\"}}],\"inLanguage\":\"sr-RS\"},{\"@type\":\"Person\",\"@id\":\"https:\/\/president-ksgov.net\/#\/schema\/person\/bb4337a5fb147cb2046d80548172cbee\",\"name\":\"admin\",\"image\":{\"@type\":\"ImageObject\",\"inLanguage\":\"sr-RS\",\"@id\":\"https:\/\/president-ksgov.net\/#\/schema\/person\/image\/\",\"url\":\"https:\/\/secure.gravatar.com\/avatar\/36156ca0fa3b8d9d25174f146e16beea0cf28f37adf1b9e19b6c9c279a7c9dd3?s=96&d=mm&r=g\",\"contentUrl\":\"https:\/\/secure.gravatar.com\/avatar\/36156ca0fa3b8d9d25174f146e16beea0cf28f37adf1b9e19b6c9c279a7c9dd3?s=96&d=mm&r=g\",\"caption\":\"admin\"},\"sameAs\":[\"https:\/\/president-ksgov.net\"]}]}<\/script>\n<!-- \/ Yoast SEO plugin. -->","yoast_head_json":{"title":"Predsednica Kosova o&ccaron;ekuje dobre odnose sa SAD-om pod rukovodstvom Bajdena (Biden) - Predsednik Republike Kosovo - DR. VJOSA OSMANI - SADRIU","description":"Predsednica Kosova o&ccaron;ekuje dobre odnose sa SAD-om pod rukovodstvom Bajdena (Biden) - Predsednik Republike Kosovo - DR. VJOSA OSMANI - SADRIU -","robots":{"index":"index","follow":"follow","max-snippet":"max-snippet:-1","max-image-preview":"max-image-preview:large","max-video-preview":"max-video-preview:-1"},"canonical":"https:\/\/president-ksgov.net\/sr\/predsednica-kosova-oekuje-dobre-odnose-sa-sad-om-pod-rukovodstvom-bajdena-biden\/","og_locale":"sr_RS","og_type":"article","og_title":"Predsednica Kosova o&ccaron;ekuje dobre odnose sa SAD-om pod rukovodstvom Bajdena (Biden) - Predsednik Republike Kosovo - DR. VJOSA OSMANI - SADRIU","og_description":"Predsednica Kosova o&ccaron;ekuje dobre odnose sa SAD-om pod rukovodstvom Bajdena (Biden) - Predsednik Republike Kosovo - DR. VJOSA OSMANI - SADRIU -","og_url":"https:\/\/president-ksgov.net\/sr\/predsednica-kosova-oekuje-dobre-odnose-sa-sad-om-pod-rukovodstvom-bajdena-biden\/","og_site_name":"Predsednik Republike Kosovo - DR. VJOSA OSMANI - SADRIU","article_published_time":"2020-11-17T10:37:55+00:00","og_image":[{"width":940,"height":529,"url":"https:\/\/president-ksgov.net\/wp-content\/uploads\/17_11_2020_609709_55510726_403.jpg","type":"image\/jpeg"}],"author":"admin","twitter_card":"summary_large_image","twitter_misc":{"\u041d\u0430\u043f\u0438\u0441\u0430\u043d\u043e \u043e\u0434":"admin","\u041f\u0440\u043e\u0446\u0435\u045a\u0435\u043d\u043e \u0432\u0440\u0435\u043c\u0435 \u0447\u0438\u0442\u0430\u045a\u0430":"5 \u043c\u0438\u043d\u0443\u0442\u0430"},"schema":{"@context":"https:\/\/schema.org","@graph":[{"@type":"WebPage","@id":"https:\/\/president-ksgov.net\/sr\/predsednica-kosova-oekuje-dobre-odnose-sa-sad-om-pod-rukovodstvom-bajdena-biden\/","url":"https:\/\/president-ksgov.net\/sr\/predsednica-kosova-oekuje-dobre-odnose-sa-sad-om-pod-rukovodstvom-bajdena-biden\/","name":"Predsednica Kosova o&ccaron;ekuje dobre odnose sa SAD-om pod rukovodstvom Bajdena (Biden) - Predsednik Republike Kosovo - DR. VJOSA OSMANI - SADRIU","isPartOf":{"@id":"https:\/\/president-ksgov.net\/#website"},"primaryImageOfPage":{"@id":"https:\/\/president-ksgov.net\/sr\/predsednica-kosova-oekuje-dobre-odnose-sa-sad-om-pod-rukovodstvom-bajdena-biden\/#primaryimage"},"image":{"@id":"https:\/\/president-ksgov.net\/sr\/predsednica-kosova-oekuje-dobre-odnose-sa-sad-om-pod-rukovodstvom-bajdena-biden\/#primaryimage"},"thumbnailUrl":"https:\/\/president-ksgov.net\/wp-content\/uploads\/17_11_2020_609709_55510726_403.jpg","datePublished":"2020-11-17T10:37:55+00:00","dateModified":"2020-11-17T10:37:55+00:00","author":{"@id":"https:\/\/president-ksgov.net\/#\/schema\/person\/bb4337a5fb147cb2046d80548172cbee"},"description":"Predsednica Kosova o&ccaron;ekuje dobre odnose sa SAD-om pod rukovodstvom Bajdena (Biden) - Predsednik Republike Kosovo - DR. VJOSA OSMANI - SADRIU -","breadcrumb":{"@id":"https:\/\/president-ksgov.net\/sr\/predsednica-kosova-oekuje-dobre-odnose-sa-sad-om-pod-rukovodstvom-bajdena-biden\/#breadcrumb"},"inLanguage":"sr-RS","potentialAction":[{"@type":"ReadAction","target":["https:\/\/president-ksgov.net\/sr\/predsednica-kosova-oekuje-dobre-odnose-sa-sad-om-pod-rukovodstvom-bajdena-biden\/"]}]},{"@type":"ImageObject","inLanguage":"sr-RS","@id":"https:\/\/president-ksgov.net\/sr\/predsednica-kosova-oekuje-dobre-odnose-sa-sad-om-pod-rukovodstvom-bajdena-biden\/#primaryimage","url":"https:\/\/president-ksgov.net\/wp-content\/uploads\/17_11_2020_609709_55510726_403.jpg","contentUrl":"https:\/\/president-ksgov.net\/wp-content\/uploads\/17_11_2020_609709_55510726_403.jpg","width":940,"height":529},{"@type":"BreadcrumbList","@id":"https:\/\/president-ksgov.net\/sr\/predsednica-kosova-oekuje-dobre-odnose-sa-sad-om-pod-rukovodstvom-bajdena-biden\/#breadcrumb","itemListElement":[{"@type":"ListItem","position":1,"name":"Home","item":"https:\/\/president-ksgov.net\/sr\/"},{"@type":"ListItem","position":2,"name":"Predsednica Kosova o&ccaron;ekuje dobre odnose sa SAD-om pod rukovodstvom Bajdena (Biden)"}]},{"@type":"WebSite","@id":"https:\/\/president-ksgov.net\/#website","url":"https:\/\/president-ksgov.net\/","name":"Presidente e Republik\u00ebs s\u00eb Kosov\u00ebs","description":"Presidente e Republik\u00ebs s\u00eb Kosov\u00ebs","alternateName":"DR. VJOSA OSMANI - SADRIU","potentialAction":[{"@type":"SearchAction","target":{"@type":"EntryPoint","urlTemplate":"https:\/\/president-ksgov.net\/?s={search_term_string}"},"query-input":{"@type":"PropertyValueSpecification","valueRequired":true,"valueName":"search_term_string"}}],"inLanguage":"sr-RS"},{"@type":"Person","@id":"https:\/\/president-ksgov.net\/#\/schema\/person\/bb4337a5fb147cb2046d80548172cbee","name":"admin","image":{"@type":"ImageObject","inLanguage":"sr-RS","@id":"https:\/\/president-ksgov.net\/#\/schema\/person\/image\/","url":"https:\/\/secure.gravatar.com\/avatar\/36156ca0fa3b8d9d25174f146e16beea0cf28f37adf1b9e19b6c9c279a7c9dd3?s=96&d=mm&r=g","contentUrl":"https:\/\/secure.gravatar.com\/avatar\/36156ca0fa3b8d9d25174f146e16beea0cf28f37adf1b9e19b6c9c279a7c9dd3?s=96&d=mm&r=g","caption":"admin"},"sameAs":["https:\/\/president-ksgov.net"]}]}},"_links":{"self":[{"href":"https:\/\/president-ksgov.net\/sr\/wp-json\/wp\/v2\/posts\/75287","targetHints":{"allow":["GET"]}}],"collection":[{"href":"https:\/\/president-ksgov.net\/sr\/wp-json\/wp\/v2\/posts"}],"about":[{"href":"https:\/\/president-ksgov.net\/sr\/wp-json\/wp\/v2\/types\/post"}],"author":[{"embeddable":true,"href":"https:\/\/president-ksgov.net\/sr\/wp-json\/wp\/v2\/users\/1"}],"replies":[{"embeddable":true,"href":"https:\/\/president-ksgov.net\/sr\/wp-json\/wp\/v2\/comments?post=75287"}],"version-history":[{"count":0,"href":"https:\/\/president-ksgov.net\/sr\/wp-json\/wp\/v2\/posts\/75287\/revisions"}],"wp:featuredmedia":[{"embeddable":true,"href":"https:\/\/president-ksgov.net\/sr\/wp-json\/wp\/v2\/media\/22707"}],"wp:attachment":[{"href":"https:\/\/president-ksgov.net\/sr\/wp-json\/wp\/v2\/media?parent=75287"}],"wp:term":[{"taxonomy":"category","embeddable":true,"href":"https:\/\/president-ksgov.net\/sr\/wp-json\/wp\/v2\/categories?post=75287"},{"taxonomy":"post_tag","embeddable":true,"href":"https:\/\/president-ksgov.net\/sr\/wp-json\/wp\/v2\/tags?post=75287"}],"curies":[{"name":"wp","href":"https:\/\/api.w.org\/{rel}","templated":true}]}}