{"id":75205,"date":"2021-03-05T16:41:15","date_gmt":"2021-03-05T16:41:15","guid":{"rendered":"https:\/\/dev.president-ksgov.net\/u-intervjuu-za-blick-govori-top-politiarka-kosova-o-izmeni-vlasti-stanju-sa-korona-virusom-i-konstantnom-sukobu-sa-srbijom\/"},"modified":"2021-03-05T16:41:15","modified_gmt":"2021-03-05T16:41:15","slug":"u-intervjuu-za-blick-govori-top-politiarka-kosova-o-izmeni-vlasti-stanju-sa-korona-virusom-i-konstantnom-sukobu-sa-srbijom","status":"publish","type":"post","link":"https:\/\/president-ksgov.net\/sr\/u-intervjuu-za-blick-govori-top-politiarka-kosova-o-izmeni-vlasti-stanju-sa-korona-virusom-i-konstantnom-sukobu-sa-srbijom\/","title":{"rendered":"U intervjuu za BLICK govori top politi&ccaron;arka Kosova o izmeni vlasti, stanju sa Korona virusom i konstantnom sukobu sa Srbijom."},"content":{"rendered":"<p>Vr\u0161ilac du&#382;nosti predsednice Vjosa Osmani: Potrebna nam je pomo&cacute; \u0160vajcarske<\/p>\n<p>Kosovska zastava vijori se u Saveznom parlamentu. Jasan i vidljiv znak posete visokog profila u Bernu: Predsednica Skup\u0161tine Vjosa Osmani (38), koja je tako&dstrok;e i privremena predsednica od novembra,\u00a0 do\u0161la je da razgovara sa predsednikom Nacionalnog saveta Andreasom Aebijem (62) u vezi sa izborima od 14. februara i odnosima sa \u0160vajcarskom. Na konferenciji za \u0161tampu u sredu, nakon kojeg je i napravljen intervju sa BLICK-om, oboje govore o \u201enovoj epohi\u201c na Kosovu.\u00a0<\/p>\n<p>BLICK: Va\u0161a partija Pokret Samoopredeljenje je porasla \u2013 posebno zahvaljuju&cacute;i glasovima Kosovara iz \u0160vajcarske \u2013 za jednu i po godinu procenat je sko&ccaron;io sa 26 na 48 procenata glasova. O&ccaron;ekivanja od vas i budu&cacute;eg premijera Albina Kurtija su veoma velika. Nije li to previ\u0161e pritiska?<br \/>\n\u00a0<br \/>\nOsmani: Zasigurno \u2013 ali smo dugo radili i spremni smo. Prvo, &#382;elimo da stavimo pod kontrolu korupciju i da stvorimo radna mesta, posebno za mladu generaciju i &#382;ene. Jo\u0161 uvek nam je potreba pomo&cacute; \u0160vajcarske u tom pravcu. Naravno da nam panedemija tako ne\u0161to ne &ccaron;ini lak\u0161im, ve&cacute; nam jo\u0161 vi\u0161e ote&#382;ava.<\/p>\n<p>\u00a0<br \/>\nBlick: Brojevi zara&#382;enih slu&ccaron;ajeva Koronom su na Kosovu trenutno dva puta vi\u0161i nego u \u0160vajcarskoj, istovremeno nije jo\u0161 uvek data nijedna jedina doza vakcine!<\/p>\n<p>Osmani: Nadamo se da &cacute;e \u0160vajcarska misliti na nas kada bude uzimala doze za vakcinaciju \u2013 mi znamo da je ona poru&ccaron;ila vi\u0161e nego \u0161to joj treba. Sada govorimo o ugovoru o prodaji ili o donaciji. Pogotovu za medicinsko osoblje i rizi&ccaron;ne grupe. \u0160vajcarska nam je obezbedila i medicinsku opremu tokom pandemije i ja sam vam veoma zahvalna na tome. Ali, sada treba da se uverimo da smo spremni za narednu vazu, jer pandemija jo\u0161 uvek nije zavr\u0161ena.<\/p>\n<p>Blick: Ukoliko \u0160vajcarska ne postupi dovoljno brzo \u2013 onda, da li &cacute;ete uzeti ruske i kineske vakcine iz Srbije?<\/p>\n<p>Osmani: Mi smo deo Covax inicijative i nadamo se da &cacute;emo u narednim mesecima dobiti doze kojima bismo snabdeli 20 odsto stanovni\u0161tva. To nije dovoljno, ali mi ne &#382;elimo vakcine iz Rusije i Kine. Orijentisani smo prema zapadu po svim pitanjima \u2013 tako&dstrok;e i kada je re&ccaron; o na\u0161em zdravlju.<\/p>\n<p>Blick: Albin Kurti, kojeg je sru\u0161io Donald Tramp pro\u0161log juna, se sada vra&cacute;a na vlast, tako&dstrok;e je i u Beloj ku&cacute;i bilo promena. Da li ste jo\u0161 uvek ne\u0161to &ccaron;uli od predsednika SAD-a D&#382;oa Bajdena?<\/p>\n<p>Osmani: Da, on je napisao pismo u kojem izra&#382;ava svoju sna&#382;nu spremnost da podr&#382;i demokratski razvoj Kosova. Istovremeno on veoma jasno misli da dijalog sa Srbijom mora da se okon&ccaron;a priznanjem nezavisnosti Kosova.<\/p>\n<p>Blick: Ukoliko dugoo&ccaron;ekivano re\u0161enje bude postignuto sa Srbijom tokom va\u0161e nove vlasti- \u0161ta &cacute;e se dogoditi sa Pre\u0161evskom dolinom, &ccaron;ija je pripadnost izazivala nesporazume izme&dstrok;u Beograda i Pri\u0161tine godinama zaredom?<br \/>\n\u00a0<br \/>\nOsmani: Mi smo jasno protiv ideje razmene teritorija, jer smatramo da je ta ideja opasana, ne samo za Kosovo, nego i za ceo region i ne&cacute;e doneti odr&#382;ivi mir i stabilnost. U isto vreme, podi&cacute;i &cacute;emo svoj glas. Na&#382;alost Srbija, iako je potpisnica mnogobrojnih me&dstrok;unarodnih konvencija, ne po\u0161tuje osnovna prava Albanaca i vr\u0161i tiho etni&ccaron;ko &ccaron;i\u0161&cacute;enje. To posebno va&#382;i za oblast Medve&dstrok;e, gde Srbija izostavlja Albance, menja adrese i ne dozvoljava im da &#382;ive tamo. Nadamo se da &cacute;e na\u0161i partneri vr\u0161iti pozitivan pritisak na Srbiju i da &cacute;e tra&#382;iti od dr&#382;ave da po\u0161tuje prava i slobode gra&dstrok;ana koji &#382;ive u tom regionu.<br \/>\n\u00a0<\/p>\n<p>BOX<\/p>\n<p>T: Nosilac kosovske nade<\/p>\n<p>KEYSTONE<\/p>\n<p>Vjosa Osmani (38) &#382;eli da Kosovo vodi napred. Pravnica je svoje doktorske studije zavr\u0161ila u SAD-u, majka je bliznakinja \u2013 i od jeseni ona je privremena predsednica najmla&dstrok;e dr&#382;ave u Evropi. Zajedno sa budu&cacute;im premijerom Albinom Kurtijem se borila na izborima 14. februara. I pored velike pobede, nije u potpunosti sigurna o zvani&ccaron;noj ulozi: da to u&ccaron;ini, potrebni su joj glasovi opozicije u Parlamentu.\u00a0<\/p>\n","protected":false},"excerpt":{"rendered":"<p>Vr\u0161ilac du&#382;nosti predsednice Vjosa Osmani: Potrebna nam je pomo&cacute; \u0160vajcarske<\/p>\n","protected":false},"author":1,"featured_media":22058,"comment_status":"open","ping_status":"closed","sticky":false,"template":"","format":"standard","meta":{"_eb_attr":"","footnotes":""},"categories":[104],"tags":[],"class_list":["post-75205","post","type-post","status-publish","format-standard","has-post-thumbnail","hentry","category-intervjui"],"yoast_head":"<!-- This site is optimized with the Yoast SEO plugin v23.5 - https:\/\/yoast.com\/wordpress\/plugins\/seo\/ -->\n<title>U intervjuu za BLICK govori top politi&amp;ccaron;arka Kosova o izmeni vlasti, stanju sa Korona virusom i konstantnom sukobu sa Srbijom. - Predsednik Republike Kosovo - DR. VJOSA OSMANI - SADRIU<\/title>\n<meta name=\"description\" content=\"U intervjuu za BLICK govori top politi&amp;ccaron;arka Kosova o izmeni vlasti, stanju sa Korona virusom i konstantnom sukobu sa Srbijom. - Predsednik Republike Kosovo - DR. VJOSA OSMANI - SADRIU -\" \/>\n<meta name=\"robots\" content=\"index, follow, max-snippet:-1, max-image-preview:large, max-video-preview:-1\" \/>\n<link rel=\"canonical\" href=\"https:\/\/president-ksgov.net\/sr\/u-intervjuu-za-blick-govori-top-politiarka-kosova-o-izmeni-vlasti-stanju-sa-korona-virusom-i-konstantnom-sukobu-sa-srbijom\/\" \/>\n<meta property=\"og:locale\" content=\"sr_RS\" \/>\n<meta property=\"og:type\" content=\"article\" \/>\n<meta property=\"og:title\" content=\"U intervjuu za BLICK govori top politi&amp;ccaron;arka Kosova o izmeni vlasti, stanju sa Korona virusom i konstantnom sukobu sa Srbijom. - Predsednik Republike Kosovo - DR. VJOSA OSMANI - SADRIU\" \/>\n<meta property=\"og:description\" content=\"U intervjuu za BLICK govori top politi&amp;ccaron;arka Kosova o izmeni vlasti, stanju sa Korona virusom i konstantnom sukobu sa Srbijom. - Predsednik Republike Kosovo - DR. VJOSA OSMANI - SADRIU -\" \/>\n<meta property=\"og:url\" content=\"https:\/\/president-ksgov.net\/sr\/u-intervjuu-za-blick-govori-top-politiarka-kosova-o-izmeni-vlasti-stanju-sa-korona-virusom-i-konstantnom-sukobu-sa-srbijom\/\" \/>\n<meta property=\"og:site_name\" content=\"Predsednik Republike Kosovo - DR. VJOSA OSMANI - SADRIU\" \/>\n<meta property=\"article:published_time\" content=\"2021-03-05T16:41:15+00:00\" \/>\n<meta property=\"og:image\" content=\"https:\/\/president-ksgov.net\/wp-content\/uploads\/05_03_2021_2786589_U_d__Presidentja_e_Kosoves.jpg\" \/>\n\t<meta property=\"og:image:width\" content=\"1920\" \/>\n\t<meta property=\"og:image:height\" content=\"1080\" \/>\n\t<meta property=\"og:image:type\" content=\"image\/jpeg\" \/>\n<meta name=\"author\" content=\"admin\" \/>\n<meta name=\"twitter:card\" content=\"summary_large_image\" \/>\n<meta name=\"twitter:label1\" content=\"\u041d\u0430\u043f\u0438\u0441\u0430\u043d\u043e \u043e\u0434\" \/>\n\t<meta name=\"twitter:data1\" content=\"admin\" \/>\n\t<meta name=\"twitter:label2\" content=\"\u041f\u0440\u043e\u0446\u0435\u045a\u0435\u043d\u043e \u0432\u0440\u0435\u043c\u0435 \u0447\u0438\u0442\u0430\u045a\u0430\" \/>\n\t<meta name=\"twitter:data2\" content=\"4 \u043c\u0438\u043d\u0443\u0442\u0430\" \/>\n<script type=\"application\/ld+json\" class=\"yoast-schema-graph\">{\"@context\":\"https:\/\/schema.org\",\"@graph\":[{\"@type\":\"WebPage\",\"@id\":\"https:\/\/president-ksgov.net\/sr\/u-intervjuu-za-blick-govori-top-politiarka-kosova-o-izmeni-vlasti-stanju-sa-korona-virusom-i-konstantnom-sukobu-sa-srbijom\/\",\"url\":\"https:\/\/president-ksgov.net\/sr\/u-intervjuu-za-blick-govori-top-politiarka-kosova-o-izmeni-vlasti-stanju-sa-korona-virusom-i-konstantnom-sukobu-sa-srbijom\/\",\"name\":\"U intervjuu za BLICK govori top politi&ccaron;arka Kosova o izmeni vlasti, stanju sa Korona virusom i konstantnom sukobu sa Srbijom. - Predsednik Republike Kosovo - DR. VJOSA OSMANI - SADRIU\",\"isPartOf\":{\"@id\":\"https:\/\/president-ksgov.net\/#website\"},\"primaryImageOfPage\":{\"@id\":\"https:\/\/president-ksgov.net\/sr\/u-intervjuu-za-blick-govori-top-politiarka-kosova-o-izmeni-vlasti-stanju-sa-korona-virusom-i-konstantnom-sukobu-sa-srbijom\/#primaryimage\"},\"image\":{\"@id\":\"https:\/\/president-ksgov.net\/sr\/u-intervjuu-za-blick-govori-top-politiarka-kosova-o-izmeni-vlasti-stanju-sa-korona-virusom-i-konstantnom-sukobu-sa-srbijom\/#primaryimage\"},\"thumbnailUrl\":\"https:\/\/president-ksgov.net\/wp-content\/uploads\/05_03_2021_2786589_U_d__Presidentja_e_Kosoves.jpg\",\"datePublished\":\"2021-03-05T16:41:15+00:00\",\"dateModified\":\"2021-03-05T16:41:15+00:00\",\"author\":{\"@id\":\"https:\/\/president-ksgov.net\/#\/schema\/person\/bb4337a5fb147cb2046d80548172cbee\"},\"description\":\"U intervjuu za BLICK govori top politi&ccaron;arka Kosova o izmeni vlasti, stanju sa Korona virusom i konstantnom sukobu sa Srbijom. - Predsednik Republike Kosovo - DR. VJOSA OSMANI - SADRIU -\",\"breadcrumb\":{\"@id\":\"https:\/\/president-ksgov.net\/sr\/u-intervjuu-za-blick-govori-top-politiarka-kosova-o-izmeni-vlasti-stanju-sa-korona-virusom-i-konstantnom-sukobu-sa-srbijom\/#breadcrumb\"},\"inLanguage\":\"sr-RS\",\"potentialAction\":[{\"@type\":\"ReadAction\",\"target\":[\"https:\/\/president-ksgov.net\/sr\/u-intervjuu-za-blick-govori-top-politiarka-kosova-o-izmeni-vlasti-stanju-sa-korona-virusom-i-konstantnom-sukobu-sa-srbijom\/\"]}]},{\"@type\":\"ImageObject\",\"inLanguage\":\"sr-RS\",\"@id\":\"https:\/\/president-ksgov.net\/sr\/u-intervjuu-za-blick-govori-top-politiarka-kosova-o-izmeni-vlasti-stanju-sa-korona-virusom-i-konstantnom-sukobu-sa-srbijom\/#primaryimage\",\"url\":\"https:\/\/president-ksgov.net\/wp-content\/uploads\/05_03_2021_2786589_U_d__Presidentja_e_Kosoves.jpg\",\"contentUrl\":\"https:\/\/president-ksgov.net\/wp-content\/uploads\/05_03_2021_2786589_U_d__Presidentja_e_Kosoves.jpg\",\"width\":1920,\"height\":1080},{\"@type\":\"BreadcrumbList\",\"@id\":\"https:\/\/president-ksgov.net\/sr\/u-intervjuu-za-blick-govori-top-politiarka-kosova-o-izmeni-vlasti-stanju-sa-korona-virusom-i-konstantnom-sukobu-sa-srbijom\/#breadcrumb\",\"itemListElement\":[{\"@type\":\"ListItem\",\"position\":1,\"name\":\"Home\",\"item\":\"https:\/\/president-ksgov.net\/sr\/\"},{\"@type\":\"ListItem\",\"position\":2,\"name\":\"U intervjuu za BLICK govori top politi&ccaron;arka Kosova o izmeni vlasti, stanju sa Korona virusom i konstantnom sukobu sa Srbijom.\"}]},{\"@type\":\"WebSite\",\"@id\":\"https:\/\/president-ksgov.net\/#website\",\"url\":\"https:\/\/president-ksgov.net\/\",\"name\":\"Presidente e Republik\u00ebs s\u00eb Kosov\u00ebs\",\"description\":\"Presidente e Republik\u00ebs s\u00eb Kosov\u00ebs\",\"alternateName\":\"DR. VJOSA OSMANI - SADRIU\",\"potentialAction\":[{\"@type\":\"SearchAction\",\"target\":{\"@type\":\"EntryPoint\",\"urlTemplate\":\"https:\/\/president-ksgov.net\/?s={search_term_string}\"},\"query-input\":{\"@type\":\"PropertyValueSpecification\",\"valueRequired\":true,\"valueName\":\"search_term_string\"}}],\"inLanguage\":\"sr-RS\"},{\"@type\":\"Person\",\"@id\":\"https:\/\/president-ksgov.net\/#\/schema\/person\/bb4337a5fb147cb2046d80548172cbee\",\"name\":\"admin\",\"image\":{\"@type\":\"ImageObject\",\"inLanguage\":\"sr-RS\",\"@id\":\"https:\/\/president-ksgov.net\/#\/schema\/person\/image\/\",\"url\":\"https:\/\/secure.gravatar.com\/avatar\/36156ca0fa3b8d9d25174f146e16beea0cf28f37adf1b9e19b6c9c279a7c9dd3?s=96&d=mm&r=g\",\"contentUrl\":\"https:\/\/secure.gravatar.com\/avatar\/36156ca0fa3b8d9d25174f146e16beea0cf28f37adf1b9e19b6c9c279a7c9dd3?s=96&d=mm&r=g\",\"caption\":\"admin\"},\"sameAs\":[\"https:\/\/president-ksgov.net\"]}]}<\/script>\n<!-- \/ Yoast SEO plugin. -->","yoast_head_json":{"title":"U intervjuu za BLICK govori top politi&ccaron;arka Kosova o izmeni vlasti, stanju sa Korona virusom i konstantnom sukobu sa Srbijom. - Predsednik Republike Kosovo - DR. VJOSA OSMANI - SADRIU","description":"U intervjuu za BLICK govori top politi&ccaron;arka Kosova o izmeni vlasti, stanju sa Korona virusom i konstantnom sukobu sa Srbijom. - Predsednik Republike Kosovo - DR. VJOSA OSMANI - SADRIU -","robots":{"index":"index","follow":"follow","max-snippet":"max-snippet:-1","max-image-preview":"max-image-preview:large","max-video-preview":"max-video-preview:-1"},"canonical":"https:\/\/president-ksgov.net\/sr\/u-intervjuu-za-blick-govori-top-politiarka-kosova-o-izmeni-vlasti-stanju-sa-korona-virusom-i-konstantnom-sukobu-sa-srbijom\/","og_locale":"sr_RS","og_type":"article","og_title":"U intervjuu za BLICK govori top politi&ccaron;arka Kosova o izmeni vlasti, stanju sa Korona virusom i konstantnom sukobu sa Srbijom. - Predsednik Republike Kosovo - DR. VJOSA OSMANI - SADRIU","og_description":"U intervjuu za BLICK govori top politi&ccaron;arka Kosova o izmeni vlasti, stanju sa Korona virusom i konstantnom sukobu sa Srbijom. - Predsednik Republike Kosovo - DR. VJOSA OSMANI - SADRIU -","og_url":"https:\/\/president-ksgov.net\/sr\/u-intervjuu-za-blick-govori-top-politiarka-kosova-o-izmeni-vlasti-stanju-sa-korona-virusom-i-konstantnom-sukobu-sa-srbijom\/","og_site_name":"Predsednik Republike Kosovo - DR. VJOSA OSMANI - SADRIU","article_published_time":"2021-03-05T16:41:15+00:00","og_image":[{"width":1920,"height":1080,"url":"https:\/\/president-ksgov.net\/wp-content\/uploads\/05_03_2021_2786589_U_d__Presidentja_e_Kosoves.jpg","type":"image\/jpeg"}],"author":"admin","twitter_card":"summary_large_image","twitter_misc":{"\u041d\u0430\u043f\u0438\u0441\u0430\u043d\u043e \u043e\u0434":"admin","\u041f\u0440\u043e\u0446\u0435\u045a\u0435\u043d\u043e \u0432\u0440\u0435\u043c\u0435 \u0447\u0438\u0442\u0430\u045a\u0430":"4 \u043c\u0438\u043d\u0443\u0442\u0430"},"schema":{"@context":"https:\/\/schema.org","@graph":[{"@type":"WebPage","@id":"https:\/\/president-ksgov.net\/sr\/u-intervjuu-za-blick-govori-top-politiarka-kosova-o-izmeni-vlasti-stanju-sa-korona-virusom-i-konstantnom-sukobu-sa-srbijom\/","url":"https:\/\/president-ksgov.net\/sr\/u-intervjuu-za-blick-govori-top-politiarka-kosova-o-izmeni-vlasti-stanju-sa-korona-virusom-i-konstantnom-sukobu-sa-srbijom\/","name":"U intervjuu za BLICK govori top politi&ccaron;arka Kosova o izmeni vlasti, stanju sa Korona virusom i konstantnom sukobu sa Srbijom. - Predsednik Republike Kosovo - DR. VJOSA OSMANI - SADRIU","isPartOf":{"@id":"https:\/\/president-ksgov.net\/#website"},"primaryImageOfPage":{"@id":"https:\/\/president-ksgov.net\/sr\/u-intervjuu-za-blick-govori-top-politiarka-kosova-o-izmeni-vlasti-stanju-sa-korona-virusom-i-konstantnom-sukobu-sa-srbijom\/#primaryimage"},"image":{"@id":"https:\/\/president-ksgov.net\/sr\/u-intervjuu-za-blick-govori-top-politiarka-kosova-o-izmeni-vlasti-stanju-sa-korona-virusom-i-konstantnom-sukobu-sa-srbijom\/#primaryimage"},"thumbnailUrl":"https:\/\/president-ksgov.net\/wp-content\/uploads\/05_03_2021_2786589_U_d__Presidentja_e_Kosoves.jpg","datePublished":"2021-03-05T16:41:15+00:00","dateModified":"2021-03-05T16:41:15+00:00","author":{"@id":"https:\/\/president-ksgov.net\/#\/schema\/person\/bb4337a5fb147cb2046d80548172cbee"},"description":"U intervjuu za BLICK govori top politi&ccaron;arka Kosova o izmeni vlasti, stanju sa Korona virusom i konstantnom sukobu sa Srbijom. - Predsednik Republike Kosovo - DR. VJOSA OSMANI - SADRIU -","breadcrumb":{"@id":"https:\/\/president-ksgov.net\/sr\/u-intervjuu-za-blick-govori-top-politiarka-kosova-o-izmeni-vlasti-stanju-sa-korona-virusom-i-konstantnom-sukobu-sa-srbijom\/#breadcrumb"},"inLanguage":"sr-RS","potentialAction":[{"@type":"ReadAction","target":["https:\/\/president-ksgov.net\/sr\/u-intervjuu-za-blick-govori-top-politiarka-kosova-o-izmeni-vlasti-stanju-sa-korona-virusom-i-konstantnom-sukobu-sa-srbijom\/"]}]},{"@type":"ImageObject","inLanguage":"sr-RS","@id":"https:\/\/president-ksgov.net\/sr\/u-intervjuu-za-blick-govori-top-politiarka-kosova-o-izmeni-vlasti-stanju-sa-korona-virusom-i-konstantnom-sukobu-sa-srbijom\/#primaryimage","url":"https:\/\/president-ksgov.net\/wp-content\/uploads\/05_03_2021_2786589_U_d__Presidentja_e_Kosoves.jpg","contentUrl":"https:\/\/president-ksgov.net\/wp-content\/uploads\/05_03_2021_2786589_U_d__Presidentja_e_Kosoves.jpg","width":1920,"height":1080},{"@type":"BreadcrumbList","@id":"https:\/\/president-ksgov.net\/sr\/u-intervjuu-za-blick-govori-top-politiarka-kosova-o-izmeni-vlasti-stanju-sa-korona-virusom-i-konstantnom-sukobu-sa-srbijom\/#breadcrumb","itemListElement":[{"@type":"ListItem","position":1,"name":"Home","item":"https:\/\/president-ksgov.net\/sr\/"},{"@type":"ListItem","position":2,"name":"U intervjuu za BLICK govori top politi&ccaron;arka Kosova o izmeni vlasti, stanju sa Korona virusom i konstantnom sukobu sa Srbijom."}]},{"@type":"WebSite","@id":"https:\/\/president-ksgov.net\/#website","url":"https:\/\/president-ksgov.net\/","name":"Presidente e Republik\u00ebs s\u00eb Kosov\u00ebs","description":"Presidente e Republik\u00ebs s\u00eb Kosov\u00ebs","alternateName":"DR. VJOSA OSMANI - SADRIU","potentialAction":[{"@type":"SearchAction","target":{"@type":"EntryPoint","urlTemplate":"https:\/\/president-ksgov.net\/?s={search_term_string}"},"query-input":{"@type":"PropertyValueSpecification","valueRequired":true,"valueName":"search_term_string"}}],"inLanguage":"sr-RS"},{"@type":"Person","@id":"https:\/\/president-ksgov.net\/#\/schema\/person\/bb4337a5fb147cb2046d80548172cbee","name":"admin","image":{"@type":"ImageObject","inLanguage":"sr-RS","@id":"https:\/\/president-ksgov.net\/#\/schema\/person\/image\/","url":"https:\/\/secure.gravatar.com\/avatar\/36156ca0fa3b8d9d25174f146e16beea0cf28f37adf1b9e19b6c9c279a7c9dd3?s=96&d=mm&r=g","contentUrl":"https:\/\/secure.gravatar.com\/avatar\/36156ca0fa3b8d9d25174f146e16beea0cf28f37adf1b9e19b6c9c279a7c9dd3?s=96&d=mm&r=g","caption":"admin"},"sameAs":["https:\/\/president-ksgov.net"]}]}},"_links":{"self":[{"href":"https:\/\/president-ksgov.net\/sr\/wp-json\/wp\/v2\/posts\/75205","targetHints":{"allow":["GET"]}}],"collection":[{"href":"https:\/\/president-ksgov.net\/sr\/wp-json\/wp\/v2\/posts"}],"about":[{"href":"https:\/\/president-ksgov.net\/sr\/wp-json\/wp\/v2\/types\/post"}],"author":[{"embeddable":true,"href":"https:\/\/president-ksgov.net\/sr\/wp-json\/wp\/v2\/users\/1"}],"replies":[{"embeddable":true,"href":"https:\/\/president-ksgov.net\/sr\/wp-json\/wp\/v2\/comments?post=75205"}],"version-history":[{"count":0,"href":"https:\/\/president-ksgov.net\/sr\/wp-json\/wp\/v2\/posts\/75205\/revisions"}],"wp:featuredmedia":[{"embeddable":true,"href":"https:\/\/president-ksgov.net\/sr\/wp-json\/wp\/v2\/media\/22058"}],"wp:attachment":[{"href":"https:\/\/president-ksgov.net\/sr\/wp-json\/wp\/v2\/media?parent=75205"}],"wp:term":[{"taxonomy":"category","embeddable":true,"href":"https:\/\/president-ksgov.net\/sr\/wp-json\/wp\/v2\/categories?post=75205"},{"taxonomy":"post_tag","embeddable":true,"href":"https:\/\/president-ksgov.net\/sr\/wp-json\/wp\/v2\/tags?post=75205"}],"curies":[{"name":"wp","href":"https:\/\/api.w.org\/{rel}","templated":true}]}}