{"id":75194,"date":"2021-03-16T10:05:29","date_gmt":"2021-03-16T10:05:29","guid":{"rendered":"https:\/\/dev.president-ksgov.net\/intervju-v-d-predsednice-kosova-dr-vjose-osmani-za-blog-faces-of-democracy-org\/"},"modified":"2021-03-16T10:05:29","modified_gmt":"2021-03-16T10:05:29","slug":"intervju-v-d-predsednice-kosova-dr-vjose-osmani-za-blog-faces-of-democracy-org","status":"publish","type":"post","link":"https:\/\/president-ksgov.net\/sr\/intervju-v-d-predsednice-kosova-dr-vjose-osmani-za-blog-faces-of-democracy-org\/","title":{"rendered":"Intervju v.d. predsednice Kosova dr Vjose Osmani za blog faces-of-democracy.org"},"content":{"rendered":"<p>\u201cCILJ NAM JE DA REPUBLIKU KOSOVO VIDIMO KAO &Zcaron;IVAHNU DEMOKRATIJU\u201d<\/p>\n<p>Vjosa Osmani-Sadriu je predsednica Parlamenta Republike Kosovo. Ona je vr\u0161ilac du&#382;nosti predsednice od ostavke Hashima Tha\u00e7ija. U tom svojstvu, 38-godi\u0161njakinja rukovodi suo&ccaron;avanjem u izazovna vremena, kada Kosovo &#382;eli da normalizuje odnose sa Srbijom, koja jo\u0161 uvek ne priznaje nezavisnost svoje biv\u0161e pokrajine. Sven Lilienstr\u00f6m osniva&ccaron; Lica demokratije (Faces of democracy) razgovarao je sa predsednicom Vjosom Osmani \u2013 Sadriu o demokratiji, pandemiji virusa Korona i dijalogu Beograd-Pri\u0161tina.<\/p>\n<p>G&Dstrok;O PREDSEDNICE, KOSOVO JE PARLAMENTARNA DEMOKRATIJA SA PODELOM VLASTI JO\u0160 OD 2008. GODINE. S TOGA JE NA\u0160E PRVO PITANJE: KOLIKO SU ZA VAS LI&Ccaron;NO BITNE DEMOKRATIJA I DEMOKRATSKE VREDNOSTI?<br \/>\nVjosa Osmani- Sadriu: Demokratija je sloboda i sloboda je demokratija. Uvek sam &#382;ivela na osnovu ove izjave \u2013 nad njom sam izgradila svoju politi&ccaron;ku karijeru.<\/p>\n<p>Istorija Kosova videla je najmra&ccaron;niju stranu &ccaron;ove&ccaron;anstva onda kada su se demokratija i slobode povukle!<\/p>\n<p>Istorija Kosova je videla najmra&ccaron;niju stranu &ccaron;ove&ccaron;anstva onda kada su se demokratija i slobode povukle! To je razlog za\u0161to mi kao gra&dstrok;ani Kosova toliko duboko cenimo demokratske vrednosti i za\u0161to se ja i dalje borim gde god da su one izazvane.<\/p>\n<p>REZULTATI NA IZBORIMA U SAD-u TRADICIONALNO IMAJU VELIKOG UTICAJA NA KOSOVU. \u0160TA ZA KOSOVO ZNA&Ccaron;I IZBOR D&Zcaron;OA BAJDENA (JOE BIDEN) I KAMALE HARIS (KAMALA HARRIS)? \u0160TA O&Ccaron;EKUJETE OD NOVE ADMINISTRACIJE SAD-a?<br \/>\nVjosa Osmani \u2013 Sadiru: Na\u0161a Republika je mlada i uvek je bila izuzetno privilegovana \u0161to ima podr\u0161ku obeju partija Sjedinjenih Dr&#382;ava. Ali, nije za &ccaron;u&dstrok;enje \u0161to su ljudi bili zadovoljni kada su videli predsednika Bajdena u Beloj ku&cacute;i, sa zamenicom predsednika Haris.\u00a0\u00a0<\/p>\n<p>Predsednik Bajden je bio na\u0161 glas kada ga nismo imali tokom 1990. godina.<\/p>\n<p>Predsednik Bajden je bio na\u0161 glas kada ga nismo imali tokom 1990. godine i bio je sna&#382;an podr&#382;avalac nezavisnosti i na\u0161ih poslednjih napora da oja&ccaron;amo na\u0161u dr&#382;avu. Tako i ja verujem da &cacute;e on na&cacute;i vremena da se bavi pitanjima sa kojima se Kosovo danas suo&ccaron;ava.<\/p>\n<p>SPECIJALNI IZASLANIK EU ZA DIJALOG BEOGRAD \u2013 PRI\u0160TINA MIROSLAV LAJ&Ccaron;AK JE LICE I PARTNER NA\u0160E INICIJATIVE LICA MIRA IZ 2010. GODINE I KADA SMO KOD TEME DIJALOGA, KADA I KAKO &Cacute;E BITI NASTAVLJENI RAZGOVORI SA SRBIJOM?<br \/>\n\u00a0Vjosa Osmani \u2013 Sadriu: Dugo vremena, svakodnevni, akutni problemi gra&dstrok;ana Kosova su ostavljeni po strani, a raniji lideri Kosova su se krili iza teme dijaloga kako bi pokrili njihove neuspehe u zemlji. Ne treba da dozvolimo da se to i dalje de\u0161ava.<\/p>\n<p>Na\u0161im gra&dstrok;anima je potrebna pravda i posao, i na\u0161a du&#382;nost je da ih stvorimo!<\/p>\n<p>Na\u0161im gra&dstrok;anima je potrebna pravda i posao, i na\u0161a du&#382;nost je da ih stvorimo. Dijalog sa Srbijom, naravno da &cacute;e tako&dstrok;e biti u fokusu i da &cacute;emo obezbediti da na\u0161a zemlja nastavi da pokazuje spremnost da se konstruktivno anga&#382;uje u ovom bitnom procesu. Proces se mora zavr\u0161iti recipro&ccaron;nim priznanjem i po\u0161tovanjem teritorijalnog integriteta Kosova i njegovog ustavnog poretka.<\/p>\n<p>KOSOVSKA ALBANKA VASFIJE KRASNI&Cacute;I GUDMAN (VASFIJE KRASNIQI GOODMAN) JE REKLA DA SE &Zcaron;RTVE RATA NA KOSOVU JO\u0160 UVEK NADAJU PRAVDI \u2013 ALI DA IH JE \u201eHAG\u201c IZNEVERIO. DA LI JE ME&Dstrok;UNARODNA PRAVDA SAMO PAS KOJI NE UJEDA?<br \/>\nVjosa Osmani \u2013 Sadiru: Ja se u potpunosti sla&#382;em sa Vasfijom. Sistem pravde u i van zemlje zabele&#382;io je neuspeh sa pre&#382;ivelima seksualnog nasilja tokom rata na Kosovu, uspostavljanje pravde za na\u0161e &#382;rtve rata je preduslov odr&#382;ivog mira i pomirenja.<\/p>\n<p>Vreme je da srpsko rukovodstvo prestane da negira zlo&ccaron;ine izvr\u0161ene na Kosovu i svuda u Jugoslaviji.<\/p>\n<p>Verujem da je odgovornost na pragu Srbije. Dok se srpska vlada ne suo&ccaron;i sa svojom pro\u0161lo\u0161&cacute;u i realno\u0161&cacute;u, mi ne mo&#382;emo dobiti pravdu preko nekog sistema. Vreme je da rukovodstvo u Srbiji odustane od \u201eMilo\u0161evi&cacute;evog mentaliteta\u201c i da prekine da negira zlo&ccaron;ine koji su izvr\u0161eni na Kosovu i svuda u Jugoslaviji.<\/p>\n<p>OD PO&Ccaron;ETKA 2020. GODINE SVET JE U GR&Ccaron;U ZBOG PANDEMIJE VIRUSA KORONA. KAKVO JE SADA\u0160NJE STANJE U KOSOVSKIM BOLNICAMA? DA LI IMA DOVOLJNO ZA\u0160TITNE OPREME I KAKO JE ZAPO&Ccaron;ET PROGRAM VAKCINISANJA?<br \/>\nVjosa Osmani \u2013 Sadiru: Pandemija je imala razaraju&cacute;i uticaj na zdravlje i ekonomiju u &ccaron;itavom svetu i na&#382;alost na Kosovu nije druga&ccaron;ije. Bez potrebnog i funkcionalnog zdravstvenog sistema, naravno da je to bio dosta izazovan perioda \u2013 ali to je samo jo\u0161 vi\u0161e oja&ccaron;alo odlu&ccaron;nost da treba da ula&#382;emo u na\u0161 zdravstveni sistem kako bismo obezbedili neophodnu mre&#382;u sigurnosti na\u0161im gra&dstrok;anima.<\/p>\n<p>SA NESTRPLJENJEM IS&Ccaron;EKUJEM OBEZBE&Dstrok;IVANJE ZAPO&Ccaron;INJANJA PROGRAMA VAKCINACIJE U ZEMLJI, \u0160TO JE PRE TO MOGU&Cacute;E FIZI&Ccaron;KI!<\/p>\n<p>S puno volje is&ccaron;ekujem da radim sa me&dstrok;unarodnim institucijama i na\u0161im saveznicima kako bismo obezbedili zapo&ccaron;injanje programa vakcinisanja u zemlji \u0161to je pre to mogu&cacute;e fizi&ccaron;ki!<\/p>\n<p>G&Dstrok;O PREDSEDNICE, NA\u0160E SEDMO PITANJE JE U VEZI SA VIZIJOM O BUDU&Cacute;NOSTI I &Zcaron;ELELI BISMO DA VAS PITAMO GDE VIDITE VA\u0160U ZEMLJU 2030. GODINE, GDE VIDITE SEBE?<br \/>\nVjosa Osmani- Sadriu: Glavni cilj je da vidimo Republiku Kosovo kao u potpunosti funkcionalnu dr&#382;avu, bez korupcije i kao &#382;ivahnu demokratiju. Kao zemlju u kojoj vladavina zakona ima pravi smisao i gde sve institucije rade u korist gra&dstrok;ana, koje posti&#382;u najvi\u0161i nivo institucionalnog integriteta. I zasigurno, kao zemlju koja je priznata svuda u svetu.<\/p>\n<p>Glavni cilj je da vidimo Republiku Kosovo kao u potpunosti funkcionalnu dr&#382;avu, bez korupcije i kao &#382;ivahnu demokratiju.<\/p>\n<p>\u0160ta vi\u0161e, treba da obezbedimo perspektive na\u0161im ljudima kako bi oni mogli da vide budu&cacute;nost i uspeh u njihovoj zemlji. A \u0161to se mene ti&ccaron;e, ja &cacute;u uraditi sve \u0161to je u mojoj mo&cacute;i da obezbedim da postignemo ovo!<\/p>\n<p>G&Dstrok;O PREDSEDNICE, HVALA VAM PUNO NA DATOM INTERVJUU!\u00a0<\/p>\n","protected":false},"excerpt":{"rendered":"<p>\u201cCILJ NAM JE DA REPUBLIKU KOSOVO VIDIMO KAO &Zcaron;IVAHNU DEMOKRATIJU\u201d<\/p>\n","protected":false},"author":1,"featured_media":21915,"comment_status":"open","ping_status":"closed","sticky":false,"template":"","format":"standard","meta":{"_eb_attr":"","footnotes":""},"categories":[104],"tags":[],"class_list":["post-75194","post","type-post","status-publish","format-standard","has-post-thumbnail","hentry","category-intervjui"],"yoast_head":"<!-- This site is optimized with the Yoast SEO plugin v23.5 - https:\/\/yoast.com\/wordpress\/plugins\/seo\/ -->\n<title>Intervju v.d. predsednice Kosova dr Vjose Osmani za blog faces-of-democracy.org - Predsednik Republike Kosovo - DR. VJOSA OSMANI - SADRIU<\/title>\n<meta name=\"description\" content=\"Intervju v.d. predsednice Kosova dr Vjose Osmani za blog faces-of-democracy.org - Predsednik Republike Kosovo - DR. VJOSA OSMANI - SADRIU -\" \/>\n<meta name=\"robots\" content=\"index, follow, max-snippet:-1, max-image-preview:large, max-video-preview:-1\" \/>\n<link rel=\"canonical\" href=\"https:\/\/president-ksgov.net\/sr\/intervju-v-d-predsednice-kosova-dr-vjose-osmani-za-blog-faces-of-democracy-org\/\" \/>\n<meta property=\"og:locale\" content=\"sr_RS\" \/>\n<meta property=\"og:type\" content=\"article\" \/>\n<meta property=\"og:title\" content=\"Intervju v.d. predsednice Kosova dr Vjose Osmani za blog faces-of-democracy.org - Predsednik Republike Kosovo - DR. VJOSA OSMANI - SADRIU\" \/>\n<meta property=\"og:description\" content=\"Intervju v.d. predsednice Kosova dr Vjose Osmani za blog faces-of-democracy.org - Predsednik Republike Kosovo - DR. VJOSA OSMANI - SADRIU -\" \/>\n<meta property=\"og:url\" content=\"https:\/\/president-ksgov.net\/sr\/intervju-v-d-predsednice-kosova-dr-vjose-osmani-za-blog-faces-of-democracy-org\/\" \/>\n<meta property=\"og:site_name\" content=\"Predsednik Republike Kosovo - DR. VJOSA OSMANI - SADRIU\" \/>\n<meta property=\"article:published_time\" content=\"2021-03-16T10:05:29+00:00\" \/>\n<meta property=\"og:image\" content=\"https:\/\/president-ksgov.net\/wp-content\/uploads\/16_03_2021_868088_U_d__Presidentja_e_Kosoves.jpg\" \/>\n\t<meta property=\"og:image:width\" content=\"1920\" \/>\n\t<meta property=\"og:image:height\" content=\"1080\" \/>\n\t<meta property=\"og:image:type\" content=\"image\/jpeg\" \/>\n<meta name=\"author\" content=\"admin\" \/>\n<meta name=\"twitter:card\" content=\"summary_large_image\" \/>\n<meta name=\"twitter:label1\" content=\"\u041d\u0430\u043f\u0438\u0441\u0430\u043d\u043e \u043e\u0434\" \/>\n\t<meta name=\"twitter:data1\" content=\"admin\" \/>\n\t<meta name=\"twitter:label2\" content=\"\u041f\u0440\u043e\u0446\u0435\u045a\u0435\u043d\u043e \u0432\u0440\u0435\u043c\u0435 \u0447\u0438\u0442\u0430\u045a\u0430\" \/>\n\t<meta name=\"twitter:data2\" content=\"5 \u043c\u0438\u043d\u0443\u0442\u0430\" \/>\n<script type=\"application\/ld+json\" class=\"yoast-schema-graph\">{\"@context\":\"https:\/\/schema.org\",\"@graph\":[{\"@type\":\"WebPage\",\"@id\":\"https:\/\/president-ksgov.net\/sr\/intervju-v-d-predsednice-kosova-dr-vjose-osmani-za-blog-faces-of-democracy-org\/\",\"url\":\"https:\/\/president-ksgov.net\/sr\/intervju-v-d-predsednice-kosova-dr-vjose-osmani-za-blog-faces-of-democracy-org\/\",\"name\":\"Intervju v.d. predsednice Kosova dr Vjose Osmani za blog faces-of-democracy.org - Predsednik Republike Kosovo - DR. VJOSA OSMANI - SADRIU\",\"isPartOf\":{\"@id\":\"https:\/\/president-ksgov.net\/#website\"},\"primaryImageOfPage\":{\"@id\":\"https:\/\/president-ksgov.net\/sr\/intervju-v-d-predsednice-kosova-dr-vjose-osmani-za-blog-faces-of-democracy-org\/#primaryimage\"},\"image\":{\"@id\":\"https:\/\/president-ksgov.net\/sr\/intervju-v-d-predsednice-kosova-dr-vjose-osmani-za-blog-faces-of-democracy-org\/#primaryimage\"},\"thumbnailUrl\":\"https:\/\/president-ksgov.net\/wp-content\/uploads\/16_03_2021_868088_U_d__Presidentja_e_Kosoves.jpg\",\"datePublished\":\"2021-03-16T10:05:29+00:00\",\"dateModified\":\"2021-03-16T10:05:29+00:00\",\"author\":{\"@id\":\"https:\/\/president-ksgov.net\/#\/schema\/person\/bb4337a5fb147cb2046d80548172cbee\"},\"description\":\"Intervju v.d. predsednice Kosova dr Vjose Osmani za blog faces-of-democracy.org - Predsednik Republike Kosovo - DR. VJOSA OSMANI - SADRIU -\",\"breadcrumb\":{\"@id\":\"https:\/\/president-ksgov.net\/sr\/intervju-v-d-predsednice-kosova-dr-vjose-osmani-za-blog-faces-of-democracy-org\/#breadcrumb\"},\"inLanguage\":\"sr-RS\",\"potentialAction\":[{\"@type\":\"ReadAction\",\"target\":[\"https:\/\/president-ksgov.net\/sr\/intervju-v-d-predsednice-kosova-dr-vjose-osmani-za-blog-faces-of-democracy-org\/\"]}]},{\"@type\":\"ImageObject\",\"inLanguage\":\"sr-RS\",\"@id\":\"https:\/\/president-ksgov.net\/sr\/intervju-v-d-predsednice-kosova-dr-vjose-osmani-za-blog-faces-of-democracy-org\/#primaryimage\",\"url\":\"https:\/\/president-ksgov.net\/wp-content\/uploads\/16_03_2021_868088_U_d__Presidentja_e_Kosoves.jpg\",\"contentUrl\":\"https:\/\/president-ksgov.net\/wp-content\/uploads\/16_03_2021_868088_U_d__Presidentja_e_Kosoves.jpg\",\"width\":1920,\"height\":1080},{\"@type\":\"BreadcrumbList\",\"@id\":\"https:\/\/president-ksgov.net\/sr\/intervju-v-d-predsednice-kosova-dr-vjose-osmani-za-blog-faces-of-democracy-org\/#breadcrumb\",\"itemListElement\":[{\"@type\":\"ListItem\",\"position\":1,\"name\":\"Home\",\"item\":\"https:\/\/president-ksgov.net\/sr\/\"},{\"@type\":\"ListItem\",\"position\":2,\"name\":\"Intervju v.d. predsednice Kosova dr Vjose Osmani za blog faces-of-democracy.org\"}]},{\"@type\":\"WebSite\",\"@id\":\"https:\/\/president-ksgov.net\/#website\",\"url\":\"https:\/\/president-ksgov.net\/\",\"name\":\"Presidente e Republik\u00ebs s\u00eb Kosov\u00ebs\",\"description\":\"Presidente e Republik\u00ebs s\u00eb Kosov\u00ebs\",\"alternateName\":\"DR. VJOSA OSMANI - SADRIU\",\"potentialAction\":[{\"@type\":\"SearchAction\",\"target\":{\"@type\":\"EntryPoint\",\"urlTemplate\":\"https:\/\/president-ksgov.net\/?s={search_term_string}\"},\"query-input\":{\"@type\":\"PropertyValueSpecification\",\"valueRequired\":true,\"valueName\":\"search_term_string\"}}],\"inLanguage\":\"sr-RS\"},{\"@type\":\"Person\",\"@id\":\"https:\/\/president-ksgov.net\/#\/schema\/person\/bb4337a5fb147cb2046d80548172cbee\",\"name\":\"admin\",\"image\":{\"@type\":\"ImageObject\",\"inLanguage\":\"sr-RS\",\"@id\":\"https:\/\/president-ksgov.net\/#\/schema\/person\/image\/\",\"url\":\"https:\/\/secure.gravatar.com\/avatar\/36156ca0fa3b8d9d25174f146e16beea0cf28f37adf1b9e19b6c9c279a7c9dd3?s=96&d=mm&r=g\",\"contentUrl\":\"https:\/\/secure.gravatar.com\/avatar\/36156ca0fa3b8d9d25174f146e16beea0cf28f37adf1b9e19b6c9c279a7c9dd3?s=96&d=mm&r=g\",\"caption\":\"admin\"},\"sameAs\":[\"https:\/\/president-ksgov.net\"]}]}<\/script>\n<!-- \/ Yoast SEO plugin. -->","yoast_head_json":{"title":"Intervju v.d. predsednice Kosova dr Vjose Osmani za blog faces-of-democracy.org - Predsednik Republike Kosovo - DR. VJOSA OSMANI - SADRIU","description":"Intervju v.d. predsednice Kosova dr Vjose Osmani za blog faces-of-democracy.org - Predsednik Republike Kosovo - DR. VJOSA OSMANI - SADRIU -","robots":{"index":"index","follow":"follow","max-snippet":"max-snippet:-1","max-image-preview":"max-image-preview:large","max-video-preview":"max-video-preview:-1"},"canonical":"https:\/\/president-ksgov.net\/sr\/intervju-v-d-predsednice-kosova-dr-vjose-osmani-za-blog-faces-of-democracy-org\/","og_locale":"sr_RS","og_type":"article","og_title":"Intervju v.d. predsednice Kosova dr Vjose Osmani za blog faces-of-democracy.org - Predsednik Republike Kosovo - DR. VJOSA OSMANI - SADRIU","og_description":"Intervju v.d. predsednice Kosova dr Vjose Osmani za blog faces-of-democracy.org - Predsednik Republike Kosovo - DR. VJOSA OSMANI - SADRIU -","og_url":"https:\/\/president-ksgov.net\/sr\/intervju-v-d-predsednice-kosova-dr-vjose-osmani-za-blog-faces-of-democracy-org\/","og_site_name":"Predsednik Republike Kosovo - DR. VJOSA OSMANI - SADRIU","article_published_time":"2021-03-16T10:05:29+00:00","og_image":[{"width":1920,"height":1080,"url":"https:\/\/president-ksgov.net\/wp-content\/uploads\/16_03_2021_868088_U_d__Presidentja_e_Kosoves.jpg","type":"image\/jpeg"}],"author":"admin","twitter_card":"summary_large_image","twitter_misc":{"\u041d\u0430\u043f\u0438\u0441\u0430\u043d\u043e \u043e\u0434":"admin","\u041f\u0440\u043e\u0446\u0435\u045a\u0435\u043d\u043e \u0432\u0440\u0435\u043c\u0435 \u0447\u0438\u0442\u0430\u045a\u0430":"5 \u043c\u0438\u043d\u0443\u0442\u0430"},"schema":{"@context":"https:\/\/schema.org","@graph":[{"@type":"WebPage","@id":"https:\/\/president-ksgov.net\/sr\/intervju-v-d-predsednice-kosova-dr-vjose-osmani-za-blog-faces-of-democracy-org\/","url":"https:\/\/president-ksgov.net\/sr\/intervju-v-d-predsednice-kosova-dr-vjose-osmani-za-blog-faces-of-democracy-org\/","name":"Intervju v.d. predsednice Kosova dr Vjose Osmani za blog faces-of-democracy.org - Predsednik Republike Kosovo - DR. VJOSA OSMANI - SADRIU","isPartOf":{"@id":"https:\/\/president-ksgov.net\/#website"},"primaryImageOfPage":{"@id":"https:\/\/president-ksgov.net\/sr\/intervju-v-d-predsednice-kosova-dr-vjose-osmani-za-blog-faces-of-democracy-org\/#primaryimage"},"image":{"@id":"https:\/\/president-ksgov.net\/sr\/intervju-v-d-predsednice-kosova-dr-vjose-osmani-za-blog-faces-of-democracy-org\/#primaryimage"},"thumbnailUrl":"https:\/\/president-ksgov.net\/wp-content\/uploads\/16_03_2021_868088_U_d__Presidentja_e_Kosoves.jpg","datePublished":"2021-03-16T10:05:29+00:00","dateModified":"2021-03-16T10:05:29+00:00","author":{"@id":"https:\/\/president-ksgov.net\/#\/schema\/person\/bb4337a5fb147cb2046d80548172cbee"},"description":"Intervju v.d. predsednice Kosova dr Vjose Osmani za blog faces-of-democracy.org - Predsednik Republike Kosovo - DR. VJOSA OSMANI - SADRIU -","breadcrumb":{"@id":"https:\/\/president-ksgov.net\/sr\/intervju-v-d-predsednice-kosova-dr-vjose-osmani-za-blog-faces-of-democracy-org\/#breadcrumb"},"inLanguage":"sr-RS","potentialAction":[{"@type":"ReadAction","target":["https:\/\/president-ksgov.net\/sr\/intervju-v-d-predsednice-kosova-dr-vjose-osmani-za-blog-faces-of-democracy-org\/"]}]},{"@type":"ImageObject","inLanguage":"sr-RS","@id":"https:\/\/president-ksgov.net\/sr\/intervju-v-d-predsednice-kosova-dr-vjose-osmani-za-blog-faces-of-democracy-org\/#primaryimage","url":"https:\/\/president-ksgov.net\/wp-content\/uploads\/16_03_2021_868088_U_d__Presidentja_e_Kosoves.jpg","contentUrl":"https:\/\/president-ksgov.net\/wp-content\/uploads\/16_03_2021_868088_U_d__Presidentja_e_Kosoves.jpg","width":1920,"height":1080},{"@type":"BreadcrumbList","@id":"https:\/\/president-ksgov.net\/sr\/intervju-v-d-predsednice-kosova-dr-vjose-osmani-za-blog-faces-of-democracy-org\/#breadcrumb","itemListElement":[{"@type":"ListItem","position":1,"name":"Home","item":"https:\/\/president-ksgov.net\/sr\/"},{"@type":"ListItem","position":2,"name":"Intervju v.d. predsednice Kosova dr Vjose Osmani za blog faces-of-democracy.org"}]},{"@type":"WebSite","@id":"https:\/\/president-ksgov.net\/#website","url":"https:\/\/president-ksgov.net\/","name":"Presidente e Republik\u00ebs s\u00eb Kosov\u00ebs","description":"Presidente e Republik\u00ebs s\u00eb Kosov\u00ebs","alternateName":"DR. VJOSA OSMANI - SADRIU","potentialAction":[{"@type":"SearchAction","target":{"@type":"EntryPoint","urlTemplate":"https:\/\/president-ksgov.net\/?s={search_term_string}"},"query-input":{"@type":"PropertyValueSpecification","valueRequired":true,"valueName":"search_term_string"}}],"inLanguage":"sr-RS"},{"@type":"Person","@id":"https:\/\/president-ksgov.net\/#\/schema\/person\/bb4337a5fb147cb2046d80548172cbee","name":"admin","image":{"@type":"ImageObject","inLanguage":"sr-RS","@id":"https:\/\/president-ksgov.net\/#\/schema\/person\/image\/","url":"https:\/\/secure.gravatar.com\/avatar\/36156ca0fa3b8d9d25174f146e16beea0cf28f37adf1b9e19b6c9c279a7c9dd3?s=96&d=mm&r=g","contentUrl":"https:\/\/secure.gravatar.com\/avatar\/36156ca0fa3b8d9d25174f146e16beea0cf28f37adf1b9e19b6c9c279a7c9dd3?s=96&d=mm&r=g","caption":"admin"},"sameAs":["https:\/\/president-ksgov.net"]}]}},"_links":{"self":[{"href":"https:\/\/president-ksgov.net\/sr\/wp-json\/wp\/v2\/posts\/75194","targetHints":{"allow":["GET"]}}],"collection":[{"href":"https:\/\/president-ksgov.net\/sr\/wp-json\/wp\/v2\/posts"}],"about":[{"href":"https:\/\/president-ksgov.net\/sr\/wp-json\/wp\/v2\/types\/post"}],"author":[{"embeddable":true,"href":"https:\/\/president-ksgov.net\/sr\/wp-json\/wp\/v2\/users\/1"}],"replies":[{"embeddable":true,"href":"https:\/\/president-ksgov.net\/sr\/wp-json\/wp\/v2\/comments?post=75194"}],"version-history":[{"count":0,"href":"https:\/\/president-ksgov.net\/sr\/wp-json\/wp\/v2\/posts\/75194\/revisions"}],"wp:featuredmedia":[{"embeddable":true,"href":"https:\/\/president-ksgov.net\/sr\/wp-json\/wp\/v2\/media\/21915"}],"wp:attachment":[{"href":"https:\/\/president-ksgov.net\/sr\/wp-json\/wp\/v2\/media?parent=75194"}],"wp:term":[{"taxonomy":"category","embeddable":true,"href":"https:\/\/president-ksgov.net\/sr\/wp-json\/wp\/v2\/categories?post=75194"},{"taxonomy":"post_tag","embeddable":true,"href":"https:\/\/president-ksgov.net\/sr\/wp-json\/wp\/v2\/tags?post=75194"}],"curies":[{"name":"wp","href":"https:\/\/api.w.org\/{rel}","templated":true}]}}