{"id":75182,"date":"2021-03-27T09:49:29","date_gmt":"2021-03-27T09:49:29","guid":{"rendered":"https:\/\/dev.president-ksgov.net\/v-d-predsednika-konjufca-rasim-thaci-je-decenijama-bio-neodvojivi-deo-nasih-porodica\/"},"modified":"2021-03-27T09:49:29","modified_gmt":"2021-03-27T09:49:29","slug":"v-d-predsednika-konjufca-rasim-thaci-je-decenijama-bio-neodvojivi-deo-nasih-porodica","status":"publish","type":"post","link":"https:\/\/president-ksgov.net\/sr\/v-d-predsednika-konjufca-rasim-thaci-je-decenijama-bio-neodvojivi-deo-nasih-porodica\/","title":{"rendered":"V.d predsednika Konjufca: Rasim Tha\u00e7i je decenijama bio neodvojivi deo na\u0161ih porodica"},"content":{"rendered":"<p>V.d predsednika Republike Kosovo, Glauk Konjufca, zajedno sa premijerom Albinom Kurtijem i ministrom za kulturu, omladinu i sport, Hajrulla \u00c7eku, odali su po&ccaron;ast i oprostili su se od istaknutog umetnika na\u0161eg naroda, umetnika narodnog humora Rasim Tha\u00e7i- Cima.<\/p>\n<p>V.d predsednika Konjufca je rekao da je Rasim Tha\u00e7i decenijama bio neodvojivi deo na\u0161ih porodica, \u201cnaro&ccaron;ito za nas koji smo ro&dstrok;eni tokom 80-tih godina, bilo je nemogu&cacute;e do&ccaron;ekati Novu godinu, a da Rasim Tha\u00e7i ne bude neizbe&#382;an gost\u201d, rekao je v.d predsednika.<\/p>\n<p>Prema njegovim re&ccaron;ima, Rasim Tha\u00e7i je imao humor koji je bio veoma poseban, koji nas je pratio i nasmejao i tokom tmurnog vremena okupacije.<\/p>\n<p>\u201cZbog toga, bi&cacute;e zauvek upam&cacute;en, po\u0161tovan i u se&cacute;anjima na\u0161eg naroda. Njegovo delo je nezaboravno, a mislim da i dana\u0161nji humor, koji je humor narodne prirode, i koga stvaraju dana\u0161nji mladi humoristi, ima veliki uticaj od humora sa kraja 80-tih godina humoristi&ccaron;ke grupe \u201ctreshi p\u00ebrsheshi\u201d, istakao je v.d predsednika.<\/p>\n<p>V.d predsednika Republike Kosovo, Glauk Konjufca, je rekao da po\u0161tuju&cacute;i njegovo delo, na taj na&ccaron;in mi pamtimo umetnike koji su u najte&#382;im vremenima pomogli na\u0161em narodu da pro&dstrok;e kroz ta te\u0161ka vremena, a tako&dstrok;e i okupaciju.<\/p>\n","protected":false},"excerpt":{"rendered":"<p>V.d predsednika Republike Kosovo, Glauk Konjufca, zajedno sa premijerom Albinom Kurtijem i ministrom za kulturu, omladinu i sport, Hajrulla \u00c7eku, odali su po&ccaron;ast i oprostili su se od istaknutog umetnika na\u0161eg naroda, umetnika narodnog humora Rasim Tha\u00e7i- Cima.<\/p>\n","protected":false},"author":1,"featured_media":21816,"comment_status":"open","ping_status":"closed","sticky":false,"template":"","format":"standard","meta":{"_eb_attr":"","footnotes":""},"categories":[101],"tags":[],"class_list":["post-75182","post","type-post","status-publish","format-standard","has-post-thumbnail","hentry","category-vesti"],"yoast_head":"<!-- This site is optimized with the Yoast SEO plugin v23.5 - https:\/\/yoast.com\/wordpress\/plugins\/seo\/ -->\n<title>V.d predsednika Konjufca: Rasim Tha\u00e7i je decenijama bio neodvojivi deo na\u0161ih porodica - Predsednik Republike Kosovo - DR. VJOSA OSMANI - SADRIU<\/title>\n<meta name=\"description\" content=\"V.d predsednika Konjufca: Rasim Tha\u00e7i je decenijama bio neodvojivi deo na\u0161ih porodica - Predsednik Republike Kosovo - DR. VJOSA OSMANI - SADRIU -\" \/>\n<meta name=\"robots\" content=\"index, follow, max-snippet:-1, max-image-preview:large, max-video-preview:-1\" \/>\n<link rel=\"canonical\" href=\"https:\/\/president-ksgov.net\/sr\/v-d-predsednika-konjufca-rasim-thaci-je-decenijama-bio-neodvojivi-deo-nasih-porodica\/\" \/>\n<meta property=\"og:locale\" content=\"sr_RS\" \/>\n<meta property=\"og:type\" content=\"article\" \/>\n<meta property=\"og:title\" content=\"V.d predsednika Konjufca: Rasim Tha\u00e7i je decenijama bio neodvojivi deo na\u0161ih porodica - Predsednik Republike Kosovo - DR. VJOSA OSMANI - SADRIU\" \/>\n<meta property=\"og:description\" content=\"V.d predsednika Konjufca: Rasim Tha\u00e7i je decenijama bio neodvojivi deo na\u0161ih porodica - Predsednik Republike Kosovo - DR. VJOSA OSMANI - SADRIU -\" \/>\n<meta property=\"og:url\" content=\"https:\/\/president-ksgov.net\/sr\/v-d-predsednika-konjufca-rasim-thaci-je-decenijama-bio-neodvojivi-deo-nasih-porodica\/\" \/>\n<meta property=\"og:site_name\" content=\"Predsednik Republike Kosovo - DR. VJOSA OSMANI - SADRIU\" \/>\n<meta property=\"article:published_time\" content=\"2021-03-27T09:49:29+00:00\" \/>\n<meta property=\"og:image\" content=\"https:\/\/president-ksgov.net\/wp-content\/uploads\/27_03_2021_1633721_U_d_presidenti_Konjufca_Rasim_Thaci_ka_qene_pjese_e_pandashme_e_familjeve_tona_per_dekada_me_radhe_5.jpg\" \/>\n\t<meta property=\"og:image:width\" content=\"2000\" \/>\n\t<meta property=\"og:image:height\" content=\"1331\" \/>\n\t<meta property=\"og:image:type\" content=\"image\/jpeg\" \/>\n<meta name=\"author\" content=\"admin\" \/>\n<meta name=\"twitter:card\" content=\"summary_large_image\" \/>\n<meta name=\"twitter:label1\" content=\"\u041d\u0430\u043f\u0438\u0441\u0430\u043d\u043e \u043e\u0434\" \/>\n\t<meta name=\"twitter:data1\" content=\"admin\" \/>\n\t<meta name=\"twitter:label2\" content=\"\u041f\u0440\u043e\u0446\u0435\u045a\u0435\u043d\u043e \u0432\u0440\u0435\u043c\u0435 \u0447\u0438\u0442\u0430\u045a\u0430\" \/>\n\t<meta name=\"twitter:data2\" content=\"1 \u043c\u0438\u043d\u0443\u0442\" \/>\n<script type=\"application\/ld+json\" class=\"yoast-schema-graph\">{\"@context\":\"https:\/\/schema.org\",\"@graph\":[{\"@type\":\"WebPage\",\"@id\":\"https:\/\/president-ksgov.net\/sr\/v-d-predsednika-konjufca-rasim-thaci-je-decenijama-bio-neodvojivi-deo-nasih-porodica\/\",\"url\":\"https:\/\/president-ksgov.net\/sr\/v-d-predsednika-konjufca-rasim-thaci-je-decenijama-bio-neodvojivi-deo-nasih-porodica\/\",\"name\":\"V.d predsednika Konjufca: Rasim Tha\u00e7i je decenijama bio neodvojivi deo na\u0161ih porodica - Predsednik Republike Kosovo - DR. VJOSA OSMANI - SADRIU\",\"isPartOf\":{\"@id\":\"https:\/\/president-ksgov.net\/#website\"},\"primaryImageOfPage\":{\"@id\":\"https:\/\/president-ksgov.net\/sr\/v-d-predsednika-konjufca-rasim-thaci-je-decenijama-bio-neodvojivi-deo-nasih-porodica\/#primaryimage\"},\"image\":{\"@id\":\"https:\/\/president-ksgov.net\/sr\/v-d-predsednika-konjufca-rasim-thaci-je-decenijama-bio-neodvojivi-deo-nasih-porodica\/#primaryimage\"},\"thumbnailUrl\":\"https:\/\/president-ksgov.net\/wp-content\/uploads\/27_03_2021_1633721_U_d_presidenti_Konjufca_Rasim_Thaci_ka_qene_pjese_e_pandashme_e_familjeve_tona_per_dekada_me_radhe_5.jpg\",\"datePublished\":\"2021-03-27T09:49:29+00:00\",\"dateModified\":\"2021-03-27T09:49:29+00:00\",\"author\":{\"@id\":\"https:\/\/president-ksgov.net\/#\/schema\/person\/bb4337a5fb147cb2046d80548172cbee\"},\"description\":\"V.d predsednika Konjufca: Rasim Tha\u00e7i je decenijama bio neodvojivi deo na\u0161ih porodica - Predsednik Republike Kosovo - DR. VJOSA OSMANI - SADRIU -\",\"breadcrumb\":{\"@id\":\"https:\/\/president-ksgov.net\/sr\/v-d-predsednika-konjufca-rasim-thaci-je-decenijama-bio-neodvojivi-deo-nasih-porodica\/#breadcrumb\"},\"inLanguage\":\"sr-RS\",\"potentialAction\":[{\"@type\":\"ReadAction\",\"target\":[\"https:\/\/president-ksgov.net\/sr\/v-d-predsednika-konjufca-rasim-thaci-je-decenijama-bio-neodvojivi-deo-nasih-porodica\/\"]}]},{\"@type\":\"ImageObject\",\"inLanguage\":\"sr-RS\",\"@id\":\"https:\/\/president-ksgov.net\/sr\/v-d-predsednika-konjufca-rasim-thaci-je-decenijama-bio-neodvojivi-deo-nasih-porodica\/#primaryimage\",\"url\":\"https:\/\/president-ksgov.net\/wp-content\/uploads\/27_03_2021_1633721_U_d_presidenti_Konjufca_Rasim_Thaci_ka_qene_pjese_e_pandashme_e_familjeve_tona_per_dekada_me_radhe_5.jpg\",\"contentUrl\":\"https:\/\/president-ksgov.net\/wp-content\/uploads\/27_03_2021_1633721_U_d_presidenti_Konjufca_Rasim_Thaci_ka_qene_pjese_e_pandashme_e_familjeve_tona_per_dekada_me_radhe_5.jpg\",\"width\":2000,\"height\":1331},{\"@type\":\"BreadcrumbList\",\"@id\":\"https:\/\/president-ksgov.net\/sr\/v-d-predsednika-konjufca-rasim-thaci-je-decenijama-bio-neodvojivi-deo-nasih-porodica\/#breadcrumb\",\"itemListElement\":[{\"@type\":\"ListItem\",\"position\":1,\"name\":\"Home\",\"item\":\"https:\/\/president-ksgov.net\/sr\/\"},{\"@type\":\"ListItem\",\"position\":2,\"name\":\"V.d predsednika Konjufca: Rasim Tha\u00e7i je decenijama bio neodvojivi deo na\u0161ih porodica\"}]},{\"@type\":\"WebSite\",\"@id\":\"https:\/\/president-ksgov.net\/#website\",\"url\":\"https:\/\/president-ksgov.net\/\",\"name\":\"Presidente e Republik\u00ebs s\u00eb Kosov\u00ebs\",\"description\":\"Presidente e Republik\u00ebs s\u00eb Kosov\u00ebs\",\"alternateName\":\"DR. VJOSA OSMANI - SADRIU\",\"potentialAction\":[{\"@type\":\"SearchAction\",\"target\":{\"@type\":\"EntryPoint\",\"urlTemplate\":\"https:\/\/president-ksgov.net\/?s={search_term_string}\"},\"query-input\":{\"@type\":\"PropertyValueSpecification\",\"valueRequired\":true,\"valueName\":\"search_term_string\"}}],\"inLanguage\":\"sr-RS\"},{\"@type\":\"Person\",\"@id\":\"https:\/\/president-ksgov.net\/#\/schema\/person\/bb4337a5fb147cb2046d80548172cbee\",\"name\":\"admin\",\"image\":{\"@type\":\"ImageObject\",\"inLanguage\":\"sr-RS\",\"@id\":\"https:\/\/president-ksgov.net\/#\/schema\/person\/image\/\",\"url\":\"https:\/\/secure.gravatar.com\/avatar\/36156ca0fa3b8d9d25174f146e16beea0cf28f37adf1b9e19b6c9c279a7c9dd3?s=96&d=mm&r=g\",\"contentUrl\":\"https:\/\/secure.gravatar.com\/avatar\/36156ca0fa3b8d9d25174f146e16beea0cf28f37adf1b9e19b6c9c279a7c9dd3?s=96&d=mm&r=g\",\"caption\":\"admin\"},\"sameAs\":[\"https:\/\/president-ksgov.net\"]}]}<\/script>\n<!-- \/ Yoast SEO plugin. -->","yoast_head_json":{"title":"V.d predsednika Konjufca: Rasim Tha\u00e7i je decenijama bio neodvojivi deo na\u0161ih porodica - Predsednik Republike Kosovo - DR. VJOSA OSMANI - SADRIU","description":"V.d predsednika Konjufca: Rasim Tha\u00e7i je decenijama bio neodvojivi deo na\u0161ih porodica - Predsednik Republike Kosovo - DR. VJOSA OSMANI - SADRIU -","robots":{"index":"index","follow":"follow","max-snippet":"max-snippet:-1","max-image-preview":"max-image-preview:large","max-video-preview":"max-video-preview:-1"},"canonical":"https:\/\/president-ksgov.net\/sr\/v-d-predsednika-konjufca-rasim-thaci-je-decenijama-bio-neodvojivi-deo-nasih-porodica\/","og_locale":"sr_RS","og_type":"article","og_title":"V.d predsednika Konjufca: Rasim Tha\u00e7i je decenijama bio neodvojivi deo na\u0161ih porodica - Predsednik Republike Kosovo - DR. VJOSA OSMANI - SADRIU","og_description":"V.d predsednika Konjufca: Rasim Tha\u00e7i je decenijama bio neodvojivi deo na\u0161ih porodica - Predsednik Republike Kosovo - DR. VJOSA OSMANI - SADRIU -","og_url":"https:\/\/president-ksgov.net\/sr\/v-d-predsednika-konjufca-rasim-thaci-je-decenijama-bio-neodvojivi-deo-nasih-porodica\/","og_site_name":"Predsednik Republike Kosovo - DR. VJOSA OSMANI - SADRIU","article_published_time":"2021-03-27T09:49:29+00:00","og_image":[{"width":2000,"height":1331,"url":"https:\/\/president-ksgov.net\/wp-content\/uploads\/27_03_2021_1633721_U_d_presidenti_Konjufca_Rasim_Thaci_ka_qene_pjese_e_pandashme_e_familjeve_tona_per_dekada_me_radhe_5.jpg","type":"image\/jpeg"}],"author":"admin","twitter_card":"summary_large_image","twitter_misc":{"\u041d\u0430\u043f\u0438\u0441\u0430\u043d\u043e \u043e\u0434":"admin","\u041f\u0440\u043e\u0446\u0435\u045a\u0435\u043d\u043e \u0432\u0440\u0435\u043c\u0435 \u0447\u0438\u0442\u0430\u045a\u0430":"1 \u043c\u0438\u043d\u0443\u0442"},"schema":{"@context":"https:\/\/schema.org","@graph":[{"@type":"WebPage","@id":"https:\/\/president-ksgov.net\/sr\/v-d-predsednika-konjufca-rasim-thaci-je-decenijama-bio-neodvojivi-deo-nasih-porodica\/","url":"https:\/\/president-ksgov.net\/sr\/v-d-predsednika-konjufca-rasim-thaci-je-decenijama-bio-neodvojivi-deo-nasih-porodica\/","name":"V.d predsednika Konjufca: Rasim Tha\u00e7i je decenijama bio neodvojivi deo na\u0161ih porodica - Predsednik Republike Kosovo - DR. VJOSA OSMANI - SADRIU","isPartOf":{"@id":"https:\/\/president-ksgov.net\/#website"},"primaryImageOfPage":{"@id":"https:\/\/president-ksgov.net\/sr\/v-d-predsednika-konjufca-rasim-thaci-je-decenijama-bio-neodvojivi-deo-nasih-porodica\/#primaryimage"},"image":{"@id":"https:\/\/president-ksgov.net\/sr\/v-d-predsednika-konjufca-rasim-thaci-je-decenijama-bio-neodvojivi-deo-nasih-porodica\/#primaryimage"},"thumbnailUrl":"https:\/\/president-ksgov.net\/wp-content\/uploads\/27_03_2021_1633721_U_d_presidenti_Konjufca_Rasim_Thaci_ka_qene_pjese_e_pandashme_e_familjeve_tona_per_dekada_me_radhe_5.jpg","datePublished":"2021-03-27T09:49:29+00:00","dateModified":"2021-03-27T09:49:29+00:00","author":{"@id":"https:\/\/president-ksgov.net\/#\/schema\/person\/bb4337a5fb147cb2046d80548172cbee"},"description":"V.d predsednika Konjufca: Rasim Tha\u00e7i je decenijama bio neodvojivi deo na\u0161ih porodica - Predsednik Republike Kosovo - DR. VJOSA OSMANI - SADRIU -","breadcrumb":{"@id":"https:\/\/president-ksgov.net\/sr\/v-d-predsednika-konjufca-rasim-thaci-je-decenijama-bio-neodvojivi-deo-nasih-porodica\/#breadcrumb"},"inLanguage":"sr-RS","potentialAction":[{"@type":"ReadAction","target":["https:\/\/president-ksgov.net\/sr\/v-d-predsednika-konjufca-rasim-thaci-je-decenijama-bio-neodvojivi-deo-nasih-porodica\/"]}]},{"@type":"ImageObject","inLanguage":"sr-RS","@id":"https:\/\/president-ksgov.net\/sr\/v-d-predsednika-konjufca-rasim-thaci-je-decenijama-bio-neodvojivi-deo-nasih-porodica\/#primaryimage","url":"https:\/\/president-ksgov.net\/wp-content\/uploads\/27_03_2021_1633721_U_d_presidenti_Konjufca_Rasim_Thaci_ka_qene_pjese_e_pandashme_e_familjeve_tona_per_dekada_me_radhe_5.jpg","contentUrl":"https:\/\/president-ksgov.net\/wp-content\/uploads\/27_03_2021_1633721_U_d_presidenti_Konjufca_Rasim_Thaci_ka_qene_pjese_e_pandashme_e_familjeve_tona_per_dekada_me_radhe_5.jpg","width":2000,"height":1331},{"@type":"BreadcrumbList","@id":"https:\/\/president-ksgov.net\/sr\/v-d-predsednika-konjufca-rasim-thaci-je-decenijama-bio-neodvojivi-deo-nasih-porodica\/#breadcrumb","itemListElement":[{"@type":"ListItem","position":1,"name":"Home","item":"https:\/\/president-ksgov.net\/sr\/"},{"@type":"ListItem","position":2,"name":"V.d predsednika Konjufca: Rasim Tha\u00e7i je decenijama bio neodvojivi deo na\u0161ih porodica"}]},{"@type":"WebSite","@id":"https:\/\/president-ksgov.net\/#website","url":"https:\/\/president-ksgov.net\/","name":"Presidente e Republik\u00ebs s\u00eb Kosov\u00ebs","description":"Presidente e Republik\u00ebs s\u00eb Kosov\u00ebs","alternateName":"DR. VJOSA OSMANI - SADRIU","potentialAction":[{"@type":"SearchAction","target":{"@type":"EntryPoint","urlTemplate":"https:\/\/president-ksgov.net\/?s={search_term_string}"},"query-input":{"@type":"PropertyValueSpecification","valueRequired":true,"valueName":"search_term_string"}}],"inLanguage":"sr-RS"},{"@type":"Person","@id":"https:\/\/president-ksgov.net\/#\/schema\/person\/bb4337a5fb147cb2046d80548172cbee","name":"admin","image":{"@type":"ImageObject","inLanguage":"sr-RS","@id":"https:\/\/president-ksgov.net\/#\/schema\/person\/image\/","url":"https:\/\/secure.gravatar.com\/avatar\/36156ca0fa3b8d9d25174f146e16beea0cf28f37adf1b9e19b6c9c279a7c9dd3?s=96&d=mm&r=g","contentUrl":"https:\/\/secure.gravatar.com\/avatar\/36156ca0fa3b8d9d25174f146e16beea0cf28f37adf1b9e19b6c9c279a7c9dd3?s=96&d=mm&r=g","caption":"admin"},"sameAs":["https:\/\/president-ksgov.net"]}]}},"_links":{"self":[{"href":"https:\/\/president-ksgov.net\/sr\/wp-json\/wp\/v2\/posts\/75182","targetHints":{"allow":["GET"]}}],"collection":[{"href":"https:\/\/president-ksgov.net\/sr\/wp-json\/wp\/v2\/posts"}],"about":[{"href":"https:\/\/president-ksgov.net\/sr\/wp-json\/wp\/v2\/types\/post"}],"author":[{"embeddable":true,"href":"https:\/\/president-ksgov.net\/sr\/wp-json\/wp\/v2\/users\/1"}],"replies":[{"embeddable":true,"href":"https:\/\/president-ksgov.net\/sr\/wp-json\/wp\/v2\/comments?post=75182"}],"version-history":[{"count":0,"href":"https:\/\/president-ksgov.net\/sr\/wp-json\/wp\/v2\/posts\/75182\/revisions"}],"wp:featuredmedia":[{"embeddable":true,"href":"https:\/\/president-ksgov.net\/sr\/wp-json\/wp\/v2\/media\/21816"}],"wp:attachment":[{"href":"https:\/\/president-ksgov.net\/sr\/wp-json\/wp\/v2\/media?parent=75182"}],"wp:term":[{"taxonomy":"category","embeddable":true,"href":"https:\/\/president-ksgov.net\/sr\/wp-json\/wp\/v2\/categories?post=75182"},{"taxonomy":"post_tag","embeddable":true,"href":"https:\/\/president-ksgov.net\/sr\/wp-json\/wp\/v2\/tags?post=75182"}],"curies":[{"name":"wp","href":"https:\/\/api.w.org\/{rel}","templated":true}]}}