{"id":75181,"date":"2021-03-28T14:35:37","date_gmt":"2021-03-28T14:35:37","guid":{"rendered":"https:\/\/dev.president-ksgov.net\/vd-predsednika-konjufca-nema-dana-na-kosovu-a-da-to-nije-godisnjica-ubistva-albanaca-od-strane-srbije\/"},"modified":"2021-03-28T14:35:37","modified_gmt":"2021-03-28T14:35:37","slug":"vd-predsednika-konjufca-nema-dana-na-kosovu-a-da-to-nije-godisnjica-ubistva-albanaca-od-strane-srbije","status":"publish","type":"post","link":"https:\/\/president-ksgov.net\/sr\/vd-predsednika-konjufca-nema-dana-na-kosovu-a-da-to-nije-godisnjica-ubistva-albanaca-od-strane-srbije\/","title":{"rendered":"VD predsednika Konjufca: Nema dana na Kosovu, a da to nije godi\u0161njica ubistva Albanaca od strane Srbije"},"content":{"rendered":"<p>VD predsednika Republike Kosovo Glauk Konjufca danas je odao po&ccaron;asti u Memorijalnom kompleksu u Izbici.<\/p>\n<p>On je istakao da za taj masakr \u201esrpska dr&#382;ava mora biti odgovorna.\u201c<\/p>\n<p>On je dalje rekao: \u201eNema dana na Kosovu, a da to nije datum godi\u0161njice ubistva Albanaca od strane Srbije i nema nedelje u godini, a da to nije nedelja godi\u0161njice nekog masakra na Kosovu koji je izvr\u0161ila Srbija tokom rata 1998-1999. godine u na\u0161oj zemlji.\u201c<\/p>\n<p>Prema v.d. predsednika Konjufci to ukazuje na istinu o razmerama genocida koji je Srbija sprovodila na Kosovu preko svoje vojske, policije i paramilitaraca.<\/p>\n<p>VD predsednika Konjufca istakao je do danas da porodice mu&ccaron;enika koje je ubila Srbija jo\u0161 uvek nisu prona\u0161le pravdu.<\/p>\n<p>\u201eDu&#382;nost na\u0161ih institucija i svakoga od nas jeste da ih zastupamo i da neprestano radimo kako bi istina i pravda stigle u zemlju\u201c, rekao je on.<\/p>\n<p>VD predsednika Republike Kosovo Glauk Konjufca je rekao da vide&cacute;i ove masakre na njihove godi\u0161njice, nas &ccaron;ini jo\u0161 odlu&ccaron;nijim kao predstavnike institucija da ne pravimo nikakve kompromise sa temeljima na\u0161e dr&#382;avnosti u &ccaron;ijem je osnovu krv na\u0161ih mu&ccaron;enika i narodnih palih boraca.\u00a0<\/p>\n","protected":false},"excerpt":{"rendered":"<p>VD predsednika Republike Kosovo Glauk Konjufca danas je odao po&ccaron;asti u Memorijalnom kompleksu u Izbici.<\/p>\n","protected":false},"author":1,"featured_media":21788,"comment_status":"open","ping_status":"closed","sticky":false,"template":"","format":"standard","meta":{"_eb_attr":"","footnotes":""},"categories":[101],"tags":[],"class_list":["post-75181","post","type-post","status-publish","format-standard","has-post-thumbnail","hentry","category-vesti"],"yoast_head":"<!-- This site is optimized with the Yoast SEO plugin v23.5 - https:\/\/yoast.com\/wordpress\/plugins\/seo\/ -->\n<title>VD predsednika Konjufca: Nema dana na Kosovu, a da to nije godi\u0161njica ubistva Albanaca od strane Srbije - Predsednik Republike Kosovo - DR. VJOSA OSMANI - SADRIU<\/title>\n<meta name=\"description\" content=\"VD predsednika Konjufca: Nema dana na Kosovu, a da to nije godi\u0161njica ubistva Albanaca od strane Srbije - Predsednik Republike Kosovo - DR. VJOSA OSMANI - SADRIU -\" \/>\n<meta name=\"robots\" content=\"index, follow, max-snippet:-1, max-image-preview:large, max-video-preview:-1\" \/>\n<link rel=\"canonical\" href=\"https:\/\/president-ksgov.net\/sr\/vd-predsednika-konjufca-nema-dana-na-kosovu-a-da-to-nije-godisnjica-ubistva-albanaca-od-strane-srbije\/\" \/>\n<meta property=\"og:locale\" content=\"sr_RS\" \/>\n<meta property=\"og:type\" content=\"article\" \/>\n<meta property=\"og:title\" content=\"VD predsednika Konjufca: Nema dana na Kosovu, a da to nije godi\u0161njica ubistva Albanaca od strane Srbije - Predsednik Republike Kosovo - DR. VJOSA OSMANI - SADRIU\" \/>\n<meta property=\"og:description\" content=\"VD predsednika Konjufca: Nema dana na Kosovu, a da to nije godi\u0161njica ubistva Albanaca od strane Srbije - Predsednik Republike Kosovo - DR. VJOSA OSMANI - SADRIU -\" \/>\n<meta property=\"og:url\" content=\"https:\/\/president-ksgov.net\/sr\/vd-predsednika-konjufca-nema-dana-na-kosovu-a-da-to-nije-godisnjica-ubistva-albanaca-od-strane-srbije\/\" \/>\n<meta property=\"og:site_name\" content=\"Predsednik Republike Kosovo - DR. VJOSA OSMANI - SADRIU\" \/>\n<meta property=\"article:published_time\" content=\"2021-03-28T14:35:37+00:00\" \/>\n<meta property=\"og:image\" content=\"https:\/\/president-ksgov.net\/wp-content\/uploads\/28_03_2021_8183899_28_3_2021_8_jpg.jpg\" \/>\n\t<meta property=\"og:image:width\" content=\"2048\" \/>\n\t<meta property=\"og:image:height\" content=\"1364\" \/>\n\t<meta property=\"og:image:type\" content=\"image\/jpeg\" \/>\n<meta name=\"author\" content=\"admin\" \/>\n<meta name=\"twitter:card\" content=\"summary_large_image\" \/>\n<meta name=\"twitter:label1\" content=\"\u041d\u0430\u043f\u0438\u0441\u0430\u043d\u043e \u043e\u0434\" \/>\n\t<meta name=\"twitter:data1\" content=\"admin\" \/>\n\t<meta name=\"twitter:label2\" content=\"\u041f\u0440\u043e\u0446\u0435\u045a\u0435\u043d\u043e \u0432\u0440\u0435\u043c\u0435 \u0447\u0438\u0442\u0430\u045a\u0430\" \/>\n\t<meta name=\"twitter:data2\" content=\"1 \u043c\u0438\u043d\u0443\u0442\" \/>\n<script type=\"application\/ld+json\" class=\"yoast-schema-graph\">{\"@context\":\"https:\/\/schema.org\",\"@graph\":[{\"@type\":\"WebPage\",\"@id\":\"https:\/\/president-ksgov.net\/sr\/vd-predsednika-konjufca-nema-dana-na-kosovu-a-da-to-nije-godisnjica-ubistva-albanaca-od-strane-srbije\/\",\"url\":\"https:\/\/president-ksgov.net\/sr\/vd-predsednika-konjufca-nema-dana-na-kosovu-a-da-to-nije-godisnjica-ubistva-albanaca-od-strane-srbije\/\",\"name\":\"VD predsednika Konjufca: Nema dana na Kosovu, a da to nije godi\u0161njica ubistva Albanaca od strane Srbije - Predsednik Republike Kosovo - DR. VJOSA OSMANI - SADRIU\",\"isPartOf\":{\"@id\":\"https:\/\/president-ksgov.net\/#website\"},\"primaryImageOfPage\":{\"@id\":\"https:\/\/president-ksgov.net\/sr\/vd-predsednika-konjufca-nema-dana-na-kosovu-a-da-to-nije-godisnjica-ubistva-albanaca-od-strane-srbije\/#primaryimage\"},\"image\":{\"@id\":\"https:\/\/president-ksgov.net\/sr\/vd-predsednika-konjufca-nema-dana-na-kosovu-a-da-to-nije-godisnjica-ubistva-albanaca-od-strane-srbije\/#primaryimage\"},\"thumbnailUrl\":\"https:\/\/president-ksgov.net\/wp-content\/uploads\/28_03_2021_8183899_28_3_2021_8_jpg.jpg\",\"datePublished\":\"2021-03-28T14:35:37+00:00\",\"dateModified\":\"2021-03-28T14:35:37+00:00\",\"author\":{\"@id\":\"https:\/\/president-ksgov.net\/#\/schema\/person\/bb4337a5fb147cb2046d80548172cbee\"},\"description\":\"VD predsednika Konjufca: Nema dana na Kosovu, a da to nije godi\u0161njica ubistva Albanaca od strane Srbije - Predsednik Republike Kosovo - DR. VJOSA OSMANI - SADRIU -\",\"breadcrumb\":{\"@id\":\"https:\/\/president-ksgov.net\/sr\/vd-predsednika-konjufca-nema-dana-na-kosovu-a-da-to-nije-godisnjica-ubistva-albanaca-od-strane-srbije\/#breadcrumb\"},\"inLanguage\":\"sr-RS\",\"potentialAction\":[{\"@type\":\"ReadAction\",\"target\":[\"https:\/\/president-ksgov.net\/sr\/vd-predsednika-konjufca-nema-dana-na-kosovu-a-da-to-nije-godisnjica-ubistva-albanaca-od-strane-srbije\/\"]}]},{\"@type\":\"ImageObject\",\"inLanguage\":\"sr-RS\",\"@id\":\"https:\/\/president-ksgov.net\/sr\/vd-predsednika-konjufca-nema-dana-na-kosovu-a-da-to-nije-godisnjica-ubistva-albanaca-od-strane-srbije\/#primaryimage\",\"url\":\"https:\/\/president-ksgov.net\/wp-content\/uploads\/28_03_2021_8183899_28_3_2021_8_jpg.jpg\",\"contentUrl\":\"https:\/\/president-ksgov.net\/wp-content\/uploads\/28_03_2021_8183899_28_3_2021_8_jpg.jpg\",\"width\":2048,\"height\":1364},{\"@type\":\"BreadcrumbList\",\"@id\":\"https:\/\/president-ksgov.net\/sr\/vd-predsednika-konjufca-nema-dana-na-kosovu-a-da-to-nije-godisnjica-ubistva-albanaca-od-strane-srbije\/#breadcrumb\",\"itemListElement\":[{\"@type\":\"ListItem\",\"position\":1,\"name\":\"Home\",\"item\":\"https:\/\/president-ksgov.net\/sr\/\"},{\"@type\":\"ListItem\",\"position\":2,\"name\":\"VD predsednika Konjufca: Nema dana na Kosovu, a da to nije godi\u0161njica ubistva Albanaca od strane Srbije\"}]},{\"@type\":\"WebSite\",\"@id\":\"https:\/\/president-ksgov.net\/#website\",\"url\":\"https:\/\/president-ksgov.net\/\",\"name\":\"Presidente e Republik\u00ebs s\u00eb Kosov\u00ebs\",\"description\":\"Presidente e Republik\u00ebs s\u00eb Kosov\u00ebs\",\"alternateName\":\"DR. VJOSA OSMANI - SADRIU\",\"potentialAction\":[{\"@type\":\"SearchAction\",\"target\":{\"@type\":\"EntryPoint\",\"urlTemplate\":\"https:\/\/president-ksgov.net\/?s={search_term_string}\"},\"query-input\":{\"@type\":\"PropertyValueSpecification\",\"valueRequired\":true,\"valueName\":\"search_term_string\"}}],\"inLanguage\":\"sr-RS\"},{\"@type\":\"Person\",\"@id\":\"https:\/\/president-ksgov.net\/#\/schema\/person\/bb4337a5fb147cb2046d80548172cbee\",\"name\":\"admin\",\"image\":{\"@type\":\"ImageObject\",\"inLanguage\":\"sr-RS\",\"@id\":\"https:\/\/president-ksgov.net\/#\/schema\/person\/image\/\",\"url\":\"https:\/\/secure.gravatar.com\/avatar\/36156ca0fa3b8d9d25174f146e16beea0cf28f37adf1b9e19b6c9c279a7c9dd3?s=96&d=mm&r=g\",\"contentUrl\":\"https:\/\/secure.gravatar.com\/avatar\/36156ca0fa3b8d9d25174f146e16beea0cf28f37adf1b9e19b6c9c279a7c9dd3?s=96&d=mm&r=g\",\"caption\":\"admin\"},\"sameAs\":[\"https:\/\/president-ksgov.net\"]}]}<\/script>\n<!-- \/ Yoast SEO plugin. -->","yoast_head_json":{"title":"VD predsednika Konjufca: Nema dana na Kosovu, a da to nije godi\u0161njica ubistva Albanaca od strane Srbije - Predsednik Republike Kosovo - DR. VJOSA OSMANI - SADRIU","description":"VD predsednika Konjufca: Nema dana na Kosovu, a da to nije godi\u0161njica ubistva Albanaca od strane Srbije - Predsednik Republike Kosovo - DR. VJOSA OSMANI - SADRIU -","robots":{"index":"index","follow":"follow","max-snippet":"max-snippet:-1","max-image-preview":"max-image-preview:large","max-video-preview":"max-video-preview:-1"},"canonical":"https:\/\/president-ksgov.net\/sr\/vd-predsednika-konjufca-nema-dana-na-kosovu-a-da-to-nije-godisnjica-ubistva-albanaca-od-strane-srbije\/","og_locale":"sr_RS","og_type":"article","og_title":"VD predsednika Konjufca: Nema dana na Kosovu, a da to nije godi\u0161njica ubistva Albanaca od strane Srbije - Predsednik Republike Kosovo - DR. VJOSA OSMANI - SADRIU","og_description":"VD predsednika Konjufca: Nema dana na Kosovu, a da to nije godi\u0161njica ubistva Albanaca od strane Srbije - Predsednik Republike Kosovo - DR. VJOSA OSMANI - SADRIU -","og_url":"https:\/\/president-ksgov.net\/sr\/vd-predsednika-konjufca-nema-dana-na-kosovu-a-da-to-nije-godisnjica-ubistva-albanaca-od-strane-srbije\/","og_site_name":"Predsednik Republike Kosovo - DR. VJOSA OSMANI - SADRIU","article_published_time":"2021-03-28T14:35:37+00:00","og_image":[{"width":2048,"height":1364,"url":"https:\/\/president-ksgov.net\/wp-content\/uploads\/28_03_2021_8183899_28_3_2021_8_jpg.jpg","type":"image\/jpeg"}],"author":"admin","twitter_card":"summary_large_image","twitter_misc":{"\u041d\u0430\u043f\u0438\u0441\u0430\u043d\u043e \u043e\u0434":"admin","\u041f\u0440\u043e\u0446\u0435\u045a\u0435\u043d\u043e \u0432\u0440\u0435\u043c\u0435 \u0447\u0438\u0442\u0430\u045a\u0430":"1 \u043c\u0438\u043d\u0443\u0442"},"schema":{"@context":"https:\/\/schema.org","@graph":[{"@type":"WebPage","@id":"https:\/\/president-ksgov.net\/sr\/vd-predsednika-konjufca-nema-dana-na-kosovu-a-da-to-nije-godisnjica-ubistva-albanaca-od-strane-srbije\/","url":"https:\/\/president-ksgov.net\/sr\/vd-predsednika-konjufca-nema-dana-na-kosovu-a-da-to-nije-godisnjica-ubistva-albanaca-od-strane-srbije\/","name":"VD predsednika Konjufca: Nema dana na Kosovu, a da to nije godi\u0161njica ubistva Albanaca od strane Srbije - Predsednik Republike Kosovo - DR. VJOSA OSMANI - SADRIU","isPartOf":{"@id":"https:\/\/president-ksgov.net\/#website"},"primaryImageOfPage":{"@id":"https:\/\/president-ksgov.net\/sr\/vd-predsednika-konjufca-nema-dana-na-kosovu-a-da-to-nije-godisnjica-ubistva-albanaca-od-strane-srbije\/#primaryimage"},"image":{"@id":"https:\/\/president-ksgov.net\/sr\/vd-predsednika-konjufca-nema-dana-na-kosovu-a-da-to-nije-godisnjica-ubistva-albanaca-od-strane-srbije\/#primaryimage"},"thumbnailUrl":"https:\/\/president-ksgov.net\/wp-content\/uploads\/28_03_2021_8183899_28_3_2021_8_jpg.jpg","datePublished":"2021-03-28T14:35:37+00:00","dateModified":"2021-03-28T14:35:37+00:00","author":{"@id":"https:\/\/president-ksgov.net\/#\/schema\/person\/bb4337a5fb147cb2046d80548172cbee"},"description":"VD predsednika Konjufca: Nema dana na Kosovu, a da to nije godi\u0161njica ubistva Albanaca od strane Srbije - Predsednik Republike Kosovo - DR. VJOSA OSMANI - SADRIU -","breadcrumb":{"@id":"https:\/\/president-ksgov.net\/sr\/vd-predsednika-konjufca-nema-dana-na-kosovu-a-da-to-nije-godisnjica-ubistva-albanaca-od-strane-srbije\/#breadcrumb"},"inLanguage":"sr-RS","potentialAction":[{"@type":"ReadAction","target":["https:\/\/president-ksgov.net\/sr\/vd-predsednika-konjufca-nema-dana-na-kosovu-a-da-to-nije-godisnjica-ubistva-albanaca-od-strane-srbije\/"]}]},{"@type":"ImageObject","inLanguage":"sr-RS","@id":"https:\/\/president-ksgov.net\/sr\/vd-predsednika-konjufca-nema-dana-na-kosovu-a-da-to-nije-godisnjica-ubistva-albanaca-od-strane-srbije\/#primaryimage","url":"https:\/\/president-ksgov.net\/wp-content\/uploads\/28_03_2021_8183899_28_3_2021_8_jpg.jpg","contentUrl":"https:\/\/president-ksgov.net\/wp-content\/uploads\/28_03_2021_8183899_28_3_2021_8_jpg.jpg","width":2048,"height":1364},{"@type":"BreadcrumbList","@id":"https:\/\/president-ksgov.net\/sr\/vd-predsednika-konjufca-nema-dana-na-kosovu-a-da-to-nije-godisnjica-ubistva-albanaca-od-strane-srbije\/#breadcrumb","itemListElement":[{"@type":"ListItem","position":1,"name":"Home","item":"https:\/\/president-ksgov.net\/sr\/"},{"@type":"ListItem","position":2,"name":"VD predsednika Konjufca: Nema dana na Kosovu, a da to nije godi\u0161njica ubistva Albanaca od strane Srbije"}]},{"@type":"WebSite","@id":"https:\/\/president-ksgov.net\/#website","url":"https:\/\/president-ksgov.net\/","name":"Presidente e Republik\u00ebs s\u00eb Kosov\u00ebs","description":"Presidente e Republik\u00ebs s\u00eb Kosov\u00ebs","alternateName":"DR. VJOSA OSMANI - SADRIU","potentialAction":[{"@type":"SearchAction","target":{"@type":"EntryPoint","urlTemplate":"https:\/\/president-ksgov.net\/?s={search_term_string}"},"query-input":{"@type":"PropertyValueSpecification","valueRequired":true,"valueName":"search_term_string"}}],"inLanguage":"sr-RS"},{"@type":"Person","@id":"https:\/\/president-ksgov.net\/#\/schema\/person\/bb4337a5fb147cb2046d80548172cbee","name":"admin","image":{"@type":"ImageObject","inLanguage":"sr-RS","@id":"https:\/\/president-ksgov.net\/#\/schema\/person\/image\/","url":"https:\/\/secure.gravatar.com\/avatar\/36156ca0fa3b8d9d25174f146e16beea0cf28f37adf1b9e19b6c9c279a7c9dd3?s=96&d=mm&r=g","contentUrl":"https:\/\/secure.gravatar.com\/avatar\/36156ca0fa3b8d9d25174f146e16beea0cf28f37adf1b9e19b6c9c279a7c9dd3?s=96&d=mm&r=g","caption":"admin"},"sameAs":["https:\/\/president-ksgov.net"]}]}},"_links":{"self":[{"href":"https:\/\/president-ksgov.net\/sr\/wp-json\/wp\/v2\/posts\/75181","targetHints":{"allow":["GET"]}}],"collection":[{"href":"https:\/\/president-ksgov.net\/sr\/wp-json\/wp\/v2\/posts"}],"about":[{"href":"https:\/\/president-ksgov.net\/sr\/wp-json\/wp\/v2\/types\/post"}],"author":[{"embeddable":true,"href":"https:\/\/president-ksgov.net\/sr\/wp-json\/wp\/v2\/users\/1"}],"replies":[{"embeddable":true,"href":"https:\/\/president-ksgov.net\/sr\/wp-json\/wp\/v2\/comments?post=75181"}],"version-history":[{"count":0,"href":"https:\/\/president-ksgov.net\/sr\/wp-json\/wp\/v2\/posts\/75181\/revisions"}],"wp:featuredmedia":[{"embeddable":true,"href":"https:\/\/president-ksgov.net\/sr\/wp-json\/wp\/v2\/media\/21788"}],"wp:attachment":[{"href":"https:\/\/president-ksgov.net\/sr\/wp-json\/wp\/v2\/media?parent=75181"}],"wp:term":[{"taxonomy":"category","embeddable":true,"href":"https:\/\/president-ksgov.net\/sr\/wp-json\/wp\/v2\/categories?post=75181"},{"taxonomy":"post_tag","embeddable":true,"href":"https:\/\/president-ksgov.net\/sr\/wp-json\/wp\/v2\/tags?post=75181"}],"curies":[{"name":"wp","href":"https:\/\/api.w.org\/{rel}","templated":true}]}}