{"id":75180,"date":"2021-03-28T17:48:05","date_gmt":"2021-03-28T17:48:05","guid":{"rendered":"https:\/\/dev.president-ksgov.net\/vd-predsednika-konjufca-u-temeljima-nase-slobode-je-krv-lanova-porodica-i-dece-porodica-bogujevci-i-duriqi\/"},"modified":"2021-03-28T17:48:05","modified_gmt":"2021-03-28T17:48:05","slug":"vd-predsednika-konjufca-u-temeljima-nase-slobode-je-krv-lanova-porodica-i-dece-porodica-bogujevci-i-duriqi","status":"publish","type":"post","link":"https:\/\/president-ksgov.net\/sr\/vd-predsednika-konjufca-u-temeljima-nase-slobode-je-krv-lanova-porodica-i-dece-porodica-bogujevci-i-duriqi\/","title":{"rendered":"VD predsednika Konjufca: U temeljima na\u0161e slobode je krv &ccaron;lanova porodica i dece porodica Bogujevci i Duriqi"},"content":{"rendered":"<p>VD predsednika Republike Kosovo Glauk Konjufca je zajedno sa budu&cacute;om predsednicom Vjosom Osmani, predsednikom op\u0161tine Podujevo Shpejtimom Bulliqijem i ministarskom inostranih poslova Donikom G\u00ebrvalla odao po&ccaron;asti i prisetio se u&#382;asnog masakra 28. marta 1999. godine prema porodicama Bogujevci i Duriqi.<\/p>\n<p>\u201eOvo je najmanje \u0161to mi kao predstavnici institucija mo&#382;emo uraditi, jer je elementarna obaveza podse&cacute;anje da izvr\u0161imo ovaj deo podele tuge, upravo na datume kada su se dogodili ovi masakri na Kosovu i porodici Duriqi i porodici Bogujevci, 28. marta 1999. godine od strane takozvanih jedinica \u201e\u0160korpiona\u201c, koje su bile direktan deo Ministarstva odbrane srpske dr&#382;ave. Dakle, ovde nema nikakve dileme ko je odgovoran. U va\u0161em slu&ccaron;aju to je direktno srpska dr&#382;ava sa jedinicama, imenima, ko su bile te jedinice koje su izvr\u0161ile masakr nad va\u0161im porodicama\u201c, rekao je v.d. predsednik Konjufca.<\/p>\n<p>Prema mi\u0161ljenju v.d. predsednika Konjufce, ovo je najmanje \u0161to institucije mogu da urade, preostali deo je na pravdi.<\/p>\n<p>\u201eOno \u0161to Srbija navodi da kao sudi nekim ratnim zlo&ccaron;incima, bilo je samo \u201e&ccaron;isto radi reda\u201c. Oni su se &ccaron;ak oslobodili pre 3-4 godine. To pokazuje da srpska dr&#382;ava ne samo da ne ose&cacute;a nikakvo pokajanje za ono \u0161to je u&ccaron;inila, nego ih tretira kao da su to bili obi&ccaron;ni, svakodnevni ratni zlo&ccaron;ini, a ne masakri. Dakle, pogledajte samo, tamo je dvogodi\u0161nji Albion, kakav zverski zlo&ccaron;in, koji &ccaron;ovek mo&#382;e da da po&ccaron;ini takav zlo&ccaron;in i digne ruku protiv dvogodi\u0161njeg deteta. Takvo je preko 1000 dece koju su ubile policijske, vojne i paravojne snage Srbije na Kosovu\u201c, istakao je v.d. predsednika.<\/p>\n<p>On je dalje rekao da upravo zbog toga i ove tuge su institucije odlu&ccaron;ne da se neprestano tra&#382;i pravda.<\/p>\n<p>\u201eJer &cacute;e va\u0161e du\u0161e i va\u0161a srca, ali i mu&ccaron;enici koje smo izgubili mo&cacute;i da po&ccaron;ivaju u miru samo kada pravda bude postignuta\u201c, istakao je v.d. predsednika.<\/p>\n<p>VD predsednika Konjufca je rekao da se nikada ne&cacute;e zaboraviti zlo&ccaron;ini Srbije i genocid.<\/p>\n<p>\u201eOvo je masakr u kojem su ve&cacute;ina ubijenih &#382;ene i deca, i to pokazuje besprimernu surovost srpske dr&#382;ave i razmere genocida koji je vr\u0161ila nad na\u0161im narodom, na\u0161im nacijom, ne \u0161tede&cacute;i ni novoro&dstrok;en&ccaron;ad, ni decu, ni &#382;ene ni starce\u201c, rekao je on.<\/p>\n<p>G. Konjufca je rekao da nas to &ccaron;ini jo\u0161 odlu&ccaron;nijim kao institucije da nikada ne&cacute;emo &ccaron;initi kompromise sa onim \u0161to je u temeljima na\u0161e dr&#382;avnosti i slobode.<\/p>\n<p>\u201eU temeljima na\u0161e slobode je krv va\u0161ih &ccaron;lanova porodice, krv va\u0161e dece, koje je Kosovo izgubilo zbog genocida Srbije\u201c, istakao je v.d. predsednika Konjufca.\u00a0<\/p>\n","protected":false},"excerpt":{"rendered":"<p>VD predsednika Republike Kosovo Glauk Konjufca je zajedno sa budu&cacute;om predsednicom Vjosom Osmani, predsednikom op\u0161tine Podujevo Shpejtimom Bulliqijem i ministarskom inostranih poslova Donikom G\u00ebrvalla odao po&ccaron;asti i prisetio se u&#382;asnog masakra 28. marta 1999. godine prema porodicama Bogujevci i Duriqi.<\/p>\n","protected":false},"author":1,"featured_media":21772,"comment_status":"open","ping_status":"closed","sticky":false,"template":"","format":"standard","meta":{"_eb_attr":"","footnotes":""},"categories":[101],"tags":[],"class_list":["post-75180","post","type-post","status-publish","format-standard","has-post-thumbnail","hentry","category-vesti"],"yoast_head":"<!-- This site is optimized with the Yoast SEO plugin v23.5 - https:\/\/yoast.com\/wordpress\/plugins\/seo\/ -->\n<title>VD predsednika Konjufca: U temeljima na\u0161e slobode je krv &amp;ccaron;lanova porodica i dece porodica Bogujevci i Duriqi - Predsednik Republike Kosovo - DR. VJOSA OSMANI - SADRIU<\/title>\n<meta name=\"description\" content=\"VD predsednika Konjufca: U temeljima na\u0161e slobode je krv &amp;ccaron;lanova porodica i dece porodica Bogujevci i Duriqi - Predsednik Republike Kosovo - DR. VJOSA OSMANI - SADRIU -\" \/>\n<meta name=\"robots\" content=\"index, follow, max-snippet:-1, max-image-preview:large, max-video-preview:-1\" \/>\n<link rel=\"canonical\" href=\"https:\/\/president-ksgov.net\/sr\/vd-predsednika-konjufca-u-temeljima-nase-slobode-je-krv-lanova-porodica-i-dece-porodica-bogujevci-i-duriqi\/\" \/>\n<meta property=\"og:locale\" content=\"sr_RS\" \/>\n<meta property=\"og:type\" content=\"article\" \/>\n<meta property=\"og:title\" content=\"VD predsednika Konjufca: U temeljima na\u0161e slobode je krv &amp;ccaron;lanova porodica i dece porodica Bogujevci i Duriqi - Predsednik Republike Kosovo - DR. VJOSA OSMANI - SADRIU\" \/>\n<meta property=\"og:description\" content=\"VD predsednika Konjufca: U temeljima na\u0161e slobode je krv &amp;ccaron;lanova porodica i dece porodica Bogujevci i Duriqi - Predsednik Republike Kosovo - DR. VJOSA OSMANI - SADRIU -\" \/>\n<meta property=\"og:url\" content=\"https:\/\/president-ksgov.net\/sr\/vd-predsednika-konjufca-u-temeljima-nase-slobode-je-krv-lanova-porodica-i-dece-porodica-bogujevci-i-duriqi\/\" \/>\n<meta property=\"og:site_name\" content=\"Predsednik Republike Kosovo - DR. VJOSA OSMANI - SADRIU\" \/>\n<meta property=\"article:published_time\" content=\"2021-03-28T17:48:05+00:00\" \/>\n<meta property=\"og:image\" content=\"https:\/\/president-ksgov.net\/wp-content\/uploads\/28_03_2021_703428_28_3_2021_U_d__Presidenti_Konjufca_5_jpg.jpg\" \/>\n\t<meta property=\"og:image:width\" content=\"1280\" \/>\n\t<meta property=\"og:image:height\" content=\"851\" \/>\n\t<meta property=\"og:image:type\" content=\"image\/jpeg\" \/>\n<meta name=\"author\" content=\"admin\" \/>\n<meta name=\"twitter:card\" content=\"summary_large_image\" \/>\n<meta name=\"twitter:label1\" content=\"\u041d\u0430\u043f\u0438\u0441\u0430\u043d\u043e \u043e\u0434\" \/>\n\t<meta name=\"twitter:data1\" content=\"admin\" \/>\n\t<meta name=\"twitter:label2\" content=\"\u041f\u0440\u043e\u0446\u0435\u045a\u0435\u043d\u043e \u0432\u0440\u0435\u043c\u0435 \u0447\u0438\u0442\u0430\u045a\u0430\" \/>\n\t<meta name=\"twitter:data2\" content=\"2 \u043c\u0438\u043d\u0443\u0442\u0430\" \/>\n<script type=\"application\/ld+json\" class=\"yoast-schema-graph\">{\"@context\":\"https:\/\/schema.org\",\"@graph\":[{\"@type\":\"WebPage\",\"@id\":\"https:\/\/president-ksgov.net\/sr\/vd-predsednika-konjufca-u-temeljima-nase-slobode-je-krv-lanova-porodica-i-dece-porodica-bogujevci-i-duriqi\/\",\"url\":\"https:\/\/president-ksgov.net\/sr\/vd-predsednika-konjufca-u-temeljima-nase-slobode-je-krv-lanova-porodica-i-dece-porodica-bogujevci-i-duriqi\/\",\"name\":\"VD predsednika Konjufca: U temeljima na\u0161e slobode je krv &ccaron;lanova porodica i dece porodica Bogujevci i Duriqi - Predsednik Republike Kosovo - DR. VJOSA OSMANI - SADRIU\",\"isPartOf\":{\"@id\":\"https:\/\/president-ksgov.net\/#website\"},\"primaryImageOfPage\":{\"@id\":\"https:\/\/president-ksgov.net\/sr\/vd-predsednika-konjufca-u-temeljima-nase-slobode-je-krv-lanova-porodica-i-dece-porodica-bogujevci-i-duriqi\/#primaryimage\"},\"image\":{\"@id\":\"https:\/\/president-ksgov.net\/sr\/vd-predsednika-konjufca-u-temeljima-nase-slobode-je-krv-lanova-porodica-i-dece-porodica-bogujevci-i-duriqi\/#primaryimage\"},\"thumbnailUrl\":\"https:\/\/president-ksgov.net\/wp-content\/uploads\/28_03_2021_703428_28_3_2021_U_d__Presidenti_Konjufca_5_jpg.jpg\",\"datePublished\":\"2021-03-28T17:48:05+00:00\",\"dateModified\":\"2021-03-28T17:48:05+00:00\",\"author\":{\"@id\":\"https:\/\/president-ksgov.net\/#\/schema\/person\/bb4337a5fb147cb2046d80548172cbee\"},\"description\":\"VD predsednika Konjufca: U temeljima na\u0161e slobode je krv &ccaron;lanova porodica i dece porodica Bogujevci i Duriqi - Predsednik Republike Kosovo - DR. VJOSA OSMANI - SADRIU -\",\"breadcrumb\":{\"@id\":\"https:\/\/president-ksgov.net\/sr\/vd-predsednika-konjufca-u-temeljima-nase-slobode-je-krv-lanova-porodica-i-dece-porodica-bogujevci-i-duriqi\/#breadcrumb\"},\"inLanguage\":\"sr-RS\",\"potentialAction\":[{\"@type\":\"ReadAction\",\"target\":[\"https:\/\/president-ksgov.net\/sr\/vd-predsednika-konjufca-u-temeljima-nase-slobode-je-krv-lanova-porodica-i-dece-porodica-bogujevci-i-duriqi\/\"]}]},{\"@type\":\"ImageObject\",\"inLanguage\":\"sr-RS\",\"@id\":\"https:\/\/president-ksgov.net\/sr\/vd-predsednika-konjufca-u-temeljima-nase-slobode-je-krv-lanova-porodica-i-dece-porodica-bogujevci-i-duriqi\/#primaryimage\",\"url\":\"https:\/\/president-ksgov.net\/wp-content\/uploads\/28_03_2021_703428_28_3_2021_U_d__Presidenti_Konjufca_5_jpg.jpg\",\"contentUrl\":\"https:\/\/president-ksgov.net\/wp-content\/uploads\/28_03_2021_703428_28_3_2021_U_d__Presidenti_Konjufca_5_jpg.jpg\",\"width\":1280,\"height\":851},{\"@type\":\"BreadcrumbList\",\"@id\":\"https:\/\/president-ksgov.net\/sr\/vd-predsednika-konjufca-u-temeljima-nase-slobode-je-krv-lanova-porodica-i-dece-porodica-bogujevci-i-duriqi\/#breadcrumb\",\"itemListElement\":[{\"@type\":\"ListItem\",\"position\":1,\"name\":\"Home\",\"item\":\"https:\/\/president-ksgov.net\/sr\/\"},{\"@type\":\"ListItem\",\"position\":2,\"name\":\"VD predsednika Konjufca: U temeljima na\u0161e slobode je krv &ccaron;lanova porodica i dece porodica Bogujevci i Duriqi\"}]},{\"@type\":\"WebSite\",\"@id\":\"https:\/\/president-ksgov.net\/#website\",\"url\":\"https:\/\/president-ksgov.net\/\",\"name\":\"Presidente e Republik\u00ebs s\u00eb Kosov\u00ebs\",\"description\":\"Presidente e Republik\u00ebs s\u00eb Kosov\u00ebs\",\"alternateName\":\"DR. VJOSA OSMANI - SADRIU\",\"potentialAction\":[{\"@type\":\"SearchAction\",\"target\":{\"@type\":\"EntryPoint\",\"urlTemplate\":\"https:\/\/president-ksgov.net\/?s={search_term_string}\"},\"query-input\":{\"@type\":\"PropertyValueSpecification\",\"valueRequired\":true,\"valueName\":\"search_term_string\"}}],\"inLanguage\":\"sr-RS\"},{\"@type\":\"Person\",\"@id\":\"https:\/\/president-ksgov.net\/#\/schema\/person\/bb4337a5fb147cb2046d80548172cbee\",\"name\":\"admin\",\"image\":{\"@type\":\"ImageObject\",\"inLanguage\":\"sr-RS\",\"@id\":\"https:\/\/president-ksgov.net\/#\/schema\/person\/image\/\",\"url\":\"https:\/\/secure.gravatar.com\/avatar\/36156ca0fa3b8d9d25174f146e16beea0cf28f37adf1b9e19b6c9c279a7c9dd3?s=96&d=mm&r=g\",\"contentUrl\":\"https:\/\/secure.gravatar.com\/avatar\/36156ca0fa3b8d9d25174f146e16beea0cf28f37adf1b9e19b6c9c279a7c9dd3?s=96&d=mm&r=g\",\"caption\":\"admin\"},\"sameAs\":[\"https:\/\/president-ksgov.net\"]}]}<\/script>\n<!-- \/ Yoast SEO plugin. -->","yoast_head_json":{"title":"VD predsednika Konjufca: U temeljima na\u0161e slobode je krv &ccaron;lanova porodica i dece porodica Bogujevci i Duriqi - Predsednik Republike Kosovo - DR. VJOSA OSMANI - SADRIU","description":"VD predsednika Konjufca: U temeljima na\u0161e slobode je krv &ccaron;lanova porodica i dece porodica Bogujevci i Duriqi - Predsednik Republike Kosovo - DR. VJOSA OSMANI - SADRIU -","robots":{"index":"index","follow":"follow","max-snippet":"max-snippet:-1","max-image-preview":"max-image-preview:large","max-video-preview":"max-video-preview:-1"},"canonical":"https:\/\/president-ksgov.net\/sr\/vd-predsednika-konjufca-u-temeljima-nase-slobode-je-krv-lanova-porodica-i-dece-porodica-bogujevci-i-duriqi\/","og_locale":"sr_RS","og_type":"article","og_title":"VD predsednika Konjufca: U temeljima na\u0161e slobode je krv &ccaron;lanova porodica i dece porodica Bogujevci i Duriqi - Predsednik Republike Kosovo - DR. VJOSA OSMANI - SADRIU","og_description":"VD predsednika Konjufca: U temeljima na\u0161e slobode je krv &ccaron;lanova porodica i dece porodica Bogujevci i Duriqi - Predsednik Republike Kosovo - DR. VJOSA OSMANI - SADRIU -","og_url":"https:\/\/president-ksgov.net\/sr\/vd-predsednika-konjufca-u-temeljima-nase-slobode-je-krv-lanova-porodica-i-dece-porodica-bogujevci-i-duriqi\/","og_site_name":"Predsednik Republike Kosovo - DR. VJOSA OSMANI - SADRIU","article_published_time":"2021-03-28T17:48:05+00:00","og_image":[{"width":1280,"height":851,"url":"https:\/\/president-ksgov.net\/wp-content\/uploads\/28_03_2021_703428_28_3_2021_U_d__Presidenti_Konjufca_5_jpg.jpg","type":"image\/jpeg"}],"author":"admin","twitter_card":"summary_large_image","twitter_misc":{"\u041d\u0430\u043f\u0438\u0441\u0430\u043d\u043e \u043e\u0434":"admin","\u041f\u0440\u043e\u0446\u0435\u045a\u0435\u043d\u043e \u0432\u0440\u0435\u043c\u0435 \u0447\u0438\u0442\u0430\u045a\u0430":"2 \u043c\u0438\u043d\u0443\u0442\u0430"},"schema":{"@context":"https:\/\/schema.org","@graph":[{"@type":"WebPage","@id":"https:\/\/president-ksgov.net\/sr\/vd-predsednika-konjufca-u-temeljima-nase-slobode-je-krv-lanova-porodica-i-dece-porodica-bogujevci-i-duriqi\/","url":"https:\/\/president-ksgov.net\/sr\/vd-predsednika-konjufca-u-temeljima-nase-slobode-je-krv-lanova-porodica-i-dece-porodica-bogujevci-i-duriqi\/","name":"VD predsednika Konjufca: U temeljima na\u0161e slobode je krv &ccaron;lanova porodica i dece porodica Bogujevci i Duriqi - Predsednik Republike Kosovo - DR. VJOSA OSMANI - SADRIU","isPartOf":{"@id":"https:\/\/president-ksgov.net\/#website"},"primaryImageOfPage":{"@id":"https:\/\/president-ksgov.net\/sr\/vd-predsednika-konjufca-u-temeljima-nase-slobode-je-krv-lanova-porodica-i-dece-porodica-bogujevci-i-duriqi\/#primaryimage"},"image":{"@id":"https:\/\/president-ksgov.net\/sr\/vd-predsednika-konjufca-u-temeljima-nase-slobode-je-krv-lanova-porodica-i-dece-porodica-bogujevci-i-duriqi\/#primaryimage"},"thumbnailUrl":"https:\/\/president-ksgov.net\/wp-content\/uploads\/28_03_2021_703428_28_3_2021_U_d__Presidenti_Konjufca_5_jpg.jpg","datePublished":"2021-03-28T17:48:05+00:00","dateModified":"2021-03-28T17:48:05+00:00","author":{"@id":"https:\/\/president-ksgov.net\/#\/schema\/person\/bb4337a5fb147cb2046d80548172cbee"},"description":"VD predsednika Konjufca: U temeljima na\u0161e slobode je krv &ccaron;lanova porodica i dece porodica Bogujevci i Duriqi - Predsednik Republike Kosovo - DR. VJOSA OSMANI - SADRIU -","breadcrumb":{"@id":"https:\/\/president-ksgov.net\/sr\/vd-predsednika-konjufca-u-temeljima-nase-slobode-je-krv-lanova-porodica-i-dece-porodica-bogujevci-i-duriqi\/#breadcrumb"},"inLanguage":"sr-RS","potentialAction":[{"@type":"ReadAction","target":["https:\/\/president-ksgov.net\/sr\/vd-predsednika-konjufca-u-temeljima-nase-slobode-je-krv-lanova-porodica-i-dece-porodica-bogujevci-i-duriqi\/"]}]},{"@type":"ImageObject","inLanguage":"sr-RS","@id":"https:\/\/president-ksgov.net\/sr\/vd-predsednika-konjufca-u-temeljima-nase-slobode-je-krv-lanova-porodica-i-dece-porodica-bogujevci-i-duriqi\/#primaryimage","url":"https:\/\/president-ksgov.net\/wp-content\/uploads\/28_03_2021_703428_28_3_2021_U_d__Presidenti_Konjufca_5_jpg.jpg","contentUrl":"https:\/\/president-ksgov.net\/wp-content\/uploads\/28_03_2021_703428_28_3_2021_U_d__Presidenti_Konjufca_5_jpg.jpg","width":1280,"height":851},{"@type":"BreadcrumbList","@id":"https:\/\/president-ksgov.net\/sr\/vd-predsednika-konjufca-u-temeljima-nase-slobode-je-krv-lanova-porodica-i-dece-porodica-bogujevci-i-duriqi\/#breadcrumb","itemListElement":[{"@type":"ListItem","position":1,"name":"Home","item":"https:\/\/president-ksgov.net\/sr\/"},{"@type":"ListItem","position":2,"name":"VD predsednika Konjufca: U temeljima na\u0161e slobode je krv &ccaron;lanova porodica i dece porodica Bogujevci i Duriqi"}]},{"@type":"WebSite","@id":"https:\/\/president-ksgov.net\/#website","url":"https:\/\/president-ksgov.net\/","name":"Presidente e Republik\u00ebs s\u00eb Kosov\u00ebs","description":"Presidente e Republik\u00ebs s\u00eb Kosov\u00ebs","alternateName":"DR. VJOSA OSMANI - SADRIU","potentialAction":[{"@type":"SearchAction","target":{"@type":"EntryPoint","urlTemplate":"https:\/\/president-ksgov.net\/?s={search_term_string}"},"query-input":{"@type":"PropertyValueSpecification","valueRequired":true,"valueName":"search_term_string"}}],"inLanguage":"sr-RS"},{"@type":"Person","@id":"https:\/\/president-ksgov.net\/#\/schema\/person\/bb4337a5fb147cb2046d80548172cbee","name":"admin","image":{"@type":"ImageObject","inLanguage":"sr-RS","@id":"https:\/\/president-ksgov.net\/#\/schema\/person\/image\/","url":"https:\/\/secure.gravatar.com\/avatar\/36156ca0fa3b8d9d25174f146e16beea0cf28f37adf1b9e19b6c9c279a7c9dd3?s=96&d=mm&r=g","contentUrl":"https:\/\/secure.gravatar.com\/avatar\/36156ca0fa3b8d9d25174f146e16beea0cf28f37adf1b9e19b6c9c279a7c9dd3?s=96&d=mm&r=g","caption":"admin"},"sameAs":["https:\/\/president-ksgov.net"]}]}},"_links":{"self":[{"href":"https:\/\/president-ksgov.net\/sr\/wp-json\/wp\/v2\/posts\/75180","targetHints":{"allow":["GET"]}}],"collection":[{"href":"https:\/\/president-ksgov.net\/sr\/wp-json\/wp\/v2\/posts"}],"about":[{"href":"https:\/\/president-ksgov.net\/sr\/wp-json\/wp\/v2\/types\/post"}],"author":[{"embeddable":true,"href":"https:\/\/president-ksgov.net\/sr\/wp-json\/wp\/v2\/users\/1"}],"replies":[{"embeddable":true,"href":"https:\/\/president-ksgov.net\/sr\/wp-json\/wp\/v2\/comments?post=75180"}],"version-history":[{"count":0,"href":"https:\/\/president-ksgov.net\/sr\/wp-json\/wp\/v2\/posts\/75180\/revisions"}],"wp:featuredmedia":[{"embeddable":true,"href":"https:\/\/president-ksgov.net\/sr\/wp-json\/wp\/v2\/media\/21772"}],"wp:attachment":[{"href":"https:\/\/president-ksgov.net\/sr\/wp-json\/wp\/v2\/media?parent=75180"}],"wp:term":[{"taxonomy":"category","embeddable":true,"href":"https:\/\/president-ksgov.net\/sr\/wp-json\/wp\/v2\/categories?post=75180"},{"taxonomy":"post_tag","embeddable":true,"href":"https:\/\/president-ksgov.net\/sr\/wp-json\/wp\/v2\/tags?post=75180"}],"curies":[{"name":"wp","href":"https:\/\/api.w.org\/{rel}","templated":true}]}}