{"id":75141,"date":"2021-04-09T17:04:40","date_gmt":"2021-04-09T17:04:40","guid":{"rendered":"https:\/\/dev.president-ksgov.net\/predsednica-osmani-doekala-na-sastanku-ambasadora-orlanda\/"},"modified":"2021-04-09T17:04:40","modified_gmt":"2021-04-09T17:04:40","slug":"predsednica-osmani-doekala-na-sastanku-ambasadora-orlanda","status":"publish","type":"post","link":"https:\/\/president-ksgov.net\/sr\/predsednica-osmani-doekala-na-sastanku-ambasadora-orlanda\/","title":{"rendered":"Predsednica Osmani do&ccaron;ekala na sastanku ambasadora Orlanda"},"content":{"rendered":"<p>Predsednica Vjosa Osmani do&ccaron;ekala je danas na sastanku ambasadora Italije g. Nicolu Orlanda, koji je predsednici &ccaron;estitao na du&#382;nosti, isti&ccaron;u&cacute;i da je uspe\u0161no zaklju&ccaron;ivanje procesa konstituisanja institucija prenelo pozitivnu poruku saveznicima Republike, slu&#382;e&cacute;i kao garancija za stabilnost zemlje.<\/p>\n<p>Govore&cacute;i o trenutnim izazovima i prioritetima tokom predsedni&ccaron;kog mandata, predsednica Osmani je istakla da nijedan proces ne mo&#382;e da se postigne uspe\u0161no dok se ne obezbede vakcine za gra&dstrok;ane Kosova.<\/p>\n<p>U tom pravcu, predsednica Osmani je dodala da je upravljanje pandemijom klju&ccaron;ni prioritet i da je u tom pravcu Kosovu, vi\u0161e nego ikad, potrebna podr\u0161ka prijatelja.<\/p>\n<p>Predsednica Osmani je dalje istakla da &cacute;e se aktivno anga&#382;ovati u ispunjenju svojih ustavnih funkcija, kao \u0161to su spoljna politika i za\u0161tita, ali i unapre&dstrok;enje agende odr&#382;ivog razvoja.<\/p>\n<p>Predsednica Osmani je tako&dstrok;e potencirala da &cacute;e aktivno raditi na stvaranju jedinstva me&dstrok;u politi&ccaron;kim akterima u zemlji, \u0161to &cacute;e doprineti uspe\u0161nom upravljanju procesima od posebnog interesa za zemlju.\u00a0<\/p>\n","protected":false},"excerpt":{"rendered":"<p>Predsednica Vjosa Osmani do&ccaron;ekala je danas na sastanku ambasadora Italije g. Nicolu Orlanda, koji je predsednici &ccaron;estitao na du&#382;nosti, isti&ccaron;u&cacute;i da je uspe\u0161no zaklju&ccaron;ivanje procesa konstituisanja institucija prenelo pozitivnu poruku saveznicima Republike, slu&#382;e&cacute;i kao garancija za stabilnost zemlje.<\/p>\n","protected":false},"author":1,"featured_media":21406,"comment_status":"open","ping_status":"closed","sticky":false,"template":"","format":"standard","meta":{"_eb_attr":"","footnotes":""},"categories":[101],"tags":[],"class_list":["post-75141","post","type-post","status-publish","format-standard","has-post-thumbnail","hentry","category-vesti"],"yoast_head":"<!-- This site is optimized with the Yoast SEO plugin v23.5 - https:\/\/yoast.com\/wordpress\/plugins\/seo\/ -->\n<title>Predsednica Osmani do&amp;ccaron;ekala na sastanku ambasadora Orlanda - Predsednik Republike Kosovo - DR. VJOSA OSMANI - SADRIU<\/title>\n<meta name=\"description\" content=\"Predsednica Osmani do&amp;ccaron;ekala na sastanku ambasadora Orlanda - Predsednik Republike Kosovo - DR. VJOSA OSMANI - SADRIU -\" \/>\n<meta name=\"robots\" content=\"index, follow, max-snippet:-1, max-image-preview:large, max-video-preview:-1\" \/>\n<link rel=\"canonical\" href=\"https:\/\/president-ksgov.net\/sr\/predsednica-osmani-doekala-na-sastanku-ambasadora-orlanda\/\" \/>\n<meta property=\"og:locale\" content=\"sr_RS\" \/>\n<meta property=\"og:type\" content=\"article\" \/>\n<meta property=\"og:title\" content=\"Predsednica Osmani do&amp;ccaron;ekala na sastanku ambasadora Orlanda - Predsednik Republike Kosovo - DR. VJOSA OSMANI - SADRIU\" \/>\n<meta property=\"og:description\" content=\"Predsednica Osmani do&amp;ccaron;ekala na sastanku ambasadora Orlanda - Predsednik Republike Kosovo - DR. VJOSA OSMANI - SADRIU -\" \/>\n<meta property=\"og:url\" content=\"https:\/\/president-ksgov.net\/sr\/predsednica-osmani-doekala-na-sastanku-ambasadora-orlanda\/\" \/>\n<meta property=\"og:site_name\" content=\"Predsednik Republike Kosovo - DR. VJOSA OSMANI - SADRIU\" \/>\n<meta property=\"article:published_time\" content=\"2021-04-09T17:04:40+00:00\" \/>\n<meta property=\"og:image\" content=\"https:\/\/president-ksgov.net\/wp-content\/uploads\/09_04_2021_9352517_Presidentja_Osmani_priti_ne___takim_Ambasadorin_Orlando_2_jpg-scaled.jpg\" \/>\n\t<meta property=\"og:image:width\" content=\"2560\" \/>\n\t<meta property=\"og:image:height\" content=\"1706\" \/>\n\t<meta property=\"og:image:type\" content=\"image\/jpeg\" \/>\n<meta name=\"author\" content=\"admin\" \/>\n<meta name=\"twitter:card\" content=\"summary_large_image\" \/>\n<meta name=\"twitter:label1\" content=\"\u041d\u0430\u043f\u0438\u0441\u0430\u043d\u043e \u043e\u0434\" \/>\n\t<meta name=\"twitter:data1\" content=\"admin\" \/>\n\t<meta name=\"twitter:label2\" content=\"\u041f\u0440\u043e\u0446\u0435\u045a\u0435\u043d\u043e \u0432\u0440\u0435\u043c\u0435 \u0447\u0438\u0442\u0430\u045a\u0430\" \/>\n\t<meta name=\"twitter:data2\" content=\"1 \u043c\u0438\u043d\u0443\u0442\" \/>\n<script type=\"application\/ld+json\" class=\"yoast-schema-graph\">{\"@context\":\"https:\/\/schema.org\",\"@graph\":[{\"@type\":\"WebPage\",\"@id\":\"https:\/\/president-ksgov.net\/sr\/predsednica-osmani-doekala-na-sastanku-ambasadora-orlanda\/\",\"url\":\"https:\/\/president-ksgov.net\/sr\/predsednica-osmani-doekala-na-sastanku-ambasadora-orlanda\/\",\"name\":\"Predsednica Osmani do&ccaron;ekala na sastanku ambasadora Orlanda - Predsednik Republike Kosovo - DR. VJOSA OSMANI - SADRIU\",\"isPartOf\":{\"@id\":\"https:\/\/president-ksgov.net\/#website\"},\"primaryImageOfPage\":{\"@id\":\"https:\/\/president-ksgov.net\/sr\/predsednica-osmani-doekala-na-sastanku-ambasadora-orlanda\/#primaryimage\"},\"image\":{\"@id\":\"https:\/\/president-ksgov.net\/sr\/predsednica-osmani-doekala-na-sastanku-ambasadora-orlanda\/#primaryimage\"},\"thumbnailUrl\":\"https:\/\/president-ksgov.net\/wp-content\/uploads\/09_04_2021_9352517_Presidentja_Osmani_priti_ne___takim_Ambasadorin_Orlando_2_jpg-scaled.jpg\",\"datePublished\":\"2021-04-09T17:04:40+00:00\",\"dateModified\":\"2021-04-09T17:04:40+00:00\",\"author\":{\"@id\":\"https:\/\/president-ksgov.net\/#\/schema\/person\/bb4337a5fb147cb2046d80548172cbee\"},\"description\":\"Predsednica Osmani do&ccaron;ekala na sastanku ambasadora Orlanda - Predsednik Republike Kosovo - DR. VJOSA OSMANI - SADRIU -\",\"breadcrumb\":{\"@id\":\"https:\/\/president-ksgov.net\/sr\/predsednica-osmani-doekala-na-sastanku-ambasadora-orlanda\/#breadcrumb\"},\"inLanguage\":\"sr-RS\",\"potentialAction\":[{\"@type\":\"ReadAction\",\"target\":[\"https:\/\/president-ksgov.net\/sr\/predsednica-osmani-doekala-na-sastanku-ambasadora-orlanda\/\"]}]},{\"@type\":\"ImageObject\",\"inLanguage\":\"sr-RS\",\"@id\":\"https:\/\/president-ksgov.net\/sr\/predsednica-osmani-doekala-na-sastanku-ambasadora-orlanda\/#primaryimage\",\"url\":\"https:\/\/president-ksgov.net\/wp-content\/uploads\/09_04_2021_9352517_Presidentja_Osmani_priti_ne___takim_Ambasadorin_Orlando_2_jpg-scaled.jpg\",\"contentUrl\":\"https:\/\/president-ksgov.net\/wp-content\/uploads\/09_04_2021_9352517_Presidentja_Osmani_priti_ne___takim_Ambasadorin_Orlando_2_jpg-scaled.jpg\",\"width\":2560,\"height\":1706},{\"@type\":\"BreadcrumbList\",\"@id\":\"https:\/\/president-ksgov.net\/sr\/predsednica-osmani-doekala-na-sastanku-ambasadora-orlanda\/#breadcrumb\",\"itemListElement\":[{\"@type\":\"ListItem\",\"position\":1,\"name\":\"Home\",\"item\":\"https:\/\/president-ksgov.net\/sr\/\"},{\"@type\":\"ListItem\",\"position\":2,\"name\":\"Predsednica Osmani do&ccaron;ekala na sastanku ambasadora Orlanda\"}]},{\"@type\":\"WebSite\",\"@id\":\"https:\/\/president-ksgov.net\/#website\",\"url\":\"https:\/\/president-ksgov.net\/\",\"name\":\"Presidente e Republik\u00ebs s\u00eb Kosov\u00ebs\",\"description\":\"Presidente e Republik\u00ebs s\u00eb Kosov\u00ebs\",\"alternateName\":\"DR. VJOSA OSMANI - SADRIU\",\"potentialAction\":[{\"@type\":\"SearchAction\",\"target\":{\"@type\":\"EntryPoint\",\"urlTemplate\":\"https:\/\/president-ksgov.net\/?s={search_term_string}\"},\"query-input\":{\"@type\":\"PropertyValueSpecification\",\"valueRequired\":true,\"valueName\":\"search_term_string\"}}],\"inLanguage\":\"sr-RS\"},{\"@type\":\"Person\",\"@id\":\"https:\/\/president-ksgov.net\/#\/schema\/person\/bb4337a5fb147cb2046d80548172cbee\",\"name\":\"admin\",\"image\":{\"@type\":\"ImageObject\",\"inLanguage\":\"sr-RS\",\"@id\":\"https:\/\/president-ksgov.net\/#\/schema\/person\/image\/\",\"url\":\"https:\/\/secure.gravatar.com\/avatar\/36156ca0fa3b8d9d25174f146e16beea0cf28f37adf1b9e19b6c9c279a7c9dd3?s=96&d=mm&r=g\",\"contentUrl\":\"https:\/\/secure.gravatar.com\/avatar\/36156ca0fa3b8d9d25174f146e16beea0cf28f37adf1b9e19b6c9c279a7c9dd3?s=96&d=mm&r=g\",\"caption\":\"admin\"},\"sameAs\":[\"https:\/\/president-ksgov.net\"]}]}<\/script>\n<!-- \/ Yoast SEO plugin. -->","yoast_head_json":{"title":"Predsednica Osmani do&ccaron;ekala na sastanku ambasadora Orlanda - Predsednik Republike Kosovo - DR. VJOSA OSMANI - SADRIU","description":"Predsednica Osmani do&ccaron;ekala na sastanku ambasadora Orlanda - Predsednik Republike Kosovo - DR. VJOSA OSMANI - SADRIU -","robots":{"index":"index","follow":"follow","max-snippet":"max-snippet:-1","max-image-preview":"max-image-preview:large","max-video-preview":"max-video-preview:-1"},"canonical":"https:\/\/president-ksgov.net\/sr\/predsednica-osmani-doekala-na-sastanku-ambasadora-orlanda\/","og_locale":"sr_RS","og_type":"article","og_title":"Predsednica Osmani do&ccaron;ekala na sastanku ambasadora Orlanda - Predsednik Republike Kosovo - DR. VJOSA OSMANI - SADRIU","og_description":"Predsednica Osmani do&ccaron;ekala na sastanku ambasadora Orlanda - Predsednik Republike Kosovo - DR. VJOSA OSMANI - SADRIU -","og_url":"https:\/\/president-ksgov.net\/sr\/predsednica-osmani-doekala-na-sastanku-ambasadora-orlanda\/","og_site_name":"Predsednik Republike Kosovo - DR. VJOSA OSMANI - SADRIU","article_published_time":"2021-04-09T17:04:40+00:00","og_image":[{"width":2560,"height":1706,"url":"https:\/\/president-ksgov.net\/wp-content\/uploads\/09_04_2021_9352517_Presidentja_Osmani_priti_ne___takim_Ambasadorin_Orlando_2_jpg-scaled.jpg","type":"image\/jpeg"}],"author":"admin","twitter_card":"summary_large_image","twitter_misc":{"\u041d\u0430\u043f\u0438\u0441\u0430\u043d\u043e \u043e\u0434":"admin","\u041f\u0440\u043e\u0446\u0435\u045a\u0435\u043d\u043e \u0432\u0440\u0435\u043c\u0435 \u0447\u0438\u0442\u0430\u045a\u0430":"1 \u043c\u0438\u043d\u0443\u0442"},"schema":{"@context":"https:\/\/schema.org","@graph":[{"@type":"WebPage","@id":"https:\/\/president-ksgov.net\/sr\/predsednica-osmani-doekala-na-sastanku-ambasadora-orlanda\/","url":"https:\/\/president-ksgov.net\/sr\/predsednica-osmani-doekala-na-sastanku-ambasadora-orlanda\/","name":"Predsednica Osmani do&ccaron;ekala na sastanku ambasadora Orlanda - Predsednik Republike Kosovo - DR. VJOSA OSMANI - SADRIU","isPartOf":{"@id":"https:\/\/president-ksgov.net\/#website"},"primaryImageOfPage":{"@id":"https:\/\/president-ksgov.net\/sr\/predsednica-osmani-doekala-na-sastanku-ambasadora-orlanda\/#primaryimage"},"image":{"@id":"https:\/\/president-ksgov.net\/sr\/predsednica-osmani-doekala-na-sastanku-ambasadora-orlanda\/#primaryimage"},"thumbnailUrl":"https:\/\/president-ksgov.net\/wp-content\/uploads\/09_04_2021_9352517_Presidentja_Osmani_priti_ne___takim_Ambasadorin_Orlando_2_jpg-scaled.jpg","datePublished":"2021-04-09T17:04:40+00:00","dateModified":"2021-04-09T17:04:40+00:00","author":{"@id":"https:\/\/president-ksgov.net\/#\/schema\/person\/bb4337a5fb147cb2046d80548172cbee"},"description":"Predsednica Osmani do&ccaron;ekala na sastanku ambasadora Orlanda - Predsednik Republike Kosovo - DR. VJOSA OSMANI - SADRIU -","breadcrumb":{"@id":"https:\/\/president-ksgov.net\/sr\/predsednica-osmani-doekala-na-sastanku-ambasadora-orlanda\/#breadcrumb"},"inLanguage":"sr-RS","potentialAction":[{"@type":"ReadAction","target":["https:\/\/president-ksgov.net\/sr\/predsednica-osmani-doekala-na-sastanku-ambasadora-orlanda\/"]}]},{"@type":"ImageObject","inLanguage":"sr-RS","@id":"https:\/\/president-ksgov.net\/sr\/predsednica-osmani-doekala-na-sastanku-ambasadora-orlanda\/#primaryimage","url":"https:\/\/president-ksgov.net\/wp-content\/uploads\/09_04_2021_9352517_Presidentja_Osmani_priti_ne___takim_Ambasadorin_Orlando_2_jpg-scaled.jpg","contentUrl":"https:\/\/president-ksgov.net\/wp-content\/uploads\/09_04_2021_9352517_Presidentja_Osmani_priti_ne___takim_Ambasadorin_Orlando_2_jpg-scaled.jpg","width":2560,"height":1706},{"@type":"BreadcrumbList","@id":"https:\/\/president-ksgov.net\/sr\/predsednica-osmani-doekala-na-sastanku-ambasadora-orlanda\/#breadcrumb","itemListElement":[{"@type":"ListItem","position":1,"name":"Home","item":"https:\/\/president-ksgov.net\/sr\/"},{"@type":"ListItem","position":2,"name":"Predsednica Osmani do&ccaron;ekala na sastanku ambasadora Orlanda"}]},{"@type":"WebSite","@id":"https:\/\/president-ksgov.net\/#website","url":"https:\/\/president-ksgov.net\/","name":"Presidente e Republik\u00ebs s\u00eb Kosov\u00ebs","description":"Presidente e Republik\u00ebs s\u00eb Kosov\u00ebs","alternateName":"DR. VJOSA OSMANI - SADRIU","potentialAction":[{"@type":"SearchAction","target":{"@type":"EntryPoint","urlTemplate":"https:\/\/president-ksgov.net\/?s={search_term_string}"},"query-input":{"@type":"PropertyValueSpecification","valueRequired":true,"valueName":"search_term_string"}}],"inLanguage":"sr-RS"},{"@type":"Person","@id":"https:\/\/president-ksgov.net\/#\/schema\/person\/bb4337a5fb147cb2046d80548172cbee","name":"admin","image":{"@type":"ImageObject","inLanguage":"sr-RS","@id":"https:\/\/president-ksgov.net\/#\/schema\/person\/image\/","url":"https:\/\/secure.gravatar.com\/avatar\/36156ca0fa3b8d9d25174f146e16beea0cf28f37adf1b9e19b6c9c279a7c9dd3?s=96&d=mm&r=g","contentUrl":"https:\/\/secure.gravatar.com\/avatar\/36156ca0fa3b8d9d25174f146e16beea0cf28f37adf1b9e19b6c9c279a7c9dd3?s=96&d=mm&r=g","caption":"admin"},"sameAs":["https:\/\/president-ksgov.net"]}]}},"_links":{"self":[{"href":"https:\/\/president-ksgov.net\/sr\/wp-json\/wp\/v2\/posts\/75141","targetHints":{"allow":["GET"]}}],"collection":[{"href":"https:\/\/president-ksgov.net\/sr\/wp-json\/wp\/v2\/posts"}],"about":[{"href":"https:\/\/president-ksgov.net\/sr\/wp-json\/wp\/v2\/types\/post"}],"author":[{"embeddable":true,"href":"https:\/\/president-ksgov.net\/sr\/wp-json\/wp\/v2\/users\/1"}],"replies":[{"embeddable":true,"href":"https:\/\/president-ksgov.net\/sr\/wp-json\/wp\/v2\/comments?post=75141"}],"version-history":[{"count":0,"href":"https:\/\/president-ksgov.net\/sr\/wp-json\/wp\/v2\/posts\/75141\/revisions"}],"wp:featuredmedia":[{"embeddable":true,"href":"https:\/\/president-ksgov.net\/sr\/wp-json\/wp\/v2\/media\/21406"}],"wp:attachment":[{"href":"https:\/\/president-ksgov.net\/sr\/wp-json\/wp\/v2\/media?parent=75141"}],"wp:term":[{"taxonomy":"category","embeddable":true,"href":"https:\/\/president-ksgov.net\/sr\/wp-json\/wp\/v2\/categories?post=75141"},{"taxonomy":"post_tag","embeddable":true,"href":"https:\/\/president-ksgov.net\/sr\/wp-json\/wp\/v2\/tags?post=75141"}],"curies":[{"name":"wp","href":"https:\/\/api.w.org\/{rel}","templated":true}]}}