{"id":75120,"date":"2021-04-14T16:47:31","date_gmt":"2021-04-14T16:47:31","guid":{"rendered":"https:\/\/dev.president-ksgov.net\/predsednica-osmani-primila-telegrame-estitke-od-predsednika-svajcarske-konfederacije-bugarske-i-od-emira-katara\/"},"modified":"2021-04-14T16:47:31","modified_gmt":"2021-04-14T16:47:31","slug":"predsednica-osmani-primila-telegrame-estitke-od-predsednika-svajcarske-konfederacije-bugarske-i-od-emira-katara","status":"publish","type":"post","link":"https:\/\/president-ksgov.net\/sr\/predsednica-osmani-primila-telegrame-estitke-od-predsednika-svajcarske-konfederacije-bugarske-i-od-emira-katara\/","title":{"rendered":"Predsednica Osmani primila telegrame &ccaron;estitke od predsednika \u0160vajcarske Konfederacije, Bugarske i od emira Katara"},"content":{"rendered":"<p>Predsednica Republike Kosovo Vjosa Omsani primila je danas telegrame &ccaron;estitke od predsednika \u0160vajcarske Konfederacije Guy Parmellina, predsednika Bugarske Rumena Radeva i emira Katara Sheikha Temima Bin Hamed Al-Thanija.<\/p>\n<p>Predsednik Parmellin je u pismu &ccaron;estitke pomenuo bliske i sr&ccaron;ane odnose izme&dstrok;u \u0160vajcarske i Kosova.<\/p>\n<p>\u201eZbog kosovske dijaspore u \u0160vajcarskoj, obe na\u0161e zemlje, su tako&dstrok;e u jakoj vezi u ljudskom i kulturnom aspektu\u201c, ka&#382;e se u telegramu \u0161vajcarskog predsednika. On je pomenuo posetu predsednice Osmani njegovoj dr&#382;avi u martu i istakao je da je ona otvorila put produbljenju dalje saradnje. Predsednik Parmellin je istakao da su stabilnost i napredak Zapadnog Balkana u interesu obe dr&#382;ave.\u00a0<\/p>\n<p>U telegramu &ccaron;estitke bugarskog predsednika isti&ccaron;e se da &cacute;e Bugarska nastaviti da podr&#382;ava evroatlantsku perspektivu Republike Kosovo.<\/p>\n<p>\u201eUbe&dstrok;en sam da &cacute;emo rade&cacute;i zajedno doprineti produbljenju otvorenog i efektivnog dijaloga izme&dstrok;u na\u0161e dve prijateljske dr&#382;ave, kao i pove&cacute;anju stabilnosti i prosperiteta u na\u0161em regionu promovi\u0161u&cacute;i na&ccaron;ela dobrog susedstva i vrednosti EU\u201c, ka&#382;e se u telegramu predsednika Radeva.<br \/>\n\u00a0<br \/>\nA emir dr&#382;ave Katar Sheikh Tamim Bin Hamed Al-Thani je predsednici Osmani preneo iskrene &ccaron;estitke povodom preuzimanja du&#382;nosti, izra&#382;avaju&cacute;i najdublje po\u0161tovanje kao i &#382;ele&cacute;i joj da vodi zemlju prema daljem razvoju i napretku.<\/p>\n","protected":false},"excerpt":{"rendered":"<p>Predsednica Republike Kosovo Vjosa Omsani primila je danas telegrame &ccaron;estitke od predsednika \u0160vajcarske Konfederacije Guy Parmellina, predsednika Bugarske Rumena Radeva i emira Katara Sheikha Temima Bin Hamed Al-Thanija.<\/p>\n","protected":false},"author":1,"featured_media":21313,"comment_status":"open","ping_status":"closed","sticky":false,"template":"","format":"standard","meta":{"_eb_attr":"","footnotes":""},"categories":[101],"tags":[],"class_list":["post-75120","post","type-post","status-publish","format-standard","has-post-thumbnail","hentry","category-vesti"],"yoast_head":"<!-- This site is optimized with the Yoast SEO plugin v23.5 - https:\/\/yoast.com\/wordpress\/plugins\/seo\/ -->\n<title>Predsednica Osmani primila telegrame &amp;ccaron;estitke od predsednika \u0160vajcarske Konfederacije, Bugarske i od emira Katara - Predsednik Republike Kosovo - DR. VJOSA OSMANI - SADRIU<\/title>\n<meta name=\"description\" content=\"Predsednica Osmani primila telegrame &amp;ccaron;estitke od predsednika \u0160vajcarske Konfederacije, Bugarske i od emira Katara - Predsednik Republike Kosovo - DR. VJOSA OSMANI - SADRIU -\" \/>\n<meta name=\"robots\" content=\"index, follow, max-snippet:-1, max-image-preview:large, max-video-preview:-1\" \/>\n<link rel=\"canonical\" href=\"https:\/\/president-ksgov.net\/presidentja-osmani-merr-telegrame-urimi-nga-presidenti-i-konfederates-zvicerane-i-bullgarise-dhe-nga-emiri-i-katarit\/\" \/>\n<meta property=\"og:locale\" content=\"sr_RS\" \/>\n<meta property=\"og:type\" content=\"article\" \/>\n<meta property=\"og:title\" content=\"Predsednica Osmani primila telegrame &amp;ccaron;estitke od predsednika \u0160vajcarske Konfederacije, Bugarske i od emira Katara - Predsednik Republike Kosovo - DR. VJOSA OSMANI - SADRIU\" \/>\n<meta property=\"og:description\" content=\"Predsednica Osmani primila telegrame &amp;ccaron;estitke od predsednika \u0160vajcarske Konfederacije, Bugarske i od emira Katara - Predsednik Republike Kosovo - DR. VJOSA OSMANI - SADRIU -\" \/>\n<meta property=\"og:url\" content=\"https:\/\/president-ksgov.net\/presidentja-osmani-merr-telegrame-urimi-nga-presidenti-i-konfederates-zvicerane-i-bullgarise-dhe-nga-emiri-i-katarit\/\" \/>\n<meta property=\"og:site_name\" content=\"Predsednik Republike Kosovo - DR. VJOSA OSMANI - SADRIU\" \/>\n<meta property=\"article:published_time\" content=\"2021-04-14T16:47:31+00:00\" \/>\n<meta property=\"og:image\" content=\"https:\/\/president-ksgov.net\/wp-content\/uploads\/14_04_2021_7320007_13_04_2021_6186075_presidentja_ceremonia.jpg\" \/>\n\t<meta property=\"og:image:width\" content=\"960\" \/>\n\t<meta property=\"og:image:height\" content=\"956\" \/>\n\t<meta property=\"og:image:type\" content=\"image\/jpeg\" \/>\n<meta name=\"author\" content=\"admin\" \/>\n<meta name=\"twitter:card\" content=\"summary_large_image\" \/>\n<meta name=\"twitter:label1\" content=\"\u041d\u0430\u043f\u0438\u0441\u0430\u043d\u043e \u043e\u0434\" \/>\n\t<meta name=\"twitter:data1\" content=\"admin\" \/>\n\t<meta name=\"twitter:label2\" content=\"\u041f\u0440\u043e\u0446\u0435\u045a\u0435\u043d\u043e \u0432\u0440\u0435\u043c\u0435 \u0447\u0438\u0442\u0430\u045a\u0430\" \/>\n\t<meta name=\"twitter:data2\" content=\"1 \u043c\u0438\u043d\u0443\u0442\" \/>\n<script type=\"application\/ld+json\" class=\"yoast-schema-graph\">{\"@context\":\"https:\/\/schema.org\",\"@graph\":[{\"@type\":\"WebPage\",\"@id\":\"https:\/\/president-ksgov.net\/presidentja-osmani-merr-telegrame-urimi-nga-presidenti-i-konfederates-zvicerane-i-bullgarise-dhe-nga-emiri-i-katarit\/\",\"url\":\"https:\/\/president-ksgov.net\/presidentja-osmani-merr-telegrame-urimi-nga-presidenti-i-konfederates-zvicerane-i-bullgarise-dhe-nga-emiri-i-katarit\/\",\"name\":\"Predsednica Osmani primila telegrame &ccaron;estitke od predsednika \u0160vajcarske Konfederacije, Bugarske i od emira Katara - Predsednik Republike Kosovo - DR. VJOSA OSMANI - SADRIU\",\"isPartOf\":{\"@id\":\"https:\/\/president-ksgov.net\/#website\"},\"primaryImageOfPage\":{\"@id\":\"https:\/\/president-ksgov.net\/presidentja-osmani-merr-telegrame-urimi-nga-presidenti-i-konfederates-zvicerane-i-bullgarise-dhe-nga-emiri-i-katarit\/#primaryimage\"},\"image\":{\"@id\":\"https:\/\/president-ksgov.net\/presidentja-osmani-merr-telegrame-urimi-nga-presidenti-i-konfederates-zvicerane-i-bullgarise-dhe-nga-emiri-i-katarit\/#primaryimage\"},\"thumbnailUrl\":\"https:\/\/president-ksgov.net\/wp-content\/uploads\/14_04_2021_7320007_13_04_2021_6186075_presidentja_ceremonia.jpg\",\"datePublished\":\"2021-04-14T16:47:31+00:00\",\"dateModified\":\"2021-04-14T16:47:31+00:00\",\"author\":{\"@id\":\"https:\/\/president-ksgov.net\/#\/schema\/person\/bb4337a5fb147cb2046d80548172cbee\"},\"description\":\"Predsednica Osmani primila telegrame &ccaron;estitke od predsednika \u0160vajcarske Konfederacije, Bugarske i od emira Katara - Predsednik Republike Kosovo - DR. VJOSA OSMANI - SADRIU -\",\"breadcrumb\":{\"@id\":\"https:\/\/president-ksgov.net\/presidentja-osmani-merr-telegrame-urimi-nga-presidenti-i-konfederates-zvicerane-i-bullgarise-dhe-nga-emiri-i-katarit\/#breadcrumb\"},\"inLanguage\":\"sr-RS\",\"potentialAction\":[{\"@type\":\"ReadAction\",\"target\":[\"https:\/\/president-ksgov.net\/presidentja-osmani-merr-telegrame-urimi-nga-presidenti-i-konfederates-zvicerane-i-bullgarise-dhe-nga-emiri-i-katarit\/\"]}]},{\"@type\":\"ImageObject\",\"inLanguage\":\"sr-RS\",\"@id\":\"https:\/\/president-ksgov.net\/presidentja-osmani-merr-telegrame-urimi-nga-presidenti-i-konfederates-zvicerane-i-bullgarise-dhe-nga-emiri-i-katarit\/#primaryimage\",\"url\":\"https:\/\/president-ksgov.net\/wp-content\/uploads\/14_04_2021_7320007_13_04_2021_6186075_presidentja_ceremonia.jpg\",\"contentUrl\":\"https:\/\/president-ksgov.net\/wp-content\/uploads\/14_04_2021_7320007_13_04_2021_6186075_presidentja_ceremonia.jpg\",\"width\":960,\"height\":956},{\"@type\":\"BreadcrumbList\",\"@id\":\"https:\/\/president-ksgov.net\/presidentja-osmani-merr-telegrame-urimi-nga-presidenti-i-konfederates-zvicerane-i-bullgarise-dhe-nga-emiri-i-katarit\/#breadcrumb\",\"itemListElement\":[{\"@type\":\"ListItem\",\"position\":1,\"name\":\"Home\",\"item\":\"https:\/\/president-ksgov.net\/sr\/\"},{\"@type\":\"ListItem\",\"position\":2,\"name\":\"Predsednica Osmani primila telegrame &ccaron;estitke od predsednika \u0160vajcarske Konfederacije, Bugarske i od emira Katara\"}]},{\"@type\":\"WebSite\",\"@id\":\"https:\/\/president-ksgov.net\/#website\",\"url\":\"https:\/\/president-ksgov.net\/\",\"name\":\"Presidente e Republik\u00ebs s\u00eb Kosov\u00ebs\",\"description\":\"Presidente e Republik\u00ebs s\u00eb Kosov\u00ebs\",\"alternateName\":\"DR. VJOSA OSMANI - SADRIU\",\"potentialAction\":[{\"@type\":\"SearchAction\",\"target\":{\"@type\":\"EntryPoint\",\"urlTemplate\":\"https:\/\/president-ksgov.net\/?s={search_term_string}\"},\"query-input\":{\"@type\":\"PropertyValueSpecification\",\"valueRequired\":true,\"valueName\":\"search_term_string\"}}],\"inLanguage\":\"sr-RS\"},{\"@type\":\"Person\",\"@id\":\"https:\/\/president-ksgov.net\/#\/schema\/person\/bb4337a5fb147cb2046d80548172cbee\",\"name\":\"admin\",\"image\":{\"@type\":\"ImageObject\",\"inLanguage\":\"sr-RS\",\"@id\":\"https:\/\/president-ksgov.net\/#\/schema\/person\/image\/\",\"url\":\"https:\/\/secure.gravatar.com\/avatar\/36156ca0fa3b8d9d25174f146e16beea0cf28f37adf1b9e19b6c9c279a7c9dd3?s=96&d=mm&r=g\",\"contentUrl\":\"https:\/\/secure.gravatar.com\/avatar\/36156ca0fa3b8d9d25174f146e16beea0cf28f37adf1b9e19b6c9c279a7c9dd3?s=96&d=mm&r=g\",\"caption\":\"admin\"},\"sameAs\":[\"https:\/\/president-ksgov.net\"]}]}<\/script>\n<!-- \/ Yoast SEO plugin. -->","yoast_head_json":{"title":"Predsednica Osmani primila telegrame &ccaron;estitke od predsednika \u0160vajcarske Konfederacije, Bugarske i od emira Katara - Predsednik Republike Kosovo - DR. VJOSA OSMANI - SADRIU","description":"Predsednica Osmani primila telegrame &ccaron;estitke od predsednika \u0160vajcarske Konfederacije, Bugarske i od emira Katara - Predsednik Republike Kosovo - DR. VJOSA OSMANI - SADRIU -","robots":{"index":"index","follow":"follow","max-snippet":"max-snippet:-1","max-image-preview":"max-image-preview:large","max-video-preview":"max-video-preview:-1"},"canonical":"https:\/\/president-ksgov.net\/presidentja-osmani-merr-telegrame-urimi-nga-presidenti-i-konfederates-zvicerane-i-bullgarise-dhe-nga-emiri-i-katarit\/","og_locale":"sr_RS","og_type":"article","og_title":"Predsednica Osmani primila telegrame &ccaron;estitke od predsednika \u0160vajcarske Konfederacije, Bugarske i od emira Katara - Predsednik Republike Kosovo - DR. VJOSA OSMANI - SADRIU","og_description":"Predsednica Osmani primila telegrame &ccaron;estitke od predsednika \u0160vajcarske Konfederacije, Bugarske i od emira Katara - Predsednik Republike Kosovo - DR. VJOSA OSMANI - SADRIU -","og_url":"https:\/\/president-ksgov.net\/presidentja-osmani-merr-telegrame-urimi-nga-presidenti-i-konfederates-zvicerane-i-bullgarise-dhe-nga-emiri-i-katarit\/","og_site_name":"Predsednik Republike Kosovo - DR. VJOSA OSMANI - SADRIU","article_published_time":"2021-04-14T16:47:31+00:00","og_image":[{"width":960,"height":956,"url":"https:\/\/president-ksgov.net\/wp-content\/uploads\/14_04_2021_7320007_13_04_2021_6186075_presidentja_ceremonia.jpg","type":"image\/jpeg"}],"author":"admin","twitter_card":"summary_large_image","twitter_misc":{"\u041d\u0430\u043f\u0438\u0441\u0430\u043d\u043e \u043e\u0434":"admin","\u041f\u0440\u043e\u0446\u0435\u045a\u0435\u043d\u043e \u0432\u0440\u0435\u043c\u0435 \u0447\u0438\u0442\u0430\u045a\u0430":"1 \u043c\u0438\u043d\u0443\u0442"},"schema":{"@context":"https:\/\/schema.org","@graph":[{"@type":"WebPage","@id":"https:\/\/president-ksgov.net\/presidentja-osmani-merr-telegrame-urimi-nga-presidenti-i-konfederates-zvicerane-i-bullgarise-dhe-nga-emiri-i-katarit\/","url":"https:\/\/president-ksgov.net\/presidentja-osmani-merr-telegrame-urimi-nga-presidenti-i-konfederates-zvicerane-i-bullgarise-dhe-nga-emiri-i-katarit\/","name":"Predsednica Osmani primila telegrame &ccaron;estitke od predsednika \u0160vajcarske Konfederacije, Bugarske i od emira Katara - Predsednik Republike Kosovo - DR. VJOSA OSMANI - SADRIU","isPartOf":{"@id":"https:\/\/president-ksgov.net\/#website"},"primaryImageOfPage":{"@id":"https:\/\/president-ksgov.net\/presidentja-osmani-merr-telegrame-urimi-nga-presidenti-i-konfederates-zvicerane-i-bullgarise-dhe-nga-emiri-i-katarit\/#primaryimage"},"image":{"@id":"https:\/\/president-ksgov.net\/presidentja-osmani-merr-telegrame-urimi-nga-presidenti-i-konfederates-zvicerane-i-bullgarise-dhe-nga-emiri-i-katarit\/#primaryimage"},"thumbnailUrl":"https:\/\/president-ksgov.net\/wp-content\/uploads\/14_04_2021_7320007_13_04_2021_6186075_presidentja_ceremonia.jpg","datePublished":"2021-04-14T16:47:31+00:00","dateModified":"2021-04-14T16:47:31+00:00","author":{"@id":"https:\/\/president-ksgov.net\/#\/schema\/person\/bb4337a5fb147cb2046d80548172cbee"},"description":"Predsednica Osmani primila telegrame &ccaron;estitke od predsednika \u0160vajcarske Konfederacije, Bugarske i od emira Katara - Predsednik Republike Kosovo - DR. VJOSA OSMANI - SADRIU -","breadcrumb":{"@id":"https:\/\/president-ksgov.net\/presidentja-osmani-merr-telegrame-urimi-nga-presidenti-i-konfederates-zvicerane-i-bullgarise-dhe-nga-emiri-i-katarit\/#breadcrumb"},"inLanguage":"sr-RS","potentialAction":[{"@type":"ReadAction","target":["https:\/\/president-ksgov.net\/presidentja-osmani-merr-telegrame-urimi-nga-presidenti-i-konfederates-zvicerane-i-bullgarise-dhe-nga-emiri-i-katarit\/"]}]},{"@type":"ImageObject","inLanguage":"sr-RS","@id":"https:\/\/president-ksgov.net\/presidentja-osmani-merr-telegrame-urimi-nga-presidenti-i-konfederates-zvicerane-i-bullgarise-dhe-nga-emiri-i-katarit\/#primaryimage","url":"https:\/\/president-ksgov.net\/wp-content\/uploads\/14_04_2021_7320007_13_04_2021_6186075_presidentja_ceremonia.jpg","contentUrl":"https:\/\/president-ksgov.net\/wp-content\/uploads\/14_04_2021_7320007_13_04_2021_6186075_presidentja_ceremonia.jpg","width":960,"height":956},{"@type":"BreadcrumbList","@id":"https:\/\/president-ksgov.net\/presidentja-osmani-merr-telegrame-urimi-nga-presidenti-i-konfederates-zvicerane-i-bullgarise-dhe-nga-emiri-i-katarit\/#breadcrumb","itemListElement":[{"@type":"ListItem","position":1,"name":"Home","item":"https:\/\/president-ksgov.net\/sr\/"},{"@type":"ListItem","position":2,"name":"Predsednica Osmani primila telegrame &ccaron;estitke od predsednika \u0160vajcarske Konfederacije, Bugarske i od emira Katara"}]},{"@type":"WebSite","@id":"https:\/\/president-ksgov.net\/#website","url":"https:\/\/president-ksgov.net\/","name":"Presidente e Republik\u00ebs s\u00eb Kosov\u00ebs","description":"Presidente e Republik\u00ebs s\u00eb Kosov\u00ebs","alternateName":"DR. VJOSA OSMANI - SADRIU","potentialAction":[{"@type":"SearchAction","target":{"@type":"EntryPoint","urlTemplate":"https:\/\/president-ksgov.net\/?s={search_term_string}"},"query-input":{"@type":"PropertyValueSpecification","valueRequired":true,"valueName":"search_term_string"}}],"inLanguage":"sr-RS"},{"@type":"Person","@id":"https:\/\/president-ksgov.net\/#\/schema\/person\/bb4337a5fb147cb2046d80548172cbee","name":"admin","image":{"@type":"ImageObject","inLanguage":"sr-RS","@id":"https:\/\/president-ksgov.net\/#\/schema\/person\/image\/","url":"https:\/\/secure.gravatar.com\/avatar\/36156ca0fa3b8d9d25174f146e16beea0cf28f37adf1b9e19b6c9c279a7c9dd3?s=96&d=mm&r=g","contentUrl":"https:\/\/secure.gravatar.com\/avatar\/36156ca0fa3b8d9d25174f146e16beea0cf28f37adf1b9e19b6c9c279a7c9dd3?s=96&d=mm&r=g","caption":"admin"},"sameAs":["https:\/\/president-ksgov.net"]}]}},"_links":{"self":[{"href":"https:\/\/president-ksgov.net\/sr\/wp-json\/wp\/v2\/posts\/75120","targetHints":{"allow":["GET"]}}],"collection":[{"href":"https:\/\/president-ksgov.net\/sr\/wp-json\/wp\/v2\/posts"}],"about":[{"href":"https:\/\/president-ksgov.net\/sr\/wp-json\/wp\/v2\/types\/post"}],"author":[{"embeddable":true,"href":"https:\/\/president-ksgov.net\/sr\/wp-json\/wp\/v2\/users\/1"}],"replies":[{"embeddable":true,"href":"https:\/\/president-ksgov.net\/sr\/wp-json\/wp\/v2\/comments?post=75120"}],"version-history":[{"count":0,"href":"https:\/\/president-ksgov.net\/sr\/wp-json\/wp\/v2\/posts\/75120\/revisions"}],"wp:featuredmedia":[{"embeddable":true,"href":"https:\/\/president-ksgov.net\/sr\/wp-json\/wp\/v2\/media\/21313"}],"wp:attachment":[{"href":"https:\/\/president-ksgov.net\/sr\/wp-json\/wp\/v2\/media?parent=75120"}],"wp:term":[{"taxonomy":"category","embeddable":true,"href":"https:\/\/president-ksgov.net\/sr\/wp-json\/wp\/v2\/categories?post=75120"},{"taxonomy":"post_tag","embeddable":true,"href":"https:\/\/president-ksgov.net\/sr\/wp-json\/wp\/v2\/tags?post=75120"}],"curies":[{"name":"wp","href":"https:\/\/api.w.org\/{rel}","templated":true}]}}