{"id":75117,"date":"2021-04-15T12:15:05","date_gmt":"2021-04-15T12:15:05","guid":{"rendered":"https:\/\/dev.president-ksgov.net\/zajedniko-saopstenje-predsednice-predsednika-skupstine-i-premijera-kosova\/"},"modified":"2021-04-15T12:15:05","modified_gmt":"2021-04-15T12:15:05","slug":"zajedniko-saopstenje-predsednice-predsednika-skupstine-i-premijera-kosova","status":"publish","type":"post","link":"https:\/\/president-ksgov.net\/sr\/zajedniko-saopstenje-predsednice-predsednika-skupstine-i-premijera-kosova\/","title":{"rendered":"Zajedni&ccaron;ko saop\u0161tenje predsednice, predsednika Skup\u0161tine i premijera Kosova"},"content":{"rendered":"<p>Predsednica Osmani, predsednik Skup\u0161tine Konjufca i premijer Kurti do&ccaron;ekali su na upravnom sastanku udru&#382;enje \u201eThirrjet e N\u00ebnave\u201c (Zov majki)<\/p>\n<p>Zajedni&ccaron;ko saop\u0161tenje predsednice, predsednika Skup\u0161tine i premijera Kosova<\/p>\n<p>Predsednica Osmani, predsednik Skup\u0161tine Konjufca i premijer Kurti do&ccaron;ekali su na upravnom sastanku udru&#382;enje \u201eThirrjet e N\u00ebnave\u201c (Zov majki)<\/p>\n<p>Predsednica Vjosa Omsani je zajedno sa predsednikom Skup\u0161tine Kosova Glaukom Konjufcom i premijerom Albinom Kurtijem, kao i potpredsednicom Skup\u0161tine g&dstrok;om Saradnom Bogujevci danas na sastanku do&ccaron;ekala majke nestalih lica iz organizacije \u201cThirrjet e N\u00ebnave\u201d.<\/p>\n<p>Predsednica Osmani je rekla da su nestala lica zajedni&ccaron;ka rana.\u00a0\u00a0<\/p>\n<p>\u201eZa nove institucije, pronalazak va\u0161ih voljenih \u2013 &cacute;erki i sinova koji su sada svi kosovska deca, je prioritet. Posve&cacute;eni smo tome i obe&cacute;avamo vam da &cacute;emo neprekidno raditi kako bismo ih na\u0161li \u0161to je pre mogu&cacute;e\u201c, istakla je predsednica Osmani.<\/p>\n<p>Predsednik Skup\u0161tine Konjufca je istakao da bol zbog nestalih lica dele svi.<\/p>\n<p>\u201eKao i do sada, mi svi saose&cacute;amo sa vama. Vi ste dali va\u0161e najvoljenije i na&ccaron;inili ste uzvi\u0161enu &#382;rtvu\u00a0 kako bismo danas bili slobodni. S toga &cacute;emo raditi zajedno kako bismo obezbedili pravdu koja je zakasnila\u201c, istakao je predsednik Skup\u0161tine Konjufca.<\/p>\n<p>A premijer Kosova Albin Kurti je obe&cacute;ao maksimalno anga&#382;ovanje na osvetljavanju sudbine nestalih lica.<\/p>\n<p>\u201eBol i anksioznost koju vi do&#382;ivljavate su neuporedivi. Mi &cacute;emo konstantno raditi kako bismo vam garantovali va\u0161e pravo da saznate sudbinu va\u0161ih najvoljenijih\u201c, rekao je premijer Kurti.<\/p>\n<p>U ime udru&#382;enja \u201eThirrjet e n\u00ebnave\u201c g&dstrok;a Nusrete Kumnova se zahvalila liderima dr&#382;ave na do&ccaron;eku i razumevanju.<\/p>\n<p>\u201eSvi imamo nade i velika o&ccaron;ekivanja i nestrpljivo &ccaron;ekamo da se radi i deluje istinski kako bi se tretirale potrebe i zahtevi majki i porodica nestalih lica\u201c, rekla je Kumnova.<\/p>\n<p>Sva tri lidera su zagarantovala da &cacute;e nastaviti da stoje uz majke i porodice nestalih lica i da &cacute;e njihov prioritet biti rasvetljavanje njihove sudbine kao preduslov za obezbe&dstrok;ivanje pravde.<\/p>\n","protected":false},"excerpt":{"rendered":"<p>Predsednica Osmani, predsednik Skup\u0161tine Konjufca i premijer Kurti do&ccaron;ekali su na upravnom sastanku udru&#382;enje \u201eThirrjet e N\u00ebnave\u201c (Zov majki)<\/p>\n","protected":false},"author":1,"featured_media":21283,"comment_status":"open","ping_status":"closed","sticky":false,"template":"","format":"standard","meta":{"_eb_attr":"","footnotes":""},"categories":[101],"tags":[],"class_list":["post-75117","post","type-post","status-publish","format-standard","has-post-thumbnail","hentry","category-vesti"],"yoast_head":"<!-- This site is optimized with the Yoast SEO plugin v23.5 - https:\/\/yoast.com\/wordpress\/plugins\/seo\/ -->\n<title>Zajedni&amp;ccaron;ko saop\u0161tenje predsednice, predsednika Skup\u0161tine i premijera Kosova - Predsednik Republike Kosovo - DR. VJOSA OSMANI - SADRIU<\/title>\n<meta name=\"description\" content=\"Zajedni&amp;ccaron;ko saop\u0161tenje predsednice, predsednika Skup\u0161tine i premijera Kosova - Predsednik Republike Kosovo - DR. VJOSA OSMANI - SADRIU -\" \/>\n<meta name=\"robots\" content=\"index, follow, max-snippet:-1, max-image-preview:large, max-video-preview:-1\" \/>\n<link rel=\"canonical\" href=\"https:\/\/president-ksgov.net\/komunikate-e-perbashket-e-presidentes-kryetarit-te-kuvendit-dhe-e-kryeministrit-te-kosoves\/\" \/>\n<meta property=\"og:locale\" content=\"sr_RS\" \/>\n<meta property=\"og:type\" content=\"article\" \/>\n<meta property=\"og:title\" content=\"Zajedni&amp;ccaron;ko saop\u0161tenje predsednice, predsednika Skup\u0161tine i premijera Kosova - Predsednik Republike Kosovo - DR. VJOSA OSMANI - SADRIU\" \/>\n<meta property=\"og:description\" content=\"Zajedni&amp;ccaron;ko saop\u0161tenje predsednice, predsednika Skup\u0161tine i premijera Kosova - Predsednik Republike Kosovo - DR. VJOSA OSMANI - SADRIU -\" \/>\n<meta property=\"og:url\" content=\"https:\/\/president-ksgov.net\/komunikate-e-perbashket-e-presidentes-kryetarit-te-kuvendit-dhe-e-kryeministrit-te-kosoves\/\" \/>\n<meta property=\"og:site_name\" content=\"Predsednik Republike Kosovo - DR. VJOSA OSMANI - SADRIU\" \/>\n<meta property=\"article:published_time\" content=\"2021-04-15T12:15:05+00:00\" \/>\n<meta property=\"og:image\" content=\"https:\/\/president-ksgov.net\/wp-content\/uploads\/15_04_2021_7603897_Komunikate_e_perbashket_e_Presidentes__Kryetarit_te_Kuvendit_dhe_e_Kryeministrit_te_Kosoves_13.jpg\" \/>\n\t<meta property=\"og:image:width\" content=\"2048\" \/>\n\t<meta property=\"og:image:height\" content=\"1365\" \/>\n\t<meta property=\"og:image:type\" content=\"image\/jpeg\" \/>\n<meta name=\"author\" content=\"admin\" \/>\n<meta name=\"twitter:card\" content=\"summary_large_image\" \/>\n<meta name=\"twitter:label1\" content=\"\u041d\u0430\u043f\u0438\u0441\u0430\u043d\u043e \u043e\u0434\" \/>\n\t<meta name=\"twitter:data1\" content=\"admin\" \/>\n\t<meta name=\"twitter:label2\" content=\"\u041f\u0440\u043e\u0446\u0435\u045a\u0435\u043d\u043e \u0432\u0440\u0435\u043c\u0435 \u0447\u0438\u0442\u0430\u045a\u0430\" \/>\n\t<meta name=\"twitter:data2\" content=\"2 \u043c\u0438\u043d\u0443\u0442\u0430\" \/>\n<script type=\"application\/ld+json\" class=\"yoast-schema-graph\">{\"@context\":\"https:\/\/schema.org\",\"@graph\":[{\"@type\":\"WebPage\",\"@id\":\"https:\/\/president-ksgov.net\/komunikate-e-perbashket-e-presidentes-kryetarit-te-kuvendit-dhe-e-kryeministrit-te-kosoves\/\",\"url\":\"https:\/\/president-ksgov.net\/komunikate-e-perbashket-e-presidentes-kryetarit-te-kuvendit-dhe-e-kryeministrit-te-kosoves\/\",\"name\":\"Zajedni&ccaron;ko saop\u0161tenje predsednice, predsednika Skup\u0161tine i premijera Kosova - Predsednik Republike Kosovo - DR. VJOSA OSMANI - SADRIU\",\"isPartOf\":{\"@id\":\"https:\/\/president-ksgov.net\/#website\"},\"primaryImageOfPage\":{\"@id\":\"https:\/\/president-ksgov.net\/komunikate-e-perbashket-e-presidentes-kryetarit-te-kuvendit-dhe-e-kryeministrit-te-kosoves\/#primaryimage\"},\"image\":{\"@id\":\"https:\/\/president-ksgov.net\/komunikate-e-perbashket-e-presidentes-kryetarit-te-kuvendit-dhe-e-kryeministrit-te-kosoves\/#primaryimage\"},\"thumbnailUrl\":\"https:\/\/president-ksgov.net\/wp-content\/uploads\/15_04_2021_7603897_Komunikate_e_perbashket_e_Presidentes__Kryetarit_te_Kuvendit_dhe_e_Kryeministrit_te_Kosoves_13.jpg\",\"datePublished\":\"2021-04-15T12:15:05+00:00\",\"dateModified\":\"2021-04-15T12:15:05+00:00\",\"author\":{\"@id\":\"https:\/\/president-ksgov.net\/#\/schema\/person\/bb4337a5fb147cb2046d80548172cbee\"},\"description\":\"Zajedni&ccaron;ko saop\u0161tenje predsednice, predsednika Skup\u0161tine i premijera Kosova - Predsednik Republike Kosovo - DR. VJOSA OSMANI - SADRIU -\",\"breadcrumb\":{\"@id\":\"https:\/\/president-ksgov.net\/komunikate-e-perbashket-e-presidentes-kryetarit-te-kuvendit-dhe-e-kryeministrit-te-kosoves\/#breadcrumb\"},\"inLanguage\":\"sr-RS\",\"potentialAction\":[{\"@type\":\"ReadAction\",\"target\":[\"https:\/\/president-ksgov.net\/komunikate-e-perbashket-e-presidentes-kryetarit-te-kuvendit-dhe-e-kryeministrit-te-kosoves\/\"]}]},{\"@type\":\"ImageObject\",\"inLanguage\":\"sr-RS\",\"@id\":\"https:\/\/president-ksgov.net\/komunikate-e-perbashket-e-presidentes-kryetarit-te-kuvendit-dhe-e-kryeministrit-te-kosoves\/#primaryimage\",\"url\":\"https:\/\/president-ksgov.net\/wp-content\/uploads\/15_04_2021_7603897_Komunikate_e_perbashket_e_Presidentes__Kryetarit_te_Kuvendit_dhe_e_Kryeministrit_te_Kosoves_13.jpg\",\"contentUrl\":\"https:\/\/president-ksgov.net\/wp-content\/uploads\/15_04_2021_7603897_Komunikate_e_perbashket_e_Presidentes__Kryetarit_te_Kuvendit_dhe_e_Kryeministrit_te_Kosoves_13.jpg\",\"width\":2048,\"height\":1365},{\"@type\":\"BreadcrumbList\",\"@id\":\"https:\/\/president-ksgov.net\/komunikate-e-perbashket-e-presidentes-kryetarit-te-kuvendit-dhe-e-kryeministrit-te-kosoves\/#breadcrumb\",\"itemListElement\":[{\"@type\":\"ListItem\",\"position\":1,\"name\":\"Home\",\"item\":\"https:\/\/president-ksgov.net\/sr\/\"},{\"@type\":\"ListItem\",\"position\":2,\"name\":\"Zajedni&ccaron;ko saop\u0161tenje predsednice, predsednika Skup\u0161tine i premijera Kosova\"}]},{\"@type\":\"WebSite\",\"@id\":\"https:\/\/president-ksgov.net\/#website\",\"url\":\"https:\/\/president-ksgov.net\/\",\"name\":\"Presidente e Republik\u00ebs s\u00eb Kosov\u00ebs\",\"description\":\"Presidente e Republik\u00ebs s\u00eb Kosov\u00ebs\",\"alternateName\":\"DR. VJOSA OSMANI - SADRIU\",\"potentialAction\":[{\"@type\":\"SearchAction\",\"target\":{\"@type\":\"EntryPoint\",\"urlTemplate\":\"https:\/\/president-ksgov.net\/?s={search_term_string}\"},\"query-input\":{\"@type\":\"PropertyValueSpecification\",\"valueRequired\":true,\"valueName\":\"search_term_string\"}}],\"inLanguage\":\"sr-RS\"},{\"@type\":\"Person\",\"@id\":\"https:\/\/president-ksgov.net\/#\/schema\/person\/bb4337a5fb147cb2046d80548172cbee\",\"name\":\"admin\",\"image\":{\"@type\":\"ImageObject\",\"inLanguage\":\"sr-RS\",\"@id\":\"https:\/\/president-ksgov.net\/#\/schema\/person\/image\/\",\"url\":\"https:\/\/secure.gravatar.com\/avatar\/36156ca0fa3b8d9d25174f146e16beea0cf28f37adf1b9e19b6c9c279a7c9dd3?s=96&d=mm&r=g\",\"contentUrl\":\"https:\/\/secure.gravatar.com\/avatar\/36156ca0fa3b8d9d25174f146e16beea0cf28f37adf1b9e19b6c9c279a7c9dd3?s=96&d=mm&r=g\",\"caption\":\"admin\"},\"sameAs\":[\"https:\/\/president-ksgov.net\"]}]}<\/script>\n<!-- \/ Yoast SEO plugin. -->","yoast_head_json":{"title":"Zajedni&ccaron;ko saop\u0161tenje predsednice, predsednika Skup\u0161tine i premijera Kosova - Predsednik Republike Kosovo - DR. VJOSA OSMANI - SADRIU","description":"Zajedni&ccaron;ko saop\u0161tenje predsednice, predsednika Skup\u0161tine i premijera Kosova - Predsednik Republike Kosovo - DR. VJOSA OSMANI - SADRIU -","robots":{"index":"index","follow":"follow","max-snippet":"max-snippet:-1","max-image-preview":"max-image-preview:large","max-video-preview":"max-video-preview:-1"},"canonical":"https:\/\/president-ksgov.net\/komunikate-e-perbashket-e-presidentes-kryetarit-te-kuvendit-dhe-e-kryeministrit-te-kosoves\/","og_locale":"sr_RS","og_type":"article","og_title":"Zajedni&ccaron;ko saop\u0161tenje predsednice, predsednika Skup\u0161tine i premijera Kosova - Predsednik Republike Kosovo - DR. VJOSA OSMANI - SADRIU","og_description":"Zajedni&ccaron;ko saop\u0161tenje predsednice, predsednika Skup\u0161tine i premijera Kosova - Predsednik Republike Kosovo - DR. VJOSA OSMANI - SADRIU -","og_url":"https:\/\/president-ksgov.net\/komunikate-e-perbashket-e-presidentes-kryetarit-te-kuvendit-dhe-e-kryeministrit-te-kosoves\/","og_site_name":"Predsednik Republike Kosovo - DR. VJOSA OSMANI - SADRIU","article_published_time":"2021-04-15T12:15:05+00:00","og_image":[{"width":2048,"height":1365,"url":"https:\/\/president-ksgov.net\/wp-content\/uploads\/15_04_2021_7603897_Komunikate_e_perbashket_e_Presidentes__Kryetarit_te_Kuvendit_dhe_e_Kryeministrit_te_Kosoves_13.jpg","type":"image\/jpeg"}],"author":"admin","twitter_card":"summary_large_image","twitter_misc":{"\u041d\u0430\u043f\u0438\u0441\u0430\u043d\u043e \u043e\u0434":"admin","\u041f\u0440\u043e\u0446\u0435\u045a\u0435\u043d\u043e \u0432\u0440\u0435\u043c\u0435 \u0447\u0438\u0442\u0430\u045a\u0430":"2 \u043c\u0438\u043d\u0443\u0442\u0430"},"schema":{"@context":"https:\/\/schema.org","@graph":[{"@type":"WebPage","@id":"https:\/\/president-ksgov.net\/komunikate-e-perbashket-e-presidentes-kryetarit-te-kuvendit-dhe-e-kryeministrit-te-kosoves\/","url":"https:\/\/president-ksgov.net\/komunikate-e-perbashket-e-presidentes-kryetarit-te-kuvendit-dhe-e-kryeministrit-te-kosoves\/","name":"Zajedni&ccaron;ko saop\u0161tenje predsednice, predsednika Skup\u0161tine i premijera Kosova - Predsednik Republike Kosovo - DR. VJOSA OSMANI - SADRIU","isPartOf":{"@id":"https:\/\/president-ksgov.net\/#website"},"primaryImageOfPage":{"@id":"https:\/\/president-ksgov.net\/komunikate-e-perbashket-e-presidentes-kryetarit-te-kuvendit-dhe-e-kryeministrit-te-kosoves\/#primaryimage"},"image":{"@id":"https:\/\/president-ksgov.net\/komunikate-e-perbashket-e-presidentes-kryetarit-te-kuvendit-dhe-e-kryeministrit-te-kosoves\/#primaryimage"},"thumbnailUrl":"https:\/\/president-ksgov.net\/wp-content\/uploads\/15_04_2021_7603897_Komunikate_e_perbashket_e_Presidentes__Kryetarit_te_Kuvendit_dhe_e_Kryeministrit_te_Kosoves_13.jpg","datePublished":"2021-04-15T12:15:05+00:00","dateModified":"2021-04-15T12:15:05+00:00","author":{"@id":"https:\/\/president-ksgov.net\/#\/schema\/person\/bb4337a5fb147cb2046d80548172cbee"},"description":"Zajedni&ccaron;ko saop\u0161tenje predsednice, predsednika Skup\u0161tine i premijera Kosova - Predsednik Republike Kosovo - DR. VJOSA OSMANI - SADRIU -","breadcrumb":{"@id":"https:\/\/president-ksgov.net\/komunikate-e-perbashket-e-presidentes-kryetarit-te-kuvendit-dhe-e-kryeministrit-te-kosoves\/#breadcrumb"},"inLanguage":"sr-RS","potentialAction":[{"@type":"ReadAction","target":["https:\/\/president-ksgov.net\/komunikate-e-perbashket-e-presidentes-kryetarit-te-kuvendit-dhe-e-kryeministrit-te-kosoves\/"]}]},{"@type":"ImageObject","inLanguage":"sr-RS","@id":"https:\/\/president-ksgov.net\/komunikate-e-perbashket-e-presidentes-kryetarit-te-kuvendit-dhe-e-kryeministrit-te-kosoves\/#primaryimage","url":"https:\/\/president-ksgov.net\/wp-content\/uploads\/15_04_2021_7603897_Komunikate_e_perbashket_e_Presidentes__Kryetarit_te_Kuvendit_dhe_e_Kryeministrit_te_Kosoves_13.jpg","contentUrl":"https:\/\/president-ksgov.net\/wp-content\/uploads\/15_04_2021_7603897_Komunikate_e_perbashket_e_Presidentes__Kryetarit_te_Kuvendit_dhe_e_Kryeministrit_te_Kosoves_13.jpg","width":2048,"height":1365},{"@type":"BreadcrumbList","@id":"https:\/\/president-ksgov.net\/komunikate-e-perbashket-e-presidentes-kryetarit-te-kuvendit-dhe-e-kryeministrit-te-kosoves\/#breadcrumb","itemListElement":[{"@type":"ListItem","position":1,"name":"Home","item":"https:\/\/president-ksgov.net\/sr\/"},{"@type":"ListItem","position":2,"name":"Zajedni&ccaron;ko saop\u0161tenje predsednice, predsednika Skup\u0161tine i premijera Kosova"}]},{"@type":"WebSite","@id":"https:\/\/president-ksgov.net\/#website","url":"https:\/\/president-ksgov.net\/","name":"Presidente e Republik\u00ebs s\u00eb Kosov\u00ebs","description":"Presidente e Republik\u00ebs s\u00eb Kosov\u00ebs","alternateName":"DR. VJOSA OSMANI - SADRIU","potentialAction":[{"@type":"SearchAction","target":{"@type":"EntryPoint","urlTemplate":"https:\/\/president-ksgov.net\/?s={search_term_string}"},"query-input":{"@type":"PropertyValueSpecification","valueRequired":true,"valueName":"search_term_string"}}],"inLanguage":"sr-RS"},{"@type":"Person","@id":"https:\/\/president-ksgov.net\/#\/schema\/person\/bb4337a5fb147cb2046d80548172cbee","name":"admin","image":{"@type":"ImageObject","inLanguage":"sr-RS","@id":"https:\/\/president-ksgov.net\/#\/schema\/person\/image\/","url":"https:\/\/secure.gravatar.com\/avatar\/36156ca0fa3b8d9d25174f146e16beea0cf28f37adf1b9e19b6c9c279a7c9dd3?s=96&d=mm&r=g","contentUrl":"https:\/\/secure.gravatar.com\/avatar\/36156ca0fa3b8d9d25174f146e16beea0cf28f37adf1b9e19b6c9c279a7c9dd3?s=96&d=mm&r=g","caption":"admin"},"sameAs":["https:\/\/president-ksgov.net"]}]}},"_links":{"self":[{"href":"https:\/\/president-ksgov.net\/sr\/wp-json\/wp\/v2\/posts\/75117","targetHints":{"allow":["GET"]}}],"collection":[{"href":"https:\/\/president-ksgov.net\/sr\/wp-json\/wp\/v2\/posts"}],"about":[{"href":"https:\/\/president-ksgov.net\/sr\/wp-json\/wp\/v2\/types\/post"}],"author":[{"embeddable":true,"href":"https:\/\/president-ksgov.net\/sr\/wp-json\/wp\/v2\/users\/1"}],"replies":[{"embeddable":true,"href":"https:\/\/president-ksgov.net\/sr\/wp-json\/wp\/v2\/comments?post=75117"}],"version-history":[{"count":0,"href":"https:\/\/president-ksgov.net\/sr\/wp-json\/wp\/v2\/posts\/75117\/revisions"}],"wp:featuredmedia":[{"embeddable":true,"href":"https:\/\/president-ksgov.net\/sr\/wp-json\/wp\/v2\/media\/21283"}],"wp:attachment":[{"href":"https:\/\/president-ksgov.net\/sr\/wp-json\/wp\/v2\/media?parent=75117"}],"wp:term":[{"taxonomy":"category","embeddable":true,"href":"https:\/\/president-ksgov.net\/sr\/wp-json\/wp\/v2\/categories?post=75117"},{"taxonomy":"post_tag","embeddable":true,"href":"https:\/\/president-ksgov.net\/sr\/wp-json\/wp\/v2\/tags?post=75117"}],"curies":[{"name":"wp","href":"https:\/\/api.w.org\/{rel}","templated":true}]}}