{"id":75115,"date":"2021-04-15T13:33:30","date_gmt":"2021-04-15T13:33:30","guid":{"rendered":"https:\/\/dev.president-ksgov.net\/predsednica-osmani-doekala-na-sastanku-hrvatsku-ambasadorku-na-kosovu-gu-danijelu-barisi\/"},"modified":"2021-04-15T13:33:30","modified_gmt":"2021-04-15T13:33:30","slug":"predsednica-osmani-doekala-na-sastanku-hrvatsku-ambasadorku-na-kosovu-gu-danijelu-barisi","status":"publish","type":"post","link":"https:\/\/president-ksgov.net\/sr\/predsednica-osmani-doekala-na-sastanku-hrvatsku-ambasadorku-na-kosovu-gu-danijelu-barisi\/","title":{"rendered":"Predsednica Osmani do&ccaron;ekala na sastanku hrvatsku ambasadorku na Kosovu g&dstrok;u Danijelu Bari\u0161i&cacute;"},"content":{"rendered":"<p>Predsednica Republike Kosovo Vjosa Osmani do&ccaron;ekala je danas na sastanku hrvatsku ambasadorku na Kosovu g&dstrok;u Danijelu Bari\u0161i&cacute;, koja joj je &ccaron;estitala na novoj du&#382;nosti i po&#382;elela joj uspeha u daljem anga&#382;ovanju.<\/p>\n<p>Ambasadorka Bari\u0161i&cacute; je izrazila spremnost hrvatske dr&#382;ave za produbljenje saradnje izme&dstrok;u dve dr&#382;ave, isti&ccaron;u&cacute;i da je ona rana i da datira jo\u0161 iz devedesetih godina.\u00a0<\/p>\n<p>Predsednica Osmani se zahvalila ambasadorki Bari\u0161i&cacute; na podr\u0161ci Hrvatske Kosovu u raznim periodima i tako&dstrok;e je izrazila spremnost na me&dstrok;udr&#382;avnu saradnju koja se ti&ccaron;e interesnih sfera obe strane.\u00a0<\/p>\n<p>U tom kontekstu predsednica Osmani je pomenula situaciju sa pandemijom, isti&ccaron;u&cacute;i &ccaron;injenicu da kosovske institucije &ccaron;ine nemogu&cacute;e da u \u0161to kra&cacute;em roku obezbede neophodnu koli&ccaron;inu vakcina svim gra&dstrok;anima. Ona je istakla da ovo vreme zahteva globalnu solidarnost, pa je zato izrazila i nadu u pomo&cacute; dr&#382;ava prijatelja u obezbe&dstrok;ivanju vakcina.\u00a0<\/p>\n","protected":false},"excerpt":{"rendered":"<p>Predsednica Republike Kosovo Vjosa Osmani do&ccaron;ekala je danas na sastanku hrvatsku ambasadorku na Kosovu g&dstrok;u Danijelu Bari\u0161i&cacute;, koja joj je &ccaron;estitala na novoj du&#382;nosti i po&#382;elela joj uspeha u daljem anga&#382;ovanju.<\/p>\n","protected":false},"author":1,"featured_media":21266,"comment_status":"open","ping_status":"closed","sticky":false,"template":"","format":"standard","meta":{"_eb_attr":"","footnotes":""},"categories":[101],"tags":[],"class_list":["post-75115","post","type-post","status-publish","format-standard","has-post-thumbnail","hentry","category-vesti"],"yoast_head":"<!-- This site is optimized with the Yoast SEO plugin v23.5 - https:\/\/yoast.com\/wordpress\/plugins\/seo\/ -->\n<title>Predsednica Osmani do&amp;ccaron;ekala na sastanku hrvatsku ambasadorku na Kosovu g&amp;dstrok;u Danijelu Bari\u0161i&amp;cacute; - Predsednik Republike Kosovo - DR. VJOSA OSMANI - SADRIU<\/title>\n<meta name=\"description\" content=\"Predsednica Osmani do&amp;ccaron;ekala na sastanku hrvatsku ambasadorku na Kosovu g&amp;dstrok;u Danijelu Bari\u0161i&amp;cacute; - Predsednik Republike Kosovo - DR. VJOSA OSMANI - SADRIU -\" \/>\n<meta name=\"robots\" content=\"index, follow, max-snippet:-1, max-image-preview:large, max-video-preview:-1\" \/>\n<link rel=\"canonical\" href=\"https:\/\/president-ksgov.net\/presidentja-osmani-priti-ne-takim-ambasadoren-kroate-ne-kosove-znj-danijela-barisi\/\" \/>\n<meta property=\"og:locale\" content=\"sr_RS\" \/>\n<meta property=\"og:type\" content=\"article\" \/>\n<meta property=\"og:title\" content=\"Predsednica Osmani do&amp;ccaron;ekala na sastanku hrvatsku ambasadorku na Kosovu g&amp;dstrok;u Danijelu Bari\u0161i&amp;cacute; - Predsednik Republike Kosovo - DR. VJOSA OSMANI - SADRIU\" \/>\n<meta property=\"og:description\" content=\"Predsednica Osmani do&amp;ccaron;ekala na sastanku hrvatsku ambasadorku na Kosovu g&amp;dstrok;u Danijelu Bari\u0161i&amp;cacute; - Predsednik Republike Kosovo - DR. VJOSA OSMANI - SADRIU -\" \/>\n<meta property=\"og:url\" content=\"https:\/\/president-ksgov.net\/presidentja-osmani-priti-ne-takim-ambasadoren-kroate-ne-kosove-znj-danijela-barisi\/\" \/>\n<meta property=\"og:site_name\" content=\"Predsednik Republike Kosovo - DR. VJOSA OSMANI - SADRIU\" \/>\n<meta property=\"article:published_time\" content=\"2021-04-15T13:33:30+00:00\" \/>\n<meta property=\"og:image\" content=\"https:\/\/president-ksgov.net\/wp-content\/uploads\/15_04_2021_129424_Presidentja_Osmani_priti_ne_takim_ambasadoren_kroate_ne_Kosove__znj__Danijela_Bari__i___2.jpg\" \/>\n\t<meta property=\"og:image:width\" content=\"2048\" \/>\n\t<meta property=\"og:image:height\" content=\"1365\" \/>\n\t<meta property=\"og:image:type\" content=\"image\/jpeg\" \/>\n<meta name=\"author\" content=\"admin\" \/>\n<meta name=\"twitter:card\" content=\"summary_large_image\" \/>\n<meta name=\"twitter:label1\" content=\"\u041d\u0430\u043f\u0438\u0441\u0430\u043d\u043e \u043e\u0434\" \/>\n\t<meta name=\"twitter:data1\" content=\"admin\" \/>\n\t<meta name=\"twitter:label2\" content=\"\u041f\u0440\u043e\u0446\u0435\u045a\u0435\u043d\u043e \u0432\u0440\u0435\u043c\u0435 \u0447\u0438\u0442\u0430\u045a\u0430\" \/>\n\t<meta name=\"twitter:data2\" content=\"1 \u043c\u0438\u043d\u0443\u0442\" \/>\n<script type=\"application\/ld+json\" class=\"yoast-schema-graph\">{\"@context\":\"https:\/\/schema.org\",\"@graph\":[{\"@type\":\"WebPage\",\"@id\":\"https:\/\/president-ksgov.net\/presidentja-osmani-priti-ne-takim-ambasadoren-kroate-ne-kosove-znj-danijela-barisi\/\",\"url\":\"https:\/\/president-ksgov.net\/presidentja-osmani-priti-ne-takim-ambasadoren-kroate-ne-kosove-znj-danijela-barisi\/\",\"name\":\"Predsednica Osmani do&ccaron;ekala na sastanku hrvatsku ambasadorku na Kosovu g&dstrok;u Danijelu Bari\u0161i&cacute; - Predsednik Republike Kosovo - DR. VJOSA OSMANI - SADRIU\",\"isPartOf\":{\"@id\":\"https:\/\/president-ksgov.net\/#website\"},\"primaryImageOfPage\":{\"@id\":\"https:\/\/president-ksgov.net\/presidentja-osmani-priti-ne-takim-ambasadoren-kroate-ne-kosove-znj-danijela-barisi\/#primaryimage\"},\"image\":{\"@id\":\"https:\/\/president-ksgov.net\/presidentja-osmani-priti-ne-takim-ambasadoren-kroate-ne-kosove-znj-danijela-barisi\/#primaryimage\"},\"thumbnailUrl\":\"https:\/\/president-ksgov.net\/wp-content\/uploads\/15_04_2021_129424_Presidentja_Osmani_priti_ne_takim_ambasadoren_kroate_ne_Kosove__znj__Danijela_Bari__i___2.jpg\",\"datePublished\":\"2021-04-15T13:33:30+00:00\",\"dateModified\":\"2021-04-15T13:33:30+00:00\",\"author\":{\"@id\":\"https:\/\/president-ksgov.net\/#\/schema\/person\/bb4337a5fb147cb2046d80548172cbee\"},\"description\":\"Predsednica Osmani do&ccaron;ekala na sastanku hrvatsku ambasadorku na Kosovu g&dstrok;u Danijelu Bari\u0161i&cacute; - Predsednik Republike Kosovo - DR. VJOSA OSMANI - SADRIU -\",\"breadcrumb\":{\"@id\":\"https:\/\/president-ksgov.net\/presidentja-osmani-priti-ne-takim-ambasadoren-kroate-ne-kosove-znj-danijela-barisi\/#breadcrumb\"},\"inLanguage\":\"sr-RS\",\"potentialAction\":[{\"@type\":\"ReadAction\",\"target\":[\"https:\/\/president-ksgov.net\/presidentja-osmani-priti-ne-takim-ambasadoren-kroate-ne-kosove-znj-danijela-barisi\/\"]}]},{\"@type\":\"ImageObject\",\"inLanguage\":\"sr-RS\",\"@id\":\"https:\/\/president-ksgov.net\/presidentja-osmani-priti-ne-takim-ambasadoren-kroate-ne-kosove-znj-danijela-barisi\/#primaryimage\",\"url\":\"https:\/\/president-ksgov.net\/wp-content\/uploads\/15_04_2021_129424_Presidentja_Osmani_priti_ne_takim_ambasadoren_kroate_ne_Kosove__znj__Danijela_Bari__i___2.jpg\",\"contentUrl\":\"https:\/\/president-ksgov.net\/wp-content\/uploads\/15_04_2021_129424_Presidentja_Osmani_priti_ne_takim_ambasadoren_kroate_ne_Kosove__znj__Danijela_Bari__i___2.jpg\",\"width\":2048,\"height\":1365},{\"@type\":\"BreadcrumbList\",\"@id\":\"https:\/\/president-ksgov.net\/presidentja-osmani-priti-ne-takim-ambasadoren-kroate-ne-kosove-znj-danijela-barisi\/#breadcrumb\",\"itemListElement\":[{\"@type\":\"ListItem\",\"position\":1,\"name\":\"Home\",\"item\":\"https:\/\/president-ksgov.net\/sr\/\"},{\"@type\":\"ListItem\",\"position\":2,\"name\":\"Predsednica Osmani do&ccaron;ekala na sastanku hrvatsku ambasadorku na Kosovu g&dstrok;u Danijelu Bari\u0161i&cacute;\"}]},{\"@type\":\"WebSite\",\"@id\":\"https:\/\/president-ksgov.net\/#website\",\"url\":\"https:\/\/president-ksgov.net\/\",\"name\":\"Presidente e Republik\u00ebs s\u00eb Kosov\u00ebs\",\"description\":\"Presidente e Republik\u00ebs s\u00eb Kosov\u00ebs\",\"alternateName\":\"DR. VJOSA OSMANI - SADRIU\",\"potentialAction\":[{\"@type\":\"SearchAction\",\"target\":{\"@type\":\"EntryPoint\",\"urlTemplate\":\"https:\/\/president-ksgov.net\/?s={search_term_string}\"},\"query-input\":{\"@type\":\"PropertyValueSpecification\",\"valueRequired\":true,\"valueName\":\"search_term_string\"}}],\"inLanguage\":\"sr-RS\"},{\"@type\":\"Person\",\"@id\":\"https:\/\/president-ksgov.net\/#\/schema\/person\/bb4337a5fb147cb2046d80548172cbee\",\"name\":\"admin\",\"image\":{\"@type\":\"ImageObject\",\"inLanguage\":\"sr-RS\",\"@id\":\"https:\/\/president-ksgov.net\/#\/schema\/person\/image\/\",\"url\":\"https:\/\/secure.gravatar.com\/avatar\/36156ca0fa3b8d9d25174f146e16beea0cf28f37adf1b9e19b6c9c279a7c9dd3?s=96&d=mm&r=g\",\"contentUrl\":\"https:\/\/secure.gravatar.com\/avatar\/36156ca0fa3b8d9d25174f146e16beea0cf28f37adf1b9e19b6c9c279a7c9dd3?s=96&d=mm&r=g\",\"caption\":\"admin\"},\"sameAs\":[\"https:\/\/president-ksgov.net\"]}]}<\/script>\n<!-- \/ Yoast SEO plugin. -->","yoast_head_json":{"title":"Predsednica Osmani do&ccaron;ekala na sastanku hrvatsku ambasadorku na Kosovu g&dstrok;u Danijelu Bari\u0161i&cacute; - Predsednik Republike Kosovo - DR. VJOSA OSMANI - SADRIU","description":"Predsednica Osmani do&ccaron;ekala na sastanku hrvatsku ambasadorku na Kosovu g&dstrok;u Danijelu Bari\u0161i&cacute; - Predsednik Republike Kosovo - DR. VJOSA OSMANI - SADRIU -","robots":{"index":"index","follow":"follow","max-snippet":"max-snippet:-1","max-image-preview":"max-image-preview:large","max-video-preview":"max-video-preview:-1"},"canonical":"https:\/\/president-ksgov.net\/presidentja-osmani-priti-ne-takim-ambasadoren-kroate-ne-kosove-znj-danijela-barisi\/","og_locale":"sr_RS","og_type":"article","og_title":"Predsednica Osmani do&ccaron;ekala na sastanku hrvatsku ambasadorku na Kosovu g&dstrok;u Danijelu Bari\u0161i&cacute; - Predsednik Republike Kosovo - DR. VJOSA OSMANI - SADRIU","og_description":"Predsednica Osmani do&ccaron;ekala na sastanku hrvatsku ambasadorku na Kosovu g&dstrok;u Danijelu Bari\u0161i&cacute; - Predsednik Republike Kosovo - DR. VJOSA OSMANI - SADRIU -","og_url":"https:\/\/president-ksgov.net\/presidentja-osmani-priti-ne-takim-ambasadoren-kroate-ne-kosove-znj-danijela-barisi\/","og_site_name":"Predsednik Republike Kosovo - DR. VJOSA OSMANI - SADRIU","article_published_time":"2021-04-15T13:33:30+00:00","og_image":[{"width":2048,"height":1365,"url":"https:\/\/president-ksgov.net\/wp-content\/uploads\/15_04_2021_129424_Presidentja_Osmani_priti_ne_takim_ambasadoren_kroate_ne_Kosove__znj__Danijela_Bari__i___2.jpg","type":"image\/jpeg"}],"author":"admin","twitter_card":"summary_large_image","twitter_misc":{"\u041d\u0430\u043f\u0438\u0441\u0430\u043d\u043e \u043e\u0434":"admin","\u041f\u0440\u043e\u0446\u0435\u045a\u0435\u043d\u043e \u0432\u0440\u0435\u043c\u0435 \u0447\u0438\u0442\u0430\u045a\u0430":"1 \u043c\u0438\u043d\u0443\u0442"},"schema":{"@context":"https:\/\/schema.org","@graph":[{"@type":"WebPage","@id":"https:\/\/president-ksgov.net\/presidentja-osmani-priti-ne-takim-ambasadoren-kroate-ne-kosove-znj-danijela-barisi\/","url":"https:\/\/president-ksgov.net\/presidentja-osmani-priti-ne-takim-ambasadoren-kroate-ne-kosove-znj-danijela-barisi\/","name":"Predsednica Osmani do&ccaron;ekala na sastanku hrvatsku ambasadorku na Kosovu g&dstrok;u Danijelu Bari\u0161i&cacute; - Predsednik Republike Kosovo - DR. VJOSA OSMANI - SADRIU","isPartOf":{"@id":"https:\/\/president-ksgov.net\/#website"},"primaryImageOfPage":{"@id":"https:\/\/president-ksgov.net\/presidentja-osmani-priti-ne-takim-ambasadoren-kroate-ne-kosove-znj-danijela-barisi\/#primaryimage"},"image":{"@id":"https:\/\/president-ksgov.net\/presidentja-osmani-priti-ne-takim-ambasadoren-kroate-ne-kosove-znj-danijela-barisi\/#primaryimage"},"thumbnailUrl":"https:\/\/president-ksgov.net\/wp-content\/uploads\/15_04_2021_129424_Presidentja_Osmani_priti_ne_takim_ambasadoren_kroate_ne_Kosove__znj__Danijela_Bari__i___2.jpg","datePublished":"2021-04-15T13:33:30+00:00","dateModified":"2021-04-15T13:33:30+00:00","author":{"@id":"https:\/\/president-ksgov.net\/#\/schema\/person\/bb4337a5fb147cb2046d80548172cbee"},"description":"Predsednica Osmani do&ccaron;ekala na sastanku hrvatsku ambasadorku na Kosovu g&dstrok;u Danijelu Bari\u0161i&cacute; - Predsednik Republike Kosovo - DR. VJOSA OSMANI - SADRIU -","breadcrumb":{"@id":"https:\/\/president-ksgov.net\/presidentja-osmani-priti-ne-takim-ambasadoren-kroate-ne-kosove-znj-danijela-barisi\/#breadcrumb"},"inLanguage":"sr-RS","potentialAction":[{"@type":"ReadAction","target":["https:\/\/president-ksgov.net\/presidentja-osmani-priti-ne-takim-ambasadoren-kroate-ne-kosove-znj-danijela-barisi\/"]}]},{"@type":"ImageObject","inLanguage":"sr-RS","@id":"https:\/\/president-ksgov.net\/presidentja-osmani-priti-ne-takim-ambasadoren-kroate-ne-kosove-znj-danijela-barisi\/#primaryimage","url":"https:\/\/president-ksgov.net\/wp-content\/uploads\/15_04_2021_129424_Presidentja_Osmani_priti_ne_takim_ambasadoren_kroate_ne_Kosove__znj__Danijela_Bari__i___2.jpg","contentUrl":"https:\/\/president-ksgov.net\/wp-content\/uploads\/15_04_2021_129424_Presidentja_Osmani_priti_ne_takim_ambasadoren_kroate_ne_Kosove__znj__Danijela_Bari__i___2.jpg","width":2048,"height":1365},{"@type":"BreadcrumbList","@id":"https:\/\/president-ksgov.net\/presidentja-osmani-priti-ne-takim-ambasadoren-kroate-ne-kosove-znj-danijela-barisi\/#breadcrumb","itemListElement":[{"@type":"ListItem","position":1,"name":"Home","item":"https:\/\/president-ksgov.net\/sr\/"},{"@type":"ListItem","position":2,"name":"Predsednica Osmani do&ccaron;ekala na sastanku hrvatsku ambasadorku na Kosovu g&dstrok;u Danijelu Bari\u0161i&cacute;"}]},{"@type":"WebSite","@id":"https:\/\/president-ksgov.net\/#website","url":"https:\/\/president-ksgov.net\/","name":"Presidente e Republik\u00ebs s\u00eb Kosov\u00ebs","description":"Presidente e Republik\u00ebs s\u00eb Kosov\u00ebs","alternateName":"DR. VJOSA OSMANI - SADRIU","potentialAction":[{"@type":"SearchAction","target":{"@type":"EntryPoint","urlTemplate":"https:\/\/president-ksgov.net\/?s={search_term_string}"},"query-input":{"@type":"PropertyValueSpecification","valueRequired":true,"valueName":"search_term_string"}}],"inLanguage":"sr-RS"},{"@type":"Person","@id":"https:\/\/president-ksgov.net\/#\/schema\/person\/bb4337a5fb147cb2046d80548172cbee","name":"admin","image":{"@type":"ImageObject","inLanguage":"sr-RS","@id":"https:\/\/president-ksgov.net\/#\/schema\/person\/image\/","url":"https:\/\/secure.gravatar.com\/avatar\/36156ca0fa3b8d9d25174f146e16beea0cf28f37adf1b9e19b6c9c279a7c9dd3?s=96&d=mm&r=g","contentUrl":"https:\/\/secure.gravatar.com\/avatar\/36156ca0fa3b8d9d25174f146e16beea0cf28f37adf1b9e19b6c9c279a7c9dd3?s=96&d=mm&r=g","caption":"admin"},"sameAs":["https:\/\/president-ksgov.net"]}]}},"_links":{"self":[{"href":"https:\/\/president-ksgov.net\/sr\/wp-json\/wp\/v2\/posts\/75115","targetHints":{"allow":["GET"]}}],"collection":[{"href":"https:\/\/president-ksgov.net\/sr\/wp-json\/wp\/v2\/posts"}],"about":[{"href":"https:\/\/president-ksgov.net\/sr\/wp-json\/wp\/v2\/types\/post"}],"author":[{"embeddable":true,"href":"https:\/\/president-ksgov.net\/sr\/wp-json\/wp\/v2\/users\/1"}],"replies":[{"embeddable":true,"href":"https:\/\/president-ksgov.net\/sr\/wp-json\/wp\/v2\/comments?post=75115"}],"version-history":[{"count":0,"href":"https:\/\/president-ksgov.net\/sr\/wp-json\/wp\/v2\/posts\/75115\/revisions"}],"wp:featuredmedia":[{"embeddable":true,"href":"https:\/\/president-ksgov.net\/sr\/wp-json\/wp\/v2\/media\/21266"}],"wp:attachment":[{"href":"https:\/\/president-ksgov.net\/sr\/wp-json\/wp\/v2\/media?parent=75115"}],"wp:term":[{"taxonomy":"category","embeddable":true,"href":"https:\/\/president-ksgov.net\/sr\/wp-json\/wp\/v2\/categories?post=75115"},{"taxonomy":"post_tag","embeddable":true,"href":"https:\/\/president-ksgov.net\/sr\/wp-json\/wp\/v2\/tags?post=75115"}],"curies":[{"name":"wp","href":"https:\/\/api.w.org\/{rel}","templated":true}]}}