{"id":75114,"date":"2021-04-15T14:41:30","date_gmt":"2021-04-15T14:41:30","guid":{"rendered":"https:\/\/dev.president-ksgov.net\/predsednica-osmani-doekala-na-sastanku-rukovodioce-agencija-ujedinjenih-nacija\/"},"modified":"2021-04-15T14:41:30","modified_gmt":"2021-04-15T14:41:30","slug":"predsednica-osmani-doekala-na-sastanku-rukovodioce-agencija-ujedinjenih-nacija","status":"publish","type":"post","link":"https:\/\/president-ksgov.net\/sr\/predsednica-osmani-doekala-na-sastanku-rukovodioce-agencija-ujedinjenih-nacija\/","title":{"rendered":"Predsednica Osmani do&ccaron;ekala na sastanku rukovodioce agencija Ujedinjenih nacija"},"content":{"rendered":"<p>Predsednica Vjosa Osmani do&ccaron;ekala je danas na sastanku koordinatorku za razvoj OUN-a g&dstrok;u Ulriku Richardson, kao i rukovodioce svih agencija Ujedinjenih nacija koje deluju u Republici Kosovo.<\/p>\n<p>Tim povodom g&dstrok;a Richardson je u ime svih agencija Ujedinjenih nacija &ccaron;estitala predsednici Osmani na preuzimanju du&#382;nosti, izra&#382;avaju&cacute;i spremnost i potpunu podr\u0161ku za nastavljanje izvanredne saradnje koja je gra&dstrok;ena sada ve&cacute; godinama.<br \/>\n\u00a0<\/p>\n<p>A predsednica Osmani je &ccaron;estitala svim agencijama na poslu koji je ura&dstrok;en i na izuzetnom doprinosu u pobolj\u0161anju socio-ekonomskog statusa u zemlji, kao i na tretiranju mnogih pitanja koja nisu uvek bila u neophodnom fokusu javnosti.<br \/>\n\u00a0<\/p>\n<p>\u201eNesumnjivo da je klju&ccaron;ni prioritet sada obezbe&dstrok;ivanje vakcine na\u0161im gra&dstrok;anima i \u0161to bolje upravljanje pandemijom. Ujedno &#382;elim da istaknem da &cacute;e nove institucije u zemlji promovisati novi mentalitet rukovo&dstrok;enja, kojem je u fokusu pobolj\u0161anje blagostanja gra&dstrok;ana, unapre&dstrok;enje rodne ravnopravnosti, garantovanje socijalne kohezije, kao i za\u0161tita &#382;ivotne sredine kao preduslov za za\u0161titu na\u0161eg zdravlja\u201c, istakla je predsednica Osmani.<\/p>\n<p>Stranke su se dogovorile o konstantnoj saradnji i o konkretizaciji anga&#382;ovanja preko sprovo&dstrok;enja projekata koji direktno poma&#382;u ispunjenju razvojnih ciljeva na\u0161e zemlje.\u00a0<\/p>\n","protected":false},"excerpt":{"rendered":"<p>Predsednica Vjosa Osmani do&ccaron;ekala je danas na sastanku koordinatorku za razvoj OUN-a g&dstrok;u Ulriku Richardson, kao i rukovodioce svih agencija Ujedinjenih nacija koje deluju u Republici Kosovo.<\/p>\n","protected":false},"author":1,"featured_media":21259,"comment_status":"open","ping_status":"closed","sticky":false,"template":"","format":"standard","meta":{"_eb_attr":"","footnotes":""},"categories":[101],"tags":[],"class_list":["post-75114","post","type-post","status-publish","format-standard","has-post-thumbnail","hentry","category-vesti"],"yoast_head":"<!-- This site is optimized with the Yoast SEO plugin v23.5 - https:\/\/yoast.com\/wordpress\/plugins\/seo\/ -->\n<title>Predsednica Osmani do&amp;ccaron;ekala na sastanku rukovodioce agencija Ujedinjenih nacija - Predsednik Republike Kosovo - DR. VJOSA OSMANI - SADRIU<\/title>\n<meta name=\"description\" content=\"Predsednica Osmani do&amp;ccaron;ekala na sastanku rukovodioce agencija Ujedinjenih nacija - Predsednik Republike Kosovo - DR. VJOSA OSMANI - SADRIU -\" \/>\n<meta name=\"robots\" content=\"index, follow, max-snippet:-1, max-image-preview:large, max-video-preview:-1\" \/>\n<link rel=\"canonical\" href=\"https:\/\/president-ksgov.net\/presidentja-osmani-priti-ne-takim-udheheqesit-e-agjencive-te-kombeve-te-bashkuara\/\" \/>\n<meta property=\"og:locale\" content=\"sr_RS\" \/>\n<meta property=\"og:type\" content=\"article\" \/>\n<meta property=\"og:title\" content=\"Predsednica Osmani do&amp;ccaron;ekala na sastanku rukovodioce agencija Ujedinjenih nacija - Predsednik Republike Kosovo - DR. VJOSA OSMANI - SADRIU\" \/>\n<meta property=\"og:description\" content=\"Predsednica Osmani do&amp;ccaron;ekala na sastanku rukovodioce agencija Ujedinjenih nacija - Predsednik Republike Kosovo - DR. VJOSA OSMANI - SADRIU -\" \/>\n<meta property=\"og:url\" content=\"https:\/\/president-ksgov.net\/presidentja-osmani-priti-ne-takim-udheheqesit-e-agjencive-te-kombeve-te-bashkuara\/\" \/>\n<meta property=\"og:site_name\" content=\"Predsednik Republike Kosovo - DR. VJOSA OSMANI - SADRIU\" \/>\n<meta property=\"article:published_time\" content=\"2021-04-15T14:41:30+00:00\" \/>\n<meta property=\"og:image\" content=\"https:\/\/president-ksgov.net\/wp-content\/uploads\/15_04_2021_8057350_Presidentja_Osmani_priti_ne_takim_udheheqesit_e_Agjencive_te_Kombeve_te_Bashkuara_2-scaled.jpg\" \/>\n\t<meta property=\"og:image:width\" content=\"2560\" \/>\n\t<meta property=\"og:image:height\" content=\"1706\" \/>\n\t<meta property=\"og:image:type\" content=\"image\/jpeg\" \/>\n<meta name=\"author\" content=\"admin\" \/>\n<meta name=\"twitter:card\" content=\"summary_large_image\" \/>\n<meta name=\"twitter:label1\" content=\"\u041d\u0430\u043f\u0438\u0441\u0430\u043d\u043e \u043e\u0434\" \/>\n\t<meta name=\"twitter:data1\" content=\"admin\" \/>\n\t<meta name=\"twitter:label2\" content=\"\u041f\u0440\u043e\u0446\u0435\u045a\u0435\u043d\u043e \u0432\u0440\u0435\u043c\u0435 \u0447\u0438\u0442\u0430\u045a\u0430\" \/>\n\t<meta name=\"twitter:data2\" content=\"1 \u043c\u0438\u043d\u0443\u0442\" \/>\n<script type=\"application\/ld+json\" class=\"yoast-schema-graph\">{\"@context\":\"https:\/\/schema.org\",\"@graph\":[{\"@type\":\"WebPage\",\"@id\":\"https:\/\/president-ksgov.net\/presidentja-osmani-priti-ne-takim-udheheqesit-e-agjencive-te-kombeve-te-bashkuara\/\",\"url\":\"https:\/\/president-ksgov.net\/presidentja-osmani-priti-ne-takim-udheheqesit-e-agjencive-te-kombeve-te-bashkuara\/\",\"name\":\"Predsednica Osmani do&ccaron;ekala na sastanku rukovodioce agencija Ujedinjenih nacija - Predsednik Republike Kosovo - DR. VJOSA OSMANI - SADRIU\",\"isPartOf\":{\"@id\":\"https:\/\/president-ksgov.net\/#website\"},\"primaryImageOfPage\":{\"@id\":\"https:\/\/president-ksgov.net\/presidentja-osmani-priti-ne-takim-udheheqesit-e-agjencive-te-kombeve-te-bashkuara\/#primaryimage\"},\"image\":{\"@id\":\"https:\/\/president-ksgov.net\/presidentja-osmani-priti-ne-takim-udheheqesit-e-agjencive-te-kombeve-te-bashkuara\/#primaryimage\"},\"thumbnailUrl\":\"https:\/\/president-ksgov.net\/wp-content\/uploads\/15_04_2021_8057350_Presidentja_Osmani_priti_ne_takim_udheheqesit_e_Agjencive_te_Kombeve_te_Bashkuara_2-scaled.jpg\",\"datePublished\":\"2021-04-15T14:41:30+00:00\",\"dateModified\":\"2021-04-15T14:41:30+00:00\",\"author\":{\"@id\":\"https:\/\/president-ksgov.net\/#\/schema\/person\/bb4337a5fb147cb2046d80548172cbee\"},\"description\":\"Predsednica Osmani do&ccaron;ekala na sastanku rukovodioce agencija Ujedinjenih nacija - Predsednik Republike Kosovo - DR. VJOSA OSMANI - SADRIU -\",\"breadcrumb\":{\"@id\":\"https:\/\/president-ksgov.net\/presidentja-osmani-priti-ne-takim-udheheqesit-e-agjencive-te-kombeve-te-bashkuara\/#breadcrumb\"},\"inLanguage\":\"sr-RS\",\"potentialAction\":[{\"@type\":\"ReadAction\",\"target\":[\"https:\/\/president-ksgov.net\/presidentja-osmani-priti-ne-takim-udheheqesit-e-agjencive-te-kombeve-te-bashkuara\/\"]}]},{\"@type\":\"ImageObject\",\"inLanguage\":\"sr-RS\",\"@id\":\"https:\/\/president-ksgov.net\/presidentja-osmani-priti-ne-takim-udheheqesit-e-agjencive-te-kombeve-te-bashkuara\/#primaryimage\",\"url\":\"https:\/\/president-ksgov.net\/wp-content\/uploads\/15_04_2021_8057350_Presidentja_Osmani_priti_ne_takim_udheheqesit_e_Agjencive_te_Kombeve_te_Bashkuara_2-scaled.jpg\",\"contentUrl\":\"https:\/\/president-ksgov.net\/wp-content\/uploads\/15_04_2021_8057350_Presidentja_Osmani_priti_ne_takim_udheheqesit_e_Agjencive_te_Kombeve_te_Bashkuara_2-scaled.jpg\",\"width\":2560,\"height\":1706},{\"@type\":\"BreadcrumbList\",\"@id\":\"https:\/\/president-ksgov.net\/presidentja-osmani-priti-ne-takim-udheheqesit-e-agjencive-te-kombeve-te-bashkuara\/#breadcrumb\",\"itemListElement\":[{\"@type\":\"ListItem\",\"position\":1,\"name\":\"Home\",\"item\":\"https:\/\/president-ksgov.net\/sr\/\"},{\"@type\":\"ListItem\",\"position\":2,\"name\":\"Predsednica Osmani do&ccaron;ekala na sastanku rukovodioce agencija Ujedinjenih nacija\"}]},{\"@type\":\"WebSite\",\"@id\":\"https:\/\/president-ksgov.net\/#website\",\"url\":\"https:\/\/president-ksgov.net\/\",\"name\":\"Presidente e Republik\u00ebs s\u00eb Kosov\u00ebs\",\"description\":\"Presidente e Republik\u00ebs s\u00eb Kosov\u00ebs\",\"alternateName\":\"DR. VJOSA OSMANI - SADRIU\",\"potentialAction\":[{\"@type\":\"SearchAction\",\"target\":{\"@type\":\"EntryPoint\",\"urlTemplate\":\"https:\/\/president-ksgov.net\/?s={search_term_string}\"},\"query-input\":{\"@type\":\"PropertyValueSpecification\",\"valueRequired\":true,\"valueName\":\"search_term_string\"}}],\"inLanguage\":\"sr-RS\"},{\"@type\":\"Person\",\"@id\":\"https:\/\/president-ksgov.net\/#\/schema\/person\/bb4337a5fb147cb2046d80548172cbee\",\"name\":\"admin\",\"image\":{\"@type\":\"ImageObject\",\"inLanguage\":\"sr-RS\",\"@id\":\"https:\/\/president-ksgov.net\/#\/schema\/person\/image\/\",\"url\":\"https:\/\/secure.gravatar.com\/avatar\/36156ca0fa3b8d9d25174f146e16beea0cf28f37adf1b9e19b6c9c279a7c9dd3?s=96&d=mm&r=g\",\"contentUrl\":\"https:\/\/secure.gravatar.com\/avatar\/36156ca0fa3b8d9d25174f146e16beea0cf28f37adf1b9e19b6c9c279a7c9dd3?s=96&d=mm&r=g\",\"caption\":\"admin\"},\"sameAs\":[\"https:\/\/president-ksgov.net\"]}]}<\/script>\n<!-- \/ Yoast SEO plugin. -->","yoast_head_json":{"title":"Predsednica Osmani do&ccaron;ekala na sastanku rukovodioce agencija Ujedinjenih nacija - Predsednik Republike Kosovo - DR. VJOSA OSMANI - SADRIU","description":"Predsednica Osmani do&ccaron;ekala na sastanku rukovodioce agencija Ujedinjenih nacija - Predsednik Republike Kosovo - DR. VJOSA OSMANI - SADRIU -","robots":{"index":"index","follow":"follow","max-snippet":"max-snippet:-1","max-image-preview":"max-image-preview:large","max-video-preview":"max-video-preview:-1"},"canonical":"https:\/\/president-ksgov.net\/presidentja-osmani-priti-ne-takim-udheheqesit-e-agjencive-te-kombeve-te-bashkuara\/","og_locale":"sr_RS","og_type":"article","og_title":"Predsednica Osmani do&ccaron;ekala na sastanku rukovodioce agencija Ujedinjenih nacija - Predsednik Republike Kosovo - DR. VJOSA OSMANI - SADRIU","og_description":"Predsednica Osmani do&ccaron;ekala na sastanku rukovodioce agencija Ujedinjenih nacija - Predsednik Republike Kosovo - DR. VJOSA OSMANI - SADRIU -","og_url":"https:\/\/president-ksgov.net\/presidentja-osmani-priti-ne-takim-udheheqesit-e-agjencive-te-kombeve-te-bashkuara\/","og_site_name":"Predsednik Republike Kosovo - DR. VJOSA OSMANI - SADRIU","article_published_time":"2021-04-15T14:41:30+00:00","og_image":[{"width":2560,"height":1706,"url":"https:\/\/president-ksgov.net\/wp-content\/uploads\/15_04_2021_8057350_Presidentja_Osmani_priti_ne_takim_udheheqesit_e_Agjencive_te_Kombeve_te_Bashkuara_2-scaled.jpg","type":"image\/jpeg"}],"author":"admin","twitter_card":"summary_large_image","twitter_misc":{"\u041d\u0430\u043f\u0438\u0441\u0430\u043d\u043e \u043e\u0434":"admin","\u041f\u0440\u043e\u0446\u0435\u045a\u0435\u043d\u043e \u0432\u0440\u0435\u043c\u0435 \u0447\u0438\u0442\u0430\u045a\u0430":"1 \u043c\u0438\u043d\u0443\u0442"},"schema":{"@context":"https:\/\/schema.org","@graph":[{"@type":"WebPage","@id":"https:\/\/president-ksgov.net\/presidentja-osmani-priti-ne-takim-udheheqesit-e-agjencive-te-kombeve-te-bashkuara\/","url":"https:\/\/president-ksgov.net\/presidentja-osmani-priti-ne-takim-udheheqesit-e-agjencive-te-kombeve-te-bashkuara\/","name":"Predsednica Osmani do&ccaron;ekala na sastanku rukovodioce agencija Ujedinjenih nacija - Predsednik Republike Kosovo - DR. VJOSA OSMANI - SADRIU","isPartOf":{"@id":"https:\/\/president-ksgov.net\/#website"},"primaryImageOfPage":{"@id":"https:\/\/president-ksgov.net\/presidentja-osmani-priti-ne-takim-udheheqesit-e-agjencive-te-kombeve-te-bashkuara\/#primaryimage"},"image":{"@id":"https:\/\/president-ksgov.net\/presidentja-osmani-priti-ne-takim-udheheqesit-e-agjencive-te-kombeve-te-bashkuara\/#primaryimage"},"thumbnailUrl":"https:\/\/president-ksgov.net\/wp-content\/uploads\/15_04_2021_8057350_Presidentja_Osmani_priti_ne_takim_udheheqesit_e_Agjencive_te_Kombeve_te_Bashkuara_2-scaled.jpg","datePublished":"2021-04-15T14:41:30+00:00","dateModified":"2021-04-15T14:41:30+00:00","author":{"@id":"https:\/\/president-ksgov.net\/#\/schema\/person\/bb4337a5fb147cb2046d80548172cbee"},"description":"Predsednica Osmani do&ccaron;ekala na sastanku rukovodioce agencija Ujedinjenih nacija - Predsednik Republike Kosovo - DR. VJOSA OSMANI - SADRIU -","breadcrumb":{"@id":"https:\/\/president-ksgov.net\/presidentja-osmani-priti-ne-takim-udheheqesit-e-agjencive-te-kombeve-te-bashkuara\/#breadcrumb"},"inLanguage":"sr-RS","potentialAction":[{"@type":"ReadAction","target":["https:\/\/president-ksgov.net\/presidentja-osmani-priti-ne-takim-udheheqesit-e-agjencive-te-kombeve-te-bashkuara\/"]}]},{"@type":"ImageObject","inLanguage":"sr-RS","@id":"https:\/\/president-ksgov.net\/presidentja-osmani-priti-ne-takim-udheheqesit-e-agjencive-te-kombeve-te-bashkuara\/#primaryimage","url":"https:\/\/president-ksgov.net\/wp-content\/uploads\/15_04_2021_8057350_Presidentja_Osmani_priti_ne_takim_udheheqesit_e_Agjencive_te_Kombeve_te_Bashkuara_2-scaled.jpg","contentUrl":"https:\/\/president-ksgov.net\/wp-content\/uploads\/15_04_2021_8057350_Presidentja_Osmani_priti_ne_takim_udheheqesit_e_Agjencive_te_Kombeve_te_Bashkuara_2-scaled.jpg","width":2560,"height":1706},{"@type":"BreadcrumbList","@id":"https:\/\/president-ksgov.net\/presidentja-osmani-priti-ne-takim-udheheqesit-e-agjencive-te-kombeve-te-bashkuara\/#breadcrumb","itemListElement":[{"@type":"ListItem","position":1,"name":"Home","item":"https:\/\/president-ksgov.net\/sr\/"},{"@type":"ListItem","position":2,"name":"Predsednica Osmani do&ccaron;ekala na sastanku rukovodioce agencija Ujedinjenih nacija"}]},{"@type":"WebSite","@id":"https:\/\/president-ksgov.net\/#website","url":"https:\/\/president-ksgov.net\/","name":"Presidente e Republik\u00ebs s\u00eb Kosov\u00ebs","description":"Presidente e Republik\u00ebs s\u00eb Kosov\u00ebs","alternateName":"DR. VJOSA OSMANI - SADRIU","potentialAction":[{"@type":"SearchAction","target":{"@type":"EntryPoint","urlTemplate":"https:\/\/president-ksgov.net\/?s={search_term_string}"},"query-input":{"@type":"PropertyValueSpecification","valueRequired":true,"valueName":"search_term_string"}}],"inLanguage":"sr-RS"},{"@type":"Person","@id":"https:\/\/president-ksgov.net\/#\/schema\/person\/bb4337a5fb147cb2046d80548172cbee","name":"admin","image":{"@type":"ImageObject","inLanguage":"sr-RS","@id":"https:\/\/president-ksgov.net\/#\/schema\/person\/image\/","url":"https:\/\/secure.gravatar.com\/avatar\/36156ca0fa3b8d9d25174f146e16beea0cf28f37adf1b9e19b6c9c279a7c9dd3?s=96&d=mm&r=g","contentUrl":"https:\/\/secure.gravatar.com\/avatar\/36156ca0fa3b8d9d25174f146e16beea0cf28f37adf1b9e19b6c9c279a7c9dd3?s=96&d=mm&r=g","caption":"admin"},"sameAs":["https:\/\/president-ksgov.net"]}]}},"_links":{"self":[{"href":"https:\/\/president-ksgov.net\/sr\/wp-json\/wp\/v2\/posts\/75114","targetHints":{"allow":["GET"]}}],"collection":[{"href":"https:\/\/president-ksgov.net\/sr\/wp-json\/wp\/v2\/posts"}],"about":[{"href":"https:\/\/president-ksgov.net\/sr\/wp-json\/wp\/v2\/types\/post"}],"author":[{"embeddable":true,"href":"https:\/\/president-ksgov.net\/sr\/wp-json\/wp\/v2\/users\/1"}],"replies":[{"embeddable":true,"href":"https:\/\/president-ksgov.net\/sr\/wp-json\/wp\/v2\/comments?post=75114"}],"version-history":[{"count":0,"href":"https:\/\/president-ksgov.net\/sr\/wp-json\/wp\/v2\/posts\/75114\/revisions"}],"wp:featuredmedia":[{"embeddable":true,"href":"https:\/\/president-ksgov.net\/sr\/wp-json\/wp\/v2\/media\/21259"}],"wp:attachment":[{"href":"https:\/\/president-ksgov.net\/sr\/wp-json\/wp\/v2\/media?parent=75114"}],"wp:term":[{"taxonomy":"category","embeddable":true,"href":"https:\/\/president-ksgov.net\/sr\/wp-json\/wp\/v2\/categories?post=75114"},{"taxonomy":"post_tag","embeddable":true,"href":"https:\/\/president-ksgov.net\/sr\/wp-json\/wp\/v2\/tags?post=75114"}],"curies":[{"name":"wp","href":"https:\/\/api.w.org\/{rel}","templated":true}]}}