{"id":75112,"date":"2021-04-16T12:17:37","date_gmt":"2021-04-16T12:17:37","guid":{"rendered":"https:\/\/dev.president-ksgov.net\/predsednica-osmani-predala-kopiju-odlikovanja-orden-heroj-kosova-porodici-agima-ramadanija\/"},"modified":"2021-04-16T12:17:37","modified_gmt":"2021-04-16T12:17:37","slug":"predsednica-osmani-predala-kopiju-odlikovanja-orden-heroj-kosova-porodici-agima-ramadanija","status":"publish","type":"post","link":"https:\/\/president-ksgov.net\/sr\/predsednica-osmani-predala-kopiju-odlikovanja-orden-heroj-kosova-porodici-agima-ramadanija\/","title":{"rendered":"Predsednica Osmani predala kopiju odlikovanja \u201eOrden heroj Kosova\u201c porodici Agima Ramadanija"},"content":{"rendered":"<p>Predsednica Republike Kosovo dr Vjosa Osmani \u2013 Sadiru danas je predala kopiju odlikovanja \u201eOrden heroj Kosova\u201c, porodici Agima Ramadanija.<\/p>\n<p>Predsednica Osmani rekla je da je Agim Ramadani jedan od najistaknutijih komandanta Oslobodila&ccaron;ke vojske Kosova, koji je u bici na Ko\u0161arama slomio granicu koja je delila Albance i stvorio je nadu za kona&ccaron;nim oslobo&dstrok;enjem Kosova.<\/p>\n<p>U nastavku je ceo post predsednice Osmani:<\/p>\n<p>Porodici narodnog heroja Agima Ramadanija, neumoljivog aktiviste i borca za slobodu i nezavisnost Kosova, predali smo kopiju odlikovanja \u201eOrden heroj Kosova\u201c, koji mu je dodelio istorijski predsednik Kosova dr Ibrahim Rugova, a koje je 19. aprila 2009. godine dodelio predsednik Fatmir Sejdiu. Na&#382;alost medalja je izgubljena, ne krivicom porodice i trenutno zakonodavstvo dozvoljava da se u takvim slu&ccaron;ajevima ona ponovo dodeli.\u00a0\u00a0<\/p>\n<p>Agim Ramadani je jedan od najistaknutijih komandanata Oslobodila&ccaron;ke vojske Kosova, koji je u bici na Ko\u0161arama slomio granicu koja je delila Albance i stvorio je nadu u kona&ccaron;no oslobo&dstrok;enje Kosova.<\/p>\n<p>Predaju&cacute;i ovo odlikovanje porodici Ramadani, mi smo ponovo iskazali pa&#382;nju doma&cacute;ih institucija prema onima koji su nam svojim herojstvom omogu&cacute;ili da opipamo slobodu, ali i prema njihovim porodicama. Ova pa&#382;nja &cacute;e biti konstantna.\u00a0<\/p>\n","protected":false},"excerpt":{"rendered":"<p>Predsednica Republike Kosovo dr Vjosa Osmani \u2013 Sadiru danas je predala kopiju odlikovanja \u201eOrden heroj Kosova\u201c, porodici Agima Ramadanija.<\/p>\n","protected":false},"author":1,"featured_media":21245,"comment_status":"open","ping_status":"closed","sticky":false,"template":"","format":"standard","meta":{"_eb_attr":"","footnotes":""},"categories":[101],"tags":[],"class_list":["post-75112","post","type-post","status-publish","format-standard","has-post-thumbnail","hentry","category-vesti"],"yoast_head":"<!-- This site is optimized with the Yoast SEO plugin v23.5 - https:\/\/yoast.com\/wordpress\/plugins\/seo\/ -->\n<title>Predsednica Osmani predala kopiju odlikovanja \u201eOrden heroj Kosova\u201c porodici Agima Ramadanija - Predsednik Republike Kosovo - DR. VJOSA OSMANI - SADRIU<\/title>\n<meta name=\"description\" content=\"Predsednica Osmani predala kopiju odlikovanja \u201eOrden heroj Kosova\u201c porodici Agima Ramadanija - Predsednik Republike Kosovo - DR. VJOSA OSMANI - SADRIU -\" \/>\n<meta name=\"robots\" content=\"index, follow, max-snippet:-1, max-image-preview:large, max-video-preview:-1\" \/>\n<link rel=\"canonical\" href=\"https:\/\/president-ksgov.net\/presidentja-osmani-ia-dorezoi-kopjen-e-dekorates-urdhri-hero-i-kosoves-familjes-se-agim-ramadanit\/\" \/>\n<meta property=\"og:locale\" content=\"sr_RS\" \/>\n<meta property=\"og:type\" content=\"article\" \/>\n<meta property=\"og:title\" content=\"Predsednica Osmani predala kopiju odlikovanja \u201eOrden heroj Kosova\u201c porodici Agima Ramadanija - Predsednik Republike Kosovo - DR. VJOSA OSMANI - SADRIU\" \/>\n<meta property=\"og:description\" content=\"Predsednica Osmani predala kopiju odlikovanja \u201eOrden heroj Kosova\u201c porodici Agima Ramadanija - Predsednik Republike Kosovo - DR. VJOSA OSMANI - SADRIU -\" \/>\n<meta property=\"og:url\" content=\"https:\/\/president-ksgov.net\/presidentja-osmani-ia-dorezoi-kopjen-e-dekorates-urdhri-hero-i-kosoves-familjes-se-agim-ramadanit\/\" \/>\n<meta property=\"og:site_name\" content=\"Predsednik Republike Kosovo - DR. VJOSA OSMANI - SADRIU\" \/>\n<meta property=\"article:published_time\" content=\"2021-04-16T12:17:37+00:00\" \/>\n<meta property=\"og:image\" content=\"https:\/\/president-ksgov.net\/wp-content\/uploads\/16_04_2021_4620082_2.jpg\" \/>\n\t<meta property=\"og:image:width\" content=\"960\" \/>\n\t<meta property=\"og:image:height\" content=\"640\" \/>\n\t<meta property=\"og:image:type\" content=\"image\/jpeg\" \/>\n<meta name=\"author\" content=\"admin\" \/>\n<meta name=\"twitter:card\" content=\"summary_large_image\" \/>\n<meta name=\"twitter:label1\" content=\"\u041d\u0430\u043f\u0438\u0441\u0430\u043d\u043e \u043e\u0434\" \/>\n\t<meta name=\"twitter:data1\" content=\"admin\" \/>\n\t<meta name=\"twitter:label2\" content=\"\u041f\u0440\u043e\u0446\u0435\u045a\u0435\u043d\u043e \u0432\u0440\u0435\u043c\u0435 \u0447\u0438\u0442\u0430\u045a\u0430\" \/>\n\t<meta name=\"twitter:data2\" content=\"1 \u043c\u0438\u043d\u0443\u0442\" \/>\n<script type=\"application\/ld+json\" class=\"yoast-schema-graph\">{\"@context\":\"https:\/\/schema.org\",\"@graph\":[{\"@type\":\"WebPage\",\"@id\":\"https:\/\/president-ksgov.net\/presidentja-osmani-ia-dorezoi-kopjen-e-dekorates-urdhri-hero-i-kosoves-familjes-se-agim-ramadanit\/\",\"url\":\"https:\/\/president-ksgov.net\/presidentja-osmani-ia-dorezoi-kopjen-e-dekorates-urdhri-hero-i-kosoves-familjes-se-agim-ramadanit\/\",\"name\":\"Predsednica Osmani predala kopiju odlikovanja \u201eOrden heroj Kosova\u201c porodici Agima Ramadanija - Predsednik Republike Kosovo - DR. VJOSA OSMANI - SADRIU\",\"isPartOf\":{\"@id\":\"https:\/\/president-ksgov.net\/#website\"},\"primaryImageOfPage\":{\"@id\":\"https:\/\/president-ksgov.net\/presidentja-osmani-ia-dorezoi-kopjen-e-dekorates-urdhri-hero-i-kosoves-familjes-se-agim-ramadanit\/#primaryimage\"},\"image\":{\"@id\":\"https:\/\/president-ksgov.net\/presidentja-osmani-ia-dorezoi-kopjen-e-dekorates-urdhri-hero-i-kosoves-familjes-se-agim-ramadanit\/#primaryimage\"},\"thumbnailUrl\":\"https:\/\/president-ksgov.net\/wp-content\/uploads\/16_04_2021_4620082_2.jpg\",\"datePublished\":\"2021-04-16T12:17:37+00:00\",\"dateModified\":\"2021-04-16T12:17:37+00:00\",\"author\":{\"@id\":\"https:\/\/president-ksgov.net\/#\/schema\/person\/bb4337a5fb147cb2046d80548172cbee\"},\"description\":\"Predsednica Osmani predala kopiju odlikovanja \u201eOrden heroj Kosova\u201c porodici Agima Ramadanija - Predsednik Republike Kosovo - DR. VJOSA OSMANI - SADRIU -\",\"breadcrumb\":{\"@id\":\"https:\/\/president-ksgov.net\/presidentja-osmani-ia-dorezoi-kopjen-e-dekorates-urdhri-hero-i-kosoves-familjes-se-agim-ramadanit\/#breadcrumb\"},\"inLanguage\":\"sr-RS\",\"potentialAction\":[{\"@type\":\"ReadAction\",\"target\":[\"https:\/\/president-ksgov.net\/presidentja-osmani-ia-dorezoi-kopjen-e-dekorates-urdhri-hero-i-kosoves-familjes-se-agim-ramadanit\/\"]}]},{\"@type\":\"ImageObject\",\"inLanguage\":\"sr-RS\",\"@id\":\"https:\/\/president-ksgov.net\/presidentja-osmani-ia-dorezoi-kopjen-e-dekorates-urdhri-hero-i-kosoves-familjes-se-agim-ramadanit\/#primaryimage\",\"url\":\"https:\/\/president-ksgov.net\/wp-content\/uploads\/16_04_2021_4620082_2.jpg\",\"contentUrl\":\"https:\/\/president-ksgov.net\/wp-content\/uploads\/16_04_2021_4620082_2.jpg\",\"width\":960,\"height\":640},{\"@type\":\"BreadcrumbList\",\"@id\":\"https:\/\/president-ksgov.net\/presidentja-osmani-ia-dorezoi-kopjen-e-dekorates-urdhri-hero-i-kosoves-familjes-se-agim-ramadanit\/#breadcrumb\",\"itemListElement\":[{\"@type\":\"ListItem\",\"position\":1,\"name\":\"Home\",\"item\":\"https:\/\/president-ksgov.net\/sr\/\"},{\"@type\":\"ListItem\",\"position\":2,\"name\":\"Predsednica Osmani predala kopiju odlikovanja \u201eOrden heroj Kosova\u201c porodici Agima Ramadanija\"}]},{\"@type\":\"WebSite\",\"@id\":\"https:\/\/president-ksgov.net\/#website\",\"url\":\"https:\/\/president-ksgov.net\/\",\"name\":\"Presidente e Republik\u00ebs s\u00eb Kosov\u00ebs\",\"description\":\"Presidente e Republik\u00ebs s\u00eb Kosov\u00ebs\",\"alternateName\":\"DR. VJOSA OSMANI - SADRIU\",\"potentialAction\":[{\"@type\":\"SearchAction\",\"target\":{\"@type\":\"EntryPoint\",\"urlTemplate\":\"https:\/\/president-ksgov.net\/?s={search_term_string}\"},\"query-input\":{\"@type\":\"PropertyValueSpecification\",\"valueRequired\":true,\"valueName\":\"search_term_string\"}}],\"inLanguage\":\"sr-RS\"},{\"@type\":\"Person\",\"@id\":\"https:\/\/president-ksgov.net\/#\/schema\/person\/bb4337a5fb147cb2046d80548172cbee\",\"name\":\"admin\",\"image\":{\"@type\":\"ImageObject\",\"inLanguage\":\"sr-RS\",\"@id\":\"https:\/\/president-ksgov.net\/#\/schema\/person\/image\/\",\"url\":\"https:\/\/secure.gravatar.com\/avatar\/36156ca0fa3b8d9d25174f146e16beea0cf28f37adf1b9e19b6c9c279a7c9dd3?s=96&d=mm&r=g\",\"contentUrl\":\"https:\/\/secure.gravatar.com\/avatar\/36156ca0fa3b8d9d25174f146e16beea0cf28f37adf1b9e19b6c9c279a7c9dd3?s=96&d=mm&r=g\",\"caption\":\"admin\"},\"sameAs\":[\"https:\/\/president-ksgov.net\"]}]}<\/script>\n<!-- \/ Yoast SEO plugin. -->","yoast_head_json":{"title":"Predsednica Osmani predala kopiju odlikovanja \u201eOrden heroj Kosova\u201c porodici Agima Ramadanija - Predsednik Republike Kosovo - DR. VJOSA OSMANI - SADRIU","description":"Predsednica Osmani predala kopiju odlikovanja \u201eOrden heroj Kosova\u201c porodici Agima Ramadanija - Predsednik Republike Kosovo - DR. VJOSA OSMANI - SADRIU -","robots":{"index":"index","follow":"follow","max-snippet":"max-snippet:-1","max-image-preview":"max-image-preview:large","max-video-preview":"max-video-preview:-1"},"canonical":"https:\/\/president-ksgov.net\/presidentja-osmani-ia-dorezoi-kopjen-e-dekorates-urdhri-hero-i-kosoves-familjes-se-agim-ramadanit\/","og_locale":"sr_RS","og_type":"article","og_title":"Predsednica Osmani predala kopiju odlikovanja \u201eOrden heroj Kosova\u201c porodici Agima Ramadanija - Predsednik Republike Kosovo - DR. VJOSA OSMANI - SADRIU","og_description":"Predsednica Osmani predala kopiju odlikovanja \u201eOrden heroj Kosova\u201c porodici Agima Ramadanija - Predsednik Republike Kosovo - DR. VJOSA OSMANI - SADRIU -","og_url":"https:\/\/president-ksgov.net\/presidentja-osmani-ia-dorezoi-kopjen-e-dekorates-urdhri-hero-i-kosoves-familjes-se-agim-ramadanit\/","og_site_name":"Predsednik Republike Kosovo - DR. VJOSA OSMANI - SADRIU","article_published_time":"2021-04-16T12:17:37+00:00","og_image":[{"width":960,"height":640,"url":"https:\/\/president-ksgov.net\/wp-content\/uploads\/16_04_2021_4620082_2.jpg","type":"image\/jpeg"}],"author":"admin","twitter_card":"summary_large_image","twitter_misc":{"\u041d\u0430\u043f\u0438\u0441\u0430\u043d\u043e \u043e\u0434":"admin","\u041f\u0440\u043e\u0446\u0435\u045a\u0435\u043d\u043e \u0432\u0440\u0435\u043c\u0435 \u0447\u0438\u0442\u0430\u045a\u0430":"1 \u043c\u0438\u043d\u0443\u0442"},"schema":{"@context":"https:\/\/schema.org","@graph":[{"@type":"WebPage","@id":"https:\/\/president-ksgov.net\/presidentja-osmani-ia-dorezoi-kopjen-e-dekorates-urdhri-hero-i-kosoves-familjes-se-agim-ramadanit\/","url":"https:\/\/president-ksgov.net\/presidentja-osmani-ia-dorezoi-kopjen-e-dekorates-urdhri-hero-i-kosoves-familjes-se-agim-ramadanit\/","name":"Predsednica Osmani predala kopiju odlikovanja \u201eOrden heroj Kosova\u201c porodici Agima Ramadanija - Predsednik Republike Kosovo - DR. VJOSA OSMANI - SADRIU","isPartOf":{"@id":"https:\/\/president-ksgov.net\/#website"},"primaryImageOfPage":{"@id":"https:\/\/president-ksgov.net\/presidentja-osmani-ia-dorezoi-kopjen-e-dekorates-urdhri-hero-i-kosoves-familjes-se-agim-ramadanit\/#primaryimage"},"image":{"@id":"https:\/\/president-ksgov.net\/presidentja-osmani-ia-dorezoi-kopjen-e-dekorates-urdhri-hero-i-kosoves-familjes-se-agim-ramadanit\/#primaryimage"},"thumbnailUrl":"https:\/\/president-ksgov.net\/wp-content\/uploads\/16_04_2021_4620082_2.jpg","datePublished":"2021-04-16T12:17:37+00:00","dateModified":"2021-04-16T12:17:37+00:00","author":{"@id":"https:\/\/president-ksgov.net\/#\/schema\/person\/bb4337a5fb147cb2046d80548172cbee"},"description":"Predsednica Osmani predala kopiju odlikovanja \u201eOrden heroj Kosova\u201c porodici Agima Ramadanija - Predsednik Republike Kosovo - DR. VJOSA OSMANI - SADRIU -","breadcrumb":{"@id":"https:\/\/president-ksgov.net\/presidentja-osmani-ia-dorezoi-kopjen-e-dekorates-urdhri-hero-i-kosoves-familjes-se-agim-ramadanit\/#breadcrumb"},"inLanguage":"sr-RS","potentialAction":[{"@type":"ReadAction","target":["https:\/\/president-ksgov.net\/presidentja-osmani-ia-dorezoi-kopjen-e-dekorates-urdhri-hero-i-kosoves-familjes-se-agim-ramadanit\/"]}]},{"@type":"ImageObject","inLanguage":"sr-RS","@id":"https:\/\/president-ksgov.net\/presidentja-osmani-ia-dorezoi-kopjen-e-dekorates-urdhri-hero-i-kosoves-familjes-se-agim-ramadanit\/#primaryimage","url":"https:\/\/president-ksgov.net\/wp-content\/uploads\/16_04_2021_4620082_2.jpg","contentUrl":"https:\/\/president-ksgov.net\/wp-content\/uploads\/16_04_2021_4620082_2.jpg","width":960,"height":640},{"@type":"BreadcrumbList","@id":"https:\/\/president-ksgov.net\/presidentja-osmani-ia-dorezoi-kopjen-e-dekorates-urdhri-hero-i-kosoves-familjes-se-agim-ramadanit\/#breadcrumb","itemListElement":[{"@type":"ListItem","position":1,"name":"Home","item":"https:\/\/president-ksgov.net\/sr\/"},{"@type":"ListItem","position":2,"name":"Predsednica Osmani predala kopiju odlikovanja \u201eOrden heroj Kosova\u201c porodici Agima Ramadanija"}]},{"@type":"WebSite","@id":"https:\/\/president-ksgov.net\/#website","url":"https:\/\/president-ksgov.net\/","name":"Presidente e Republik\u00ebs s\u00eb Kosov\u00ebs","description":"Presidente e Republik\u00ebs s\u00eb Kosov\u00ebs","alternateName":"DR. VJOSA OSMANI - SADRIU","potentialAction":[{"@type":"SearchAction","target":{"@type":"EntryPoint","urlTemplate":"https:\/\/president-ksgov.net\/?s={search_term_string}"},"query-input":{"@type":"PropertyValueSpecification","valueRequired":true,"valueName":"search_term_string"}}],"inLanguage":"sr-RS"},{"@type":"Person","@id":"https:\/\/president-ksgov.net\/#\/schema\/person\/bb4337a5fb147cb2046d80548172cbee","name":"admin","image":{"@type":"ImageObject","inLanguage":"sr-RS","@id":"https:\/\/president-ksgov.net\/#\/schema\/person\/image\/","url":"https:\/\/secure.gravatar.com\/avatar\/36156ca0fa3b8d9d25174f146e16beea0cf28f37adf1b9e19b6c9c279a7c9dd3?s=96&d=mm&r=g","contentUrl":"https:\/\/secure.gravatar.com\/avatar\/36156ca0fa3b8d9d25174f146e16beea0cf28f37adf1b9e19b6c9c279a7c9dd3?s=96&d=mm&r=g","caption":"admin"},"sameAs":["https:\/\/president-ksgov.net"]}]}},"_links":{"self":[{"href":"https:\/\/president-ksgov.net\/sr\/wp-json\/wp\/v2\/posts\/75112","targetHints":{"allow":["GET"]}}],"collection":[{"href":"https:\/\/president-ksgov.net\/sr\/wp-json\/wp\/v2\/posts"}],"about":[{"href":"https:\/\/president-ksgov.net\/sr\/wp-json\/wp\/v2\/types\/post"}],"author":[{"embeddable":true,"href":"https:\/\/president-ksgov.net\/sr\/wp-json\/wp\/v2\/users\/1"}],"replies":[{"embeddable":true,"href":"https:\/\/president-ksgov.net\/sr\/wp-json\/wp\/v2\/comments?post=75112"}],"version-history":[{"count":0,"href":"https:\/\/president-ksgov.net\/sr\/wp-json\/wp\/v2\/posts\/75112\/revisions"}],"wp:featuredmedia":[{"embeddable":true,"href":"https:\/\/president-ksgov.net\/sr\/wp-json\/wp\/v2\/media\/21245"}],"wp:attachment":[{"href":"https:\/\/president-ksgov.net\/sr\/wp-json\/wp\/v2\/media?parent=75112"}],"wp:term":[{"taxonomy":"category","embeddable":true,"href":"https:\/\/president-ksgov.net\/sr\/wp-json\/wp\/v2\/categories?post=75112"},{"taxonomy":"post_tag","embeddable":true,"href":"https:\/\/president-ksgov.net\/sr\/wp-json\/wp\/v2\/tags?post=75112"}],"curies":[{"name":"wp","href":"https:\/\/api.w.org\/{rel}","templated":true}]}}