{"id":75103,"date":"2021-04-05T13:25:49","date_gmt":"2021-04-05T13:25:49","guid":{"rendered":"https:\/\/dev.president-ksgov.net\/kosovski-parlament-izglasao-vjosu-osmani-za-predsednicu\/"},"modified":"2021-04-05T13:25:49","modified_gmt":"2021-04-05T13:25:49","slug":"kosovski-parlament-izglasao-vjosu-osmani-za-predsednicu","status":"publish","type":"post","link":"https:\/\/president-ksgov.net\/sr\/kosovski-parlament-izglasao-vjosu-osmani-za-predsednicu\/","title":{"rendered":"Kosovski Parlament izglasao Vjosu Osmani za predsednicu"},"content":{"rendered":"<p>U Skup\u0161tini Kosova u nedelju uve&ccaron;e Vjosa Osmani, nekada\u0161nja predsednica Skup\u0161tine i saveznik Pokreta Samoopredeljenje Albina Kurtija, polo&#382;ila je zakletvu kao predsednica.<\/p>\n<p>Ukupno 71 poslanik, u Skup\u0161tini sa 120 poslani&ccaron;kih mesta, glasao je za Osmanijevu, a dve opozicione partije bojkotovale su glasanje zajedno sa partijom srpske manjine.<\/p>\n<p>Osmanijeva je postala drugi rukovodilac &#382;ena na Kosovu, od kako je ova balkanska nacija proglasila nezavisnost od Srbije, pre 13 godina.<\/p>\n<p>Ona je bila vr\u0161ilac du&#382;nosti predsednika od novembra 2020. godine, kada je biv\u0161i rukovodilac Oslobodila&ccaron;ke vojske Kosova (OVK) i predsednik Hashim Tha\u00e7i dao ostavku nakon optu&#382;be protiv njega za ratne zlo&ccaron;ine koju je podigao Me&dstrok;unarodni sud u Hagu.<\/p>\n<p>Njen izbor zna&ccaron;i da &cacute;e nacionalisti&ccaron;ki levi&ccaron;arski pokret Kurtija, koji je dobio najvi\u0161e glasova na izborima 14. februara, sada kontrolisati tri klju&ccaron;ne pozicije u zemlji, predsednika, premijera i predsednika Skup\u0161tine.<\/p>\n<p>Kurti, koji je obe&cacute;ao da &cacute;e udariti na politi&ccaron;ke elite koje su kontrolisale Kosovo od rata 1998-1999. godine sa Srbijom, rekao je da bi izbor Osmanijeve zna&ccaron;io da je Pokret Samoopredeljenje \u201eokon&ccaron;ao stvaranje na\u0161ih institucija i da stupa u novo polje stabilnosti i prosperiteta za kosovski narod.\u201c<\/p>\n<p>Pozicija predsednika je uglavnom ceremonijalna, ali Osmanijeva &cacute;e biti aktiva u spoljnoj politici i bi&cacute;e vrhovni komandant Oru&#382;anih snaga. Samim tim, verovatno je da &cacute;e Osmanijeva biti obuhva&cacute;ena u zapo&ccaron;ete razgovore sa Srbijom, u posredstvu EU, a koja jo\u0161 uvek ne priznaje Kosovo.<\/p>\n<p>Kurti je izjavio za Euronews u jednom kratkom intervjuu da &cacute;e nastavak dijaloga od Beograda zahtevati da tra&#382;i izvinjenje za svirepe zlo&ccaron;ine po&ccaron;injene tokom rata 1998-1999. godine i optu&#382;io je Srbiju za izvr\u0161enje genocida na Kosovu. Osmanijeva je tako&dstrok;e ranije govorila da je Srbija izvr\u0161ila genocid tokom njene vlasti, koja je okon&ccaron;ana u junu 1999. godine u kampanji NATO bombardovanja i ofanziva OVK-a.<\/p>\n<p>&Ccaron;lanak\u00a0 Euronews-a<br \/>\nhttps:\/\/www.euronews.com\/2021\/04\/05\/kosovo-s-parliament-votes-in-vjosa-osmani-as-president\u00a0<\/p>\n","protected":false},"excerpt":{"rendered":"<p>U Skup\u0161tini Kosova u nedelju uve&ccaron;e Vjosa Osmani, nekada\u0161nja predsednica Skup\u0161tine i saveznik Pokreta Samoopredeljenje Albina Kurtija, polo&#382;ila je zakletvu kao predsednica.<\/p>\n","protected":false},"author":1,"featured_media":21209,"comment_status":"open","ping_status":"closed","sticky":false,"template":"","format":"standard","meta":{"_eb_attr":"","footnotes":""},"categories":[104],"tags":[],"class_list":["post-75103","post","type-post","status-publish","format-standard","has-post-thumbnail","hentry","category-intervjui"],"yoast_head":"<!-- This site is optimized with the Yoast SEO plugin v23.5 - https:\/\/yoast.com\/wordpress\/plugins\/seo\/ -->\n<title>Kosovski Parlament izglasao Vjosu Osmani za predsednicu - Predsednik Republike Kosovo - DR. VJOSA OSMANI - SADRIU<\/title>\n<meta name=\"description\" content=\"Kosovski Parlament izglasao Vjosu Osmani za predsednicu - Predsednik Republike Kosovo - DR. VJOSA OSMANI - SADRIU -\" \/>\n<meta name=\"robots\" content=\"index, follow, max-snippet:-1, max-image-preview:large, max-video-preview:-1\" \/>\n<link rel=\"canonical\" href=\"https:\/\/president-ksgov.net\/sr\/kosovski-parlament-izglasao-vjosu-osmani-za-predsednicu\/\" \/>\n<meta property=\"og:locale\" content=\"sr_RS\" \/>\n<meta property=\"og:type\" content=\"article\" \/>\n<meta property=\"og:title\" content=\"Kosovski Parlament izglasao Vjosu Osmani za predsednicu - Predsednik Republike Kosovo - DR. VJOSA OSMANI - SADRIU\" \/>\n<meta property=\"og:description\" content=\"Kosovski Parlament izglasao Vjosu Osmani za predsednicu - Predsednik Republike Kosovo - DR. VJOSA OSMANI - SADRIU -\" \/>\n<meta property=\"og:url\" content=\"https:\/\/president-ksgov.net\/sr\/kosovski-parlament-izglasao-vjosu-osmani-za-predsednicu\/\" \/>\n<meta property=\"og:site_name\" content=\"Predsednik Republike Kosovo - DR. VJOSA OSMANI - SADRIU\" \/>\n<meta property=\"article:published_time\" content=\"2021-04-05T13:25:49+00:00\" \/>\n<meta property=\"og:image\" content=\"https:\/\/president-ksgov.net\/wp-content\/uploads\/16_04_2021_8131838_81932593_jpg.png\" \/>\n\t<meta property=\"og:image:width\" content=\"400\" \/>\n\t<meta property=\"og:image:height\" content=\"267\" \/>\n\t<meta property=\"og:image:type\" content=\"image\/png\" \/>\n<meta name=\"author\" content=\"admin\" \/>\n<meta name=\"twitter:card\" content=\"summary_large_image\" \/>\n<meta name=\"twitter:label1\" content=\"\u041d\u0430\u043f\u0438\u0441\u0430\u043d\u043e \u043e\u0434\" \/>\n\t<meta name=\"twitter:data1\" content=\"admin\" \/>\n\t<meta name=\"twitter:label2\" content=\"\u041f\u0440\u043e\u0446\u0435\u045a\u0435\u043d\u043e \u0432\u0440\u0435\u043c\u0435 \u0447\u0438\u0442\u0430\u045a\u0430\" \/>\n\t<meta name=\"twitter:data2\" content=\"2 \u043c\u0438\u043d\u0443\u0442\u0430\" \/>\n<script type=\"application\/ld+json\" class=\"yoast-schema-graph\">{\"@context\":\"https:\/\/schema.org\",\"@graph\":[{\"@type\":\"WebPage\",\"@id\":\"https:\/\/president-ksgov.net\/sr\/kosovski-parlament-izglasao-vjosu-osmani-za-predsednicu\/\",\"url\":\"https:\/\/president-ksgov.net\/sr\/kosovski-parlament-izglasao-vjosu-osmani-za-predsednicu\/\",\"name\":\"Kosovski Parlament izglasao Vjosu Osmani za predsednicu - Predsednik Republike Kosovo - DR. VJOSA OSMANI - SADRIU\",\"isPartOf\":{\"@id\":\"https:\/\/president-ksgov.net\/#website\"},\"primaryImageOfPage\":{\"@id\":\"https:\/\/president-ksgov.net\/sr\/kosovski-parlament-izglasao-vjosu-osmani-za-predsednicu\/#primaryimage\"},\"image\":{\"@id\":\"https:\/\/president-ksgov.net\/sr\/kosovski-parlament-izglasao-vjosu-osmani-za-predsednicu\/#primaryimage\"},\"thumbnailUrl\":\"https:\/\/president-ksgov.net\/wp-content\/uploads\/16_04_2021_8131838_81932593_jpg.png\",\"datePublished\":\"2021-04-05T13:25:49+00:00\",\"dateModified\":\"2021-04-05T13:25:49+00:00\",\"author\":{\"@id\":\"https:\/\/president-ksgov.net\/#\/schema\/person\/bb4337a5fb147cb2046d80548172cbee\"},\"description\":\"Kosovski Parlament izglasao Vjosu Osmani za predsednicu - Predsednik Republike Kosovo - DR. VJOSA OSMANI - SADRIU -\",\"breadcrumb\":{\"@id\":\"https:\/\/president-ksgov.net\/sr\/kosovski-parlament-izglasao-vjosu-osmani-za-predsednicu\/#breadcrumb\"},\"inLanguage\":\"sr-RS\",\"potentialAction\":[{\"@type\":\"ReadAction\",\"target\":[\"https:\/\/president-ksgov.net\/sr\/kosovski-parlament-izglasao-vjosu-osmani-za-predsednicu\/\"]}]},{\"@type\":\"ImageObject\",\"inLanguage\":\"sr-RS\",\"@id\":\"https:\/\/president-ksgov.net\/sr\/kosovski-parlament-izglasao-vjosu-osmani-za-predsednicu\/#primaryimage\",\"url\":\"https:\/\/president-ksgov.net\/wp-content\/uploads\/16_04_2021_8131838_81932593_jpg.png\",\"contentUrl\":\"https:\/\/president-ksgov.net\/wp-content\/uploads\/16_04_2021_8131838_81932593_jpg.png\",\"width\":400,\"height\":267},{\"@type\":\"BreadcrumbList\",\"@id\":\"https:\/\/president-ksgov.net\/sr\/kosovski-parlament-izglasao-vjosu-osmani-za-predsednicu\/#breadcrumb\",\"itemListElement\":[{\"@type\":\"ListItem\",\"position\":1,\"name\":\"Home\",\"item\":\"https:\/\/president-ksgov.net\/sr\/\"},{\"@type\":\"ListItem\",\"position\":2,\"name\":\"Kosovski Parlament izglasao Vjosu Osmani za predsednicu\"}]},{\"@type\":\"WebSite\",\"@id\":\"https:\/\/president-ksgov.net\/#website\",\"url\":\"https:\/\/president-ksgov.net\/\",\"name\":\"Presidente e Republik\u00ebs s\u00eb Kosov\u00ebs\",\"description\":\"Presidente e Republik\u00ebs s\u00eb Kosov\u00ebs\",\"alternateName\":\"DR. VJOSA OSMANI - SADRIU\",\"potentialAction\":[{\"@type\":\"SearchAction\",\"target\":{\"@type\":\"EntryPoint\",\"urlTemplate\":\"https:\/\/president-ksgov.net\/?s={search_term_string}\"},\"query-input\":{\"@type\":\"PropertyValueSpecification\",\"valueRequired\":true,\"valueName\":\"search_term_string\"}}],\"inLanguage\":\"sr-RS\"},{\"@type\":\"Person\",\"@id\":\"https:\/\/president-ksgov.net\/#\/schema\/person\/bb4337a5fb147cb2046d80548172cbee\",\"name\":\"admin\",\"image\":{\"@type\":\"ImageObject\",\"inLanguage\":\"sr-RS\",\"@id\":\"https:\/\/president-ksgov.net\/#\/schema\/person\/image\/\",\"url\":\"https:\/\/secure.gravatar.com\/avatar\/36156ca0fa3b8d9d25174f146e16beea0cf28f37adf1b9e19b6c9c279a7c9dd3?s=96&d=mm&r=g\",\"contentUrl\":\"https:\/\/secure.gravatar.com\/avatar\/36156ca0fa3b8d9d25174f146e16beea0cf28f37adf1b9e19b6c9c279a7c9dd3?s=96&d=mm&r=g\",\"caption\":\"admin\"},\"sameAs\":[\"https:\/\/president-ksgov.net\"]}]}<\/script>\n<!-- \/ Yoast SEO plugin. -->","yoast_head_json":{"title":"Kosovski Parlament izglasao Vjosu Osmani za predsednicu - Predsednik Republike Kosovo - DR. VJOSA OSMANI - SADRIU","description":"Kosovski Parlament izglasao Vjosu Osmani za predsednicu - Predsednik Republike Kosovo - DR. VJOSA OSMANI - SADRIU -","robots":{"index":"index","follow":"follow","max-snippet":"max-snippet:-1","max-image-preview":"max-image-preview:large","max-video-preview":"max-video-preview:-1"},"canonical":"https:\/\/president-ksgov.net\/sr\/kosovski-parlament-izglasao-vjosu-osmani-za-predsednicu\/","og_locale":"sr_RS","og_type":"article","og_title":"Kosovski Parlament izglasao Vjosu Osmani za predsednicu - Predsednik Republike Kosovo - DR. VJOSA OSMANI - SADRIU","og_description":"Kosovski Parlament izglasao Vjosu Osmani za predsednicu - Predsednik Republike Kosovo - DR. VJOSA OSMANI - SADRIU -","og_url":"https:\/\/president-ksgov.net\/sr\/kosovski-parlament-izglasao-vjosu-osmani-za-predsednicu\/","og_site_name":"Predsednik Republike Kosovo - DR. VJOSA OSMANI - SADRIU","article_published_time":"2021-04-05T13:25:49+00:00","og_image":[{"width":400,"height":267,"url":"https:\/\/president-ksgov.net\/wp-content\/uploads\/16_04_2021_8131838_81932593_jpg.png","type":"image\/png"}],"author":"admin","twitter_card":"summary_large_image","twitter_misc":{"\u041d\u0430\u043f\u0438\u0441\u0430\u043d\u043e \u043e\u0434":"admin","\u041f\u0440\u043e\u0446\u0435\u045a\u0435\u043d\u043e \u0432\u0440\u0435\u043c\u0435 \u0447\u0438\u0442\u0430\u045a\u0430":"2 \u043c\u0438\u043d\u0443\u0442\u0430"},"schema":{"@context":"https:\/\/schema.org","@graph":[{"@type":"WebPage","@id":"https:\/\/president-ksgov.net\/sr\/kosovski-parlament-izglasao-vjosu-osmani-za-predsednicu\/","url":"https:\/\/president-ksgov.net\/sr\/kosovski-parlament-izglasao-vjosu-osmani-za-predsednicu\/","name":"Kosovski Parlament izglasao Vjosu Osmani za predsednicu - Predsednik Republike Kosovo - DR. VJOSA OSMANI - SADRIU","isPartOf":{"@id":"https:\/\/president-ksgov.net\/#website"},"primaryImageOfPage":{"@id":"https:\/\/president-ksgov.net\/sr\/kosovski-parlament-izglasao-vjosu-osmani-za-predsednicu\/#primaryimage"},"image":{"@id":"https:\/\/president-ksgov.net\/sr\/kosovski-parlament-izglasao-vjosu-osmani-za-predsednicu\/#primaryimage"},"thumbnailUrl":"https:\/\/president-ksgov.net\/wp-content\/uploads\/16_04_2021_8131838_81932593_jpg.png","datePublished":"2021-04-05T13:25:49+00:00","dateModified":"2021-04-05T13:25:49+00:00","author":{"@id":"https:\/\/president-ksgov.net\/#\/schema\/person\/bb4337a5fb147cb2046d80548172cbee"},"description":"Kosovski Parlament izglasao Vjosu Osmani za predsednicu - Predsednik Republike Kosovo - DR. VJOSA OSMANI - SADRIU -","breadcrumb":{"@id":"https:\/\/president-ksgov.net\/sr\/kosovski-parlament-izglasao-vjosu-osmani-za-predsednicu\/#breadcrumb"},"inLanguage":"sr-RS","potentialAction":[{"@type":"ReadAction","target":["https:\/\/president-ksgov.net\/sr\/kosovski-parlament-izglasao-vjosu-osmani-za-predsednicu\/"]}]},{"@type":"ImageObject","inLanguage":"sr-RS","@id":"https:\/\/president-ksgov.net\/sr\/kosovski-parlament-izglasao-vjosu-osmani-za-predsednicu\/#primaryimage","url":"https:\/\/president-ksgov.net\/wp-content\/uploads\/16_04_2021_8131838_81932593_jpg.png","contentUrl":"https:\/\/president-ksgov.net\/wp-content\/uploads\/16_04_2021_8131838_81932593_jpg.png","width":400,"height":267},{"@type":"BreadcrumbList","@id":"https:\/\/president-ksgov.net\/sr\/kosovski-parlament-izglasao-vjosu-osmani-za-predsednicu\/#breadcrumb","itemListElement":[{"@type":"ListItem","position":1,"name":"Home","item":"https:\/\/president-ksgov.net\/sr\/"},{"@type":"ListItem","position":2,"name":"Kosovski Parlament izglasao Vjosu Osmani za predsednicu"}]},{"@type":"WebSite","@id":"https:\/\/president-ksgov.net\/#website","url":"https:\/\/president-ksgov.net\/","name":"Presidente e Republik\u00ebs s\u00eb Kosov\u00ebs","description":"Presidente e Republik\u00ebs s\u00eb Kosov\u00ebs","alternateName":"DR. VJOSA OSMANI - SADRIU","potentialAction":[{"@type":"SearchAction","target":{"@type":"EntryPoint","urlTemplate":"https:\/\/president-ksgov.net\/?s={search_term_string}"},"query-input":{"@type":"PropertyValueSpecification","valueRequired":true,"valueName":"search_term_string"}}],"inLanguage":"sr-RS"},{"@type":"Person","@id":"https:\/\/president-ksgov.net\/#\/schema\/person\/bb4337a5fb147cb2046d80548172cbee","name":"admin","image":{"@type":"ImageObject","inLanguage":"sr-RS","@id":"https:\/\/president-ksgov.net\/#\/schema\/person\/image\/","url":"https:\/\/secure.gravatar.com\/avatar\/36156ca0fa3b8d9d25174f146e16beea0cf28f37adf1b9e19b6c9c279a7c9dd3?s=96&d=mm&r=g","contentUrl":"https:\/\/secure.gravatar.com\/avatar\/36156ca0fa3b8d9d25174f146e16beea0cf28f37adf1b9e19b6c9c279a7c9dd3?s=96&d=mm&r=g","caption":"admin"},"sameAs":["https:\/\/president-ksgov.net"]}]}},"_links":{"self":[{"href":"https:\/\/president-ksgov.net\/sr\/wp-json\/wp\/v2\/posts\/75103","targetHints":{"allow":["GET"]}}],"collection":[{"href":"https:\/\/president-ksgov.net\/sr\/wp-json\/wp\/v2\/posts"}],"about":[{"href":"https:\/\/president-ksgov.net\/sr\/wp-json\/wp\/v2\/types\/post"}],"author":[{"embeddable":true,"href":"https:\/\/president-ksgov.net\/sr\/wp-json\/wp\/v2\/users\/1"}],"replies":[{"embeddable":true,"href":"https:\/\/president-ksgov.net\/sr\/wp-json\/wp\/v2\/comments?post=75103"}],"version-history":[{"count":0,"href":"https:\/\/president-ksgov.net\/sr\/wp-json\/wp\/v2\/posts\/75103\/revisions"}],"wp:featuredmedia":[{"embeddable":true,"href":"https:\/\/president-ksgov.net\/sr\/wp-json\/wp\/v2\/media\/21209"}],"wp:attachment":[{"href":"https:\/\/president-ksgov.net\/sr\/wp-json\/wp\/v2\/media?parent=75103"}],"wp:term":[{"taxonomy":"category","embeddable":true,"href":"https:\/\/president-ksgov.net\/sr\/wp-json\/wp\/v2\/categories?post=75103"},{"taxonomy":"post_tag","embeddable":true,"href":"https:\/\/president-ksgov.net\/sr\/wp-json\/wp\/v2\/tags?post=75103"}],"curies":[{"name":"wp","href":"https:\/\/api.w.org\/{rel}","templated":true}]}}