{"id":75102,"date":"2021-04-14T13:30:55","date_gmt":"2021-04-14T13:30:55","guid":{"rendered":"https:\/\/dev.president-ksgov.net\/nova-predsednica-kosova-kae-da-srbija-treba-da-odgovara-za-genocid\/"},"modified":"2021-04-14T13:30:55","modified_gmt":"2021-04-14T13:30:55","slug":"nova-predsednica-kosova-kae-da-srbija-treba-da-odgovara-za-genocid","status":"publish","type":"post","link":"https:\/\/president-ksgov.net\/sr\/nova-predsednica-kosova-kae-da-srbija-treba-da-odgovara-za-genocid\/","title":{"rendered":"Nova predsednica Kosova ka&#158;e da Srbija treba da odgovara za \u201egenocid\u201c"},"content":{"rendered":"<p>Vjosa Osmani ka&#382;e da razgovori, posredovanjem EU, pru&#382;aju Beogradu \u0161ansu da tra&#382;i izvinjenje<\/p>\n<p>Kosovo te&#382;i da tu&#382;i Srbiju za genocid i &#382;eli da se njeni lideri iskupe za zlo&ccaron;ine koji su izvr\u0161eni tokom rata 1998-1999. godine, za sistematsko ugnjetavanje kosovskih Albanaca, koje mu je prethodilo, rekla je nova predsednica zemlje.<\/p>\n<p>Vjosa Osmani ka&#382;e da pravda za 13,000 ubijenih lica u sukobu, milion raseljenih ili proteranih lica i 1,600 lica koji su jo\u0161 uvek nestali, mora da bude osnov za sporazum koji se ve&cacute; dugo zahteva, o normalizaciji odnosa sa Srbijom, \u0161to je uslov da se obe zemlje Balkana kona&ccaron;no u&ccaron;lane u Evropsku uniju.<\/p>\n<p>Advokat, obrazovana u SAD-u, optu&#382;uje tako&dstrok;e i njenog kolegu u Beogradu, Aleksandra Vu&ccaron;i&cacute;a za deljenje ekpanzionisti&ccaron;kog mi\u0161ljenja Slobodana Milo\u0161evi&cacute;a, nacionalisti&ccaron;kog sprskog predsednika, &ccaron;ije je agresivno pona\u0161anje bilo katalizator za ratove koji su razorili Jugoslaviju 1990-ih godina, a kojem je on slu&#382;io kao ministar informisanja.<\/p>\n<p>Stav Osmanijeve &cacute;e izazvati ljutnju u Srbiji, ali ona ka&#382;e da je Kosovo spremno da &ccaron;eka i godinama ako je potrebno da se postigne \u201ekvalitetan\u201c sporazum koji obezbe&dstrok;uje priznanje nezavisnosti Kosova od Beograda, bez izmena njegovih trenutnih granica.<\/p>\n<p>\u201eNa\u0161a klju&ccaron;na du&#382;nost je da govorimo u ime &#382;rtava i njihovih porodica. Dakle, nestala lica su na\u0161 prioritet broj jedan\u201c, ka&#382;e Osmanijeva, koja je kao adolescent pre\u0161la stotine kilometara sa mnogim drugim Kosovarima, kako bi zatra&#382;ila bezbednost od brutalnog srpskog ugnejtavanja nad separatisti&ccaron;kim pobunjenicima koji su se borili da okon&ccaron;aju vladavinu Beograda nad Kosovom.<\/p>\n<p>\u201eTako&dstrok;e ratne od\u0161tete za sva razaranja koje je uzrokovala Srbija na Kosovu i ne samo tokom rata, ve&cacute; od 1989. godine, kada je Milo\u0161evi&cacute; do\u0161ao na vlast i dok je rukovodio sistemom koji je sli&ccaron;an aparthejdu i na\u0161oj zemlji\u201c, ka&#382;e ona. \u201eI na kraju pravda, koja je preduslov za mir.\u201c<\/p>\n<p>Kosovski Parlament izabrao je g&dstrok;u Osmani (38) za predsednicu pro\u0161le nedelje uz podr\u0161ku premijera Albina Kurtija i njegove partije Pokret Samoopredeljenje.<\/p>\n<p>Njihov savez na nacionalnim izborima u februaru i usredsre&dstrok;enost na \u201eradna mesta i pravdu\u201c za 1.8 miliona ljudi na Kosovu, obezbedili su veliku pobedu sa 300.000 glasova za g&dstrok;u Osmani, \u0161to je potvrdilo njen status najpriznatije politi&ccaron;arke nacije.<\/p>\n<p>Ona ka&#382;e da rukovodioci Kosova sada analiziraju istoriju njegovih razgovora sa Srbijom, posredstvom EU, kako bi pripremili budu&cacute;e pregovore u smeru pobolj\u0161anju &#382;ivota ljudi na Kosovu i obezbe&dstrok;ivanju \u201eklju&ccaron;ne komponente\u201c \u2013 recipro&ccaron;nog priznanja izme&dstrok;u Kosova i Srbije i njihovih aktuelnih granica.<\/p>\n<p>Nema cene niti lica koje &cacute;e u&ccaron;initi da odustanemo ili da se predamo u vezi sa ovim principima\u2026 Mi &cacute;emo za taj sto sesti [sa Srbijom] upravo kako bismo mogli da ih pogledamo u o&ccaron;i, kako bi oni tra&#382;ili izvinjenje za izvr\u0161ene zlo&ccaron;ine\u201c, ka&#382;e ona.<br \/>\n\u00a0<\/p>\n<p>Navodi o genocidu<\/p>\n<p>Ona je ube&dstrok;ena do ti zlo&ccaron;ini koje one opisuje \u201evan ljudske zamisli\u201c, predstavljaju ne samo etni&ccaron;ko &ccaron;i\u0161&cacute;enje, ve&cacute; i genocid: \u201eVolja i te&#382;nja Srbije da istrebi i uni\u0161ti jedan narod na osnovu njihove nacionalnosti je bila jasna.\u201c<\/p>\n<p>\u201eTako da se mi kao zemlja pripremamo da slu&ccaron;aj genocida protiv Srbije, \u0161to pre budemo bili spremni za to, zakonski i u aspektu dokaza\u2026 Ve&cacute;ina svedoka su jo\u0161 uvek &#382;ivi i postoje dokazi koji su jasni\u201c, rekla je ona.<\/p>\n<p>Tek izabrana predsednica Kosova Vjosa Omsani, sa suprugom i &cacute;erkama bliznakinjama\u00a0 u&ccaron;estvuju na ceremoniji preuzimanja du&#382;nosti predsednice. Fotografije: Visar Kryeziu\/AP Foto<\/p>\n<p>Osmani ne govori o tome koji bi sud mogao da razmotri takav slu&ccaron;aj i pravni stru&ccaron;njaci prime&cacute;uju pote\u0161ko&cacute;e da utvrde da je neka dr&#382;ava izvr\u0161ila genocid.<\/p>\n<p>Me&dstrok;unarodni sud je osudio vojne i politi&ccaron;e slu&#382;benike, bosanske Srbe za izvr\u0161enje genocida protiv bosanskih muslimana u Srebrenici 1995. godine, ali vi\u0161i sud Ujedinjenih nacija je odlu&ccaron;io da, iako je Srbija bila neuspe\u0161na u njenoj\u00a0 du&#382;nosti da spre&ccaron;i tamo genocid, ona nije direktno odgovorna za masakr.<\/p>\n<p>Zvani&ccaron;no se&cacute;anje Srbije o ratu na Kosovu, usredsre&dstrok;eno je na srpske &#382;rtve NATO bombardovanja koje je prisililo Milo\u0161evi&cacute;a da okon&ccaron;a svoje ugnjetavanje u junu 1999. godine i da se povu&ccaron;e sa Kosova pod administracijom UN-a do progla\u0161enja nezavisnosti 2008. godine.<\/p>\n<p>Srpski sudovi nisu zapo&ccaron;eli neki novi sudski postupak koji je bitan i u vezi sa sukobom na Kosovu nekoliko godina, postoje&cacute;a pitanja su zastarela zbog dugog ka\u0161njenja i Srbi osu&dstrok;eni za ratne zlo&ccaron;ine od strane me&dstrok;unarodnih sudova, &ccaron;esto su ku&cacute;i do&ccaron;ekivani kao heroji.<\/p>\n<p>\u201eDakle, kada do&dstrok;e vreme da delegacija Kosova sedne sa predsednikom Srbije, na\u0161e prvo pitanje &cacute;e biti: gde su na\u0161i voljeni?\u201c ka&#382;e Osmanijeva za 1,600 lica koji su jo\u0161 uvek nestali od rata na Kosovu.\u00a0\u00a0<\/p>\n<p>Za\u0161tita Milo\u0161evi&cacute;a<\/p>\n<p>\u00a0Vu&ccaron;i&cacute; je priznao da je u svojoj politi&ccaron;koj pro\u0161losti pravio gre\u0161ke ne osu&dstrok;uju&cacute;i jasno Milo\u0161evi&cacute;a i njegov san o \u201eVelikoj Srbiji\u201c. 2018. godine on je rekao da je Milo\u0161evi&cacute; \u201ebio sjajan srpski lider, &ccaron;ije su namere sigurno bile dobre, ali na\u0161i rezultati su bili veoma slabi.\u201c<\/p>\n<p>Vu&ccaron;i&cacute; i prethodni predsednik Kosova\u00a0 Hashim Tha\u00e7i, na\u0161iroko se prenosilo, da su razmotrili \u201erazmenu zemlje\u201c kao dela sporazuma Srbija-Kosovo, nezavisno od upozorenja da bi izmena granica na Balkanu mogla da podstakne nasilje. Tha\u00e7i koji je bio rukovodilac pobunjeni&ccaron;ke Oslobodila&ccaron;ke vojske Kosova sada &ccaron;eka na presudu u Sudu ta ratne zlo&ccaron;ine u Hagu.<\/p>\n<p>Osmani ka&#382;e da je razmena teritorija nemogu&cacute;a i da veruje da Vu&ccaron;i&cacute; \u201etreba da potvrdi da se udaljio od Milo\u0161evi&cacute;evog mentaliteta.\u201c<\/p>\n<p>\u201eMislim da on prati sli&ccaron;nu strategiju na razne na&ccaron;ine; nesumnjivo ne preko rata, razaranja i nasilja, ve&cacute; preko druge strategije, koja jo\u0161 uvek te&#382;i da zgrne mnoge teritorije i ne zanima ga zaista sudbina ljudi.\u201c<\/p>\n<p>Prvi sastanak sa Vu&ccaron;i&cacute;em mo&#382;e biti daleko i g&dstrok;a Osmani ka&#382;e da je njen trenuti prioritet da obezbedi vakcine protiv COVID-19 za zemlju koja je dobila samo 24.000 doza.<\/p>\n<p>\u201ePoruka koju \u0161aljem svim me&dstrok;unarodnim partnerima jeste da ne mo&#382;emo da se usredsredimo, a ni oni ne treba da budu usredre&dstrok;eni na dijalog [Kosovo-Srbija] dok ljudi umiru. Sada nam je potrebna vakcina, a ne dijalog.\u201c\u00a0\u00a0<\/p>\n<p>&Ccaron;lanak \u201cThe Irish Times\u201d<br \/>\nhttps:\/\/www.irishtimes.com\/news\/world\/europe\/kosovo-s-new-president-says-serbia-must-answer-for-genocide-1.4537358\u00a0<\/p>\n","protected":false},"excerpt":{"rendered":"<p>Vjosa Osmani ka&#382;e da razgovori, posredovanjem EU, pru&#382;aju Beogradu \u0161ansu da tra&#382;i izvinjenje<\/p>\n","protected":false},"author":1,"featured_media":21202,"comment_status":"open","ping_status":"closed","sticky":false,"template":"","format":"standard","meta":{"_eb_attr":"","footnotes":""},"categories":[104],"tags":[],"class_list":["post-75102","post","type-post","status-publish","format-standard","has-post-thumbnail","hentry","category-intervjui"],"yoast_head":"<!-- This site is optimized with the Yoast SEO plugin v23.5 - https:\/\/yoast.com\/wordpress\/plugins\/seo\/ -->\n<title>Nova predsednica Kosova ka&#158;e da Srbija treba da odgovara za \u201egenocid\u201c - Predsednik Republike Kosovo - DR. VJOSA OSMANI - SADRIU<\/title>\n<meta name=\"description\" content=\"Nova predsednica Kosova ka&#158;e da Srbija treba da odgovara za \u201egenocid\u201c - Predsednik Republike Kosovo - DR. VJOSA OSMANI - SADRIU -\" \/>\n<meta name=\"robots\" content=\"index, follow, max-snippet:-1, max-image-preview:large, max-video-preview:-1\" \/>\n<link rel=\"canonical\" href=\"https:\/\/president-ksgov.net\/sr\/nova-predsednica-kosova-kae-da-srbija-treba-da-odgovara-za-genocid\/\" \/>\n<meta property=\"og:locale\" content=\"sr_RS\" \/>\n<meta property=\"og:type\" content=\"article\" \/>\n<meta property=\"og:title\" content=\"Nova predsednica Kosova ka&#158;e da Srbija treba da odgovara za \u201egenocid\u201c - Predsednik Republike Kosovo - DR. VJOSA OSMANI - SADRIU\" \/>\n<meta property=\"og:description\" content=\"Nova predsednica Kosova ka&#158;e da Srbija treba da odgovara za \u201egenocid\u201c - Predsednik Republike Kosovo - DR. VJOSA OSMANI - SADRIU -\" \/>\n<meta property=\"og:url\" content=\"https:\/\/president-ksgov.net\/sr\/nova-predsednica-kosova-kae-da-srbija-treba-da-odgovara-za-genocid\/\" \/>\n<meta property=\"og:site_name\" content=\"Predsednik Republike Kosovo - DR. VJOSA OSMANI - SADRIU\" \/>\n<meta property=\"article:published_time\" content=\"2021-04-14T13:30:55+00:00\" \/>\n<meta property=\"og:image\" content=\"https:\/\/president-ksgov.net\/wp-content\/uploads\/16_04_2021_1959228_image.jpg\" \/>\n\t<meta property=\"og:image:width\" content=\"620\" \/>\n\t<meta property=\"og:image:height\" content=\"349\" \/>\n\t<meta property=\"og:image:type\" content=\"image\/jpeg\" \/>\n<meta name=\"author\" content=\"admin\" \/>\n<meta name=\"twitter:card\" content=\"summary_large_image\" \/>\n<meta name=\"twitter:label1\" content=\"\u041d\u0430\u043f\u0438\u0441\u0430\u043d\u043e \u043e\u0434\" \/>\n\t<meta name=\"twitter:data1\" content=\"admin\" \/>\n\t<meta name=\"twitter:label2\" content=\"\u041f\u0440\u043e\u0446\u0435\u045a\u0435\u043d\u043e \u0432\u0440\u0435\u043c\u0435 \u0447\u0438\u0442\u0430\u045a\u0430\" \/>\n\t<meta name=\"twitter:data2\" content=\"6 \u043c\u0438\u043d\u0443\u0442\u0430\" \/>\n<script type=\"application\/ld+json\" class=\"yoast-schema-graph\">{\"@context\":\"https:\/\/schema.org\",\"@graph\":[{\"@type\":\"WebPage\",\"@id\":\"https:\/\/president-ksgov.net\/sr\/nova-predsednica-kosova-kae-da-srbija-treba-da-odgovara-za-genocid\/\",\"url\":\"https:\/\/president-ksgov.net\/sr\/nova-predsednica-kosova-kae-da-srbija-treba-da-odgovara-za-genocid\/\",\"name\":\"Nova predsednica Kosova ka&#158;e da Srbija treba da odgovara za \u201egenocid\u201c - Predsednik Republike Kosovo - DR. VJOSA OSMANI - SADRIU\",\"isPartOf\":{\"@id\":\"https:\/\/president-ksgov.net\/#website\"},\"primaryImageOfPage\":{\"@id\":\"https:\/\/president-ksgov.net\/sr\/nova-predsednica-kosova-kae-da-srbija-treba-da-odgovara-za-genocid\/#primaryimage\"},\"image\":{\"@id\":\"https:\/\/president-ksgov.net\/sr\/nova-predsednica-kosova-kae-da-srbija-treba-da-odgovara-za-genocid\/#primaryimage\"},\"thumbnailUrl\":\"https:\/\/president-ksgov.net\/wp-content\/uploads\/16_04_2021_1959228_image.jpg\",\"datePublished\":\"2021-04-14T13:30:55+00:00\",\"dateModified\":\"2021-04-14T13:30:55+00:00\",\"author\":{\"@id\":\"https:\/\/president-ksgov.net\/#\/schema\/person\/bb4337a5fb147cb2046d80548172cbee\"},\"description\":\"Nova predsednica Kosova ka&#158;e da Srbija treba da odgovara za \u201egenocid\u201c - Predsednik Republike Kosovo - DR. VJOSA OSMANI - SADRIU -\",\"breadcrumb\":{\"@id\":\"https:\/\/president-ksgov.net\/sr\/nova-predsednica-kosova-kae-da-srbija-treba-da-odgovara-za-genocid\/#breadcrumb\"},\"inLanguage\":\"sr-RS\",\"potentialAction\":[{\"@type\":\"ReadAction\",\"target\":[\"https:\/\/president-ksgov.net\/sr\/nova-predsednica-kosova-kae-da-srbija-treba-da-odgovara-za-genocid\/\"]}]},{\"@type\":\"ImageObject\",\"inLanguage\":\"sr-RS\",\"@id\":\"https:\/\/president-ksgov.net\/sr\/nova-predsednica-kosova-kae-da-srbija-treba-da-odgovara-za-genocid\/#primaryimage\",\"url\":\"https:\/\/president-ksgov.net\/wp-content\/uploads\/16_04_2021_1959228_image.jpg\",\"contentUrl\":\"https:\/\/president-ksgov.net\/wp-content\/uploads\/16_04_2021_1959228_image.jpg\",\"width\":620,\"height\":349},{\"@type\":\"BreadcrumbList\",\"@id\":\"https:\/\/president-ksgov.net\/sr\/nova-predsednica-kosova-kae-da-srbija-treba-da-odgovara-za-genocid\/#breadcrumb\",\"itemListElement\":[{\"@type\":\"ListItem\",\"position\":1,\"name\":\"Home\",\"item\":\"https:\/\/president-ksgov.net\/sr\/\"},{\"@type\":\"ListItem\",\"position\":2,\"name\":\"Nova predsednica Kosova ka&#158;e da Srbija treba da odgovara za \u201egenocid\u201c\"}]},{\"@type\":\"WebSite\",\"@id\":\"https:\/\/president-ksgov.net\/#website\",\"url\":\"https:\/\/president-ksgov.net\/\",\"name\":\"Presidente e Republik\u00ebs s\u00eb Kosov\u00ebs\",\"description\":\"Presidente e Republik\u00ebs s\u00eb Kosov\u00ebs\",\"alternateName\":\"DR. VJOSA OSMANI - SADRIU\",\"potentialAction\":[{\"@type\":\"SearchAction\",\"target\":{\"@type\":\"EntryPoint\",\"urlTemplate\":\"https:\/\/president-ksgov.net\/?s={search_term_string}\"},\"query-input\":{\"@type\":\"PropertyValueSpecification\",\"valueRequired\":true,\"valueName\":\"search_term_string\"}}],\"inLanguage\":\"sr-RS\"},{\"@type\":\"Person\",\"@id\":\"https:\/\/president-ksgov.net\/#\/schema\/person\/bb4337a5fb147cb2046d80548172cbee\",\"name\":\"admin\",\"image\":{\"@type\":\"ImageObject\",\"inLanguage\":\"sr-RS\",\"@id\":\"https:\/\/president-ksgov.net\/#\/schema\/person\/image\/\",\"url\":\"https:\/\/secure.gravatar.com\/avatar\/36156ca0fa3b8d9d25174f146e16beea0cf28f37adf1b9e19b6c9c279a7c9dd3?s=96&d=mm&r=g\",\"contentUrl\":\"https:\/\/secure.gravatar.com\/avatar\/36156ca0fa3b8d9d25174f146e16beea0cf28f37adf1b9e19b6c9c279a7c9dd3?s=96&d=mm&r=g\",\"caption\":\"admin\"},\"sameAs\":[\"https:\/\/president-ksgov.net\"]}]}<\/script>\n<!-- \/ Yoast SEO plugin. -->","yoast_head_json":{"title":"Nova predsednica Kosova ka&#158;e da Srbija treba da odgovara za \u201egenocid\u201c - Predsednik Republike Kosovo - DR. VJOSA OSMANI - SADRIU","description":"Nova predsednica Kosova ka&#158;e da Srbija treba da odgovara za \u201egenocid\u201c - Predsednik Republike Kosovo - DR. VJOSA OSMANI - SADRIU -","robots":{"index":"index","follow":"follow","max-snippet":"max-snippet:-1","max-image-preview":"max-image-preview:large","max-video-preview":"max-video-preview:-1"},"canonical":"https:\/\/president-ksgov.net\/sr\/nova-predsednica-kosova-kae-da-srbija-treba-da-odgovara-za-genocid\/","og_locale":"sr_RS","og_type":"article","og_title":"Nova predsednica Kosova ka&#158;e da Srbija treba da odgovara za \u201egenocid\u201c - Predsednik Republike Kosovo - DR. VJOSA OSMANI - SADRIU","og_description":"Nova predsednica Kosova ka&#158;e da Srbija treba da odgovara za \u201egenocid\u201c - Predsednik Republike Kosovo - DR. VJOSA OSMANI - SADRIU -","og_url":"https:\/\/president-ksgov.net\/sr\/nova-predsednica-kosova-kae-da-srbija-treba-da-odgovara-za-genocid\/","og_site_name":"Predsednik Republike Kosovo - DR. VJOSA OSMANI - SADRIU","article_published_time":"2021-04-14T13:30:55+00:00","og_image":[{"width":620,"height":349,"url":"https:\/\/president-ksgov.net\/wp-content\/uploads\/16_04_2021_1959228_image.jpg","type":"image\/jpeg"}],"author":"admin","twitter_card":"summary_large_image","twitter_misc":{"\u041d\u0430\u043f\u0438\u0441\u0430\u043d\u043e \u043e\u0434":"admin","\u041f\u0440\u043e\u0446\u0435\u045a\u0435\u043d\u043e \u0432\u0440\u0435\u043c\u0435 \u0447\u0438\u0442\u0430\u045a\u0430":"6 \u043c\u0438\u043d\u0443\u0442\u0430"},"schema":{"@context":"https:\/\/schema.org","@graph":[{"@type":"WebPage","@id":"https:\/\/president-ksgov.net\/sr\/nova-predsednica-kosova-kae-da-srbija-treba-da-odgovara-za-genocid\/","url":"https:\/\/president-ksgov.net\/sr\/nova-predsednica-kosova-kae-da-srbija-treba-da-odgovara-za-genocid\/","name":"Nova predsednica Kosova ka&#158;e da Srbija treba da odgovara za \u201egenocid\u201c - Predsednik Republike Kosovo - DR. VJOSA OSMANI - SADRIU","isPartOf":{"@id":"https:\/\/president-ksgov.net\/#website"},"primaryImageOfPage":{"@id":"https:\/\/president-ksgov.net\/sr\/nova-predsednica-kosova-kae-da-srbija-treba-da-odgovara-za-genocid\/#primaryimage"},"image":{"@id":"https:\/\/president-ksgov.net\/sr\/nova-predsednica-kosova-kae-da-srbija-treba-da-odgovara-za-genocid\/#primaryimage"},"thumbnailUrl":"https:\/\/president-ksgov.net\/wp-content\/uploads\/16_04_2021_1959228_image.jpg","datePublished":"2021-04-14T13:30:55+00:00","dateModified":"2021-04-14T13:30:55+00:00","author":{"@id":"https:\/\/president-ksgov.net\/#\/schema\/person\/bb4337a5fb147cb2046d80548172cbee"},"description":"Nova predsednica Kosova ka&#158;e da Srbija treba da odgovara za \u201egenocid\u201c - Predsednik Republike Kosovo - DR. VJOSA OSMANI - SADRIU -","breadcrumb":{"@id":"https:\/\/president-ksgov.net\/sr\/nova-predsednica-kosova-kae-da-srbija-treba-da-odgovara-za-genocid\/#breadcrumb"},"inLanguage":"sr-RS","potentialAction":[{"@type":"ReadAction","target":["https:\/\/president-ksgov.net\/sr\/nova-predsednica-kosova-kae-da-srbija-treba-da-odgovara-za-genocid\/"]}]},{"@type":"ImageObject","inLanguage":"sr-RS","@id":"https:\/\/president-ksgov.net\/sr\/nova-predsednica-kosova-kae-da-srbija-treba-da-odgovara-za-genocid\/#primaryimage","url":"https:\/\/president-ksgov.net\/wp-content\/uploads\/16_04_2021_1959228_image.jpg","contentUrl":"https:\/\/president-ksgov.net\/wp-content\/uploads\/16_04_2021_1959228_image.jpg","width":620,"height":349},{"@type":"BreadcrumbList","@id":"https:\/\/president-ksgov.net\/sr\/nova-predsednica-kosova-kae-da-srbija-treba-da-odgovara-za-genocid\/#breadcrumb","itemListElement":[{"@type":"ListItem","position":1,"name":"Home","item":"https:\/\/president-ksgov.net\/sr\/"},{"@type":"ListItem","position":2,"name":"Nova predsednica Kosova ka&#158;e da Srbija treba da odgovara za \u201egenocid\u201c"}]},{"@type":"WebSite","@id":"https:\/\/president-ksgov.net\/#website","url":"https:\/\/president-ksgov.net\/","name":"Presidente e Republik\u00ebs s\u00eb Kosov\u00ebs","description":"Presidente e Republik\u00ebs s\u00eb Kosov\u00ebs","alternateName":"DR. VJOSA OSMANI - SADRIU","potentialAction":[{"@type":"SearchAction","target":{"@type":"EntryPoint","urlTemplate":"https:\/\/president-ksgov.net\/?s={search_term_string}"},"query-input":{"@type":"PropertyValueSpecification","valueRequired":true,"valueName":"search_term_string"}}],"inLanguage":"sr-RS"},{"@type":"Person","@id":"https:\/\/president-ksgov.net\/#\/schema\/person\/bb4337a5fb147cb2046d80548172cbee","name":"admin","image":{"@type":"ImageObject","inLanguage":"sr-RS","@id":"https:\/\/president-ksgov.net\/#\/schema\/person\/image\/","url":"https:\/\/secure.gravatar.com\/avatar\/36156ca0fa3b8d9d25174f146e16beea0cf28f37adf1b9e19b6c9c279a7c9dd3?s=96&d=mm&r=g","contentUrl":"https:\/\/secure.gravatar.com\/avatar\/36156ca0fa3b8d9d25174f146e16beea0cf28f37adf1b9e19b6c9c279a7c9dd3?s=96&d=mm&r=g","caption":"admin"},"sameAs":["https:\/\/president-ksgov.net"]}]}},"_links":{"self":[{"href":"https:\/\/president-ksgov.net\/sr\/wp-json\/wp\/v2\/posts\/75102","targetHints":{"allow":["GET"]}}],"collection":[{"href":"https:\/\/president-ksgov.net\/sr\/wp-json\/wp\/v2\/posts"}],"about":[{"href":"https:\/\/president-ksgov.net\/sr\/wp-json\/wp\/v2\/types\/post"}],"author":[{"embeddable":true,"href":"https:\/\/president-ksgov.net\/sr\/wp-json\/wp\/v2\/users\/1"}],"replies":[{"embeddable":true,"href":"https:\/\/president-ksgov.net\/sr\/wp-json\/wp\/v2\/comments?post=75102"}],"version-history":[{"count":0,"href":"https:\/\/president-ksgov.net\/sr\/wp-json\/wp\/v2\/posts\/75102\/revisions"}],"wp:featuredmedia":[{"embeddable":true,"href":"https:\/\/president-ksgov.net\/sr\/wp-json\/wp\/v2\/media\/21202"}],"wp:attachment":[{"href":"https:\/\/president-ksgov.net\/sr\/wp-json\/wp\/v2\/media?parent=75102"}],"wp:term":[{"taxonomy":"category","embeddable":true,"href":"https:\/\/president-ksgov.net\/sr\/wp-json\/wp\/v2\/categories?post=75102"},{"taxonomy":"post_tag","embeddable":true,"href":"https:\/\/president-ksgov.net\/sr\/wp-json\/wp\/v2\/tags?post=75102"}],"curies":[{"name":"wp","href":"https:\/\/api.w.org\/{rel}","templated":true}]}}