{"id":75092,"date":"2021-04-19T15:22:53","date_gmt":"2021-04-19T15:22:53","guid":{"rendered":"https:\/\/dev.president-ksgov.net\/predsednica-osmani-doekala-je-na-sastanku-ambasadorku-francuske-marie-christine-butel\/"},"modified":"2021-04-19T15:22:53","modified_gmt":"2021-04-19T15:22:53","slug":"predsednica-osmani-doekala-je-na-sastanku-ambasadorku-francuske-marie-christine-butel","status":"publish","type":"post","link":"https:\/\/president-ksgov.net\/sr\/predsednica-osmani-doekala-je-na-sastanku-ambasadorku-francuske-marie-christine-butel\/","title":{"rendered":"Predsednica Osmani do&ccaron;ekala je na sastanku ambasadorku francuske Marie-Christine Butel"},"content":{"rendered":"<p>Predsednica Republike Kosovo Vjosa Osmani do&ccaron;ekala je danas na sastanku ambasadorku francuske na Kosovu Marie-Christine Butel, koja joj je &ccaron;estitala na du&#382;nosti i koja je donela pismo &ccaron;estitke od predsednika Francuske Emmanuela Macrona.<\/p>\n<p>Predsednica Osmani istakla je potrebu za me&dstrok;unarodnom solidarno\u0161&cacute;u u realizovanju klju&ccaron;nog prioriteta novih kosovskih institucija u upravljanju pandemijom COVID-19, isti&ccaron;u&cacute;i bitnost \u0161to br&#382;eg obezbe&dstrok;ivanja vakcine za sve gra&dstrok;ane zemlje.<\/p>\n<p>\u00a0<\/p>\n<p>Predsednica Osmani tra&#382;ila je od francuske dr&#382;ave da podr&#382;i liberalizaciju viza za gra&dstrok;ane Kosova imaju&cacute;i u vidu da su institucije Kosova ispunile sve kriterijume u vezi sa procesom liberalizacije viza.<\/p>\n<p>\u00a0<\/p>\n<p>Ambasadorka Butel je potvrdila posve&cacute;enog Francuske saradnji i daljoj podr\u0161ci, izra&#382;avaju&cacute;i spremnost za produbljenje saradnje u\u00a0 novim oblastima od zajedni&ccaron;kog interesa. Predsednica Osmani i ambasadorka Butel su diskutovale i o produbljenju saradnje izme&dstrok;u dve dr&#382;ave u oblastima vladavine zakona, odbrane i privrede.<\/p>\n<p>\u00a0<\/p>\n<p>Predsednica Osmani zahvalila se ambasadorki Francuske na podr\u0161ci\u00a0 koju je francuska dr&#382;ava pru&#382;ala Republici Kosovo godinama i uverila ju je da strate\u0161ka orijentacija Republike Kosovo ostaje u&ccaron;lanjenje u Evropsku uniju.\u00e2&#8364;&#8249;\u00a0<\/p>\n","protected":false},"excerpt":{"rendered":"<p>Predsednica Republike Kosovo Vjosa Osmani do&ccaron;ekala je danas na sastanku ambasadorku francuske na Kosovu Marie-Christine Butel, koja joj je &ccaron;estitala na du&#382;nosti i koja je donela pismo &ccaron;estitke od predsednika Francuske Emmanuela Macrona.<\/p>\n","protected":false},"author":1,"featured_media":21093,"comment_status":"open","ping_status":"closed","sticky":false,"template":"","format":"standard","meta":{"_eb_attr":"","footnotes":""},"categories":[101],"tags":[],"class_list":["post-75092","post","type-post","status-publish","format-standard","has-post-thumbnail","hentry","category-vesti"],"yoast_head":"<!-- This site is optimized with the Yoast SEO plugin v23.5 - https:\/\/yoast.com\/wordpress\/plugins\/seo\/ -->\n<title>Predsednica Osmani do&amp;ccaron;ekala je na sastanku ambasadorku francuske Marie-Christine Butel - Predsednik Republike Kosovo - DR. VJOSA OSMANI - SADRIU<\/title>\n<meta name=\"description\" content=\"Predsednica Osmani do&amp;ccaron;ekala je na sastanku ambasadorku francuske Marie-Christine Butel - Predsednik Republike Kosovo - DR. VJOSA OSMANI - SADRIU -\" \/>\n<meta name=\"robots\" content=\"index, follow, max-snippet:-1, max-image-preview:large, max-video-preview:-1\" \/>\n<link rel=\"canonical\" href=\"https:\/\/president-ksgov.net\/sr\/predsednica-osmani-doekala-je-na-sastanku-ambasadorku-francuske-marie-christine-butel\/\" \/>\n<meta property=\"og:locale\" content=\"sr_RS\" \/>\n<meta property=\"og:type\" content=\"article\" \/>\n<meta property=\"og:title\" content=\"Predsednica Osmani do&amp;ccaron;ekala je na sastanku ambasadorku francuske Marie-Christine Butel - Predsednik Republike Kosovo - DR. VJOSA OSMANI - SADRIU\" \/>\n<meta property=\"og:description\" content=\"Predsednica Osmani do&amp;ccaron;ekala je na sastanku ambasadorku francuske Marie-Christine Butel - Predsednik Republike Kosovo - DR. VJOSA OSMANI - SADRIU -\" \/>\n<meta property=\"og:url\" content=\"https:\/\/president-ksgov.net\/sr\/predsednica-osmani-doekala-je-na-sastanku-ambasadorku-francuske-marie-christine-butel\/\" \/>\n<meta property=\"og:site_name\" content=\"Predsednik Republike Kosovo - DR. VJOSA OSMANI - SADRIU\" \/>\n<meta property=\"article:published_time\" content=\"2021-04-19T15:22:53+00:00\" \/>\n<meta property=\"og:image\" content=\"https:\/\/president-ksgov.net\/wp-content\/uploads\/19_04_2021_6829216_175145432_1975224882633140_989013947063398974_n-scaled.jpg\" \/>\n\t<meta property=\"og:image:width\" content=\"2560\" \/>\n\t<meta property=\"og:image:height\" content=\"1707\" \/>\n\t<meta property=\"og:image:type\" content=\"image\/jpeg\" \/>\n<meta name=\"author\" content=\"admin\" \/>\n<meta name=\"twitter:card\" content=\"summary_large_image\" \/>\n<meta name=\"twitter:label1\" content=\"\u041d\u0430\u043f\u0438\u0441\u0430\u043d\u043e \u043e\u0434\" \/>\n\t<meta name=\"twitter:data1\" content=\"admin\" \/>\n\t<meta name=\"twitter:label2\" content=\"\u041f\u0440\u043e\u0446\u0435\u045a\u0435\u043d\u043e \u0432\u0440\u0435\u043c\u0435 \u0447\u0438\u0442\u0430\u045a\u0430\" \/>\n\t<meta name=\"twitter:data2\" content=\"1 \u043c\u0438\u043d\u0443\u0442\" \/>\n<script type=\"application\/ld+json\" class=\"yoast-schema-graph\">{\"@context\":\"https:\/\/schema.org\",\"@graph\":[{\"@type\":\"WebPage\",\"@id\":\"https:\/\/president-ksgov.net\/sr\/predsednica-osmani-doekala-je-na-sastanku-ambasadorku-francuske-marie-christine-butel\/\",\"url\":\"https:\/\/president-ksgov.net\/sr\/predsednica-osmani-doekala-je-na-sastanku-ambasadorku-francuske-marie-christine-butel\/\",\"name\":\"Predsednica Osmani do&ccaron;ekala je na sastanku ambasadorku francuske Marie-Christine Butel - Predsednik Republike Kosovo - DR. VJOSA OSMANI - SADRIU\",\"isPartOf\":{\"@id\":\"https:\/\/president-ksgov.net\/#website\"},\"primaryImageOfPage\":{\"@id\":\"https:\/\/president-ksgov.net\/sr\/predsednica-osmani-doekala-je-na-sastanku-ambasadorku-francuske-marie-christine-butel\/#primaryimage\"},\"image\":{\"@id\":\"https:\/\/president-ksgov.net\/sr\/predsednica-osmani-doekala-je-na-sastanku-ambasadorku-francuske-marie-christine-butel\/#primaryimage\"},\"thumbnailUrl\":\"https:\/\/president-ksgov.net\/wp-content\/uploads\/19_04_2021_6829216_175145432_1975224882633140_989013947063398974_n-scaled.jpg\",\"datePublished\":\"2021-04-19T15:22:53+00:00\",\"dateModified\":\"2021-04-19T15:22:53+00:00\",\"author\":{\"@id\":\"https:\/\/president-ksgov.net\/#\/schema\/person\/bb4337a5fb147cb2046d80548172cbee\"},\"description\":\"Predsednica Osmani do&ccaron;ekala je na sastanku ambasadorku francuske Marie-Christine Butel - Predsednik Republike Kosovo - DR. VJOSA OSMANI - SADRIU -\",\"breadcrumb\":{\"@id\":\"https:\/\/president-ksgov.net\/sr\/predsednica-osmani-doekala-je-na-sastanku-ambasadorku-francuske-marie-christine-butel\/#breadcrumb\"},\"inLanguage\":\"sr-RS\",\"potentialAction\":[{\"@type\":\"ReadAction\",\"target\":[\"https:\/\/president-ksgov.net\/sr\/predsednica-osmani-doekala-je-na-sastanku-ambasadorku-francuske-marie-christine-butel\/\"]}]},{\"@type\":\"ImageObject\",\"inLanguage\":\"sr-RS\",\"@id\":\"https:\/\/president-ksgov.net\/sr\/predsednica-osmani-doekala-je-na-sastanku-ambasadorku-francuske-marie-christine-butel\/#primaryimage\",\"url\":\"https:\/\/president-ksgov.net\/wp-content\/uploads\/19_04_2021_6829216_175145432_1975224882633140_989013947063398974_n-scaled.jpg\",\"contentUrl\":\"https:\/\/president-ksgov.net\/wp-content\/uploads\/19_04_2021_6829216_175145432_1975224882633140_989013947063398974_n-scaled.jpg\",\"width\":2560,\"height\":1707},{\"@type\":\"BreadcrumbList\",\"@id\":\"https:\/\/president-ksgov.net\/sr\/predsednica-osmani-doekala-je-na-sastanku-ambasadorku-francuske-marie-christine-butel\/#breadcrumb\",\"itemListElement\":[{\"@type\":\"ListItem\",\"position\":1,\"name\":\"Home\",\"item\":\"https:\/\/president-ksgov.net\/sr\/\"},{\"@type\":\"ListItem\",\"position\":2,\"name\":\"Predsednica Osmani do&ccaron;ekala je na sastanku ambasadorku francuske Marie-Christine Butel\"}]},{\"@type\":\"WebSite\",\"@id\":\"https:\/\/president-ksgov.net\/#website\",\"url\":\"https:\/\/president-ksgov.net\/\",\"name\":\"Presidente e Republik\u00ebs s\u00eb Kosov\u00ebs\",\"description\":\"Presidente e Republik\u00ebs s\u00eb Kosov\u00ebs\",\"alternateName\":\"DR. VJOSA OSMANI - SADRIU\",\"potentialAction\":[{\"@type\":\"SearchAction\",\"target\":{\"@type\":\"EntryPoint\",\"urlTemplate\":\"https:\/\/president-ksgov.net\/?s={search_term_string}\"},\"query-input\":{\"@type\":\"PropertyValueSpecification\",\"valueRequired\":true,\"valueName\":\"search_term_string\"}}],\"inLanguage\":\"sr-RS\"},{\"@type\":\"Person\",\"@id\":\"https:\/\/president-ksgov.net\/#\/schema\/person\/bb4337a5fb147cb2046d80548172cbee\",\"name\":\"admin\",\"image\":{\"@type\":\"ImageObject\",\"inLanguage\":\"sr-RS\",\"@id\":\"https:\/\/president-ksgov.net\/#\/schema\/person\/image\/\",\"url\":\"https:\/\/secure.gravatar.com\/avatar\/36156ca0fa3b8d9d25174f146e16beea0cf28f37adf1b9e19b6c9c279a7c9dd3?s=96&d=mm&r=g\",\"contentUrl\":\"https:\/\/secure.gravatar.com\/avatar\/36156ca0fa3b8d9d25174f146e16beea0cf28f37adf1b9e19b6c9c279a7c9dd3?s=96&d=mm&r=g\",\"caption\":\"admin\"},\"sameAs\":[\"https:\/\/president-ksgov.net\"]}]}<\/script>\n<!-- \/ Yoast SEO plugin. -->","yoast_head_json":{"title":"Predsednica Osmani do&ccaron;ekala je na sastanku ambasadorku francuske Marie-Christine Butel - Predsednik Republike Kosovo - DR. VJOSA OSMANI - SADRIU","description":"Predsednica Osmani do&ccaron;ekala je na sastanku ambasadorku francuske Marie-Christine Butel - Predsednik Republike Kosovo - DR. VJOSA OSMANI - SADRIU -","robots":{"index":"index","follow":"follow","max-snippet":"max-snippet:-1","max-image-preview":"max-image-preview:large","max-video-preview":"max-video-preview:-1"},"canonical":"https:\/\/president-ksgov.net\/sr\/predsednica-osmani-doekala-je-na-sastanku-ambasadorku-francuske-marie-christine-butel\/","og_locale":"sr_RS","og_type":"article","og_title":"Predsednica Osmani do&ccaron;ekala je na sastanku ambasadorku francuske Marie-Christine Butel - Predsednik Republike Kosovo - DR. VJOSA OSMANI - SADRIU","og_description":"Predsednica Osmani do&ccaron;ekala je na sastanku ambasadorku francuske Marie-Christine Butel - Predsednik Republike Kosovo - DR. VJOSA OSMANI - SADRIU -","og_url":"https:\/\/president-ksgov.net\/sr\/predsednica-osmani-doekala-je-na-sastanku-ambasadorku-francuske-marie-christine-butel\/","og_site_name":"Predsednik Republike Kosovo - DR. VJOSA OSMANI - SADRIU","article_published_time":"2021-04-19T15:22:53+00:00","og_image":[{"width":2560,"height":1707,"url":"https:\/\/president-ksgov.net\/wp-content\/uploads\/19_04_2021_6829216_175145432_1975224882633140_989013947063398974_n-scaled.jpg","type":"image\/jpeg"}],"author":"admin","twitter_card":"summary_large_image","twitter_misc":{"\u041d\u0430\u043f\u0438\u0441\u0430\u043d\u043e \u043e\u0434":"admin","\u041f\u0440\u043e\u0446\u0435\u045a\u0435\u043d\u043e \u0432\u0440\u0435\u043c\u0435 \u0447\u0438\u0442\u0430\u045a\u0430":"1 \u043c\u0438\u043d\u0443\u0442"},"schema":{"@context":"https:\/\/schema.org","@graph":[{"@type":"WebPage","@id":"https:\/\/president-ksgov.net\/sr\/predsednica-osmani-doekala-je-na-sastanku-ambasadorku-francuske-marie-christine-butel\/","url":"https:\/\/president-ksgov.net\/sr\/predsednica-osmani-doekala-je-na-sastanku-ambasadorku-francuske-marie-christine-butel\/","name":"Predsednica Osmani do&ccaron;ekala je na sastanku ambasadorku francuske Marie-Christine Butel - Predsednik Republike Kosovo - DR. VJOSA OSMANI - SADRIU","isPartOf":{"@id":"https:\/\/president-ksgov.net\/#website"},"primaryImageOfPage":{"@id":"https:\/\/president-ksgov.net\/sr\/predsednica-osmani-doekala-je-na-sastanku-ambasadorku-francuske-marie-christine-butel\/#primaryimage"},"image":{"@id":"https:\/\/president-ksgov.net\/sr\/predsednica-osmani-doekala-je-na-sastanku-ambasadorku-francuske-marie-christine-butel\/#primaryimage"},"thumbnailUrl":"https:\/\/president-ksgov.net\/wp-content\/uploads\/19_04_2021_6829216_175145432_1975224882633140_989013947063398974_n-scaled.jpg","datePublished":"2021-04-19T15:22:53+00:00","dateModified":"2021-04-19T15:22:53+00:00","author":{"@id":"https:\/\/president-ksgov.net\/#\/schema\/person\/bb4337a5fb147cb2046d80548172cbee"},"description":"Predsednica Osmani do&ccaron;ekala je na sastanku ambasadorku francuske Marie-Christine Butel - Predsednik Republike Kosovo - DR. VJOSA OSMANI - SADRIU -","breadcrumb":{"@id":"https:\/\/president-ksgov.net\/sr\/predsednica-osmani-doekala-je-na-sastanku-ambasadorku-francuske-marie-christine-butel\/#breadcrumb"},"inLanguage":"sr-RS","potentialAction":[{"@type":"ReadAction","target":["https:\/\/president-ksgov.net\/sr\/predsednica-osmani-doekala-je-na-sastanku-ambasadorku-francuske-marie-christine-butel\/"]}]},{"@type":"ImageObject","inLanguage":"sr-RS","@id":"https:\/\/president-ksgov.net\/sr\/predsednica-osmani-doekala-je-na-sastanku-ambasadorku-francuske-marie-christine-butel\/#primaryimage","url":"https:\/\/president-ksgov.net\/wp-content\/uploads\/19_04_2021_6829216_175145432_1975224882633140_989013947063398974_n-scaled.jpg","contentUrl":"https:\/\/president-ksgov.net\/wp-content\/uploads\/19_04_2021_6829216_175145432_1975224882633140_989013947063398974_n-scaled.jpg","width":2560,"height":1707},{"@type":"BreadcrumbList","@id":"https:\/\/president-ksgov.net\/sr\/predsednica-osmani-doekala-je-na-sastanku-ambasadorku-francuske-marie-christine-butel\/#breadcrumb","itemListElement":[{"@type":"ListItem","position":1,"name":"Home","item":"https:\/\/president-ksgov.net\/sr\/"},{"@type":"ListItem","position":2,"name":"Predsednica Osmani do&ccaron;ekala je na sastanku ambasadorku francuske Marie-Christine Butel"}]},{"@type":"WebSite","@id":"https:\/\/president-ksgov.net\/#website","url":"https:\/\/president-ksgov.net\/","name":"Presidente e Republik\u00ebs s\u00eb Kosov\u00ebs","description":"Presidente e Republik\u00ebs s\u00eb Kosov\u00ebs","alternateName":"DR. VJOSA OSMANI - SADRIU","potentialAction":[{"@type":"SearchAction","target":{"@type":"EntryPoint","urlTemplate":"https:\/\/president-ksgov.net\/?s={search_term_string}"},"query-input":{"@type":"PropertyValueSpecification","valueRequired":true,"valueName":"search_term_string"}}],"inLanguage":"sr-RS"},{"@type":"Person","@id":"https:\/\/president-ksgov.net\/#\/schema\/person\/bb4337a5fb147cb2046d80548172cbee","name":"admin","image":{"@type":"ImageObject","inLanguage":"sr-RS","@id":"https:\/\/president-ksgov.net\/#\/schema\/person\/image\/","url":"https:\/\/secure.gravatar.com\/avatar\/36156ca0fa3b8d9d25174f146e16beea0cf28f37adf1b9e19b6c9c279a7c9dd3?s=96&d=mm&r=g","contentUrl":"https:\/\/secure.gravatar.com\/avatar\/36156ca0fa3b8d9d25174f146e16beea0cf28f37adf1b9e19b6c9c279a7c9dd3?s=96&d=mm&r=g","caption":"admin"},"sameAs":["https:\/\/president-ksgov.net"]}]}},"_links":{"self":[{"href":"https:\/\/president-ksgov.net\/sr\/wp-json\/wp\/v2\/posts\/75092","targetHints":{"allow":["GET"]}}],"collection":[{"href":"https:\/\/president-ksgov.net\/sr\/wp-json\/wp\/v2\/posts"}],"about":[{"href":"https:\/\/president-ksgov.net\/sr\/wp-json\/wp\/v2\/types\/post"}],"author":[{"embeddable":true,"href":"https:\/\/president-ksgov.net\/sr\/wp-json\/wp\/v2\/users\/1"}],"replies":[{"embeddable":true,"href":"https:\/\/president-ksgov.net\/sr\/wp-json\/wp\/v2\/comments?post=75092"}],"version-history":[{"count":0,"href":"https:\/\/president-ksgov.net\/sr\/wp-json\/wp\/v2\/posts\/75092\/revisions"}],"wp:featuredmedia":[{"embeddable":true,"href":"https:\/\/president-ksgov.net\/sr\/wp-json\/wp\/v2\/media\/21093"}],"wp:attachment":[{"href":"https:\/\/president-ksgov.net\/sr\/wp-json\/wp\/v2\/media?parent=75092"}],"wp:term":[{"taxonomy":"category","embeddable":true,"href":"https:\/\/president-ksgov.net\/sr\/wp-json\/wp\/v2\/categories?post=75092"},{"taxonomy":"post_tag","embeddable":true,"href":"https:\/\/president-ksgov.net\/sr\/wp-json\/wp\/v2\/tags?post=75092"}],"curies":[{"name":"wp","href":"https:\/\/api.w.org\/{rel}","templated":true}]}}