{"id":75084,"date":"2021-04-22T11:20:08","date_gmt":"2021-04-22T11:20:08","guid":{"rendered":"https:\/\/dev.president-ksgov.net\/predsednica-osmani-doekala-na-sastanku-sefa-kancelarije-eu-tomasa-szunyoga\/"},"modified":"2021-04-22T11:20:08","modified_gmt":"2021-04-22T11:20:08","slug":"predsednica-osmani-doekala-na-sastanku-sefa-kancelarije-eu-tomasa-szunyoga","status":"publish","type":"post","link":"https:\/\/president-ksgov.net\/sr\/predsednica-osmani-doekala-na-sastanku-sefa-kancelarije-eu-tomasa-szunyoga\/","title":{"rendered":"Predsednica Osmani do&ccaron;ekala na sastanku \u0161efa Kancelarije EU Tomasa Szunyoga"},"content":{"rendered":"<p>Predsednica Vjosa Omsani do&ccaron;ekala je na sastanku \u0161efa Kancelarije EU na Kosovu g. Tomasa Szunyoga, kojem je izrazila zahvalnost nakon poslednje odluke EU da podeli jednu koli&ccaron;inu vakcina gra&dstrok;anima Republike Kosovo.<\/p>\n<p>\u201eObezbe&dstrok;ivanje vakcina je klju&ccaron;ni prioritet doma&cacute;ih institucija, s toga smo izuzetno zahvalni na obezbe&dstrok;ivanju 95 000 vakcina od strane EU za na\u0161e gra&dstrok;ane. Veoma je bitno da se ozbiljno shvati i da se jasno prenese te\u0161ko stanje sa pandemijom u na\u0161oj zemlji, kako bi se to odrazilo na odre&dstrok;uju&cacute;e kriterijume za dodelu vakcina preko inicijativa kao \u0161to je ova EU i COVAX-ova\u201c, istakla je predsednica Osmani.<br \/>\n\u00a0<br \/>\nNa sastanku predsednica Osmani je govorila o programskim prioritetima u njenom mandatu, posebno isti&ccaron;u&cacute;i spoljnu politiku, polje obrazovanja, vladavinu zakona i tim povodom je istakla da u potpunosti podr&#382;ava proces vetinga, smatraju&cacute;i ga i preduslovom za vladavinu zakona i demokratije u zemlji.<br \/>\n\u00a0<br \/>\nGospo&dstrok;a Osmani je rekla da &cacute;e se raditi paralelno i na postizanju razvojnih ciljeva u skladu sa Zelenom evropskom agendom za Zapadni Balkan.<br \/>\n\u00a0<br \/>\nNa sastanku predsednica Osmani je istakla da o&ccaron;ekuje blisku saradnju sa Kancelarijom EU i podr\u0161ku od evropskih saveznika u vezi sa liberalizacijom viza za gra&dstrok;ane Kosova, garantuju&cacute;i posve&cacute;enost doma&cacute;ih institucija potpunom sprovo&dstrok;enju Sporazuma o stabilizaciji i pridru&#382;ivanju. U tom kontekstu predsednica Osmani je rekla da EU treba da ispuni obaveze koje proizilaze iz ovog ugovornog odnosa.<br \/>\n\u00a0<br \/>\nStranke su diskutovale i o potrebi reforme izbornog sistema u zemlji, pripremama za lokalne izbore, a slo&#382;ile su se i o nastavku saradnje i bliske koordinacije prema napredovanju Republike Kosovo na putu evropskih integracija.\u00a0<\/p>\n","protected":false},"excerpt":{"rendered":"<p>Predsednica Vjosa Omsani do&ccaron;ekala je na sastanku \u0161efa Kancelarije EU na Kosovu g. Tomasa Szunyoga, kojem je izrazila zahvalnost nakon poslednje odluke EU da podeli jednu koli&ccaron;inu vakcina gra&dstrok;anima Republike Kosovo.<\/p>\n","protected":false},"author":1,"featured_media":21007,"comment_status":"open","ping_status":"closed","sticky":false,"template":"","format":"standard","meta":{"_eb_attr":"","footnotes":""},"categories":[101],"tags":[],"class_list":["post-75084","post","type-post","status-publish","format-standard","has-post-thumbnail","hentry","category-vesti"],"yoast_head":"<!-- This site is optimized with the Yoast SEO plugin v23.5 - https:\/\/yoast.com\/wordpress\/plugins\/seo\/ -->\n<title>Predsednica Osmani do&amp;ccaron;ekala na sastanku \u0161efa Kancelarije EU Tomasa Szunyoga - Predsednik Republike Kosovo - DR. VJOSA OSMANI - SADRIU<\/title>\n<meta name=\"description\" content=\"Predsednica Osmani do&amp;ccaron;ekala na sastanku \u0161efa Kancelarije EU Tomasa Szunyoga - Predsednik Republike Kosovo - DR. VJOSA OSMANI - SADRIU -\" \/>\n<meta name=\"robots\" content=\"index, follow, max-snippet:-1, max-image-preview:large, max-video-preview:-1\" \/>\n<link rel=\"canonical\" href=\"https:\/\/president-ksgov.net\/sr\/predsednica-osmani-doekala-na-sastanku-sefa-kancelarije-eu-tomasa-szunyoga\/\" \/>\n<meta property=\"og:locale\" content=\"sr_RS\" \/>\n<meta property=\"og:type\" content=\"article\" \/>\n<meta property=\"og:title\" content=\"Predsednica Osmani do&amp;ccaron;ekala na sastanku \u0161efa Kancelarije EU Tomasa Szunyoga - Predsednik Republike Kosovo - DR. VJOSA OSMANI - SADRIU\" \/>\n<meta property=\"og:description\" content=\"Predsednica Osmani do&amp;ccaron;ekala na sastanku \u0161efa Kancelarije EU Tomasa Szunyoga - Predsednik Republike Kosovo - DR. VJOSA OSMANI - SADRIU -\" \/>\n<meta property=\"og:url\" content=\"https:\/\/president-ksgov.net\/sr\/predsednica-osmani-doekala-na-sastanku-sefa-kancelarije-eu-tomasa-szunyoga\/\" \/>\n<meta property=\"og:site_name\" content=\"Predsednik Republike Kosovo - DR. VJOSA OSMANI - SADRIU\" \/>\n<meta property=\"article:published_time\" content=\"2021-04-22T11:20:08+00:00\" \/>\n<meta property=\"og:image\" content=\"https:\/\/president-ksgov.net\/wp-content\/uploads\/22_04_2021_9132731_Presidentja_Osmani_priti_ne_takim_Shefin_e_Zyres_se_BE_se__Tomas_Szunyog_2-scaled.jpg\" \/>\n\t<meta property=\"og:image:width\" content=\"2560\" \/>\n\t<meta property=\"og:image:height\" content=\"1707\" \/>\n\t<meta property=\"og:image:type\" content=\"image\/jpeg\" \/>\n<meta name=\"author\" content=\"admin\" \/>\n<meta name=\"twitter:card\" content=\"summary_large_image\" \/>\n<meta name=\"twitter:label1\" content=\"\u041d\u0430\u043f\u0438\u0441\u0430\u043d\u043e \u043e\u0434\" \/>\n\t<meta name=\"twitter:data1\" content=\"admin\" \/>\n\t<meta name=\"twitter:label2\" content=\"\u041f\u0440\u043e\u0446\u0435\u045a\u0435\u043d\u043e \u0432\u0440\u0435\u043c\u0435 \u0447\u0438\u0442\u0430\u045a\u0430\" \/>\n\t<meta name=\"twitter:data2\" content=\"1 \u043c\u0438\u043d\u0443\u0442\" \/>\n<script type=\"application\/ld+json\" class=\"yoast-schema-graph\">{\"@context\":\"https:\/\/schema.org\",\"@graph\":[{\"@type\":\"WebPage\",\"@id\":\"https:\/\/president-ksgov.net\/sr\/predsednica-osmani-doekala-na-sastanku-sefa-kancelarije-eu-tomasa-szunyoga\/\",\"url\":\"https:\/\/president-ksgov.net\/sr\/predsednica-osmani-doekala-na-sastanku-sefa-kancelarije-eu-tomasa-szunyoga\/\",\"name\":\"Predsednica Osmani do&ccaron;ekala na sastanku \u0161efa Kancelarije EU Tomasa Szunyoga - Predsednik Republike Kosovo - DR. VJOSA OSMANI - SADRIU\",\"isPartOf\":{\"@id\":\"https:\/\/president-ksgov.net\/#website\"},\"primaryImageOfPage\":{\"@id\":\"https:\/\/president-ksgov.net\/sr\/predsednica-osmani-doekala-na-sastanku-sefa-kancelarije-eu-tomasa-szunyoga\/#primaryimage\"},\"image\":{\"@id\":\"https:\/\/president-ksgov.net\/sr\/predsednica-osmani-doekala-na-sastanku-sefa-kancelarije-eu-tomasa-szunyoga\/#primaryimage\"},\"thumbnailUrl\":\"https:\/\/president-ksgov.net\/wp-content\/uploads\/22_04_2021_9132731_Presidentja_Osmani_priti_ne_takim_Shefin_e_Zyres_se_BE_se__Tomas_Szunyog_2-scaled.jpg\",\"datePublished\":\"2021-04-22T11:20:08+00:00\",\"dateModified\":\"2021-04-22T11:20:08+00:00\",\"author\":{\"@id\":\"https:\/\/president-ksgov.net\/#\/schema\/person\/bb4337a5fb147cb2046d80548172cbee\"},\"description\":\"Predsednica Osmani do&ccaron;ekala na sastanku \u0161efa Kancelarije EU Tomasa Szunyoga - Predsednik Republike Kosovo - DR. VJOSA OSMANI - SADRIU -\",\"breadcrumb\":{\"@id\":\"https:\/\/president-ksgov.net\/sr\/predsednica-osmani-doekala-na-sastanku-sefa-kancelarije-eu-tomasa-szunyoga\/#breadcrumb\"},\"inLanguage\":\"sr-RS\",\"potentialAction\":[{\"@type\":\"ReadAction\",\"target\":[\"https:\/\/president-ksgov.net\/sr\/predsednica-osmani-doekala-na-sastanku-sefa-kancelarije-eu-tomasa-szunyoga\/\"]}]},{\"@type\":\"ImageObject\",\"inLanguage\":\"sr-RS\",\"@id\":\"https:\/\/president-ksgov.net\/sr\/predsednica-osmani-doekala-na-sastanku-sefa-kancelarije-eu-tomasa-szunyoga\/#primaryimage\",\"url\":\"https:\/\/president-ksgov.net\/wp-content\/uploads\/22_04_2021_9132731_Presidentja_Osmani_priti_ne_takim_Shefin_e_Zyres_se_BE_se__Tomas_Szunyog_2-scaled.jpg\",\"contentUrl\":\"https:\/\/president-ksgov.net\/wp-content\/uploads\/22_04_2021_9132731_Presidentja_Osmani_priti_ne_takim_Shefin_e_Zyres_se_BE_se__Tomas_Szunyog_2-scaled.jpg\",\"width\":2560,\"height\":1707},{\"@type\":\"BreadcrumbList\",\"@id\":\"https:\/\/president-ksgov.net\/sr\/predsednica-osmani-doekala-na-sastanku-sefa-kancelarije-eu-tomasa-szunyoga\/#breadcrumb\",\"itemListElement\":[{\"@type\":\"ListItem\",\"position\":1,\"name\":\"Home\",\"item\":\"https:\/\/president-ksgov.net\/sr\/\"},{\"@type\":\"ListItem\",\"position\":2,\"name\":\"Predsednica Osmani do&ccaron;ekala na sastanku \u0161efa Kancelarije EU Tomasa Szunyoga\"}]},{\"@type\":\"WebSite\",\"@id\":\"https:\/\/president-ksgov.net\/#website\",\"url\":\"https:\/\/president-ksgov.net\/\",\"name\":\"Presidente e Republik\u00ebs s\u00eb Kosov\u00ebs\",\"description\":\"Presidente e Republik\u00ebs s\u00eb Kosov\u00ebs\",\"alternateName\":\"DR. VJOSA OSMANI - SADRIU\",\"potentialAction\":[{\"@type\":\"SearchAction\",\"target\":{\"@type\":\"EntryPoint\",\"urlTemplate\":\"https:\/\/president-ksgov.net\/?s={search_term_string}\"},\"query-input\":{\"@type\":\"PropertyValueSpecification\",\"valueRequired\":true,\"valueName\":\"search_term_string\"}}],\"inLanguage\":\"sr-RS\"},{\"@type\":\"Person\",\"@id\":\"https:\/\/president-ksgov.net\/#\/schema\/person\/bb4337a5fb147cb2046d80548172cbee\",\"name\":\"admin\",\"image\":{\"@type\":\"ImageObject\",\"inLanguage\":\"sr-RS\",\"@id\":\"https:\/\/president-ksgov.net\/#\/schema\/person\/image\/\",\"url\":\"https:\/\/secure.gravatar.com\/avatar\/36156ca0fa3b8d9d25174f146e16beea0cf28f37adf1b9e19b6c9c279a7c9dd3?s=96&d=mm&r=g\",\"contentUrl\":\"https:\/\/secure.gravatar.com\/avatar\/36156ca0fa3b8d9d25174f146e16beea0cf28f37adf1b9e19b6c9c279a7c9dd3?s=96&d=mm&r=g\",\"caption\":\"admin\"},\"sameAs\":[\"https:\/\/president-ksgov.net\"]}]}<\/script>\n<!-- \/ Yoast SEO plugin. -->","yoast_head_json":{"title":"Predsednica Osmani do&ccaron;ekala na sastanku \u0161efa Kancelarije EU Tomasa Szunyoga - Predsednik Republike Kosovo - DR. VJOSA OSMANI - SADRIU","description":"Predsednica Osmani do&ccaron;ekala na sastanku \u0161efa Kancelarije EU Tomasa Szunyoga - Predsednik Republike Kosovo - DR. VJOSA OSMANI - SADRIU -","robots":{"index":"index","follow":"follow","max-snippet":"max-snippet:-1","max-image-preview":"max-image-preview:large","max-video-preview":"max-video-preview:-1"},"canonical":"https:\/\/president-ksgov.net\/sr\/predsednica-osmani-doekala-na-sastanku-sefa-kancelarije-eu-tomasa-szunyoga\/","og_locale":"sr_RS","og_type":"article","og_title":"Predsednica Osmani do&ccaron;ekala na sastanku \u0161efa Kancelarije EU Tomasa Szunyoga - Predsednik Republike Kosovo - DR. VJOSA OSMANI - SADRIU","og_description":"Predsednica Osmani do&ccaron;ekala na sastanku \u0161efa Kancelarije EU Tomasa Szunyoga - Predsednik Republike Kosovo - DR. VJOSA OSMANI - SADRIU -","og_url":"https:\/\/president-ksgov.net\/sr\/predsednica-osmani-doekala-na-sastanku-sefa-kancelarije-eu-tomasa-szunyoga\/","og_site_name":"Predsednik Republike Kosovo - DR. VJOSA OSMANI - SADRIU","article_published_time":"2021-04-22T11:20:08+00:00","og_image":[{"width":2560,"height":1707,"url":"https:\/\/president-ksgov.net\/wp-content\/uploads\/22_04_2021_9132731_Presidentja_Osmani_priti_ne_takim_Shefin_e_Zyres_se_BE_se__Tomas_Szunyog_2-scaled.jpg","type":"image\/jpeg"}],"author":"admin","twitter_card":"summary_large_image","twitter_misc":{"\u041d\u0430\u043f\u0438\u0441\u0430\u043d\u043e \u043e\u0434":"admin","\u041f\u0440\u043e\u0446\u0435\u045a\u0435\u043d\u043e \u0432\u0440\u0435\u043c\u0435 \u0447\u0438\u0442\u0430\u045a\u0430":"1 \u043c\u0438\u043d\u0443\u0442"},"schema":{"@context":"https:\/\/schema.org","@graph":[{"@type":"WebPage","@id":"https:\/\/president-ksgov.net\/sr\/predsednica-osmani-doekala-na-sastanku-sefa-kancelarije-eu-tomasa-szunyoga\/","url":"https:\/\/president-ksgov.net\/sr\/predsednica-osmani-doekala-na-sastanku-sefa-kancelarije-eu-tomasa-szunyoga\/","name":"Predsednica Osmani do&ccaron;ekala na sastanku \u0161efa Kancelarije EU Tomasa Szunyoga - Predsednik Republike Kosovo - DR. VJOSA OSMANI - SADRIU","isPartOf":{"@id":"https:\/\/president-ksgov.net\/#website"},"primaryImageOfPage":{"@id":"https:\/\/president-ksgov.net\/sr\/predsednica-osmani-doekala-na-sastanku-sefa-kancelarije-eu-tomasa-szunyoga\/#primaryimage"},"image":{"@id":"https:\/\/president-ksgov.net\/sr\/predsednica-osmani-doekala-na-sastanku-sefa-kancelarije-eu-tomasa-szunyoga\/#primaryimage"},"thumbnailUrl":"https:\/\/president-ksgov.net\/wp-content\/uploads\/22_04_2021_9132731_Presidentja_Osmani_priti_ne_takim_Shefin_e_Zyres_se_BE_se__Tomas_Szunyog_2-scaled.jpg","datePublished":"2021-04-22T11:20:08+00:00","dateModified":"2021-04-22T11:20:08+00:00","author":{"@id":"https:\/\/president-ksgov.net\/#\/schema\/person\/bb4337a5fb147cb2046d80548172cbee"},"description":"Predsednica Osmani do&ccaron;ekala na sastanku \u0161efa Kancelarije EU Tomasa Szunyoga - Predsednik Republike Kosovo - DR. VJOSA OSMANI - SADRIU -","breadcrumb":{"@id":"https:\/\/president-ksgov.net\/sr\/predsednica-osmani-doekala-na-sastanku-sefa-kancelarije-eu-tomasa-szunyoga\/#breadcrumb"},"inLanguage":"sr-RS","potentialAction":[{"@type":"ReadAction","target":["https:\/\/president-ksgov.net\/sr\/predsednica-osmani-doekala-na-sastanku-sefa-kancelarije-eu-tomasa-szunyoga\/"]}]},{"@type":"ImageObject","inLanguage":"sr-RS","@id":"https:\/\/president-ksgov.net\/sr\/predsednica-osmani-doekala-na-sastanku-sefa-kancelarije-eu-tomasa-szunyoga\/#primaryimage","url":"https:\/\/president-ksgov.net\/wp-content\/uploads\/22_04_2021_9132731_Presidentja_Osmani_priti_ne_takim_Shefin_e_Zyres_se_BE_se__Tomas_Szunyog_2-scaled.jpg","contentUrl":"https:\/\/president-ksgov.net\/wp-content\/uploads\/22_04_2021_9132731_Presidentja_Osmani_priti_ne_takim_Shefin_e_Zyres_se_BE_se__Tomas_Szunyog_2-scaled.jpg","width":2560,"height":1707},{"@type":"BreadcrumbList","@id":"https:\/\/president-ksgov.net\/sr\/predsednica-osmani-doekala-na-sastanku-sefa-kancelarije-eu-tomasa-szunyoga\/#breadcrumb","itemListElement":[{"@type":"ListItem","position":1,"name":"Home","item":"https:\/\/president-ksgov.net\/sr\/"},{"@type":"ListItem","position":2,"name":"Predsednica Osmani do&ccaron;ekala na sastanku \u0161efa Kancelarije EU Tomasa Szunyoga"}]},{"@type":"WebSite","@id":"https:\/\/president-ksgov.net\/#website","url":"https:\/\/president-ksgov.net\/","name":"Presidente e Republik\u00ebs s\u00eb Kosov\u00ebs","description":"Presidente e Republik\u00ebs s\u00eb Kosov\u00ebs","alternateName":"DR. VJOSA OSMANI - SADRIU","potentialAction":[{"@type":"SearchAction","target":{"@type":"EntryPoint","urlTemplate":"https:\/\/president-ksgov.net\/?s={search_term_string}"},"query-input":{"@type":"PropertyValueSpecification","valueRequired":true,"valueName":"search_term_string"}}],"inLanguage":"sr-RS"},{"@type":"Person","@id":"https:\/\/president-ksgov.net\/#\/schema\/person\/bb4337a5fb147cb2046d80548172cbee","name":"admin","image":{"@type":"ImageObject","inLanguage":"sr-RS","@id":"https:\/\/president-ksgov.net\/#\/schema\/person\/image\/","url":"https:\/\/secure.gravatar.com\/avatar\/36156ca0fa3b8d9d25174f146e16beea0cf28f37adf1b9e19b6c9c279a7c9dd3?s=96&d=mm&r=g","contentUrl":"https:\/\/secure.gravatar.com\/avatar\/36156ca0fa3b8d9d25174f146e16beea0cf28f37adf1b9e19b6c9c279a7c9dd3?s=96&d=mm&r=g","caption":"admin"},"sameAs":["https:\/\/president-ksgov.net"]}]}},"_links":{"self":[{"href":"https:\/\/president-ksgov.net\/sr\/wp-json\/wp\/v2\/posts\/75084","targetHints":{"allow":["GET"]}}],"collection":[{"href":"https:\/\/president-ksgov.net\/sr\/wp-json\/wp\/v2\/posts"}],"about":[{"href":"https:\/\/president-ksgov.net\/sr\/wp-json\/wp\/v2\/types\/post"}],"author":[{"embeddable":true,"href":"https:\/\/president-ksgov.net\/sr\/wp-json\/wp\/v2\/users\/1"}],"replies":[{"embeddable":true,"href":"https:\/\/president-ksgov.net\/sr\/wp-json\/wp\/v2\/comments?post=75084"}],"version-history":[{"count":0,"href":"https:\/\/president-ksgov.net\/sr\/wp-json\/wp\/v2\/posts\/75084\/revisions"}],"wp:featuredmedia":[{"embeddable":true,"href":"https:\/\/president-ksgov.net\/sr\/wp-json\/wp\/v2\/media\/21007"}],"wp:attachment":[{"href":"https:\/\/president-ksgov.net\/sr\/wp-json\/wp\/v2\/media?parent=75084"}],"wp:term":[{"taxonomy":"category","embeddable":true,"href":"https:\/\/president-ksgov.net\/sr\/wp-json\/wp\/v2\/categories?post=75084"},{"taxonomy":"post_tag","embeddable":true,"href":"https:\/\/president-ksgov.net\/sr\/wp-json\/wp\/v2\/tags?post=75084"}],"curies":[{"name":"wp","href":"https:\/\/api.w.org\/{rel}","templated":true}]}}